{"id":16414,"date":"2023-03-31T10:45:22","date_gmt":"2023-03-31T10:45:22","guid":{"rendered":"https:\/\/www.clubdelemprendimiento.com\/blog\/?p=16414"},"modified":"2023-03-23T09:25:39","modified_gmt":"2023-03-23T09:25:39","slug":"situacion-de-los-trabajadores-autonomos-en-febrero","status":"publish","type":"post","link":"https:\/\/www.clubdelemprendimiento.com\/blog\/autonomos\/situacion-de-los-trabajadores-autonomos-en-febrero\/","title":{"rendered":"Situaci\u00f3n de los trabajadores aut\u00f3nomos en febrero"},"content":{"rendered":"<p><span style=\"font-weight: 400;\">La situaci\u00f3n de los aut\u00f3nomos sigue siendo complicada. <strong>En los \u00faltimos tres meses se han perdido un total de 17.300 aut\u00f3nomos y 10.000 empresas.<\/strong> No obstante, el mes de febrero ha sido algo mejor. El R\u00e9gimen Especial de Trabajadores Aut\u00f3nomos (RETA) suma en febrero 3.448 cotizantes aut\u00f3nomos. Logrando as\u00ed una cifra similar a la del mes de febrero del a\u00f1o pasado.\u00a0<\/span><\/p>\n<p><span style=\"font-weight: 400;\">\u201c<\/span><i><span style=\"font-weight: 400;\">Si bien el comportamiento del empleo en el mes de febrero ha sido muy similar al que tuvimos en febrero del a\u00f1o pasado, 2023 ha tenido un mal arranque para el tejido empresarial. Los datos de febrero reflejan que desde principio de a\u00f1o se han perdido 17.300 aut\u00f3nomos y 10.000 empresas\u201d<\/span><\/i><span style=\"font-weight: 400;\">, ha indicado Lorenzo Amor, presidente de la Federaci\u00f3n Nacional de Asociaciones de Trabajadores Aut\u00f3nomos (ATA).<\/span><\/p>\n<p><span style=\"font-weight: 400;\">Los datos lo demuestran,<strong> en Espa\u00f1a hay 4.607 aut\u00f3nomos menos que hace un a\u00f1o.<\/strong> \u201c<\/span><i><span style=\"font-weight: 400;\">Este dato es un mal dato. Piensen que en el mes de febrero del a\u00f1o pasado hab\u00eda 53.407 aut\u00f3nomos m\u00e1s en t\u00e9rminos interanuales que en febrero del a\u00f1o 2021<\/span><\/i><span style=\"font-weight: 400;\">\u201d.<\/span><\/p>\n<h2><b>Las comunidades y sectores m\u00e1s afectados<\/b><\/h2>\n<p><span style=\"font-weight: 400;\">Aunque como hemos indicado se ha producido un crecimiento del n\u00famero de aut\u00f3nomos durante el mes de febrero, lo cierto es que hay comunidades donde la cifra no aumenta. Todo lo contrario.<\/span><\/p>\n<p><span style=\"font-weight: 400;\">Por ejemplo, en primera posici\u00f3n se sit\u00faa <strong>Castilla y Le\u00f3n, que ha perdido 131 aut\u00f3nomos<\/strong>; le sigue Asturias con una p\u00e9rdida de 84, Castilla- La Mancha con 66 menos; Extremadura con una p\u00e9rdida de 35 aut\u00f3nomos; Arag\u00f3n con 18 y por \u00faltimo, La Rioja, que pierde 2 aut\u00f3nomos.\u00a0\u00a0<\/span><\/p>\n<p><strong>En el lado opuesto se sit\u00faa Andaluc\u00eda, la Comunidad Valenciana y Canarias.<\/strong><\/p>\n<p><span style=\"font-weight: 400;\">Por sectores, <strong>el comercio sigue su mala racha<\/strong>. En el mes de febrero ha perdido 1.317 cotizantes aut\u00f3nomos. Y el segundo sector peor parado es la agricultura con 275 aut\u00f3nomos menos.<\/span><\/p>\n<p><span style=\"font-weight: 400;\">Hay otros sectores que han notado mejor\u00eda. Es el caso de la construcci\u00f3n que ha sumado 1.219 trabajadores aut\u00f3nomos; seguido de la educaci\u00f3n con la suma de 986.<\/span><\/p>\n<h2><b>Queja por la situaci\u00f3n de los aut\u00f3nomos en febrero<\/b><\/h2>\n<p><span style=\"font-weight: 400;\">Desde ATA denuncias que el Gobierno est\u00e1 colaborando en la <strong>destrucci\u00f3n de los aut\u00f3nomos y el tejido empresarial<\/strong> por no ayudar a la liquidez de este colectivo. Se\u00f1alan que solo saben poner problemas y dificultades.<\/span><\/p>\n<p><span style=\"font-weight: 400;\">\u201c<\/span><i><span style=\"font-weight: 400;\">Le pedimos al Gobierno que, ante este incremento de costes energ\u00e9ticos, de producci\u00f3n, financieros, de hipotecas, laborales y fiscales, ayude al tejido empresarial y no le ponga piedras en el camino. Es el momento, y lo venimos reclamando desde hace meses, de que el Gobierno alivie la carga fiscal a los aut\u00f3nomos, y no estamos hablando de reducir impuestos, estamos hablando de reducir las retenciones que est\u00e1 cobrando a los aut\u00f3nomos, el 15% de retenci\u00f3n sobre factura bruta, o en los pagos a cuenta el Impuesto de Sociedades<\/span><\/i><span style=\"font-weight: 400;\">\u201d. <\/span><\/p>\n","protected":false},"excerpt":{"rendered":"<p>La situaci\u00f3n de los aut\u00f3nomos sigue siendo complicada. En los \u00faltimos tres meses se&hellip;<\/p>\n","protected":false},"author":14,"featured_media":16415,"comment_status":"open","ping_status":"open","sticky":false,"template":"","format":"standard","meta":{"_acf_changed":false,"footnotes":""},"categories":[255],"tags":[],"acf":[],"yoast_head":"<!-- This site is optimized with the Yoast SEO plugin v22.7 - https:\/\/yoast.com\/wordpress\/plugins\/seo\/ -->\n<title>Situaci\u00f3n y n\u00famero de trabajadores aut\u00f3nomos en febrero<\/title>\n<meta name=\"description\" content=\"La situaci\u00f3n de los trabajadores aut\u00f3nomos en febrero es mala aunque se ha ampliado el n\u00famero de cotizantes. Te contamos m\u00e1s.\" \/>\n<meta name=\"robots\" content=\"index, follow, max-snippet:-1, max-image-preview:large, max-video-preview:-1\" \/>\n<link rel=\"canonical\" href=\"https:\/\/www.clubdelemprendimiento.com\/blog\/autonomos\/situacion-de-los-trabajadores-autonomos-en-febrero\/\" \/>\n<meta property=\"og:locale\" content=\"es_ES\" \/>\n<meta property=\"og:type\" content=\"article\" \/>\n<meta property=\"og:title\" content=\"Situaci\u00f3n y n\u00famero de trabajadores aut\u00f3nomos en febrero\" \/>\n<meta property=\"og:description\" content=\"La situaci\u00f3n de los trabajadores aut\u00f3nomos en febrero es mala aunque se ha ampliado el n\u00famero de cotizantes. Te contamos m\u00e1s.\" \/>\n<meta property=\"og:url\" content=\"https:\/\/www.clubdelemprendimiento.com\/blog\/autonomos\/situacion-de-los-trabajadores-autonomos-en-febrero\/\" \/>\n<meta property=\"og:site_name\" content=\"Blog Club del Emprendimiento\" \/>\n<meta property=\"article:published_time\" content=\"2023-03-31T10:45:22+00:00\" \/>\n<meta property=\"article:modified_time\" content=\"2023-03-23T09:25:39+00:00\" \/>\n<meta property=\"og:image\" content=\"https:\/\/www.clubdelemprendimiento.com\/blog\/wp-content\/uploads\/2023\/03\/mujer-tiro-medio-escribiendo.jpg\" \/>\n\t<meta property=\"og:image:width\" content=\"1500\" \/>\n\t<meta property=\"og:image:height\" content=\"998\" \/>\n\t<meta property=\"og:image:type\" content=\"image\/jpeg\" \/>\n<meta name=\"author\" content=\"Nerea Merino\" \/>\n<meta name=\"twitter:card\" content=\"summary_large_image\" \/>\n<meta name=\"twitter:label1\" content=\"Escrito por\" \/>\n\t<meta name=\"twitter:data1\" content=\"Nerea Merino\" \/>\n\t<meta name=\"twitter:label2\" content=\"Tiempo de lectura\" \/>\n\t<meta name=\"twitter:data2\" content=\"2 minutos\" \/>\n<script type=\"application\/ld+json\" class=\"yoast-schema-graph\">{\"@context\":\"https:\/\/schema.org\",\"@graph\":[{\"@type\":\"WebPage\",\"@id\":\"https:\/\/www.clubdelemprendimiento.com\/blog\/autonomos\/situacion-de-los-trabajadores-autonomos-en-febrero\/\",\"url\":\"https:\/\/www.clubdelemprendimiento.com\/blog\/autonomos\/situacion-de-los-trabajadores-autonomos-en-febrero\/\",\"name\":\"Situaci\u00f3n y n\u00famero de trabajadores aut\u00f3nomos en febrero\",\"isPartOf\":{\"@id\":\"https:\/\/www.clubdelemprendimiento.com\/blog\/#website\"},\"primaryImageOfPage\":{\"@id\":\"https:\/\/www.clubdelemprendimiento.com\/blog\/autonomos\/situacion-de-los-trabajadores-autonomos-en-febrero\/#primaryimage\"},\"image\":{\"@id\":\"https:\/\/www.clubdelemprendimiento.com\/blog\/autonomos\/situacion-de-los-trabajadores-autonomos-en-febrero\/#primaryimage\"},\"thumbnailUrl\":\"https:\/\/www.clubdelemprendimiento.com\/blog\/wp-content\/uploads\/2023\/03\/mujer-tiro-medio-escribiendo.jpg\",\"datePublished\":\"2023-03-31T10:45:22+00:00\",\"dateModified\":\"2023-03-23T09:25:39+00:00\",\"author\":{\"@id\":\"https:\/\/www.clubdelemprendimiento.com\/blog\/#\/schema\/person\/a82ce0fc1281064b1cab4855c351cea7\"},\"description\":\"La situaci\u00f3n de los trabajadores aut\u00f3nomos en febrero es mala aunque se ha ampliado el n\u00famero de cotizantes. Te contamos m\u00e1s.\",\"breadcrumb\":{\"@id\":\"https:\/\/www.clubdelemprendimiento.com\/blog\/autonomos\/situacion-de-los-trabajadores-autonomos-en-febrero\/#breadcrumb\"},\"inLanguage\":\"es\",\"potentialAction\":[{\"@type\":\"ReadAction\",\"target\":[\"https:\/\/www.clubdelemprendimiento.com\/blog\/autonomos\/situacion-de-los-trabajadores-autonomos-en-febrero\/\"]}]},{\"@type\":\"ImageObject\",\"inLanguage\":\"es\",\"@id\":\"https:\/\/www.clubdelemprendimiento.com\/blog\/autonomos\/situacion-de-los-trabajadores-autonomos-en-febrero\/#primaryimage\",\"url\":\"https:\/\/www.clubdelemprendimiento.com\/blog\/wp-content\/uploads\/2023\/03\/mujer-tiro-medio-escribiendo.jpg\",\"contentUrl\":\"https:\/\/www.clubdelemprendimiento.com\/blog\/wp-content\/uploads\/2023\/03\/mujer-tiro-medio-escribiendo.jpg\",\"width\":1500,\"height\":998,\"caption\":\"aut\u00f3nomos en febrero\"},{\"@type\":\"BreadcrumbList\",\"@id\":\"https:\/\/www.clubdelemprendimiento.com\/blog\/autonomos\/situacion-de-los-trabajadores-autonomos-en-febrero\/#breadcrumb\",\"itemListElement\":[{\"@type\":\"ListItem\",\"position\":1,\"name\":\"Home\",\"item\":\"https:\/\/www.clubdelemprendimiento.com\/blog\/\"},{\"@type\":\"ListItem\",\"position\":2,\"name\":\"Situaci\u00f3n de los trabajadores aut\u00f3nomos en febrero\"}]},{\"@type\":\"WebSite\",\"@id\":\"https:\/\/www.clubdelemprendimiento.com\/blog\/#website\",\"url\":\"https:\/\/www.clubdelemprendimiento.com\/blog\/\",\"name\":\"Blog Club del Emprendimiento\",\"description\":\"\",\"potentialAction\":[{\"@type\":\"SearchAction\",\"target\":{\"@type\":\"EntryPoint\",\"urlTemplate\":\"https:\/\/www.clubdelemprendimiento.com\/blog\/?s={search_term_string}\"},\"query-input\":\"required name=search_term_string\"}],\"inLanguage\":\"es\"},{\"@type\":\"Person\",\"@id\":\"https:\/\/www.clubdelemprendimiento.com\/blog\/#\/schema\/person\/a82ce0fc1281064b1cab4855c351cea7\",\"name\":\"Nerea Merino\",\"image\":{\"@type\":\"ImageObject\",\"inLanguage\":\"es\",\"@id\":\"https:\/\/www.clubdelemprendimiento.com\/blog\/#\/schema\/person\/image\/\",\"url\":\"https:\/\/secure.gravatar.com\/avatar\/3b1c906b7b4a65b22c04d52a020d4815?s=96&d=mm&r=g\",\"contentUrl\":\"https:\/\/secure.gravatar.com\/avatar\/3b1c906b7b4a65b22c04d52a020d4815?s=96&d=mm&r=g\",\"caption\":\"Nerea Merino\"},\"url\":\"https:\/\/www.clubdelemprendimiento.com\/blog\/author\/nerea\/\"}]}<\/script>\n<!-- \/ Yoast SEO plugin. -->","yoast_head_json":{"title":"Situaci\u00f3n y n\u00famero de trabajadores aut\u00f3nomos en febrero","description":"La situaci\u00f3n de los trabajadores aut\u00f3nomos en febrero es mala aunque se ha ampliado el n\u00famero de cotizantes. Te contamos m\u00e1s.","robots":{"index":"index","follow":"follow","max-snippet":"max-snippet:-1","max-image-preview":"max-image-preview:large","max-video-preview":"max-video-preview:-1"},"canonical":"https:\/\/www.clubdelemprendimiento.com\/blog\/autonomos\/situacion-de-los-trabajadores-autonomos-en-febrero\/","og_locale":"es_ES","og_type":"article","og_title":"Situaci\u00f3n y n\u00famero de trabajadores aut\u00f3nomos en febrero","og_description":"La situaci\u00f3n de los trabajadores aut\u00f3nomos en febrero es mala aunque se ha ampliado el n\u00famero de cotizantes. Te contamos m\u00e1s.","og_url":"https:\/\/www.clubdelemprendimiento.com\/blog\/autonomos\/situacion-de-los-trabajadores-autonomos-en-febrero\/","og_site_name":"Blog Club del Emprendimiento","article_published_time":"2023-03-31T10:45:22+00:00","article_modified_time":"2023-03-23T09:25:39+00:00","og_image":[{"width":1500,"height":998,"url":"https:\/\/www.clubdelemprendimiento.com\/blog\/wp-content\/uploads\/2023\/03\/mujer-tiro-medio-escribiendo.jpg","type":"image\/jpeg"}],"author":"Nerea Merino","twitter_card":"summary_large_image","twitter_misc":{"Escrito por":"Nerea Merino","Tiempo de lectura":"2 minutos"},"schema":{"@context":"https:\/\/schema.org","@graph":[{"@type":"WebPage","@id":"https:\/\/www.clubdelemprendimiento.com\/blog\/autonomos\/situacion-de-los-trabajadores-autonomos-en-febrero\/","url":"https:\/\/www.clubdelemprendimiento.com\/blog\/autonomos\/situacion-de-los-trabajadores-autonomos-en-febrero\/","name":"Situaci\u00f3n y n\u00famero de trabajadores aut\u00f3nomos en febrero","isPartOf":{"@id":"https:\/\/www.clubdelemprendimiento.com\/blog\/#website"},"primaryImageOfPage":{"@id":"https:\/\/www.clubdelemprendimiento.com\/blog\/autonomos\/situacion-de-los-trabajadores-autonomos-en-febrero\/#primaryimage"},"image":{"@id":"https:\/\/www.clubdelemprendimiento.com\/blog\/autonomos\/situacion-de-los-trabajadores-autonomos-en-febrero\/#primaryimage"},"thumbnailUrl":"https:\/\/www.clubdelemprendimiento.com\/blog\/wp-content\/uploads\/2023\/03\/mujer-tiro-medio-escribiendo.jpg","datePublished":"2023-03-31T10:45:22+00:00","dateModified":"2023-03-23T09:25:39+00:00","author":{"@id":"https:\/\/www.clubdelemprendimiento.com\/blog\/#\/schema\/person\/a82ce0fc1281064b1cab4855c351cea7"},"description":"La situaci\u00f3n de los trabajadores aut\u00f3nomos en febrero es mala aunque se ha ampliado el n\u00famero de cotizantes. Te contamos m\u00e1s.","breadcrumb":{"@id":"https:\/\/www.clubdelemprendimiento.com\/blog\/autonomos\/situacion-de-los-trabajadores-autonomos-en-febrero\/#breadcrumb"},"inLanguage":"es","potentialAction":[{"@type":"ReadAction","target":["https:\/\/www.clubdelemprendimiento.com\/blog\/autonomos\/situacion-de-los-trabajadores-autonomos-en-febrero\/"]}]},{"@type":"ImageObject","inLanguage":"es","@id":"https:\/\/www.clubdelemprendimiento.com\/blog\/autonomos\/situacion-de-los-trabajadores-autonomos-en-febrero\/#primaryimage","url":"https:\/\/www.clubdelemprendimiento.com\/blog\/wp-content\/uploads\/2023\/03\/mujer-tiro-medio-escribiendo.jpg","contentUrl":"https:\/\/www.clubdelemprendimiento.com\/blog\/wp-content\/uploads\/2023\/03\/mujer-tiro-medio-escribiendo.jpg","width":1500,"height":998,"caption":"aut\u00f3nomos en febrero"},{"@type":"BreadcrumbList","@id":"https:\/\/www.clubdelemprendimiento.com\/blog\/autonomos\/situacion-de-los-trabajadores-autonomos-en-febrero\/#breadcrumb","itemListElement":[{"@type":"ListItem","position":1,"name":"Home","item":"https:\/\/www.clubdelemprendimiento.com\/blog\/"},{"@type":"ListItem","position":2,"name":"Situaci\u00f3n de los trabajadores aut\u00f3nomos en febrero"}]},{"@type":"WebSite","@id":"https:\/\/www.clubdelemprendimiento.com\/blog\/#website","url":"https:\/\/www.clubdelemprendimiento.com\/blog\/","name":"Blog Club del Emprendimiento","description":"","potentialAction":[{"@type":"SearchAction","target":{"@type":"EntryPoint","urlTemplate":"https:\/\/www.clubdelemprendimiento.com\/blog\/?s={search_term_string}"},"query-input":"required name=search_term_string"}],"inLanguage":"es"},{"@type":"Person","@id":"https:\/\/www.clubdelemprendimiento.com\/blog\/#\/schema\/person\/a82ce0fc1281064b1cab4855c351cea7","name":"Nerea Merino","image":{"@type":"ImageObject","inLanguage":"es","@id":"https:\/\/www.clubdelemprendimiento.com\/blog\/#\/schema\/person\/image\/","url":"https:\/\/secure.gravatar.com\/avatar\/3b1c906b7b4a65b22c04d52a020d4815?s=96&d=mm&r=g","contentUrl":"https:\/\/secure.gravatar.com\/avatar\/3b1c906b7b4a65b22c04d52a020d4815?s=96&d=mm&r=g","caption":"Nerea Merino"},"url":"https:\/\/www.clubdelemprendimiento.com\/blog\/author\/nerea\/"}]}},"_links":{"self":[{"href":"https:\/\/www.clubdelemprendimiento.com\/blog\/wp-json\/wp\/v2\/posts\/16414"}],"collection":[{"href":"https:\/\/www.clubdelemprendimiento.com\/blog\/wp-json\/wp\/v2\/posts"}],"about":[{"href":"https:\/\/www.clubdelemprendimiento.com\/blog\/wp-json\/wp\/v2\/types\/post"}],"author":[{"embeddable":true,"href":"https:\/\/www.clubdelemprendimiento.com\/blog\/wp-json\/wp\/v2\/users\/14"}],"replies":[{"embeddable":true,"href":"https:\/\/www.clubdelemprendimiento.com\/blog\/wp-json\/wp\/v2\/comments?post=16414"}],"version-history":[{"count":1,"href":"https:\/\/www.clubdelemprendimiento.com\/blog\/wp-json\/wp\/v2\/posts\/16414\/revisions"}],"predecessor-version":[{"id":16416,"href":"https:\/\/www.clubdelemprendimiento.com\/blog\/wp-json\/wp\/v2\/posts\/16414\/revisions\/16416"}],"wp:featuredmedia":[{"embeddable":true,"href":"https:\/\/www.clubdelemprendimiento.com\/blog\/wp-json\/wp\/v2\/media\/16415"}],"wp:attachment":[{"href":"https:\/\/www.clubdelemprendimiento.com\/blog\/wp-json\/wp\/v2\/media?parent=16414"}],"wp:term":[{"taxonomy":"category","embeddable":true,"href":"https:\/\/www.clubdelemprendimiento.com\/blog\/wp-json\/wp\/v2\/categories?post=16414"},{"taxonomy":"post_tag","embeddable":true,"href":"https:\/\/www.clubdelemprendimiento.com\/blog\/wp-json\/wp\/v2\/tags?post=16414"}],"curies":[{"name":"wp","href":"https:\/\/api.w.org\/{rel}","templated":true}]}}