{"id":16274,"date":"2023-01-02T12:48:08","date_gmt":"2023-01-02T12:48:08","guid":{"rendered":"https:\/\/www.clubdelemprendimiento.com\/blog\/?p=16274"},"modified":"2022-12-22T07:58:04","modified_gmt":"2022-12-22T07:58:04","slug":"motivos-que-impiden-el-crecimiento-empresarial","status":"publish","type":"post","link":"https:\/\/www.clubdelemprendimiento.com\/blog\/pymes\/motivos-que-impiden-el-crecimiento-empresarial\/","title":{"rendered":"Motivos que impiden el crecimiento empresarial"},"content":{"rendered":"<p>La <a href=\"https:\/\/cepyme.es\/\" target=\"_blank\" rel=\"noopener\">Confederaci\u00f3n Espa\u00f1ola de la Peque\u00f1a y Mediana Empresa<\/a> (Cepyme) ha presentado el informe \u201cCrecimiento empresarial. Situaci\u00f3n de las pymes en Espa\u00f1a comparada con la de otros pa\u00edses europeos\u00bb donde se concluyen cu\u00e1les son los principales motivos que impiden el crecimiento de las empresas.<\/p>\n<p>Se afirma que las empresas en Espa\u00f1a no crecen porque hay m\u00e1s de 100 regulaciones que lo impiden. Regulaciones de todo tipo: fiscal, laboral, contable, financiero, etc.<\/p>\n<p>Entre ellos se encuentran:<\/p>\n<ul>\n<li><strong>Coste laboral<\/strong>. En Espa\u00f1a, la suma de cotizaciones sociales y otros costes laborales hace que el coste m\u00ednimo de contratar a un empleado sea, para las empresas con entre 10 y 49 empleados, equivalente al 136% del salario m\u00ednimo. Es el porcentaje m\u00e1s alto de Europa tras Lituania, Francia y B\u00e9lgica.<\/li>\n<li>Subida del <strong>salario m\u00ednimo interprofesional.<\/strong> En los \u00faltimos cinco a\u00f1os ha aumentado un 41,3%. Siendo el mayor incremento entre los pa\u00edses de Europa m\u00e1s desarrollados.<\/li>\n<li>Obligatoriedad de constituir un <strong>comit\u00e9 de empresa<\/strong> cuando se tengan m\u00e1s de 50 trabajadores, lo que implica mayores exigencias.<\/li>\n<li>Coste del<strong> Impuesto de Sociedades.<\/strong> Hay muchas diferencias y particularidades de este impuesto en cada pa\u00eds. Sin embargo, el informe afirma que, en t\u00e9rminos generales, en Espa\u00f1a el impuesto es m\u00e1s alto que en la mayor\u00eda de Europa. Concretamente el cuarto m\u00e1s caro, tras Malta, Alemania y Francia.<\/li>\n<li><strong>Tipo m\u00e1ximo de IRPF.<\/strong> Espa\u00f1a tambi\u00e9n se sit\u00faa entre los m\u00e1s altos. Lo que dificulta la atracci\u00f3n del talento en las empresas.<\/li>\n<li>Las <strong>cotizaciones sociales<\/strong> que deben pagar las empresas por sus empleados son las terceras m\u00e1s altas de toda Europa.<\/li>\n<li>Elevada carga de <strong>tr\u00e1mites burocr\u00e1ticos.<\/strong><\/li>\n<\/ul>\n<h2>Tejido empresarial peque\u00f1o<\/h2>\n<p>Ya sabemos que el tejido empresarial de Espa\u00f1a es peque\u00f1o. Que la mayor\u00eda de las empresas espa\u00f1olas sean peque\u00f1as perjudica tanto a los empresarios como a la sociedad en general.<\/p>\n<p><strong>Espa\u00f1a es el quinto pa\u00eds europeos con empresas de menor tama\u00f1o,<\/strong> con menos de 6 trabajadores. Se sit\u00faa tras Portugal, Italia, B\u00e9lgica y Pa\u00edses Bajos.<\/p>\n<p>En el informe se explica que con empresas m\u00e1s grandes la productividad y los salarios aumentar\u00edan. Cepyme indica en un comunicado que \u201cEl crecimiento del tama\u00f1o empresarial no es tan solo una problem\u00e1tica de la empresa espa\u00f1ola, sino que debe convertirse en un asunto de Estado, ya que afecta a la competitividad de todo el pa\u00eds\u00bb.<\/p>\n","protected":false},"excerpt":{"rendered":"<p>La Confederaci\u00f3n Espa\u00f1ola de la Peque\u00f1a y Mediana Empresa (Cepyme) ha presentado el informe&hellip;<\/p>\n","protected":false},"author":14,"featured_media":16275,"comment_status":"open","ping_status":"open","sticky":false,"template":"","format":"standard","meta":{"_acf_changed":false,"footnotes":""},"categories":[256],"tags":[],"acf":[],"yoast_head":"<!-- This site is optimized with the Yoast SEO plugin v22.7 - https:\/\/yoast.com\/wordpress\/plugins\/seo\/ -->\n<title>\u00bfPor qu\u00e9 no se produce un crecimiento empresarial en Espa\u00f1a?<\/title>\n<meta name=\"description\" content=\"Estos son los motivos que impiden el crecimiento empresarial seg\u00fan el informe realizado por la Confederaci\u00f3n Espa\u00f1ola de la Peque\u00f1a y Mediana Empresa.\" \/>\n<meta name=\"robots\" content=\"index, follow, max-snippet:-1, max-image-preview:large, max-video-preview:-1\" \/>\n<link rel=\"canonical\" href=\"https:\/\/www.clubdelemprendimiento.com\/blog\/pymes\/motivos-que-impiden-el-crecimiento-empresarial\/\" \/>\n<meta property=\"og:locale\" content=\"es_ES\" \/>\n<meta property=\"og:type\" content=\"article\" \/>\n<meta property=\"og:title\" content=\"\u00bfPor qu\u00e9 no se produce un crecimiento empresarial en Espa\u00f1a?\" \/>\n<meta property=\"og:description\" content=\"Estos son los motivos que impiden el crecimiento empresarial seg\u00fan el informe realizado por la Confederaci\u00f3n Espa\u00f1ola de la Peque\u00f1a y Mediana Empresa.\" \/>\n<meta property=\"og:url\" content=\"https:\/\/www.clubdelemprendimiento.com\/blog\/pymes\/motivos-que-impiden-el-crecimiento-empresarial\/\" \/>\n<meta property=\"og:site_name\" content=\"Blog Club del Emprendimiento\" \/>\n<meta property=\"article:published_time\" content=\"2023-01-02T12:48:08+00:00\" \/>\n<meta property=\"article:modified_time\" content=\"2022-12-22T07:58:04+00:00\" \/>\n<meta property=\"og:image\" content=\"https:\/\/www.clubdelemprendimiento.com\/blog\/wp-content\/uploads\/2022\/12\/laptops-g67c93da81_1920.jpg\" \/>\n\t<meta property=\"og:image:width\" content=\"1920\" \/>\n\t<meta property=\"og:image:height\" content=\"1280\" \/>\n\t<meta property=\"og:image:type\" content=\"image\/jpeg\" \/>\n<meta name=\"author\" content=\"Nerea Merino\" \/>\n<meta name=\"twitter:card\" content=\"summary_large_image\" \/>\n<meta name=\"twitter:label1\" content=\"Escrito por\" \/>\n\t<meta name=\"twitter:data1\" content=\"Nerea Merino\" \/>\n\t<meta name=\"twitter:label2\" content=\"Tiempo de lectura\" \/>\n\t<meta name=\"twitter:data2\" content=\"2 minutos\" \/>\n<script type=\"application\/ld+json\" class=\"yoast-schema-graph\">{\"@context\":\"https:\/\/schema.org\",\"@graph\":[{\"@type\":\"WebPage\",\"@id\":\"https:\/\/www.clubdelemprendimiento.com\/blog\/pymes\/motivos-que-impiden-el-crecimiento-empresarial\/\",\"url\":\"https:\/\/www.clubdelemprendimiento.com\/blog\/pymes\/motivos-que-impiden-el-crecimiento-empresarial\/\",\"name\":\"\u00bfPor qu\u00e9 no se produce un crecimiento empresarial en Espa\u00f1a?\",\"isPartOf\":{\"@id\":\"https:\/\/www.clubdelemprendimiento.com\/blog\/#website\"},\"primaryImageOfPage\":{\"@id\":\"https:\/\/www.clubdelemprendimiento.com\/blog\/pymes\/motivos-que-impiden-el-crecimiento-empresarial\/#primaryimage\"},\"image\":{\"@id\":\"https:\/\/www.clubdelemprendimiento.com\/blog\/pymes\/motivos-que-impiden-el-crecimiento-empresarial\/#primaryimage\"},\"thumbnailUrl\":\"https:\/\/www.clubdelemprendimiento.com\/blog\/wp-content\/uploads\/2022\/12\/laptops-g67c93da81_1920.jpg\",\"datePublished\":\"2023-01-02T12:48:08+00:00\",\"dateModified\":\"2022-12-22T07:58:04+00:00\",\"author\":{\"@id\":\"https:\/\/www.clubdelemprendimiento.com\/blog\/#\/schema\/person\/a82ce0fc1281064b1cab4855c351cea7\"},\"description\":\"Estos son los motivos que impiden el crecimiento empresarial seg\u00fan el informe realizado por la Confederaci\u00f3n Espa\u00f1ola de la Peque\u00f1a y Mediana Empresa.\",\"breadcrumb\":{\"@id\":\"https:\/\/www.clubdelemprendimiento.com\/blog\/pymes\/motivos-que-impiden-el-crecimiento-empresarial\/#breadcrumb\"},\"inLanguage\":\"es\",\"potentialAction\":[{\"@type\":\"ReadAction\",\"target\":[\"https:\/\/www.clubdelemprendimiento.com\/blog\/pymes\/motivos-que-impiden-el-crecimiento-empresarial\/\"]}]},{\"@type\":\"ImageObject\",\"inLanguage\":\"es\",\"@id\":\"https:\/\/www.clubdelemprendimiento.com\/blog\/pymes\/motivos-que-impiden-el-crecimiento-empresarial\/#primaryimage\",\"url\":\"https:\/\/www.clubdelemprendimiento.com\/blog\/wp-content\/uploads\/2022\/12\/laptops-g67c93da81_1920.jpg\",\"contentUrl\":\"https:\/\/www.clubdelemprendimiento.com\/blog\/wp-content\/uploads\/2022\/12\/laptops-g67c93da81_1920.jpg\",\"width\":1920,\"height\":1280,\"caption\":\"crecimiento empresarial\"},{\"@type\":\"BreadcrumbList\",\"@id\":\"https:\/\/www.clubdelemprendimiento.com\/blog\/pymes\/motivos-que-impiden-el-crecimiento-empresarial\/#breadcrumb\",\"itemListElement\":[{\"@type\":\"ListItem\",\"position\":1,\"name\":\"Home\",\"item\":\"https:\/\/www.clubdelemprendimiento.com\/blog\/\"},{\"@type\":\"ListItem\",\"position\":2,\"name\":\"Motivos que impiden el crecimiento empresarial\"}]},{\"@type\":\"WebSite\",\"@id\":\"https:\/\/www.clubdelemprendimiento.com\/blog\/#website\",\"url\":\"https:\/\/www.clubdelemprendimiento.com\/blog\/\",\"name\":\"Blog Club del Emprendimiento\",\"description\":\"\",\"potentialAction\":[{\"@type\":\"SearchAction\",\"target\":{\"@type\":\"EntryPoint\",\"urlTemplate\":\"https:\/\/www.clubdelemprendimiento.com\/blog\/?s={search_term_string}\"},\"query-input\":\"required name=search_term_string\"}],\"inLanguage\":\"es\"},{\"@type\":\"Person\",\"@id\":\"https:\/\/www.clubdelemprendimiento.com\/blog\/#\/schema\/person\/a82ce0fc1281064b1cab4855c351cea7\",\"name\":\"Nerea Merino\",\"image\":{\"@type\":\"ImageObject\",\"inLanguage\":\"es\",\"@id\":\"https:\/\/www.clubdelemprendimiento.com\/blog\/#\/schema\/person\/image\/\",\"url\":\"https:\/\/secure.gravatar.com\/avatar\/3b1c906b7b4a65b22c04d52a020d4815?s=96&d=mm&r=g\",\"contentUrl\":\"https:\/\/secure.gravatar.com\/avatar\/3b1c906b7b4a65b22c04d52a020d4815?s=96&d=mm&r=g\",\"caption\":\"Nerea Merino\"},\"url\":\"https:\/\/www.clubdelemprendimiento.com\/blog\/author\/nerea\/\"}]}<\/script>\n<!-- \/ Yoast SEO plugin. -->","yoast_head_json":{"title":"\u00bfPor qu\u00e9 no se produce un crecimiento empresarial en Espa\u00f1a?","description":"Estos son los motivos que impiden el crecimiento empresarial seg\u00fan el informe realizado por la Confederaci\u00f3n Espa\u00f1ola de la Peque\u00f1a y Mediana Empresa.","robots":{"index":"index","follow":"follow","max-snippet":"max-snippet:-1","max-image-preview":"max-image-preview:large","max-video-preview":"max-video-preview:-1"},"canonical":"https:\/\/www.clubdelemprendimiento.com\/blog\/pymes\/motivos-que-impiden-el-crecimiento-empresarial\/","og_locale":"es_ES","og_type":"article","og_title":"\u00bfPor qu\u00e9 no se produce un crecimiento empresarial en Espa\u00f1a?","og_description":"Estos son los motivos que impiden el crecimiento empresarial seg\u00fan el informe realizado por la Confederaci\u00f3n Espa\u00f1ola de la Peque\u00f1a y Mediana Empresa.","og_url":"https:\/\/www.clubdelemprendimiento.com\/blog\/pymes\/motivos-que-impiden-el-crecimiento-empresarial\/","og_site_name":"Blog Club del Emprendimiento","article_published_time":"2023-01-02T12:48:08+00:00","article_modified_time":"2022-12-22T07:58:04+00:00","og_image":[{"width":1920,"height":1280,"url":"https:\/\/www.clubdelemprendimiento.com\/blog\/wp-content\/uploads\/2022\/12\/laptops-g67c93da81_1920.jpg","type":"image\/jpeg"}],"author":"Nerea Merino","twitter_card":"summary_large_image","twitter_misc":{"Escrito por":"Nerea Merino","Tiempo de lectura":"2 minutos"},"schema":{"@context":"https:\/\/schema.org","@graph":[{"@type":"WebPage","@id":"https:\/\/www.clubdelemprendimiento.com\/blog\/pymes\/motivos-que-impiden-el-crecimiento-empresarial\/","url":"https:\/\/www.clubdelemprendimiento.com\/blog\/pymes\/motivos-que-impiden-el-crecimiento-empresarial\/","name":"\u00bfPor qu\u00e9 no se produce un crecimiento empresarial en Espa\u00f1a?","isPartOf":{"@id":"https:\/\/www.clubdelemprendimiento.com\/blog\/#website"},"primaryImageOfPage":{"@id":"https:\/\/www.clubdelemprendimiento.com\/blog\/pymes\/motivos-que-impiden-el-crecimiento-empresarial\/#primaryimage"},"image":{"@id":"https:\/\/www.clubdelemprendimiento.com\/blog\/pymes\/motivos-que-impiden-el-crecimiento-empresarial\/#primaryimage"},"thumbnailUrl":"https:\/\/www.clubdelemprendimiento.com\/blog\/wp-content\/uploads\/2022\/12\/laptops-g67c93da81_1920.jpg","datePublished":"2023-01-02T12:48:08+00:00","dateModified":"2022-12-22T07:58:04+00:00","author":{"@id":"https:\/\/www.clubdelemprendimiento.com\/blog\/#\/schema\/person\/a82ce0fc1281064b1cab4855c351cea7"},"description":"Estos son los motivos que impiden el crecimiento empresarial seg\u00fan el informe realizado por la Confederaci\u00f3n Espa\u00f1ola de la Peque\u00f1a y Mediana Empresa.","breadcrumb":{"@id":"https:\/\/www.clubdelemprendimiento.com\/blog\/pymes\/motivos-que-impiden-el-crecimiento-empresarial\/#breadcrumb"},"inLanguage":"es","potentialAction":[{"@type":"ReadAction","target":["https:\/\/www.clubdelemprendimiento.com\/blog\/pymes\/motivos-que-impiden-el-crecimiento-empresarial\/"]}]},{"@type":"ImageObject","inLanguage":"es","@id":"https:\/\/www.clubdelemprendimiento.com\/blog\/pymes\/motivos-que-impiden-el-crecimiento-empresarial\/#primaryimage","url":"https:\/\/www.clubdelemprendimiento.com\/blog\/wp-content\/uploads\/2022\/12\/laptops-g67c93da81_1920.jpg","contentUrl":"https:\/\/www.clubdelemprendimiento.com\/blog\/wp-content\/uploads\/2022\/12\/laptops-g67c93da81_1920.jpg","width":1920,"height":1280,"caption":"crecimiento empresarial"},{"@type":"BreadcrumbList","@id":"https:\/\/www.clubdelemprendimiento.com\/blog\/pymes\/motivos-que-impiden-el-crecimiento-empresarial\/#breadcrumb","itemListElement":[{"@type":"ListItem","position":1,"name":"Home","item":"https:\/\/www.clubdelemprendimiento.com\/blog\/"},{"@type":"ListItem","position":2,"name":"Motivos que impiden el crecimiento empresarial"}]},{"@type":"WebSite","@id":"https:\/\/www.clubdelemprendimiento.com\/blog\/#website","url":"https:\/\/www.clubdelemprendimiento.com\/blog\/","name":"Blog Club del Emprendimiento","description":"","potentialAction":[{"@type":"SearchAction","target":{"@type":"EntryPoint","urlTemplate":"https:\/\/www.clubdelemprendimiento.com\/blog\/?s={search_term_string}"},"query-input":"required name=search_term_string"}],"inLanguage":"es"},{"@type":"Person","@id":"https:\/\/www.clubdelemprendimiento.com\/blog\/#\/schema\/person\/a82ce0fc1281064b1cab4855c351cea7","name":"Nerea Merino","image":{"@type":"ImageObject","inLanguage":"es","@id":"https:\/\/www.clubdelemprendimiento.com\/blog\/#\/schema\/person\/image\/","url":"https:\/\/secure.gravatar.com\/avatar\/3b1c906b7b4a65b22c04d52a020d4815?s=96&d=mm&r=g","contentUrl":"https:\/\/secure.gravatar.com\/avatar\/3b1c906b7b4a65b22c04d52a020d4815?s=96&d=mm&r=g","caption":"Nerea Merino"},"url":"https:\/\/www.clubdelemprendimiento.com\/blog\/author\/nerea\/"}]}},"_links":{"self":[{"href":"https:\/\/www.clubdelemprendimiento.com\/blog\/wp-json\/wp\/v2\/posts\/16274"}],"collection":[{"href":"https:\/\/www.clubdelemprendimiento.com\/blog\/wp-json\/wp\/v2\/posts"}],"about":[{"href":"https:\/\/www.clubdelemprendimiento.com\/blog\/wp-json\/wp\/v2\/types\/post"}],"author":[{"embeddable":true,"href":"https:\/\/www.clubdelemprendimiento.com\/blog\/wp-json\/wp\/v2\/users\/14"}],"replies":[{"embeddable":true,"href":"https:\/\/www.clubdelemprendimiento.com\/blog\/wp-json\/wp\/v2\/comments?post=16274"}],"version-history":[{"count":1,"href":"https:\/\/www.clubdelemprendimiento.com\/blog\/wp-json\/wp\/v2\/posts\/16274\/revisions"}],"predecessor-version":[{"id":16276,"href":"https:\/\/www.clubdelemprendimiento.com\/blog\/wp-json\/wp\/v2\/posts\/16274\/revisions\/16276"}],"wp:featuredmedia":[{"embeddable":true,"href":"https:\/\/www.clubdelemprendimiento.com\/blog\/wp-json\/wp\/v2\/media\/16275"}],"wp:attachment":[{"href":"https:\/\/www.clubdelemprendimiento.com\/blog\/wp-json\/wp\/v2\/media?parent=16274"}],"wp:term":[{"taxonomy":"category","embeddable":true,"href":"https:\/\/www.clubdelemprendimiento.com\/blog\/wp-json\/wp\/v2\/categories?post=16274"},{"taxonomy":"post_tag","embeddable":true,"href":"https:\/\/www.clubdelemprendimiento.com\/blog\/wp-json\/wp\/v2\/tags?post=16274"}],"curies":[{"name":"wp","href":"https:\/\/api.w.org\/{rel}","templated":true}]}}