{"id":16227,"date":"2022-11-21T09:58:14","date_gmt":"2022-11-21T09:58:14","guid":{"rendered":"https:\/\/www.clubdelemprendimiento.com\/blog\/?p=16227"},"modified":"2022-11-08T10:06:46","modified_gmt":"2022-11-08T10:06:46","slug":"situacion-de-los-autonomos-dedicados-a-la-venta-ambulante","status":"publish","type":"post","link":"https:\/\/www.clubdelemprendimiento.com\/blog\/autonomos\/situacion-de-los-autonomos-dedicados-a-la-venta-ambulante\/","title":{"rendered":"Situaci\u00f3n de los aut\u00f3nomos dedicados a la venta ambulante"},"content":{"rendered":"<p>La situaci\u00f3n de los aut\u00f3nomos dedicados a la venta ambulante es complicada. Su supervivencia se encuentra en peligro. \u00bfPor qu\u00e9? \u00a0Porque el proyecto Ley de Presupuestos Generales del Estado para 2023 no tiene en cuenta a este colectivo. En \u00e9l <strong>no se especifica ning\u00fan tipo de base de cotizaci\u00f3n reducida para este sector.<\/strong><\/p>\n<p>Esto supone que <strong>m\u00e1s de 80.000 familias se encuentran en peligro<\/strong>. Perder\u00edan su negocio y con ello su base econ\u00f3mica para sobrevivir.<\/p>\n<p>Hasta el momento, los aut\u00f3nomos dedicados a la venta ambulante ten\u00edan una reducci\u00f3n del 55% de la base de cotizaci\u00f3n m\u00ednima. Los motivos, las condiciones especiales y particulares que conllevan llevar a cabo esta actividad.<\/p>\n<p>Este a\u00f1o una persona dedicada a la venta ambulante puede estar pagando de cotizaci\u00f3n mensual 161,66\u20ac. Seg\u00fan las \u00faltimas informaciones, esta misma persona a partir de enero de 2023 deber\u00e1 pagar 230\u20ac. Es decir, m\u00e1s de 820\u20ac al a\u00f1o.<\/p>\n<h2>Repercusiones<\/h2>\n<p>La situaci\u00f3n que en el pr\u00f3ximo a\u00f1o vivir\u00e1n los aut\u00f3nomos dedicados a la venta ambulante no solo repercute en la situaci\u00f3n <strong>econ\u00f3mica familiar, tambi\u00e9n en la econom\u00eda sumergida.<\/strong> Esta aumentara al igual que la irregularidad a la hora de desarrollar este tipo de actividades.<\/p>\n<p>La regularizaci\u00f3n y la adaptaci\u00f3n de las cotizaciones de este sector es posible. Como se indica en la modificaci\u00f3n del <a href=\"https:\/\/www.google.com\/url?sa=t&amp;rct=j&amp;q=&amp;esrc=s&amp;source=web&amp;cd=&amp;cad=rja&amp;uact=8&amp;ved=2ahUKEwjE1qz1qZ77AhWvx4UKHUQEC9IQFnoECBcQAQ&amp;url=https%3A%2F%2Fwww.boe.es%2Fbuscar%2Fdoc.php%3Fid%3DBOE-A-2022-12482&amp;usg=AOvVaw3_3SWZMlwJxUIqviMapxY5\" target=\"_blank\" rel=\"noopener\">Real Decreto-Ley 13\/2022, por el que se establece un nuevo sistema de cotizaci\u00f3n para los trabajadores aut\u00f3nomos,<\/a> en la Disposici\u00f3n Adicional Decimos\u00e9ptima de la Ley General de la Seguridad Social, queda explicito que se pueden realizar exenciones. Es decir, algunos colectivos pueden tener cotizaciones y obligaciones diferentes debido a su naturaleza. Concretamente a su capacidad econ\u00f3mica, ya que no todos los sectores son iguales. Y en esta excepci\u00f3n podr\u00edan encajar perfectamente los aut\u00f3nomos de la venta ambulante.<\/p>\n<h2>UPTA no quiere que desaparezca la venta ambulante<\/h2>\n<p>La Uni\u00f3n de Profesionales y Trabajadores Aut\u00f3nomos no est\u00e1 de acuerdo en que desaparezca la venta ambulante y por ello, pr\u00f3ximamente iniciar\u00e1 una campa\u00f1a de denuncia. Como ha se\u00f1alado el presidente, Eduardo Abad: \u201c<em>desde nuestra organizaci\u00f3n vamos a seguir trabajando para que los Ministerios de Econom\u00eda y Hacienda recapaciten y se introduzca una enmienda a la Ley de Presupuestos de 2023, para que sigan estableciendo bases reducidas para este colectivo. Es de vital importancia para el mantenimiento y el futuro de 80.000 familias. Adem\u00e1s, llevamos muchos a\u00f1os alertando de la existencia de falsas cooperativas de venta ambulante, que es uno de los principales problemas del sector<\/em>.\u201d<\/p>\n<p>&nbsp;<\/p>\n","protected":false},"excerpt":{"rendered":"<p>La situaci\u00f3n de los aut\u00f3nomos dedicados a la venta ambulante es complicada. Su supervivencia&hellip;<\/p>\n","protected":false},"author":14,"featured_media":16228,"comment_status":"open","ping_status":"open","sticky":false,"template":"","format":"standard","meta":{"_acf_changed":false,"footnotes":""},"categories":[255],"tags":[],"acf":[],"yoast_head":"<!-- This site is optimized with the Yoast SEO plugin v22.7 - https:\/\/yoast.com\/wordpress\/plugins\/seo\/ -->\n<title>Supervivencia los aut\u00f3nomos dedicados a la venta ambulante<\/title>\n<meta name=\"description\" content=\"La situaci\u00f3n actual pone en peligro la supervivencia de los aut\u00f3nomos dedicados a la venta ambulante. Te explicamos por qu\u00e9.\" \/>\n<meta name=\"robots\" content=\"index, follow, max-snippet:-1, max-image-preview:large, max-video-preview:-1\" \/>\n<link rel=\"canonical\" href=\"https:\/\/www.clubdelemprendimiento.com\/blog\/autonomos\/situacion-de-los-autonomos-dedicados-a-la-venta-ambulante\/\" \/>\n<meta property=\"og:locale\" content=\"es_ES\" \/>\n<meta property=\"og:type\" content=\"article\" \/>\n<meta property=\"og:title\" content=\"Supervivencia los aut\u00f3nomos dedicados a la venta ambulante\" \/>\n<meta property=\"og:description\" content=\"La situaci\u00f3n actual pone en peligro la supervivencia de los aut\u00f3nomos dedicados a la venta ambulante. Te explicamos por qu\u00e9.\" \/>\n<meta property=\"og:url\" content=\"https:\/\/www.clubdelemprendimiento.com\/blog\/autonomos\/situacion-de-los-autonomos-dedicados-a-la-venta-ambulante\/\" \/>\n<meta property=\"og:site_name\" content=\"Blog Club del Emprendimiento\" \/>\n<meta property=\"article:published_time\" content=\"2022-11-21T09:58:14+00:00\" \/>\n<meta property=\"article:modified_time\" content=\"2022-11-08T10:06:46+00:00\" \/>\n<meta property=\"og:image\" content=\"https:\/\/www.clubdelemprendimiento.com\/blog\/wp-content\/uploads\/2022\/11\/view-of-vegetable-and-fruit-market-in-city-1030x687.jpg\" \/>\n\t<meta property=\"og:image:width\" content=\"1030\" \/>\n\t<meta property=\"og:image:height\" content=\"687\" \/>\n\t<meta property=\"og:image:type\" content=\"image\/jpeg\" \/>\n<meta name=\"author\" content=\"Nerea Merino\" \/>\n<meta name=\"twitter:card\" content=\"summary_large_image\" \/>\n<meta name=\"twitter:label1\" content=\"Escrito por\" \/>\n\t<meta name=\"twitter:data1\" content=\"Nerea Merino\" \/>\n\t<meta name=\"twitter:label2\" content=\"Tiempo de lectura\" \/>\n\t<meta name=\"twitter:data2\" content=\"2 minutos\" \/>\n<script type=\"application\/ld+json\" class=\"yoast-schema-graph\">{\"@context\":\"https:\/\/schema.org\",\"@graph\":[{\"@type\":\"WebPage\",\"@id\":\"https:\/\/www.clubdelemprendimiento.com\/blog\/autonomos\/situacion-de-los-autonomos-dedicados-a-la-venta-ambulante\/\",\"url\":\"https:\/\/www.clubdelemprendimiento.com\/blog\/autonomos\/situacion-de-los-autonomos-dedicados-a-la-venta-ambulante\/\",\"name\":\"Supervivencia los aut\u00f3nomos dedicados a la venta ambulante\",\"isPartOf\":{\"@id\":\"https:\/\/www.clubdelemprendimiento.com\/blog\/#website\"},\"primaryImageOfPage\":{\"@id\":\"https:\/\/www.clubdelemprendimiento.com\/blog\/autonomos\/situacion-de-los-autonomos-dedicados-a-la-venta-ambulante\/#primaryimage\"},\"image\":{\"@id\":\"https:\/\/www.clubdelemprendimiento.com\/blog\/autonomos\/situacion-de-los-autonomos-dedicados-a-la-venta-ambulante\/#primaryimage\"},\"thumbnailUrl\":\"https:\/\/www.clubdelemprendimiento.com\/blog\/wp-content\/uploads\/2022\/11\/view-of-vegetable-and-fruit-market-in-city.jpg\",\"datePublished\":\"2022-11-21T09:58:14+00:00\",\"dateModified\":\"2022-11-08T10:06:46+00:00\",\"author\":{\"@id\":\"https:\/\/www.clubdelemprendimiento.com\/blog\/#\/schema\/person\/a82ce0fc1281064b1cab4855c351cea7\"},\"description\":\"La situaci\u00f3n actual pone en peligro la supervivencia de los aut\u00f3nomos dedicados a la venta ambulante. Te explicamos por qu\u00e9.\",\"breadcrumb\":{\"@id\":\"https:\/\/www.clubdelemprendimiento.com\/blog\/autonomos\/situacion-de-los-autonomos-dedicados-a-la-venta-ambulante\/#breadcrumb\"},\"inLanguage\":\"es\",\"potentialAction\":[{\"@type\":\"ReadAction\",\"target\":[\"https:\/\/www.clubdelemprendimiento.com\/blog\/autonomos\/situacion-de-los-autonomos-dedicados-a-la-venta-ambulante\/\"]}]},{\"@type\":\"ImageObject\",\"inLanguage\":\"es\",\"@id\":\"https:\/\/www.clubdelemprendimiento.com\/blog\/autonomos\/situacion-de-los-autonomos-dedicados-a-la-venta-ambulante\/#primaryimage\",\"url\":\"https:\/\/www.clubdelemprendimiento.com\/blog\/wp-content\/uploads\/2022\/11\/view-of-vegetable-and-fruit-market-in-city.jpg\",\"contentUrl\":\"https:\/\/www.clubdelemprendimiento.com\/blog\/wp-content\/uploads\/2022\/11\/view-of-vegetable-and-fruit-market-in-city.jpg\",\"width\":6514,\"height\":4343,\"caption\":\"venta ambulante\"},{\"@type\":\"BreadcrumbList\",\"@id\":\"https:\/\/www.clubdelemprendimiento.com\/blog\/autonomos\/situacion-de-los-autonomos-dedicados-a-la-venta-ambulante\/#breadcrumb\",\"itemListElement\":[{\"@type\":\"ListItem\",\"position\":1,\"name\":\"Home\",\"item\":\"https:\/\/www.clubdelemprendimiento.com\/blog\/\"},{\"@type\":\"ListItem\",\"position\":2,\"name\":\"Situaci\u00f3n de los aut\u00f3nomos dedicados a la venta ambulante\"}]},{\"@type\":\"WebSite\",\"@id\":\"https:\/\/www.clubdelemprendimiento.com\/blog\/#website\",\"url\":\"https:\/\/www.clubdelemprendimiento.com\/blog\/\",\"name\":\"Blog Club del Emprendimiento\",\"description\":\"\",\"potentialAction\":[{\"@type\":\"SearchAction\",\"target\":{\"@type\":\"EntryPoint\",\"urlTemplate\":\"https:\/\/www.clubdelemprendimiento.com\/blog\/?s={search_term_string}\"},\"query-input\":\"required name=search_term_string\"}],\"inLanguage\":\"es\"},{\"@type\":\"Person\",\"@id\":\"https:\/\/www.clubdelemprendimiento.com\/blog\/#\/schema\/person\/a82ce0fc1281064b1cab4855c351cea7\",\"name\":\"Nerea Merino\",\"image\":{\"@type\":\"ImageObject\",\"inLanguage\":\"es\",\"@id\":\"https:\/\/www.clubdelemprendimiento.com\/blog\/#\/schema\/person\/image\/\",\"url\":\"https:\/\/secure.gravatar.com\/avatar\/3b1c906b7b4a65b22c04d52a020d4815?s=96&d=mm&r=g\",\"contentUrl\":\"https:\/\/secure.gravatar.com\/avatar\/3b1c906b7b4a65b22c04d52a020d4815?s=96&d=mm&r=g\",\"caption\":\"Nerea Merino\"},\"url\":\"https:\/\/www.clubdelemprendimiento.com\/blog\/author\/nerea\/\"}]}<\/script>\n<!-- \/ Yoast SEO plugin. -->","yoast_head_json":{"title":"Supervivencia los aut\u00f3nomos dedicados a la venta ambulante","description":"La situaci\u00f3n actual pone en peligro la supervivencia de los aut\u00f3nomos dedicados a la venta ambulante. Te explicamos por qu\u00e9.","robots":{"index":"index","follow":"follow","max-snippet":"max-snippet:-1","max-image-preview":"max-image-preview:large","max-video-preview":"max-video-preview:-1"},"canonical":"https:\/\/www.clubdelemprendimiento.com\/blog\/autonomos\/situacion-de-los-autonomos-dedicados-a-la-venta-ambulante\/","og_locale":"es_ES","og_type":"article","og_title":"Supervivencia los aut\u00f3nomos dedicados a la venta ambulante","og_description":"La situaci\u00f3n actual pone en peligro la supervivencia de los aut\u00f3nomos dedicados a la venta ambulante. Te explicamos por qu\u00e9.","og_url":"https:\/\/www.clubdelemprendimiento.com\/blog\/autonomos\/situacion-de-los-autonomos-dedicados-a-la-venta-ambulante\/","og_site_name":"Blog Club del Emprendimiento","article_published_time":"2022-11-21T09:58:14+00:00","article_modified_time":"2022-11-08T10:06:46+00:00","og_image":[{"width":1030,"height":687,"url":"https:\/\/www.clubdelemprendimiento.com\/blog\/wp-content\/uploads\/2022\/11\/view-of-vegetable-and-fruit-market-in-city-1030x687.jpg","type":"image\/jpeg"}],"author":"Nerea Merino","twitter_card":"summary_large_image","twitter_misc":{"Escrito por":"Nerea Merino","Tiempo de lectura":"2 minutos"},"schema":{"@context":"https:\/\/schema.org","@graph":[{"@type":"WebPage","@id":"https:\/\/www.clubdelemprendimiento.com\/blog\/autonomos\/situacion-de-los-autonomos-dedicados-a-la-venta-ambulante\/","url":"https:\/\/www.clubdelemprendimiento.com\/blog\/autonomos\/situacion-de-los-autonomos-dedicados-a-la-venta-ambulante\/","name":"Supervivencia los aut\u00f3nomos dedicados a la venta ambulante","isPartOf":{"@id":"https:\/\/www.clubdelemprendimiento.com\/blog\/#website"},"primaryImageOfPage":{"@id":"https:\/\/www.clubdelemprendimiento.com\/blog\/autonomos\/situacion-de-los-autonomos-dedicados-a-la-venta-ambulante\/#primaryimage"},"image":{"@id":"https:\/\/www.clubdelemprendimiento.com\/blog\/autonomos\/situacion-de-los-autonomos-dedicados-a-la-venta-ambulante\/#primaryimage"},"thumbnailUrl":"https:\/\/www.clubdelemprendimiento.com\/blog\/wp-content\/uploads\/2022\/11\/view-of-vegetable-and-fruit-market-in-city.jpg","datePublished":"2022-11-21T09:58:14+00:00","dateModified":"2022-11-08T10:06:46+00:00","author":{"@id":"https:\/\/www.clubdelemprendimiento.com\/blog\/#\/schema\/person\/a82ce0fc1281064b1cab4855c351cea7"},"description":"La situaci\u00f3n actual pone en peligro la supervivencia de los aut\u00f3nomos dedicados a la venta ambulante. Te explicamos por qu\u00e9.","breadcrumb":{"@id":"https:\/\/www.clubdelemprendimiento.com\/blog\/autonomos\/situacion-de-los-autonomos-dedicados-a-la-venta-ambulante\/#breadcrumb"},"inLanguage":"es","potentialAction":[{"@type":"ReadAction","target":["https:\/\/www.clubdelemprendimiento.com\/blog\/autonomos\/situacion-de-los-autonomos-dedicados-a-la-venta-ambulante\/"]}]},{"@type":"ImageObject","inLanguage":"es","@id":"https:\/\/www.clubdelemprendimiento.com\/blog\/autonomos\/situacion-de-los-autonomos-dedicados-a-la-venta-ambulante\/#primaryimage","url":"https:\/\/www.clubdelemprendimiento.com\/blog\/wp-content\/uploads\/2022\/11\/view-of-vegetable-and-fruit-market-in-city.jpg","contentUrl":"https:\/\/www.clubdelemprendimiento.com\/blog\/wp-content\/uploads\/2022\/11\/view-of-vegetable-and-fruit-market-in-city.jpg","width":6514,"height":4343,"caption":"venta ambulante"},{"@type":"BreadcrumbList","@id":"https:\/\/www.clubdelemprendimiento.com\/blog\/autonomos\/situacion-de-los-autonomos-dedicados-a-la-venta-ambulante\/#breadcrumb","itemListElement":[{"@type":"ListItem","position":1,"name":"Home","item":"https:\/\/www.clubdelemprendimiento.com\/blog\/"},{"@type":"ListItem","position":2,"name":"Situaci\u00f3n de los aut\u00f3nomos dedicados a la venta ambulante"}]},{"@type":"WebSite","@id":"https:\/\/www.clubdelemprendimiento.com\/blog\/#website","url":"https:\/\/www.clubdelemprendimiento.com\/blog\/","name":"Blog Club del Emprendimiento","description":"","potentialAction":[{"@type":"SearchAction","target":{"@type":"EntryPoint","urlTemplate":"https:\/\/www.clubdelemprendimiento.com\/blog\/?s={search_term_string}"},"query-input":"required name=search_term_string"}],"inLanguage":"es"},{"@type":"Person","@id":"https:\/\/www.clubdelemprendimiento.com\/blog\/#\/schema\/person\/a82ce0fc1281064b1cab4855c351cea7","name":"Nerea Merino","image":{"@type":"ImageObject","inLanguage":"es","@id":"https:\/\/www.clubdelemprendimiento.com\/blog\/#\/schema\/person\/image\/","url":"https:\/\/secure.gravatar.com\/avatar\/3b1c906b7b4a65b22c04d52a020d4815?s=96&d=mm&r=g","contentUrl":"https:\/\/secure.gravatar.com\/avatar\/3b1c906b7b4a65b22c04d52a020d4815?s=96&d=mm&r=g","caption":"Nerea Merino"},"url":"https:\/\/www.clubdelemprendimiento.com\/blog\/author\/nerea\/"}]}},"_links":{"self":[{"href":"https:\/\/www.clubdelemprendimiento.com\/blog\/wp-json\/wp\/v2\/posts\/16227"}],"collection":[{"href":"https:\/\/www.clubdelemprendimiento.com\/blog\/wp-json\/wp\/v2\/posts"}],"about":[{"href":"https:\/\/www.clubdelemprendimiento.com\/blog\/wp-json\/wp\/v2\/types\/post"}],"author":[{"embeddable":true,"href":"https:\/\/www.clubdelemprendimiento.com\/blog\/wp-json\/wp\/v2\/users\/14"}],"replies":[{"embeddable":true,"href":"https:\/\/www.clubdelemprendimiento.com\/blog\/wp-json\/wp\/v2\/comments?post=16227"}],"version-history":[{"count":1,"href":"https:\/\/www.clubdelemprendimiento.com\/blog\/wp-json\/wp\/v2\/posts\/16227\/revisions"}],"predecessor-version":[{"id":16229,"href":"https:\/\/www.clubdelemprendimiento.com\/blog\/wp-json\/wp\/v2\/posts\/16227\/revisions\/16229"}],"wp:featuredmedia":[{"embeddable":true,"href":"https:\/\/www.clubdelemprendimiento.com\/blog\/wp-json\/wp\/v2\/media\/16228"}],"wp:attachment":[{"href":"https:\/\/www.clubdelemprendimiento.com\/blog\/wp-json\/wp\/v2\/media?parent=16227"}],"wp:term":[{"taxonomy":"category","embeddable":true,"href":"https:\/\/www.clubdelemprendimiento.com\/blog\/wp-json\/wp\/v2\/categories?post=16227"},{"taxonomy":"post_tag","embeddable":true,"href":"https:\/\/www.clubdelemprendimiento.com\/blog\/wp-json\/wp\/v2\/tags?post=16227"}],"curies":[{"name":"wp","href":"https:\/\/api.w.org\/{rel}","templated":true}]}}