{"id":16150,"date":"2022-10-12T09:39:12","date_gmt":"2022-10-12T09:39:12","guid":{"rendered":"https:\/\/www.clubdelemprendimiento.com\/blog\/?p=16150"},"modified":"2022-09-29T07:50:18","modified_gmt":"2022-09-29T07:50:18","slug":"el-pesimismo-de-las-empresas-en-2022","status":"publish","type":"post","link":"https:\/\/www.clubdelemprendimiento.com\/blog\/pymes\/el-pesimismo-de-las-empresas-en-2022\/","title":{"rendered":"El pesimismo de las empresas en 2022"},"content":{"rendered":"<p><span style=\"font-weight: 400;\">El aumento de precio de la energ\u00eda y las materias primas son la mayor preocupaci\u00f3n de las peque\u00f1as y medianas empresas espa\u00f1olas. Por tal motivo, el pesimismo de las empresas predomina en la actualidad.<\/span><\/p>\n<p><span style=\"font-weight: 400;\">Seg\u00fan el estudio de Clima Empresarial realizado por la <a href=\"https:\/\/www.google.com\/url?sa=t&amp;rct=j&amp;q=&amp;esrc=s&amp;source=web&amp;cd=&amp;cad=rja&amp;uact=8&amp;ved=2ahUKEwjtu4iuz6r6AhV8gP0HHduCB-kQFnoECD4QAQ&amp;url=https%3A%2F%2Fwww.camara.es%2F&amp;usg=AOvVaw3uH3G1hDATtY3OZrp-AgR7\" target=\"_blank\" rel=\"noopener\">C\u00e1mara de Comercio de Espa\u00f1a<\/a>, en colaboraci\u00f3n con <a href=\"https:\/\/www.google.com\/url?sa=t&amp;rct=j&amp;q=&amp;esrc=s&amp;source=web&amp;cd=&amp;cad=rja&amp;uact=8&amp;ved=2ahUKEwje0qqnz6r6AhVGhf0HHWltCO0QFnoECAQQAQ&amp;url=https%3A%2F%2Fwww.sigmados.com%2F&amp;usg=AOvVaw23RsKzZ_RHwBOkvs5tbpwl\" target=\"_blank\" rel=\"noopener\">Sigmados<\/a>, el 80% de las empresas considera que el<strong> encarecimiento de la energ\u00eda y las materias primas<\/strong> es su principal dificultad para desarrollar su actividad durante este a\u00f1o. Pero no es el \u00fanico motivo, un alto porcentaje considera que la escasez de materias primas y los problemas de abastecimiento tambi\u00e9n incluyen considerablemente, al igual que el aumento de los costes laborales.<\/span><\/p>\n<p><span style=\"font-weight: 400;\">Por estos motivos, <strong>seis de cada diez empresas se declaran poco o nada optimistas sobre su evoluci\u00f3n en el presente ejercicio.<\/strong> Percepci\u00f3n que no depende de sectores y tama\u00f1o empresarial. Es una visi\u00f3n generalizada para este a\u00f1o. De cara al ejercicio de 2023 las expectativas son algo m\u00e1s pesimistas. De la encuesta se extrae que las empresas esperan mejora de las exportaciones y de las importaciones, la contrataci\u00f3n de personal y las ventas en Espa\u00f1a.<\/span><\/p>\n<h2><b>Riesgos que justifican el pesimismo de las empresas\u00a0<\/b><\/h2>\n<p><span style=\"font-weight: 400;\">Otro tema tratado en el informe son los riesgos que las empresas creen que asumir\u00e1n de cara a 2023. En primer lugar, se\u00f1alan la<strong> evoluci\u00f3n del precio de la energ\u00eda y de las materias primas.<\/strong> A ello se le suma la <strong>subida de los tipos de inter\u00e9s y las consecuencias de la guerra de Ucrania.<\/strong><\/span><\/p>\n<p><span style=\"font-weight: 400;\">Los problemas energ\u00e9ticos actuales afectan a la visi\u00f3n que tienen las empresas de su actividad. En la mayor\u00eda de los casos, las empresas consideran que el problema energ\u00e9tico se debe a la dependencia energ\u00e9tica exterior y que para solucionarlo se debe apostar por las energ\u00edas renovables, <\/span><span style=\"font-weight: 400;\">la ampliaci\u00f3n del n\u00famero de las centrales nucleares y el incremento de la eficiencia a trav\u00e9s de ayudas a las empresas.<\/span><\/p>\n<h2><b>Conocimiento de los Fondos de recuperaci\u00f3n Next Generation EU<\/b><\/h2>\n<p><span style=\"font-weight: 400;\">El conocimiento que tienen las empresas sobre los fondos de recuperaci\u00f3n Next Generation EU ha aumentado considerablemente respecto al a\u00f1o pasado. Cabe destacar que <strong>las empresas m\u00e1s grandes y que pertenecen al sector industrial son las que m\u00e1s saben y m\u00e1s informaci\u00f3n tienen sobre los fondos.<\/strong><\/span><\/p>\n<p><span style=\"font-weight: 400;\">En general, ha habido una mejora respecto a c\u00f3mo acceder a los fondos. Un 38,4% sabe c\u00f3mo hacerlo y alrededor de un 24% ya lo han solicitado.\u00a0<\/span><\/p>\n<p><span style=\"font-weight: 400;\">\u00a0<\/span><\/p>\n<p>&nbsp;<\/p>\n","protected":false},"excerpt":{"rendered":"<p>El aumento de precio de la energ\u00eda y las materias primas son la mayor&hellip;<\/p>\n","protected":false},"author":14,"featured_media":16151,"comment_status":"open","ping_status":"open","sticky":false,"template":"","format":"standard","meta":{"_acf_changed":false,"footnotes":""},"categories":[256],"tags":[],"acf":[],"yoast_head":"<!-- This site is optimized with the Yoast SEO plugin v22.7 - https:\/\/yoast.com\/wordpress\/plugins\/seo\/ -->\n<title>Causas del pesimismo de las empresas durante este a\u00f1o<\/title>\n<meta name=\"description\" content=\"El estudio de Clima Empresarial muestra el pesimismo de las empresas en el desarrollo de su actividad. \u00bfCu\u00e1les son los motivos?\" \/>\n<meta name=\"robots\" content=\"index, follow, max-snippet:-1, max-image-preview:large, max-video-preview:-1\" \/>\n<link rel=\"canonical\" href=\"https:\/\/www.clubdelemprendimiento.com\/blog\/pymes\/el-pesimismo-de-las-empresas-en-2022\/\" \/>\n<meta property=\"og:locale\" content=\"es_ES\" \/>\n<meta property=\"og:type\" content=\"article\" \/>\n<meta property=\"og:title\" content=\"Causas del pesimismo de las empresas durante este a\u00f1o\" \/>\n<meta property=\"og:description\" content=\"El estudio de Clima Empresarial muestra el pesimismo de las empresas en el desarrollo de su actividad. \u00bfCu\u00e1les son los motivos?\" \/>\n<meta property=\"og:url\" content=\"https:\/\/www.clubdelemprendimiento.com\/blog\/pymes\/el-pesimismo-de-las-empresas-en-2022\/\" \/>\n<meta property=\"og:site_name\" content=\"Blog Club del Emprendimiento\" \/>\n<meta property=\"article:published_time\" content=\"2022-10-12T09:39:12+00:00\" \/>\n<meta property=\"article:modified_time\" content=\"2022-09-29T07:50:18+00:00\" \/>\n<meta property=\"og:image\" content=\"https:\/\/www.clubdelemprendimiento.com\/blog\/wp-content\/uploads\/2022\/09\/pexels-andrea-piacquadio-859264-1030x687.jpg\" \/>\n\t<meta property=\"og:image:width\" content=\"1030\" \/>\n\t<meta property=\"og:image:height\" content=\"687\" \/>\n\t<meta property=\"og:image:type\" content=\"image\/jpeg\" \/>\n<meta name=\"author\" content=\"Nerea Merino\" \/>\n<meta name=\"twitter:card\" content=\"summary_large_image\" \/>\n<meta name=\"twitter:label1\" content=\"Escrito por\" \/>\n\t<meta name=\"twitter:data1\" content=\"Nerea Merino\" \/>\n\t<meta name=\"twitter:label2\" content=\"Tiempo de lectura\" \/>\n\t<meta name=\"twitter:data2\" content=\"2 minutos\" \/>\n<script type=\"application\/ld+json\" class=\"yoast-schema-graph\">{\"@context\":\"https:\/\/schema.org\",\"@graph\":[{\"@type\":\"WebPage\",\"@id\":\"https:\/\/www.clubdelemprendimiento.com\/blog\/pymes\/el-pesimismo-de-las-empresas-en-2022\/\",\"url\":\"https:\/\/www.clubdelemprendimiento.com\/blog\/pymes\/el-pesimismo-de-las-empresas-en-2022\/\",\"name\":\"Causas del pesimismo de las empresas durante este a\u00f1o\",\"isPartOf\":{\"@id\":\"https:\/\/www.clubdelemprendimiento.com\/blog\/#website\"},\"primaryImageOfPage\":{\"@id\":\"https:\/\/www.clubdelemprendimiento.com\/blog\/pymes\/el-pesimismo-de-las-empresas-en-2022\/#primaryimage\"},\"image\":{\"@id\":\"https:\/\/www.clubdelemprendimiento.com\/blog\/pymes\/el-pesimismo-de-las-empresas-en-2022\/#primaryimage\"},\"thumbnailUrl\":\"https:\/\/www.clubdelemprendimiento.com\/blog\/wp-content\/uploads\/2022\/09\/pexels-andrea-piacquadio-859264.jpg\",\"datePublished\":\"2022-10-12T09:39:12+00:00\",\"dateModified\":\"2022-09-29T07:50:18+00:00\",\"author\":{\"@id\":\"https:\/\/www.clubdelemprendimiento.com\/blog\/#\/schema\/person\/a82ce0fc1281064b1cab4855c351cea7\"},\"description\":\"El estudio de Clima Empresarial muestra el pesimismo de las empresas en el desarrollo de su actividad. \u00bfCu\u00e1les son los motivos?\",\"breadcrumb\":{\"@id\":\"https:\/\/www.clubdelemprendimiento.com\/blog\/pymes\/el-pesimismo-de-las-empresas-en-2022\/#breadcrumb\"},\"inLanguage\":\"es\",\"potentialAction\":[{\"@type\":\"ReadAction\",\"target\":[\"https:\/\/www.clubdelemprendimiento.com\/blog\/pymes\/el-pesimismo-de-las-empresas-en-2022\/\"]}]},{\"@type\":\"ImageObject\",\"inLanguage\":\"es\",\"@id\":\"https:\/\/www.clubdelemprendimiento.com\/blog\/pymes\/el-pesimismo-de-las-empresas-en-2022\/#primaryimage\",\"url\":\"https:\/\/www.clubdelemprendimiento.com\/blog\/wp-content\/uploads\/2022\/09\/pexels-andrea-piacquadio-859264.jpg\",\"contentUrl\":\"https:\/\/www.clubdelemprendimiento.com\/blog\/wp-content\/uploads\/2022\/09\/pexels-andrea-piacquadio-859264.jpg\",\"width\":7680,\"height\":5120,\"caption\":\"pesimismo de las empresas\"},{\"@type\":\"BreadcrumbList\",\"@id\":\"https:\/\/www.clubdelemprendimiento.com\/blog\/pymes\/el-pesimismo-de-las-empresas-en-2022\/#breadcrumb\",\"itemListElement\":[{\"@type\":\"ListItem\",\"position\":1,\"name\":\"Home\",\"item\":\"https:\/\/www.clubdelemprendimiento.com\/blog\/\"},{\"@type\":\"ListItem\",\"position\":2,\"name\":\"El pesimismo de las empresas en 2022\"}]},{\"@type\":\"WebSite\",\"@id\":\"https:\/\/www.clubdelemprendimiento.com\/blog\/#website\",\"url\":\"https:\/\/www.clubdelemprendimiento.com\/blog\/\",\"name\":\"Blog Club del Emprendimiento\",\"description\":\"\",\"potentialAction\":[{\"@type\":\"SearchAction\",\"target\":{\"@type\":\"EntryPoint\",\"urlTemplate\":\"https:\/\/www.clubdelemprendimiento.com\/blog\/?s={search_term_string}\"},\"query-input\":\"required name=search_term_string\"}],\"inLanguage\":\"es\"},{\"@type\":\"Person\",\"@id\":\"https:\/\/www.clubdelemprendimiento.com\/blog\/#\/schema\/person\/a82ce0fc1281064b1cab4855c351cea7\",\"name\":\"Nerea Merino\",\"image\":{\"@type\":\"ImageObject\",\"inLanguage\":\"es\",\"@id\":\"https:\/\/www.clubdelemprendimiento.com\/blog\/#\/schema\/person\/image\/\",\"url\":\"https:\/\/secure.gravatar.com\/avatar\/3b1c906b7b4a65b22c04d52a020d4815?s=96&d=mm&r=g\",\"contentUrl\":\"https:\/\/secure.gravatar.com\/avatar\/3b1c906b7b4a65b22c04d52a020d4815?s=96&d=mm&r=g\",\"caption\":\"Nerea Merino\"},\"url\":\"https:\/\/www.clubdelemprendimiento.com\/blog\/author\/nerea\/\"}]}<\/script>\n<!-- \/ Yoast SEO plugin. -->","yoast_head_json":{"title":"Causas del pesimismo de las empresas durante este a\u00f1o","description":"El estudio de Clima Empresarial muestra el pesimismo de las empresas en el desarrollo de su actividad. \u00bfCu\u00e1les son los motivos?","robots":{"index":"index","follow":"follow","max-snippet":"max-snippet:-1","max-image-preview":"max-image-preview:large","max-video-preview":"max-video-preview:-1"},"canonical":"https:\/\/www.clubdelemprendimiento.com\/blog\/pymes\/el-pesimismo-de-las-empresas-en-2022\/","og_locale":"es_ES","og_type":"article","og_title":"Causas del pesimismo de las empresas durante este a\u00f1o","og_description":"El estudio de Clima Empresarial muestra el pesimismo de las empresas en el desarrollo de su actividad. \u00bfCu\u00e1les son los motivos?","og_url":"https:\/\/www.clubdelemprendimiento.com\/blog\/pymes\/el-pesimismo-de-las-empresas-en-2022\/","og_site_name":"Blog Club del Emprendimiento","article_published_time":"2022-10-12T09:39:12+00:00","article_modified_time":"2022-09-29T07:50:18+00:00","og_image":[{"width":1030,"height":687,"url":"https:\/\/www.clubdelemprendimiento.com\/blog\/wp-content\/uploads\/2022\/09\/pexels-andrea-piacquadio-859264-1030x687.jpg","type":"image\/jpeg"}],"author":"Nerea Merino","twitter_card":"summary_large_image","twitter_misc":{"Escrito por":"Nerea Merino","Tiempo de lectura":"2 minutos"},"schema":{"@context":"https:\/\/schema.org","@graph":[{"@type":"WebPage","@id":"https:\/\/www.clubdelemprendimiento.com\/blog\/pymes\/el-pesimismo-de-las-empresas-en-2022\/","url":"https:\/\/www.clubdelemprendimiento.com\/blog\/pymes\/el-pesimismo-de-las-empresas-en-2022\/","name":"Causas del pesimismo de las empresas durante este a\u00f1o","isPartOf":{"@id":"https:\/\/www.clubdelemprendimiento.com\/blog\/#website"},"primaryImageOfPage":{"@id":"https:\/\/www.clubdelemprendimiento.com\/blog\/pymes\/el-pesimismo-de-las-empresas-en-2022\/#primaryimage"},"image":{"@id":"https:\/\/www.clubdelemprendimiento.com\/blog\/pymes\/el-pesimismo-de-las-empresas-en-2022\/#primaryimage"},"thumbnailUrl":"https:\/\/www.clubdelemprendimiento.com\/blog\/wp-content\/uploads\/2022\/09\/pexels-andrea-piacquadio-859264.jpg","datePublished":"2022-10-12T09:39:12+00:00","dateModified":"2022-09-29T07:50:18+00:00","author":{"@id":"https:\/\/www.clubdelemprendimiento.com\/blog\/#\/schema\/person\/a82ce0fc1281064b1cab4855c351cea7"},"description":"El estudio de Clima Empresarial muestra el pesimismo de las empresas en el desarrollo de su actividad. \u00bfCu\u00e1les son los motivos?","breadcrumb":{"@id":"https:\/\/www.clubdelemprendimiento.com\/blog\/pymes\/el-pesimismo-de-las-empresas-en-2022\/#breadcrumb"},"inLanguage":"es","potentialAction":[{"@type":"ReadAction","target":["https:\/\/www.clubdelemprendimiento.com\/blog\/pymes\/el-pesimismo-de-las-empresas-en-2022\/"]}]},{"@type":"ImageObject","inLanguage":"es","@id":"https:\/\/www.clubdelemprendimiento.com\/blog\/pymes\/el-pesimismo-de-las-empresas-en-2022\/#primaryimage","url":"https:\/\/www.clubdelemprendimiento.com\/blog\/wp-content\/uploads\/2022\/09\/pexels-andrea-piacquadio-859264.jpg","contentUrl":"https:\/\/www.clubdelemprendimiento.com\/blog\/wp-content\/uploads\/2022\/09\/pexels-andrea-piacquadio-859264.jpg","width":7680,"height":5120,"caption":"pesimismo de las empresas"},{"@type":"BreadcrumbList","@id":"https:\/\/www.clubdelemprendimiento.com\/blog\/pymes\/el-pesimismo-de-las-empresas-en-2022\/#breadcrumb","itemListElement":[{"@type":"ListItem","position":1,"name":"Home","item":"https:\/\/www.clubdelemprendimiento.com\/blog\/"},{"@type":"ListItem","position":2,"name":"El pesimismo de las empresas en 2022"}]},{"@type":"WebSite","@id":"https:\/\/www.clubdelemprendimiento.com\/blog\/#website","url":"https:\/\/www.clubdelemprendimiento.com\/blog\/","name":"Blog Club del Emprendimiento","description":"","potentialAction":[{"@type":"SearchAction","target":{"@type":"EntryPoint","urlTemplate":"https:\/\/www.clubdelemprendimiento.com\/blog\/?s={search_term_string}"},"query-input":"required name=search_term_string"}],"inLanguage":"es"},{"@type":"Person","@id":"https:\/\/www.clubdelemprendimiento.com\/blog\/#\/schema\/person\/a82ce0fc1281064b1cab4855c351cea7","name":"Nerea Merino","image":{"@type":"ImageObject","inLanguage":"es","@id":"https:\/\/www.clubdelemprendimiento.com\/blog\/#\/schema\/person\/image\/","url":"https:\/\/secure.gravatar.com\/avatar\/3b1c906b7b4a65b22c04d52a020d4815?s=96&d=mm&r=g","contentUrl":"https:\/\/secure.gravatar.com\/avatar\/3b1c906b7b4a65b22c04d52a020d4815?s=96&d=mm&r=g","caption":"Nerea Merino"},"url":"https:\/\/www.clubdelemprendimiento.com\/blog\/author\/nerea\/"}]}},"_links":{"self":[{"href":"https:\/\/www.clubdelemprendimiento.com\/blog\/wp-json\/wp\/v2\/posts\/16150"}],"collection":[{"href":"https:\/\/www.clubdelemprendimiento.com\/blog\/wp-json\/wp\/v2\/posts"}],"about":[{"href":"https:\/\/www.clubdelemprendimiento.com\/blog\/wp-json\/wp\/v2\/types\/post"}],"author":[{"embeddable":true,"href":"https:\/\/www.clubdelemprendimiento.com\/blog\/wp-json\/wp\/v2\/users\/14"}],"replies":[{"embeddable":true,"href":"https:\/\/www.clubdelemprendimiento.com\/blog\/wp-json\/wp\/v2\/comments?post=16150"}],"version-history":[{"count":1,"href":"https:\/\/www.clubdelemprendimiento.com\/blog\/wp-json\/wp\/v2\/posts\/16150\/revisions"}],"predecessor-version":[{"id":16152,"href":"https:\/\/www.clubdelemprendimiento.com\/blog\/wp-json\/wp\/v2\/posts\/16150\/revisions\/16152"}],"wp:featuredmedia":[{"embeddable":true,"href":"https:\/\/www.clubdelemprendimiento.com\/blog\/wp-json\/wp\/v2\/media\/16151"}],"wp:attachment":[{"href":"https:\/\/www.clubdelemprendimiento.com\/blog\/wp-json\/wp\/v2\/media?parent=16150"}],"wp:term":[{"taxonomy":"category","embeddable":true,"href":"https:\/\/www.clubdelemprendimiento.com\/blog\/wp-json\/wp\/v2\/categories?post=16150"},{"taxonomy":"post_tag","embeddable":true,"href":"https:\/\/www.clubdelemprendimiento.com\/blog\/wp-json\/wp\/v2\/tags?post=16150"}],"curies":[{"name":"wp","href":"https:\/\/api.w.org\/{rel}","templated":true}]}}