{"id":16058,"date":"2022-08-08T11:49:17","date_gmt":"2022-08-08T11:49:17","guid":{"rendered":"https:\/\/www.clubdelemprendimiento.com\/blog\/?p=16058"},"modified":"2022-08-04T11:59:45","modified_gmt":"2022-08-04T11:59:45","slug":"programa-de-aceleracion-de-startups","status":"publish","type":"post","link":"https:\/\/www.clubdelemprendimiento.com\/blog\/nuestros-emprendedores\/programa-de-aceleracion-de-startups\/","title":{"rendered":"Programa de Aceleraci\u00f3n de Startups"},"content":{"rendered":"<p><span style=\"font-weight: 400;\">El Ministerio de Industria, Comercio y Turismo ha publicado en el <a href=\"https:\/\/www.boe.es\/diario_boe\/txt.php?id=BOE-A-2022-13098\" target=\"_blank\" rel=\"noopener\">BOE<\/a> las bases reguladoras de las ayudas que ser\u00e1n concedidas a trav\u00e9s del Programa Capacidades Emprendedoras para la aceleraci\u00f3n de startups \u201cPrograma de Aceleraci\u00f3n de Startups\u201d. Forman parte del marco del <strong>Plan de Recuperaci\u00f3n, Transformaci\u00f3n y Resiliencia.<\/strong><\/span><\/p>\n<p><span style=\"font-weight: 400;\">Tiene como objetivo impulsar y fomentar el crecimiento de las startups. Para ello ofrece asesoramiento de forma individual, as\u00ed como formaci\u00f3n espec\u00edfica. Este programa es posible gracias a la Escuela de Organizaci\u00f3n Industrial (Fundaci\u00f3n EOI), adscrita a la Secretar\u00eda General de Industria y PYME. Es la encargada de gestionar las ayudas.<\/span><\/p>\n<p><span style=\"font-weight: 400;\">El Programa de Aceleraci\u00f3n de Startups cuenta con un presupuesto de<strong> 42,8 millones de euros<\/strong> que proceden del fondo del mecanismo de Recuperaci\u00f3n y Resiliencia. Se estima que se podr\u00e1n<strong> beneficiar un total de 6.100 startups<\/strong> entre este a\u00f1o y el que viene.\u00a0\u00a0<\/span><\/p>\n<h2><b>Fases del\u00a0Programa de Aceleraci\u00f3n de Startups<\/b><\/h2>\n<p><span style=\"font-weight: 400;\">Todas aquellas startups que se beneficien de las ayudas recibir\u00e1n asesoramiento por parte de entidades colaboradoras, las llamadas aceleradoras e incubadoras. Se conocer\u00e1 cu\u00e1les son a partir del mes de septiembre.<\/span><\/p>\n<p><span style=\"font-weight: 400;\">El Plan de Aceleraci\u00f3n consta de tres fases:<\/span><\/p>\n<ol>\n<li><span style=\"font-weight: 400;\"> \u00a0 <\/span> <span style=\"font-weight: 400;\">Programa de formaci\u00f3n.<\/span><\/li>\n<li><span style=\"font-weight: 400;\"> \u00a0 <\/span> <span style=\"font-weight: 400;\">Programa de aceleraci\u00f3n.<\/span><\/li>\n<li><span style=\"font-weight: 400;\"> \u00a0 <\/span> <span style=\"font-weight: 400;\">B\u00fasqueda de financiaci\u00f3n y conexi\u00f3n con el tejido empresarial.<\/span><\/li>\n<\/ol>\n<p><span style=\"font-weight: 400;\">Todo ello se realizar\u00e1 a trav\u00e9s de dos actuaciones. Por un lado, se llevar\u00e1n a cabo programas de aceleraci\u00f3n regional con la colaboraci\u00f3n de las comunidades aut\u00f3nomas y adaptados a startups de sectores definidos en las Estrategias Regionales de Especializaci\u00f3n Inteligente.\u00a0 Y por otro, programas de aceleraci\u00f3n sectoriales de cobertura nacional centrados en los diez sectores establecidos en la Estrategia Espa\u00f1a Naci\u00f3n Emprendedora. Son: industria; industrias culturales y musicales; movilidad; salud; construcci\u00f3n y materiales; energ\u00eda y transici\u00f3n ecol\u00f3gica; banca y finanzas; digital y telecomunicaciones; agroalimentaci\u00f3n; y biotecnolog\u00eda.<\/span><\/p>\n<h2><b>M\u00e1s programas del Plan de Recuperaci\u00f3n, Transformaci\u00f3n y Resiliencia<\/b><\/h2>\n<p><span style=\"font-weight: 400;\">La Escuela de Organizaci\u00f3n Industrial a favor del emprendimiento, adem\u00e1s del mencionado, tiene otros programas complementarios al de Aceleraci\u00f3n de Startups. Todos ellos forman parte de la Agenda Espa\u00f1a Digital 2025 para ser referentes en el emprendimiento. Entre los programas se encuentran:<\/span><\/p>\n<ul>\n<li><span style=\"font-weight: 400;\">Programa de <strong>Atracci\u00f3n al Emprendimiento Femenino<\/strong> para dar visibilidad al valor que tienen las mujeres en el ecosistema emprendedor.<\/span><\/li>\n<li>Programa <strong>Activa Startups<\/strong> para la innovaci\u00f3n entre peque\u00f1as y medianas empresas y startups.<\/li>\n<\/ul>\n<p><span style=\"font-weight: 400;\">\u00a0<\/span><\/p>\n","protected":false},"excerpt":{"rendered":"<p>El Ministerio de Industria, Comercio y Turismo ha publicado en el BOE las bases&hellip;<\/p>\n","protected":false},"author":14,"featured_media":16059,"comment_status":"open","ping_status":"open","sticky":false,"template":"","format":"standard","meta":{"_acf_changed":false,"footnotes":""},"categories":[91],"tags":[],"acf":[],"yoast_head":"<!-- This site is optimized with the Yoast SEO plugin v22.7 - https:\/\/yoast.com\/wordpress\/plugins\/seo\/ -->\n<title>Programa de Aceleraci\u00f3n de Startups: caracter\u00edsticas<\/title>\n<meta name=\"description\" content=\"Ya se han publicado las bases reguladoras del programa de Aceleraci\u00f3n de Startups que forma parte del Plan de Recuperaci\u00f3n, Transformaci\u00f3n y Resiliencia.\" \/>\n<meta name=\"robots\" content=\"index, follow, max-snippet:-1, max-image-preview:large, max-video-preview:-1\" \/>\n<link rel=\"canonical\" href=\"https:\/\/www.clubdelemprendimiento.com\/blog\/nuestros-emprendedores\/programa-de-aceleracion-de-startups\/\" \/>\n<meta property=\"og:locale\" content=\"es_ES\" \/>\n<meta property=\"og:type\" content=\"article\" \/>\n<meta property=\"og:title\" content=\"Programa de Aceleraci\u00f3n de Startups: caracter\u00edsticas\" \/>\n<meta property=\"og:description\" content=\"Ya se han publicado las bases reguladoras del programa de Aceleraci\u00f3n de Startups que forma parte del Plan de Recuperaci\u00f3n, Transformaci\u00f3n y Resiliencia.\" \/>\n<meta property=\"og:url\" content=\"https:\/\/www.clubdelemprendimiento.com\/blog\/nuestros-emprendedores\/programa-de-aceleracion-de-startups\/\" \/>\n<meta property=\"og:site_name\" content=\"Blog Club del Emprendimiento\" \/>\n<meta property=\"article:published_time\" content=\"2022-08-08T11:49:17+00:00\" \/>\n<meta property=\"article:modified_time\" content=\"2022-08-04T11:59:45+00:00\" \/>\n<meta property=\"og:image\" content=\"https:\/\/www.clubdelemprendimiento.com\/blog\/wp-content\/uploads\/2022\/08\/pexels-canva-studio-3194521-1030x687.jpg\" \/>\n\t<meta property=\"og:image:width\" content=\"1030\" \/>\n\t<meta property=\"og:image:height\" content=\"687\" \/>\n\t<meta property=\"og:image:type\" content=\"image\/jpeg\" \/>\n<meta name=\"author\" content=\"Nerea Merino\" \/>\n<meta name=\"twitter:card\" content=\"summary_large_image\" \/>\n<meta name=\"twitter:label1\" content=\"Escrito por\" \/>\n\t<meta name=\"twitter:data1\" content=\"Nerea Merino\" \/>\n\t<meta name=\"twitter:label2\" content=\"Tiempo de lectura\" \/>\n\t<meta name=\"twitter:data2\" content=\"2 minutos\" \/>\n<script type=\"application\/ld+json\" class=\"yoast-schema-graph\">{\"@context\":\"https:\/\/schema.org\",\"@graph\":[{\"@type\":\"WebPage\",\"@id\":\"https:\/\/www.clubdelemprendimiento.com\/blog\/nuestros-emprendedores\/programa-de-aceleracion-de-startups\/\",\"url\":\"https:\/\/www.clubdelemprendimiento.com\/blog\/nuestros-emprendedores\/programa-de-aceleracion-de-startups\/\",\"name\":\"Programa de Aceleraci\u00f3n de Startups: caracter\u00edsticas\",\"isPartOf\":{\"@id\":\"https:\/\/www.clubdelemprendimiento.com\/blog\/#website\"},\"primaryImageOfPage\":{\"@id\":\"https:\/\/www.clubdelemprendimiento.com\/blog\/nuestros-emprendedores\/programa-de-aceleracion-de-startups\/#primaryimage\"},\"image\":{\"@id\":\"https:\/\/www.clubdelemprendimiento.com\/blog\/nuestros-emprendedores\/programa-de-aceleracion-de-startups\/#primaryimage\"},\"thumbnailUrl\":\"https:\/\/www.clubdelemprendimiento.com\/blog\/wp-content\/uploads\/2022\/08\/pexels-canva-studio-3194521.jpg\",\"datePublished\":\"2022-08-08T11:49:17+00:00\",\"dateModified\":\"2022-08-04T11:59:45+00:00\",\"author\":{\"@id\":\"https:\/\/www.clubdelemprendimiento.com\/blog\/#\/schema\/person\/a82ce0fc1281064b1cab4855c351cea7\"},\"description\":\"Ya se han publicado las bases reguladoras del programa de Aceleraci\u00f3n de Startups que forma parte del Plan de Recuperaci\u00f3n, Transformaci\u00f3n y Resiliencia.\",\"breadcrumb\":{\"@id\":\"https:\/\/www.clubdelemprendimiento.com\/blog\/nuestros-emprendedores\/programa-de-aceleracion-de-startups\/#breadcrumb\"},\"inLanguage\":\"es\",\"potentialAction\":[{\"@type\":\"ReadAction\",\"target\":[\"https:\/\/www.clubdelemprendimiento.com\/blog\/nuestros-emprendedores\/programa-de-aceleracion-de-startups\/\"]}]},{\"@type\":\"ImageObject\",\"inLanguage\":\"es\",\"@id\":\"https:\/\/www.clubdelemprendimiento.com\/blog\/nuestros-emprendedores\/programa-de-aceleracion-de-startups\/#primaryimage\",\"url\":\"https:\/\/www.clubdelemprendimiento.com\/blog\/wp-content\/uploads\/2022\/08\/pexels-canva-studio-3194521.jpg\",\"contentUrl\":\"https:\/\/www.clubdelemprendimiento.com\/blog\/wp-content\/uploads\/2022\/08\/pexels-canva-studio-3194521.jpg\",\"width\":3960,\"height\":2640,\"caption\":\"Programa de Aceleraci\u00f3n de Startups\"},{\"@type\":\"BreadcrumbList\",\"@id\":\"https:\/\/www.clubdelemprendimiento.com\/blog\/nuestros-emprendedores\/programa-de-aceleracion-de-startups\/#breadcrumb\",\"itemListElement\":[{\"@type\":\"ListItem\",\"position\":1,\"name\":\"Home\",\"item\":\"https:\/\/www.clubdelemprendimiento.com\/blog\/\"},{\"@type\":\"ListItem\",\"position\":2,\"name\":\"Programa de Aceleraci\u00f3n de Startups\"}]},{\"@type\":\"WebSite\",\"@id\":\"https:\/\/www.clubdelemprendimiento.com\/blog\/#website\",\"url\":\"https:\/\/www.clubdelemprendimiento.com\/blog\/\",\"name\":\"Blog Club del Emprendimiento\",\"description\":\"\",\"potentialAction\":[{\"@type\":\"SearchAction\",\"target\":{\"@type\":\"EntryPoint\",\"urlTemplate\":\"https:\/\/www.clubdelemprendimiento.com\/blog\/?s={search_term_string}\"},\"query-input\":\"required name=search_term_string\"}],\"inLanguage\":\"es\"},{\"@type\":\"Person\",\"@id\":\"https:\/\/www.clubdelemprendimiento.com\/blog\/#\/schema\/person\/a82ce0fc1281064b1cab4855c351cea7\",\"name\":\"Nerea Merino\",\"image\":{\"@type\":\"ImageObject\",\"inLanguage\":\"es\",\"@id\":\"https:\/\/www.clubdelemprendimiento.com\/blog\/#\/schema\/person\/image\/\",\"url\":\"https:\/\/secure.gravatar.com\/avatar\/3b1c906b7b4a65b22c04d52a020d4815?s=96&d=mm&r=g\",\"contentUrl\":\"https:\/\/secure.gravatar.com\/avatar\/3b1c906b7b4a65b22c04d52a020d4815?s=96&d=mm&r=g\",\"caption\":\"Nerea Merino\"},\"url\":\"https:\/\/www.clubdelemprendimiento.com\/blog\/author\/nerea\/\"}]}<\/script>\n<!-- \/ Yoast SEO plugin. -->","yoast_head_json":{"title":"Programa de Aceleraci\u00f3n de Startups: caracter\u00edsticas","description":"Ya se han publicado las bases reguladoras del programa de Aceleraci\u00f3n de Startups que forma parte del Plan de Recuperaci\u00f3n, Transformaci\u00f3n y Resiliencia.","robots":{"index":"index","follow":"follow","max-snippet":"max-snippet:-1","max-image-preview":"max-image-preview:large","max-video-preview":"max-video-preview:-1"},"canonical":"https:\/\/www.clubdelemprendimiento.com\/blog\/nuestros-emprendedores\/programa-de-aceleracion-de-startups\/","og_locale":"es_ES","og_type":"article","og_title":"Programa de Aceleraci\u00f3n de Startups: caracter\u00edsticas","og_description":"Ya se han publicado las bases reguladoras del programa de Aceleraci\u00f3n de Startups que forma parte del Plan de Recuperaci\u00f3n, Transformaci\u00f3n y Resiliencia.","og_url":"https:\/\/www.clubdelemprendimiento.com\/blog\/nuestros-emprendedores\/programa-de-aceleracion-de-startups\/","og_site_name":"Blog Club del Emprendimiento","article_published_time":"2022-08-08T11:49:17+00:00","article_modified_time":"2022-08-04T11:59:45+00:00","og_image":[{"width":1030,"height":687,"url":"https:\/\/www.clubdelemprendimiento.com\/blog\/wp-content\/uploads\/2022\/08\/pexels-canva-studio-3194521-1030x687.jpg","type":"image\/jpeg"}],"author":"Nerea Merino","twitter_card":"summary_large_image","twitter_misc":{"Escrito por":"Nerea Merino","Tiempo de lectura":"2 minutos"},"schema":{"@context":"https:\/\/schema.org","@graph":[{"@type":"WebPage","@id":"https:\/\/www.clubdelemprendimiento.com\/blog\/nuestros-emprendedores\/programa-de-aceleracion-de-startups\/","url":"https:\/\/www.clubdelemprendimiento.com\/blog\/nuestros-emprendedores\/programa-de-aceleracion-de-startups\/","name":"Programa de Aceleraci\u00f3n de Startups: caracter\u00edsticas","isPartOf":{"@id":"https:\/\/www.clubdelemprendimiento.com\/blog\/#website"},"primaryImageOfPage":{"@id":"https:\/\/www.clubdelemprendimiento.com\/blog\/nuestros-emprendedores\/programa-de-aceleracion-de-startups\/#primaryimage"},"image":{"@id":"https:\/\/www.clubdelemprendimiento.com\/blog\/nuestros-emprendedores\/programa-de-aceleracion-de-startups\/#primaryimage"},"thumbnailUrl":"https:\/\/www.clubdelemprendimiento.com\/blog\/wp-content\/uploads\/2022\/08\/pexels-canva-studio-3194521.jpg","datePublished":"2022-08-08T11:49:17+00:00","dateModified":"2022-08-04T11:59:45+00:00","author":{"@id":"https:\/\/www.clubdelemprendimiento.com\/blog\/#\/schema\/person\/a82ce0fc1281064b1cab4855c351cea7"},"description":"Ya se han publicado las bases reguladoras del programa de Aceleraci\u00f3n de Startups que forma parte del Plan de Recuperaci\u00f3n, Transformaci\u00f3n y Resiliencia.","breadcrumb":{"@id":"https:\/\/www.clubdelemprendimiento.com\/blog\/nuestros-emprendedores\/programa-de-aceleracion-de-startups\/#breadcrumb"},"inLanguage":"es","potentialAction":[{"@type":"ReadAction","target":["https:\/\/www.clubdelemprendimiento.com\/blog\/nuestros-emprendedores\/programa-de-aceleracion-de-startups\/"]}]},{"@type":"ImageObject","inLanguage":"es","@id":"https:\/\/www.clubdelemprendimiento.com\/blog\/nuestros-emprendedores\/programa-de-aceleracion-de-startups\/#primaryimage","url":"https:\/\/www.clubdelemprendimiento.com\/blog\/wp-content\/uploads\/2022\/08\/pexels-canva-studio-3194521.jpg","contentUrl":"https:\/\/www.clubdelemprendimiento.com\/blog\/wp-content\/uploads\/2022\/08\/pexels-canva-studio-3194521.jpg","width":3960,"height":2640,"caption":"Programa de Aceleraci\u00f3n de Startups"},{"@type":"BreadcrumbList","@id":"https:\/\/www.clubdelemprendimiento.com\/blog\/nuestros-emprendedores\/programa-de-aceleracion-de-startups\/#breadcrumb","itemListElement":[{"@type":"ListItem","position":1,"name":"Home","item":"https:\/\/www.clubdelemprendimiento.com\/blog\/"},{"@type":"ListItem","position":2,"name":"Programa de Aceleraci\u00f3n de Startups"}]},{"@type":"WebSite","@id":"https:\/\/www.clubdelemprendimiento.com\/blog\/#website","url":"https:\/\/www.clubdelemprendimiento.com\/blog\/","name":"Blog Club del Emprendimiento","description":"","potentialAction":[{"@type":"SearchAction","target":{"@type":"EntryPoint","urlTemplate":"https:\/\/www.clubdelemprendimiento.com\/blog\/?s={search_term_string}"},"query-input":"required name=search_term_string"}],"inLanguage":"es"},{"@type":"Person","@id":"https:\/\/www.clubdelemprendimiento.com\/blog\/#\/schema\/person\/a82ce0fc1281064b1cab4855c351cea7","name":"Nerea Merino","image":{"@type":"ImageObject","inLanguage":"es","@id":"https:\/\/www.clubdelemprendimiento.com\/blog\/#\/schema\/person\/image\/","url":"https:\/\/secure.gravatar.com\/avatar\/3b1c906b7b4a65b22c04d52a020d4815?s=96&d=mm&r=g","contentUrl":"https:\/\/secure.gravatar.com\/avatar\/3b1c906b7b4a65b22c04d52a020d4815?s=96&d=mm&r=g","caption":"Nerea Merino"},"url":"https:\/\/www.clubdelemprendimiento.com\/blog\/author\/nerea\/"}]}},"_links":{"self":[{"href":"https:\/\/www.clubdelemprendimiento.com\/blog\/wp-json\/wp\/v2\/posts\/16058"}],"collection":[{"href":"https:\/\/www.clubdelemprendimiento.com\/blog\/wp-json\/wp\/v2\/posts"}],"about":[{"href":"https:\/\/www.clubdelemprendimiento.com\/blog\/wp-json\/wp\/v2\/types\/post"}],"author":[{"embeddable":true,"href":"https:\/\/www.clubdelemprendimiento.com\/blog\/wp-json\/wp\/v2\/users\/14"}],"replies":[{"embeddable":true,"href":"https:\/\/www.clubdelemprendimiento.com\/blog\/wp-json\/wp\/v2\/comments?post=16058"}],"version-history":[{"count":1,"href":"https:\/\/www.clubdelemprendimiento.com\/blog\/wp-json\/wp\/v2\/posts\/16058\/revisions"}],"predecessor-version":[{"id":16060,"href":"https:\/\/www.clubdelemprendimiento.com\/blog\/wp-json\/wp\/v2\/posts\/16058\/revisions\/16060"}],"wp:featuredmedia":[{"embeddable":true,"href":"https:\/\/www.clubdelemprendimiento.com\/blog\/wp-json\/wp\/v2\/media\/16059"}],"wp:attachment":[{"href":"https:\/\/www.clubdelemprendimiento.com\/blog\/wp-json\/wp\/v2\/media?parent=16058"}],"wp:term":[{"taxonomy":"category","embeddable":true,"href":"https:\/\/www.clubdelemprendimiento.com\/blog\/wp-json\/wp\/v2\/categories?post=16058"},{"taxonomy":"post_tag","embeddable":true,"href":"https:\/\/www.clubdelemprendimiento.com\/blog\/wp-json\/wp\/v2\/tags?post=16058"}],"curies":[{"name":"wp","href":"https:\/\/api.w.org\/{rel}","templated":true}]}}