{"id":16055,"date":"2022-08-05T09:37:41","date_gmt":"2022-08-05T09:37:41","guid":{"rendered":"https:\/\/www.clubdelemprendimiento.com\/blog\/?p=16055"},"modified":"2022-08-02T09:50:13","modified_gmt":"2022-08-02T09:50:13","slug":"nueva-convocatoria-de-kit-digital-a-partir-del-2-de-septiembre","status":"publish","type":"post","link":"https:\/\/www.clubdelemprendimiento.com\/blog\/pymes\/nueva-convocatoria-de-kit-digital-a-partir-del-2-de-septiembre\/","title":{"rendered":"Nueva convocatoria de kit digital a partir del 2 de septiembre"},"content":{"rendered":"<p><span style=\"font-weight: 400;\">El Gobierno public\u00f3 el pasado martes, 2 de agosto, en el Bolet\u00edn Oficial del Estado (BOE) la segunda convocatoria de ayudas del programa Kit Digital.<\/span><\/p>\n<p><span style=\"font-weight: 400;\">Esta segunda convocatoria est\u00e1 dotada con 500 millones de euros y destinada a<strong> peque\u00f1as y medianas empresas de entre 3 y 9 empleados<\/strong>, que podr\u00e1n solicitar bonos de 6.000 euros para su digitalizaci\u00f3n.<\/span><\/p>\n<p><span style=\"font-weight: 400;\"><strong>El plazo de solicitud estar\u00e1 abierto a partir del 2 de septiembre y se prolongar\u00e1 durante un a\u00f1o.<\/strong> Se podr\u00e1 realizar a trav\u00e9s de la sede electr\u00f3nica Red.es.<\/span><\/p>\n<p><span style=\"font-weight: 400;\">Los bonos digitales que se otorguen durante esta segunda convocatoria del programa tendr\u00e1n un importe de 6.000 euros para soluciones digitales. Entre ellas se encuentran: p\u00e1gina web y presencia en internet, gesti\u00f3n de redes sociales, comercio electr\u00f3nico; la gesti\u00f3n de clientes; servicios y herramientas de oficina virtual, inteligencia empresarial y anal\u00edtica, gesti\u00f3n de procesos, factura electr\u00f3nica, comunicaciones seguras, y ciberseguridad. Una de las novedades de esta segunda convocatoria es la incorporaci\u00f3n de dos nuevas categor\u00edas, que son presencia avanzada en internet y marketplace.<\/span><\/p>\n<h2><b>Proceso para solicitar kit digital<\/b><\/h2>\n<p><span style=\"font-weight: 400;\">Para facilitar que las empresas accedan a las ayudas de kit digital, <a href=\"http:\/\/red.es\/\" target=\"_blank\" rel=\"noopener\">Red.es<\/a> ha creado la figura del llamado \u2018representante voluntario\u2019. Es decir, que<strong> cualquier persona que est\u00e9 autorizada puede realizar la solicitud en nombre de la empresa.<\/strong><\/span><\/p>\n<p><span style=\"font-weight: 400;\">Adem\u00e1s, para agilizar el proceso y reducir la aportaci\u00f3n de documentaci\u00f3n ha dise\u00f1ado un sistema innovador que utiliza la robotizaci\u00f3n y la inteligencia artificial. De esta manera, bajo el lema \u201ccero papeles\u201d la solicitud es m\u00e1s sencilla y r\u00e1pida.<\/span><\/p>\n<h2><b>Agentes digitalizadores<\/b><\/h2>\n<p><span style=\"font-weight: 400;\">Red.es ha autorizado, por el momento, a m\u00e1s de 8.700 empresas como agentes digitalizadores. Son los \u00fanicos habilitados para ofrecer las soluciones.<\/span><\/p>\n<p><span style=\"font-weight: 400;\">Sin embargo, la cifra puede aumentar, ya que el plazo de adhesi\u00f3n continuar\u00e1 abierto durante toda la duraci\u00f3n del programa.<\/span><\/p>\n<p><span style=\"font-weight: 400;\">La primera convocatoria de ayudas del programa Kit Digital, que contin\u00faa abierta hasta el pr\u00f3ximo 15 de septiembre, ha recibido alrededor de 68.000 solicitudes.\u00a0 De todas ellas se han concedido cerca de 21.000 en cuatro meses.<\/span><\/p>\n<p><span style=\"font-weight: 400;\">\u00a0<\/span><\/p>\n","protected":false},"excerpt":{"rendered":"<p>El Gobierno public\u00f3 el pasado martes, 2 de agosto, en el Bolet\u00edn Oficial del&hellip;<\/p>\n","protected":false},"author":14,"featured_media":16056,"comment_status":"open","ping_status":"open","sticky":false,"template":"","format":"standard","meta":{"_acf_changed":false,"footnotes":""},"categories":[256],"tags":[],"acf":[],"yoast_head":"<!-- This site is optimized with the Yoast SEO plugin v22.7 - https:\/\/yoast.com\/wordpress\/plugins\/seo\/ -->\n<title>Nueva convocatoria de kit digital: plazo y caracter\u00edsticas<\/title>\n<meta name=\"description\" content=\"La nueva convocatoria de kit digital abre su plazo a partir del 2 de septiembre y podr\u00e1 solicitarse durante 12 meses. Sus caracter\u00edsticas, a continuaci\u00f3n.\" \/>\n<meta name=\"robots\" content=\"index, follow, max-snippet:-1, max-image-preview:large, max-video-preview:-1\" \/>\n<link rel=\"canonical\" href=\"https:\/\/www.clubdelemprendimiento.com\/blog\/pymes\/nueva-convocatoria-de-kit-digital-a-partir-del-2-de-septiembre\/\" \/>\n<meta property=\"og:locale\" content=\"es_ES\" \/>\n<meta property=\"og:type\" content=\"article\" \/>\n<meta property=\"og:title\" content=\"Nueva convocatoria de kit digital: plazo y caracter\u00edsticas\" \/>\n<meta property=\"og:description\" content=\"La nueva convocatoria de kit digital abre su plazo a partir del 2 de septiembre y podr\u00e1 solicitarse durante 12 meses. Sus caracter\u00edsticas, a continuaci\u00f3n.\" \/>\n<meta property=\"og:url\" content=\"https:\/\/www.clubdelemprendimiento.com\/blog\/pymes\/nueva-convocatoria-de-kit-digital-a-partir-del-2-de-septiembre\/\" \/>\n<meta property=\"og:site_name\" content=\"Blog Club del Emprendimiento\" \/>\n<meta property=\"article:published_time\" content=\"2022-08-05T09:37:41+00:00\" \/>\n<meta property=\"article:modified_time\" content=\"2022-08-02T09:50:13+00:00\" \/>\n<meta property=\"og:image\" content=\"https:\/\/www.clubdelemprendimiento.com\/blog\/wp-content\/uploads\/2022\/08\/pexels-david-mceachan-90333.jpg\" \/>\n\t<meta property=\"og:image:width\" content=\"3644\" \/>\n\t<meta property=\"og:image:height\" content=\"2439\" \/>\n\t<meta property=\"og:image:type\" content=\"image\/jpeg\" \/>\n<meta name=\"author\" content=\"Nerea Merino\" \/>\n<meta name=\"twitter:card\" content=\"summary_large_image\" \/>\n<meta name=\"twitter:label1\" content=\"Escrito por\" \/>\n\t<meta name=\"twitter:data1\" content=\"Nerea Merino\" \/>\n\t<meta name=\"twitter:label2\" content=\"Tiempo de lectura\" \/>\n\t<meta name=\"twitter:data2\" content=\"2 minutos\" \/>\n<script type=\"application\/ld+json\" class=\"yoast-schema-graph\">{\"@context\":\"https:\/\/schema.org\",\"@graph\":[{\"@type\":\"WebPage\",\"@id\":\"https:\/\/www.clubdelemprendimiento.com\/blog\/pymes\/nueva-convocatoria-de-kit-digital-a-partir-del-2-de-septiembre\/\",\"url\":\"https:\/\/www.clubdelemprendimiento.com\/blog\/pymes\/nueva-convocatoria-de-kit-digital-a-partir-del-2-de-septiembre\/\",\"name\":\"Nueva convocatoria de kit digital: plazo y caracter\u00edsticas\",\"isPartOf\":{\"@id\":\"https:\/\/www.clubdelemprendimiento.com\/blog\/#website\"},\"primaryImageOfPage\":{\"@id\":\"https:\/\/www.clubdelemprendimiento.com\/blog\/pymes\/nueva-convocatoria-de-kit-digital-a-partir-del-2-de-septiembre\/#primaryimage\"},\"image\":{\"@id\":\"https:\/\/www.clubdelemprendimiento.com\/blog\/pymes\/nueva-convocatoria-de-kit-digital-a-partir-del-2-de-septiembre\/#primaryimage\"},\"thumbnailUrl\":\"https:\/\/www.clubdelemprendimiento.com\/blog\/wp-content\/uploads\/2022\/08\/pexels-david-mceachan-90333.jpg\",\"datePublished\":\"2022-08-05T09:37:41+00:00\",\"dateModified\":\"2022-08-02T09:50:13+00:00\",\"author\":{\"@id\":\"https:\/\/www.clubdelemprendimiento.com\/blog\/#\/schema\/person\/a82ce0fc1281064b1cab4855c351cea7\"},\"description\":\"La nueva convocatoria de kit digital abre su plazo a partir del 2 de septiembre y podr\u00e1 solicitarse durante 12 meses. Sus caracter\u00edsticas, a continuaci\u00f3n.\",\"breadcrumb\":{\"@id\":\"https:\/\/www.clubdelemprendimiento.com\/blog\/pymes\/nueva-convocatoria-de-kit-digital-a-partir-del-2-de-septiembre\/#breadcrumb\"},\"inLanguage\":\"es\",\"potentialAction\":[{\"@type\":\"ReadAction\",\"target\":[\"https:\/\/www.clubdelemprendimiento.com\/blog\/pymes\/nueva-convocatoria-de-kit-digital-a-partir-del-2-de-septiembre\/\"]}]},{\"@type\":\"ImageObject\",\"inLanguage\":\"es\",\"@id\":\"https:\/\/www.clubdelemprendimiento.com\/blog\/pymes\/nueva-convocatoria-de-kit-digital-a-partir-del-2-de-septiembre\/#primaryimage\",\"url\":\"https:\/\/www.clubdelemprendimiento.com\/blog\/wp-content\/uploads\/2022\/08\/pexels-david-mceachan-90333.jpg\",\"contentUrl\":\"https:\/\/www.clubdelemprendimiento.com\/blog\/wp-content\/uploads\/2022\/08\/pexels-david-mceachan-90333.jpg\",\"width\":3644,\"height\":2439,\"caption\":\"nueva convocatoria de kit digital\"},{\"@type\":\"BreadcrumbList\",\"@id\":\"https:\/\/www.clubdelemprendimiento.com\/blog\/pymes\/nueva-convocatoria-de-kit-digital-a-partir-del-2-de-septiembre\/#breadcrumb\",\"itemListElement\":[{\"@type\":\"ListItem\",\"position\":1,\"name\":\"Home\",\"item\":\"https:\/\/www.clubdelemprendimiento.com\/blog\/\"},{\"@type\":\"ListItem\",\"position\":2,\"name\":\"Nueva convocatoria de kit digital a partir del 2 de septiembre\"}]},{\"@type\":\"WebSite\",\"@id\":\"https:\/\/www.clubdelemprendimiento.com\/blog\/#website\",\"url\":\"https:\/\/www.clubdelemprendimiento.com\/blog\/\",\"name\":\"Blog Club del Emprendimiento\",\"description\":\"\",\"potentialAction\":[{\"@type\":\"SearchAction\",\"target\":{\"@type\":\"EntryPoint\",\"urlTemplate\":\"https:\/\/www.clubdelemprendimiento.com\/blog\/?s={search_term_string}\"},\"query-input\":\"required name=search_term_string\"}],\"inLanguage\":\"es\"},{\"@type\":\"Person\",\"@id\":\"https:\/\/www.clubdelemprendimiento.com\/blog\/#\/schema\/person\/a82ce0fc1281064b1cab4855c351cea7\",\"name\":\"Nerea Merino\",\"image\":{\"@type\":\"ImageObject\",\"inLanguage\":\"es\",\"@id\":\"https:\/\/www.clubdelemprendimiento.com\/blog\/#\/schema\/person\/image\/\",\"url\":\"https:\/\/secure.gravatar.com\/avatar\/3b1c906b7b4a65b22c04d52a020d4815?s=96&d=mm&r=g\",\"contentUrl\":\"https:\/\/secure.gravatar.com\/avatar\/3b1c906b7b4a65b22c04d52a020d4815?s=96&d=mm&r=g\",\"caption\":\"Nerea Merino\"},\"url\":\"https:\/\/www.clubdelemprendimiento.com\/blog\/author\/nerea\/\"}]}<\/script>\n<!-- \/ Yoast SEO plugin. -->","yoast_head_json":{"title":"Nueva convocatoria de kit digital: plazo y caracter\u00edsticas","description":"La nueva convocatoria de kit digital abre su plazo a partir del 2 de septiembre y podr\u00e1 solicitarse durante 12 meses. Sus caracter\u00edsticas, a continuaci\u00f3n.","robots":{"index":"index","follow":"follow","max-snippet":"max-snippet:-1","max-image-preview":"max-image-preview:large","max-video-preview":"max-video-preview:-1"},"canonical":"https:\/\/www.clubdelemprendimiento.com\/blog\/pymes\/nueva-convocatoria-de-kit-digital-a-partir-del-2-de-septiembre\/","og_locale":"es_ES","og_type":"article","og_title":"Nueva convocatoria de kit digital: plazo y caracter\u00edsticas","og_description":"La nueva convocatoria de kit digital abre su plazo a partir del 2 de septiembre y podr\u00e1 solicitarse durante 12 meses. Sus caracter\u00edsticas, a continuaci\u00f3n.","og_url":"https:\/\/www.clubdelemprendimiento.com\/blog\/pymes\/nueva-convocatoria-de-kit-digital-a-partir-del-2-de-septiembre\/","og_site_name":"Blog Club del Emprendimiento","article_published_time":"2022-08-05T09:37:41+00:00","article_modified_time":"2022-08-02T09:50:13+00:00","og_image":[{"width":3644,"height":2439,"url":"https:\/\/www.clubdelemprendimiento.com\/blog\/wp-content\/uploads\/2022\/08\/pexels-david-mceachan-90333.jpg","type":"image\/jpeg"}],"author":"Nerea Merino","twitter_card":"summary_large_image","twitter_misc":{"Escrito por":"Nerea Merino","Tiempo de lectura":"2 minutos"},"schema":{"@context":"https:\/\/schema.org","@graph":[{"@type":"WebPage","@id":"https:\/\/www.clubdelemprendimiento.com\/blog\/pymes\/nueva-convocatoria-de-kit-digital-a-partir-del-2-de-septiembre\/","url":"https:\/\/www.clubdelemprendimiento.com\/blog\/pymes\/nueva-convocatoria-de-kit-digital-a-partir-del-2-de-septiembre\/","name":"Nueva convocatoria de kit digital: plazo y caracter\u00edsticas","isPartOf":{"@id":"https:\/\/www.clubdelemprendimiento.com\/blog\/#website"},"primaryImageOfPage":{"@id":"https:\/\/www.clubdelemprendimiento.com\/blog\/pymes\/nueva-convocatoria-de-kit-digital-a-partir-del-2-de-septiembre\/#primaryimage"},"image":{"@id":"https:\/\/www.clubdelemprendimiento.com\/blog\/pymes\/nueva-convocatoria-de-kit-digital-a-partir-del-2-de-septiembre\/#primaryimage"},"thumbnailUrl":"https:\/\/www.clubdelemprendimiento.com\/blog\/wp-content\/uploads\/2022\/08\/pexels-david-mceachan-90333.jpg","datePublished":"2022-08-05T09:37:41+00:00","dateModified":"2022-08-02T09:50:13+00:00","author":{"@id":"https:\/\/www.clubdelemprendimiento.com\/blog\/#\/schema\/person\/a82ce0fc1281064b1cab4855c351cea7"},"description":"La nueva convocatoria de kit digital abre su plazo a partir del 2 de septiembre y podr\u00e1 solicitarse durante 12 meses. Sus caracter\u00edsticas, a continuaci\u00f3n.","breadcrumb":{"@id":"https:\/\/www.clubdelemprendimiento.com\/blog\/pymes\/nueva-convocatoria-de-kit-digital-a-partir-del-2-de-septiembre\/#breadcrumb"},"inLanguage":"es","potentialAction":[{"@type":"ReadAction","target":["https:\/\/www.clubdelemprendimiento.com\/blog\/pymes\/nueva-convocatoria-de-kit-digital-a-partir-del-2-de-septiembre\/"]}]},{"@type":"ImageObject","inLanguage":"es","@id":"https:\/\/www.clubdelemprendimiento.com\/blog\/pymes\/nueva-convocatoria-de-kit-digital-a-partir-del-2-de-septiembre\/#primaryimage","url":"https:\/\/www.clubdelemprendimiento.com\/blog\/wp-content\/uploads\/2022\/08\/pexels-david-mceachan-90333.jpg","contentUrl":"https:\/\/www.clubdelemprendimiento.com\/blog\/wp-content\/uploads\/2022\/08\/pexels-david-mceachan-90333.jpg","width":3644,"height":2439,"caption":"nueva convocatoria de kit digital"},{"@type":"BreadcrumbList","@id":"https:\/\/www.clubdelemprendimiento.com\/blog\/pymes\/nueva-convocatoria-de-kit-digital-a-partir-del-2-de-septiembre\/#breadcrumb","itemListElement":[{"@type":"ListItem","position":1,"name":"Home","item":"https:\/\/www.clubdelemprendimiento.com\/blog\/"},{"@type":"ListItem","position":2,"name":"Nueva convocatoria de kit digital a partir del 2 de septiembre"}]},{"@type":"WebSite","@id":"https:\/\/www.clubdelemprendimiento.com\/blog\/#website","url":"https:\/\/www.clubdelemprendimiento.com\/blog\/","name":"Blog Club del Emprendimiento","description":"","potentialAction":[{"@type":"SearchAction","target":{"@type":"EntryPoint","urlTemplate":"https:\/\/www.clubdelemprendimiento.com\/blog\/?s={search_term_string}"},"query-input":"required name=search_term_string"}],"inLanguage":"es"},{"@type":"Person","@id":"https:\/\/www.clubdelemprendimiento.com\/blog\/#\/schema\/person\/a82ce0fc1281064b1cab4855c351cea7","name":"Nerea Merino","image":{"@type":"ImageObject","inLanguage":"es","@id":"https:\/\/www.clubdelemprendimiento.com\/blog\/#\/schema\/person\/image\/","url":"https:\/\/secure.gravatar.com\/avatar\/3b1c906b7b4a65b22c04d52a020d4815?s=96&d=mm&r=g","contentUrl":"https:\/\/secure.gravatar.com\/avatar\/3b1c906b7b4a65b22c04d52a020d4815?s=96&d=mm&r=g","caption":"Nerea Merino"},"url":"https:\/\/www.clubdelemprendimiento.com\/blog\/author\/nerea\/"}]}},"_links":{"self":[{"href":"https:\/\/www.clubdelemprendimiento.com\/blog\/wp-json\/wp\/v2\/posts\/16055"}],"collection":[{"href":"https:\/\/www.clubdelemprendimiento.com\/blog\/wp-json\/wp\/v2\/posts"}],"about":[{"href":"https:\/\/www.clubdelemprendimiento.com\/blog\/wp-json\/wp\/v2\/types\/post"}],"author":[{"embeddable":true,"href":"https:\/\/www.clubdelemprendimiento.com\/blog\/wp-json\/wp\/v2\/users\/14"}],"replies":[{"embeddable":true,"href":"https:\/\/www.clubdelemprendimiento.com\/blog\/wp-json\/wp\/v2\/comments?post=16055"}],"version-history":[{"count":1,"href":"https:\/\/www.clubdelemprendimiento.com\/blog\/wp-json\/wp\/v2\/posts\/16055\/revisions"}],"predecessor-version":[{"id":16057,"href":"https:\/\/www.clubdelemprendimiento.com\/blog\/wp-json\/wp\/v2\/posts\/16055\/revisions\/16057"}],"wp:featuredmedia":[{"embeddable":true,"href":"https:\/\/www.clubdelemprendimiento.com\/blog\/wp-json\/wp\/v2\/media\/16056"}],"wp:attachment":[{"href":"https:\/\/www.clubdelemprendimiento.com\/blog\/wp-json\/wp\/v2\/media?parent=16055"}],"wp:term":[{"taxonomy":"category","embeddable":true,"href":"https:\/\/www.clubdelemprendimiento.com\/blog\/wp-json\/wp\/v2\/categories?post=16055"},{"taxonomy":"post_tag","embeddable":true,"href":"https:\/\/www.clubdelemprendimiento.com\/blog\/wp-json\/wp\/v2\/tags?post=16055"}],"curies":[{"name":"wp","href":"https:\/\/api.w.org\/{rel}","templated":true}]}}