{"id":16025,"date":"2022-07-18T13:45:40","date_gmt":"2022-07-18T13:45:40","guid":{"rendered":"https:\/\/www.clubdelemprendimiento.com\/blog\/?p=16025"},"modified":"2022-07-04T13:55:32","modified_gmt":"2022-07-04T13:55:32","slug":"incrementa-en-un-02-el-numero-de-autonomos","status":"publish","type":"post","link":"https:\/\/www.clubdelemprendimiento.com\/blog\/autonomos\/incrementa-en-un-02-el-numero-de-autonomos\/","title":{"rendered":"Incrementa en un 0,2% el n\u00famero de aut\u00f3nomos"},"content":{"rendered":"<p><span style=\"font-weight: 400;\">En el mes de junio, seg\u00fan los datos publicados <\/span><span style=\"font-weight: 400;\">por el <a href=\"https:\/\/www.google.com\/url?sa=t&amp;rct=j&amp;q=&amp;esrc=s&amp;source=web&amp;cd=&amp;cad=rja&amp;uact=8&amp;ved=2ahUKEwiy5tiOsN_4AhXsgM4BHZXuDIMQFnoECAUQAQ&amp;url=https%3A%2F%2Fwww.inclusion.gob.es%2F&amp;usg=AOvVaw1UWl34YLwf-0k-DGnc13Eu\" target=\"_blank\" rel=\"noopener\">Ministerio de Inclusi\u00f3n, Seguridad Social y Migraciones<\/a><\/span><span style=\"font-weight: 400;\">, la RETA ha sumado 8.006 aut\u00f3nomos, lo que supone un <strong>incremento del 0,2%. A pesar de haber sufrido un peque\u00f1o incremento, la cifra es la m\u00e1s baja de los 10 \u00faltimos a\u00f1os.<\/strong><\/span><\/p>\n<p><span style=\"font-weight: 400;\">Como ha declarado el presidente de ATA, Lorenzo Amor, \u201c<\/span><i><span style=\"font-weight: 400;\">de media el crecimiento ha sido de 22.000 aut\u00f3nomos, que es pr\u00e1cticamente la mitad de lo que han venido creciendo los aut\u00f3nomos en los \u00faltimos 10 a\u00f1os.\u00a0 Es evidente que, al tejido empresarial, que a los aut\u00f3nomos sobre todo le est\u00e1 pasando una factura importante la situaci\u00f3n econ\u00f3mica<\/span><\/i><span style=\"font-weight: 400;\">\u201d.<\/span><\/p>\n<h2><b>N\u00famero de aut\u00f3nomos por comunidades aut\u00f3nomas<\/b><\/h2>\n<p><span style=\"font-weight: 400;\">De las 17 comunidades aut\u00f3nomas que tiene Espa\u00f1a, todas ellas han sumado aut\u00f3nomos en el mes de junio, <strong>excepto La Rioja, Navarra que los han perdido y Ceuta que se ha mantenido con la misma cantidad.<\/strong><\/span><\/p>\n<p><span style=\"font-weight: 400;\">En las Islas Baleares es donde mayor incremento de n\u00famero de aut\u00f3nomos ha habido (1,5%). Seguida de Andaluc\u00eda (0,3%), lo que supone 1455 y 1488 aut\u00f3nomos m\u00e1s respectivamente.<\/span><\/p>\n<p><span style=\"font-weight: 400;\">Las que menos crecimiento han tenido son Asturias, con tan solo 46 aut\u00f3nomos m\u00e1s; Cantabria con 116 y Murcia con 122.<\/span><\/p>\n<p><span style=\"font-weight: 400;\">Aunque se espera tambi\u00e9n crecimiento en julio, Lorenzo Amor se muestra precavido \u201c<\/span><i><span style=\"font-weight: 400;\">Es verdad que junio es un buen mes, que julio tambi\u00e9n tendr\u00e1 crecimiento, pero estamos muy preocupados por lo que pueda venir en oto\u00f1o a partir del mes de septiembre, donde, desgraciadamente, si no cambia la situaci\u00f3n socioecon\u00f3mica que estamos viviendo en Espa\u00f1a, aunque tambi\u00e9n en el entorno europeo, va a ser complicado mantener los empleos que se est\u00e1n creando en estos momentos y, desde luego, respecto a los datos de empleo somos pesimistas respecto a lo que pueda ocurrir en los pr\u00f3ximos meses<\/span><\/i><span style=\"font-weight: 400;\">\u201d.<\/span><\/p>\n<h2><b>Se reduce el paro<\/b><\/h2>\n<p><span style=\"font-weight: 400;\">Podemos destacar que la cifra del paro tambi\u00e9n se ha reducido en este \u00faltimo mes. Sin embargo, sucede lo mismo que con los trabajadores aut\u00f3nomos. <strong>Aunque la reducci\u00f3n es positiva es la peor cifra desde 2008, evidentemente sin contar el a\u00f1o de la pandemia (2020).<\/strong><\/span><\/p>\n<p><i><span style=\"font-weight: 400;\">\u201cLos datos del mes de junio de afiliaci\u00f3n y paro son unos datos que a primera vista parecen positivos. Ahora bien, esconden detr\u00e1s una fuerte desaceleraci\u00f3n en el ritmo de creaci\u00f3n de empleo y tambi\u00e9n en cuanto a la bajada del paro\u201d.<\/span><\/i><\/p>\n<p>&nbsp;<\/p>\n","protected":false},"excerpt":{"rendered":"<p>En el mes de junio, seg\u00fan los datos publicados por el Ministerio de Inclusi\u00f3n,&hellip;<\/p>\n","protected":false},"author":14,"featured_media":16026,"comment_status":"open","ping_status":"open","sticky":false,"template":"","format":"standard","meta":{"_acf_changed":false,"footnotes":""},"categories":[255],"tags":[],"acf":[],"yoast_head":"<!-- This site is optimized with the Yoast SEO plugin v22.7 - https:\/\/yoast.com\/wordpress\/plugins\/seo\/ -->\n<title>Crece el n\u00famero de aut\u00f3nomos pero es la peor cifra de hace a\u00f1os<\/title>\n<meta name=\"description\" content=\"Incrementa en un 0,2% el n\u00famero de aut\u00f3nomos pero la cifra es mala comparado con otros a\u00f1os. Lo mismo sucede con el paro. Accede a m\u00e1s informaci\u00f3n &gt;&gt;\" \/>\n<meta name=\"robots\" content=\"index, follow, max-snippet:-1, max-image-preview:large, max-video-preview:-1\" \/>\n<link rel=\"canonical\" href=\"https:\/\/www.clubdelemprendimiento.com\/blog\/autonomos\/incrementa-en-un-02-el-numero-de-autonomos\/\" \/>\n<meta property=\"og:locale\" content=\"es_ES\" \/>\n<meta property=\"og:type\" content=\"article\" \/>\n<meta property=\"og:title\" content=\"Crece el n\u00famero de aut\u00f3nomos pero es la peor cifra de hace a\u00f1os\" \/>\n<meta property=\"og:description\" content=\"Incrementa en un 0,2% el n\u00famero de aut\u00f3nomos pero la cifra es mala comparado con otros a\u00f1os. Lo mismo sucede con el paro. Accede a m\u00e1s informaci\u00f3n &gt;&gt;\" \/>\n<meta property=\"og:url\" content=\"https:\/\/www.clubdelemprendimiento.com\/blog\/autonomos\/incrementa-en-un-02-el-numero-de-autonomos\/\" \/>\n<meta property=\"og:site_name\" content=\"Blog Club del Emprendimiento\" \/>\n<meta property=\"article:published_time\" content=\"2022-07-18T13:45:40+00:00\" \/>\n<meta property=\"article:modified_time\" content=\"2022-07-04T13:55:32+00:00\" \/>\n<meta property=\"og:image\" content=\"https:\/\/www.clubdelemprendimiento.com\/blog\/wp-content\/uploads\/2022\/07\/pexels-ivan-samkov-4240571-1030x687.jpg\" \/>\n\t<meta property=\"og:image:width\" content=\"1030\" \/>\n\t<meta property=\"og:image:height\" content=\"687\" \/>\n\t<meta property=\"og:image:type\" content=\"image\/jpeg\" \/>\n<meta name=\"author\" content=\"Nerea Merino\" \/>\n<meta name=\"twitter:card\" content=\"summary_large_image\" \/>\n<meta name=\"twitter:label1\" content=\"Escrito por\" \/>\n\t<meta name=\"twitter:data1\" content=\"Nerea Merino\" \/>\n\t<meta name=\"twitter:label2\" content=\"Tiempo de lectura\" \/>\n\t<meta name=\"twitter:data2\" content=\"2 minutos\" \/>\n<script type=\"application\/ld+json\" class=\"yoast-schema-graph\">{\"@context\":\"https:\/\/schema.org\",\"@graph\":[{\"@type\":\"WebPage\",\"@id\":\"https:\/\/www.clubdelemprendimiento.com\/blog\/autonomos\/incrementa-en-un-02-el-numero-de-autonomos\/\",\"url\":\"https:\/\/www.clubdelemprendimiento.com\/blog\/autonomos\/incrementa-en-un-02-el-numero-de-autonomos\/\",\"name\":\"Crece el n\u00famero de aut\u00f3nomos pero es la peor cifra de hace a\u00f1os\",\"isPartOf\":{\"@id\":\"https:\/\/www.clubdelemprendimiento.com\/blog\/#website\"},\"primaryImageOfPage\":{\"@id\":\"https:\/\/www.clubdelemprendimiento.com\/blog\/autonomos\/incrementa-en-un-02-el-numero-de-autonomos\/#primaryimage\"},\"image\":{\"@id\":\"https:\/\/www.clubdelemprendimiento.com\/blog\/autonomos\/incrementa-en-un-02-el-numero-de-autonomos\/#primaryimage\"},\"thumbnailUrl\":\"https:\/\/www.clubdelemprendimiento.com\/blog\/wp-content\/uploads\/2022\/07\/pexels-ivan-samkov-4240571.jpg\",\"datePublished\":\"2022-07-18T13:45:40+00:00\",\"dateModified\":\"2022-07-04T13:55:32+00:00\",\"author\":{\"@id\":\"https:\/\/www.clubdelemprendimiento.com\/blog\/#\/schema\/person\/a82ce0fc1281064b1cab4855c351cea7\"},\"description\":\"Incrementa en un 0,2% el n\u00famero de aut\u00f3nomos pero la cifra es mala comparado con otros a\u00f1os. Lo mismo sucede con el paro. Accede a m\u00e1s informaci\u00f3n >>\",\"breadcrumb\":{\"@id\":\"https:\/\/www.clubdelemprendimiento.com\/blog\/autonomos\/incrementa-en-un-02-el-numero-de-autonomos\/#breadcrumb\"},\"inLanguage\":\"es\",\"potentialAction\":[{\"@type\":\"ReadAction\",\"target\":[\"https:\/\/www.clubdelemprendimiento.com\/blog\/autonomos\/incrementa-en-un-02-el-numero-de-autonomos\/\"]}]},{\"@type\":\"ImageObject\",\"inLanguage\":\"es\",\"@id\":\"https:\/\/www.clubdelemprendimiento.com\/blog\/autonomos\/incrementa-en-un-02-el-numero-de-autonomos\/#primaryimage\",\"url\":\"https:\/\/www.clubdelemprendimiento.com\/blog\/wp-content\/uploads\/2022\/07\/pexels-ivan-samkov-4240571.jpg\",\"contentUrl\":\"https:\/\/www.clubdelemprendimiento.com\/blog\/wp-content\/uploads\/2022\/07\/pexels-ivan-samkov-4240571.jpg\",\"width\":6240,\"height\":4160},{\"@type\":\"BreadcrumbList\",\"@id\":\"https:\/\/www.clubdelemprendimiento.com\/blog\/autonomos\/incrementa-en-un-02-el-numero-de-autonomos\/#breadcrumb\",\"itemListElement\":[{\"@type\":\"ListItem\",\"position\":1,\"name\":\"Home\",\"item\":\"https:\/\/www.clubdelemprendimiento.com\/blog\/\"},{\"@type\":\"ListItem\",\"position\":2,\"name\":\"Incrementa en un 0,2% el n\u00famero de aut\u00f3nomos\"}]},{\"@type\":\"WebSite\",\"@id\":\"https:\/\/www.clubdelemprendimiento.com\/blog\/#website\",\"url\":\"https:\/\/www.clubdelemprendimiento.com\/blog\/\",\"name\":\"Blog Club del Emprendimiento\",\"description\":\"\",\"potentialAction\":[{\"@type\":\"SearchAction\",\"target\":{\"@type\":\"EntryPoint\",\"urlTemplate\":\"https:\/\/www.clubdelemprendimiento.com\/blog\/?s={search_term_string}\"},\"query-input\":\"required name=search_term_string\"}],\"inLanguage\":\"es\"},{\"@type\":\"Person\",\"@id\":\"https:\/\/www.clubdelemprendimiento.com\/blog\/#\/schema\/person\/a82ce0fc1281064b1cab4855c351cea7\",\"name\":\"Nerea Merino\",\"image\":{\"@type\":\"ImageObject\",\"inLanguage\":\"es\",\"@id\":\"https:\/\/www.clubdelemprendimiento.com\/blog\/#\/schema\/person\/image\/\",\"url\":\"https:\/\/secure.gravatar.com\/avatar\/3b1c906b7b4a65b22c04d52a020d4815?s=96&d=mm&r=g\",\"contentUrl\":\"https:\/\/secure.gravatar.com\/avatar\/3b1c906b7b4a65b22c04d52a020d4815?s=96&d=mm&r=g\",\"caption\":\"Nerea Merino\"},\"url\":\"https:\/\/www.clubdelemprendimiento.com\/blog\/author\/nerea\/\"}]}<\/script>\n<!-- \/ Yoast SEO plugin. -->","yoast_head_json":{"title":"Crece el n\u00famero de aut\u00f3nomos pero es la peor cifra de hace a\u00f1os","description":"Incrementa en un 0,2% el n\u00famero de aut\u00f3nomos pero la cifra es mala comparado con otros a\u00f1os. Lo mismo sucede con el paro. Accede a m\u00e1s informaci\u00f3n >>","robots":{"index":"index","follow":"follow","max-snippet":"max-snippet:-1","max-image-preview":"max-image-preview:large","max-video-preview":"max-video-preview:-1"},"canonical":"https:\/\/www.clubdelemprendimiento.com\/blog\/autonomos\/incrementa-en-un-02-el-numero-de-autonomos\/","og_locale":"es_ES","og_type":"article","og_title":"Crece el n\u00famero de aut\u00f3nomos pero es la peor cifra de hace a\u00f1os","og_description":"Incrementa en un 0,2% el n\u00famero de aut\u00f3nomos pero la cifra es mala comparado con otros a\u00f1os. Lo mismo sucede con el paro. Accede a m\u00e1s informaci\u00f3n >>","og_url":"https:\/\/www.clubdelemprendimiento.com\/blog\/autonomos\/incrementa-en-un-02-el-numero-de-autonomos\/","og_site_name":"Blog Club del Emprendimiento","article_published_time":"2022-07-18T13:45:40+00:00","article_modified_time":"2022-07-04T13:55:32+00:00","og_image":[{"width":1030,"height":687,"url":"https:\/\/www.clubdelemprendimiento.com\/blog\/wp-content\/uploads\/2022\/07\/pexels-ivan-samkov-4240571-1030x687.jpg","type":"image\/jpeg"}],"author":"Nerea Merino","twitter_card":"summary_large_image","twitter_misc":{"Escrito por":"Nerea Merino","Tiempo de lectura":"2 minutos"},"schema":{"@context":"https:\/\/schema.org","@graph":[{"@type":"WebPage","@id":"https:\/\/www.clubdelemprendimiento.com\/blog\/autonomos\/incrementa-en-un-02-el-numero-de-autonomos\/","url":"https:\/\/www.clubdelemprendimiento.com\/blog\/autonomos\/incrementa-en-un-02-el-numero-de-autonomos\/","name":"Crece el n\u00famero de aut\u00f3nomos pero es la peor cifra de hace a\u00f1os","isPartOf":{"@id":"https:\/\/www.clubdelemprendimiento.com\/blog\/#website"},"primaryImageOfPage":{"@id":"https:\/\/www.clubdelemprendimiento.com\/blog\/autonomos\/incrementa-en-un-02-el-numero-de-autonomos\/#primaryimage"},"image":{"@id":"https:\/\/www.clubdelemprendimiento.com\/blog\/autonomos\/incrementa-en-un-02-el-numero-de-autonomos\/#primaryimage"},"thumbnailUrl":"https:\/\/www.clubdelemprendimiento.com\/blog\/wp-content\/uploads\/2022\/07\/pexels-ivan-samkov-4240571.jpg","datePublished":"2022-07-18T13:45:40+00:00","dateModified":"2022-07-04T13:55:32+00:00","author":{"@id":"https:\/\/www.clubdelemprendimiento.com\/blog\/#\/schema\/person\/a82ce0fc1281064b1cab4855c351cea7"},"description":"Incrementa en un 0,2% el n\u00famero de aut\u00f3nomos pero la cifra es mala comparado con otros a\u00f1os. Lo mismo sucede con el paro. Accede a m\u00e1s informaci\u00f3n >>","breadcrumb":{"@id":"https:\/\/www.clubdelemprendimiento.com\/blog\/autonomos\/incrementa-en-un-02-el-numero-de-autonomos\/#breadcrumb"},"inLanguage":"es","potentialAction":[{"@type":"ReadAction","target":["https:\/\/www.clubdelemprendimiento.com\/blog\/autonomos\/incrementa-en-un-02-el-numero-de-autonomos\/"]}]},{"@type":"ImageObject","inLanguage":"es","@id":"https:\/\/www.clubdelemprendimiento.com\/blog\/autonomos\/incrementa-en-un-02-el-numero-de-autonomos\/#primaryimage","url":"https:\/\/www.clubdelemprendimiento.com\/blog\/wp-content\/uploads\/2022\/07\/pexels-ivan-samkov-4240571.jpg","contentUrl":"https:\/\/www.clubdelemprendimiento.com\/blog\/wp-content\/uploads\/2022\/07\/pexels-ivan-samkov-4240571.jpg","width":6240,"height":4160},{"@type":"BreadcrumbList","@id":"https:\/\/www.clubdelemprendimiento.com\/blog\/autonomos\/incrementa-en-un-02-el-numero-de-autonomos\/#breadcrumb","itemListElement":[{"@type":"ListItem","position":1,"name":"Home","item":"https:\/\/www.clubdelemprendimiento.com\/blog\/"},{"@type":"ListItem","position":2,"name":"Incrementa en un 0,2% el n\u00famero de aut\u00f3nomos"}]},{"@type":"WebSite","@id":"https:\/\/www.clubdelemprendimiento.com\/blog\/#website","url":"https:\/\/www.clubdelemprendimiento.com\/blog\/","name":"Blog Club del Emprendimiento","description":"","potentialAction":[{"@type":"SearchAction","target":{"@type":"EntryPoint","urlTemplate":"https:\/\/www.clubdelemprendimiento.com\/blog\/?s={search_term_string}"},"query-input":"required name=search_term_string"}],"inLanguage":"es"},{"@type":"Person","@id":"https:\/\/www.clubdelemprendimiento.com\/blog\/#\/schema\/person\/a82ce0fc1281064b1cab4855c351cea7","name":"Nerea Merino","image":{"@type":"ImageObject","inLanguage":"es","@id":"https:\/\/www.clubdelemprendimiento.com\/blog\/#\/schema\/person\/image\/","url":"https:\/\/secure.gravatar.com\/avatar\/3b1c906b7b4a65b22c04d52a020d4815?s=96&d=mm&r=g","contentUrl":"https:\/\/secure.gravatar.com\/avatar\/3b1c906b7b4a65b22c04d52a020d4815?s=96&d=mm&r=g","caption":"Nerea Merino"},"url":"https:\/\/www.clubdelemprendimiento.com\/blog\/author\/nerea\/"}]}},"_links":{"self":[{"href":"https:\/\/www.clubdelemprendimiento.com\/blog\/wp-json\/wp\/v2\/posts\/16025"}],"collection":[{"href":"https:\/\/www.clubdelemprendimiento.com\/blog\/wp-json\/wp\/v2\/posts"}],"about":[{"href":"https:\/\/www.clubdelemprendimiento.com\/blog\/wp-json\/wp\/v2\/types\/post"}],"author":[{"embeddable":true,"href":"https:\/\/www.clubdelemprendimiento.com\/blog\/wp-json\/wp\/v2\/users\/14"}],"replies":[{"embeddable":true,"href":"https:\/\/www.clubdelemprendimiento.com\/blog\/wp-json\/wp\/v2\/comments?post=16025"}],"version-history":[{"count":1,"href":"https:\/\/www.clubdelemprendimiento.com\/blog\/wp-json\/wp\/v2\/posts\/16025\/revisions"}],"predecessor-version":[{"id":16027,"href":"https:\/\/www.clubdelemprendimiento.com\/blog\/wp-json\/wp\/v2\/posts\/16025\/revisions\/16027"}],"wp:featuredmedia":[{"embeddable":true,"href":"https:\/\/www.clubdelemprendimiento.com\/blog\/wp-json\/wp\/v2\/media\/16026"}],"wp:attachment":[{"href":"https:\/\/www.clubdelemprendimiento.com\/blog\/wp-json\/wp\/v2\/media?parent=16025"}],"wp:term":[{"taxonomy":"category","embeddable":true,"href":"https:\/\/www.clubdelemprendimiento.com\/blog\/wp-json\/wp\/v2\/categories?post=16025"},{"taxonomy":"post_tag","embeddable":true,"href":"https:\/\/www.clubdelemprendimiento.com\/blog\/wp-json\/wp\/v2\/tags?post=16025"}],"curies":[{"name":"wp","href":"https:\/\/api.w.org\/{rel}","templated":true}]}}