{"id":15921,"date":"2022-06-07T12:05:14","date_gmt":"2022-06-07T12:05:14","guid":{"rendered":"https:\/\/www.clubdelemprendimiento.com\/blog\/?p=15921"},"modified":"2022-05-30T12:14:54","modified_gmt":"2022-05-30T12:14:54","slug":"el-empleo-autonomo-juvenil-debe-mejorar","status":"publish","type":"post","link":"https:\/\/www.clubdelemprendimiento.com\/blog\/autonomos\/el-empleo-autonomo-juvenil-debe-mejorar\/","title":{"rendered":"El empleo aut\u00f3nomo juvenil debe mejorar"},"content":{"rendered":"<p><span style=\"font-weight: 400;\">Los \u00faltimos datos oficiales sobre los aut\u00f3nomos afiliados al R\u00e9gimen Especial de Trabajadores Aut\u00f3nomos (RETA) refleja la <strong>baja cifra del empleo aut\u00f3nomo juvenil<\/strong>. El empleo aut\u00f3nomo juvenil debe mejorar. Actualmente la cifra de aut\u00f3nomos menores de 30 a\u00f1os es de 258.490 y entre 31 y 35, 265.400 aut\u00f3nomos.<\/span><\/p>\n<p><span style=\"font-weight: 400;\"><strong>Esto significa que menos del 16% del total de trabajadores aut\u00f3nomos tienen menos de 65 a\u00f1os. <\/strong>Porcentaje\u00a0que pone de manifiesto la necesidad de tomar medidas para ampliar la cifra. De no hacerlo, las consecuencias repercuten en la tasa de reposici\u00f3n de los aut\u00f3nomos que quieren o deben jubilarse en los pr\u00f3ximos cinco a\u00f1os.<\/span><\/p>\n<h2><b>\u00bfC\u00f3mo mejorar el empleo aut\u00f3nomo juvenil?<\/b><\/h2>\n<p><span style=\"font-weight: 400;\">La Uni\u00f3n de Profesionales y Trabajadores Aut\u00f3nomos lo tiene claro. Hay que reclamar a las administraciones auton\u00f3micas y a la administraci\u00f3n central que lleven a cabo <strong>pol\u00edticas para potenciar el emprendimiento entre los j\u00f3venes.<\/strong><\/span><\/p>\n<p><span style=\"font-weight: 400;\">Desde la asociaci\u00f3n se propone formaci\u00f3n en ciclos superiores para que los j\u00f3venes mejoren su situaci\u00f3n profesional y tengan inter\u00e9s en emprender. Es necesario atraer el talento y que los j\u00f3venes est\u00e9n cualificados para poder emprender.<\/span><\/p>\n<p><span style=\"font-weight: 400;\">Como reclama Eduardo Abad, presidente de UPTA el empleo aut\u00f3nomo no solo tiene una complicada situaci\u00f3n para los j\u00f3venes sino tambi\u00e9n para el colectivo en general. \u201cLos aut\u00f3nomos necesitamos soluciones inmediatas, pero tambi\u00e9n a largo plazo. Tenemos que actuar con previsi\u00f3n de futuro o el sistema tendr\u00e1 los d\u00edas contados para una gran parte del colectivo\u201d.<\/span><\/p>\n<h2><b>Estrategia Nacional de Impulso del Trabajo Aut\u00f3nomo<\/b><\/h2>\n<p><span style=\"font-weight: 400;\">Seg\u00fan las \u00faltimas noticias, pronto el <a href=\"https:\/\/www.mites.gob.es\/\" target=\"_blank\" rel=\"noopener\">Ministerio de Trabajo y Econom\u00eda Social<\/a> pondr\u00e1 en marcha la<strong> Estrategia Nacional de Impulso del Trabajo Aut\u00f3nomo ENDITA 2022-2027 que estar\u00e1 financiada con alrededor de 140.000 millones de euros de los fondos europeos.<\/strong><\/span><\/p>\n<p><span style=\"font-weight: 400;\">Se trata de una estrategia en la que se llevar\u00e1n a cabo medidas con las que se pretende mejorar la formaci\u00f3n de los trabajadores aut\u00f3nomos. Pretende fomentar la transformaci\u00f3n digital o ayudar a trav\u00e9s de microcr\u00e9ditos, entre otros. Como indican desde UPTA, \u201cla formaci\u00f3n, la cualificaci\u00f3n, o la digitalizaci\u00f3n como pilares fundamentales para poder acometer con \u00e9xito cada uno de los hitos de la estrategia nacional\u201d.<\/span><\/p>\n<p><span style=\"font-weight: 400;\">Desde Upta reclaman la necesidad de \u201creforzar el sistema de protecci\u00f3n social en el colectivo\u00bb. Para ellos, \u00abes una urgencia crear los incentivos al autoempleo que fortalezcan a nuestros aut\u00f3nomos, modificar algunos aspectos de la tributaci\u00f3n y por supuesto terminar de designar el nuevo modelo de cotizaci\u00f3n\u00bb.<\/span><\/p>\n<p><span style=\"font-weight: 400;\">Por su parte, desde ATA \u201cel objetivo principal es el emprendimiento, ayudando no s\u00f3lo a los que nacen, sino tambi\u00e9n a consolidar a los que est\u00e1n ahora mismo en el mercado; o a los que fracasan, ofreci\u00e9ndoles una segunda oportunidad\u201d.<\/span><\/p>\n","protected":false},"excerpt":{"rendered":"<p>Los \u00faltimos datos oficiales sobre los aut\u00f3nomos afiliados al R\u00e9gimen Especial de Trabajadores Aut\u00f3nomos&hellip;<\/p>\n","protected":false},"author":14,"featured_media":15922,"comment_status":"open","ping_status":"open","sticky":false,"template":"","format":"standard","meta":{"_acf_changed":false,"footnotes":""},"categories":[255],"tags":[],"acf":[],"yoast_head":"<!-- This site is optimized with the Yoast SEO plugin v22.7 - https:\/\/yoast.com\/wordpress\/plugins\/seo\/ -->\n<title>Estrategia para mejorar el empleo aut\u00f3nomo juvenil<\/title>\n<meta name=\"description\" content=\"El empleo aut\u00f3nomo juvenil debe mejorar. Solo 258.490 de los aut\u00f3nomos tiene menos de 30 a\u00f1os. Descubre la estrategia del gobierno y las asociaciones.\" \/>\n<meta name=\"robots\" content=\"index, follow, max-snippet:-1, max-image-preview:large, max-video-preview:-1\" \/>\n<link rel=\"canonical\" href=\"https:\/\/www.clubdelemprendimiento.com\/blog\/autonomos\/el-empleo-autonomo-juvenil-debe-mejorar\/\" \/>\n<meta property=\"og:locale\" content=\"es_ES\" \/>\n<meta property=\"og:type\" content=\"article\" \/>\n<meta property=\"og:title\" content=\"Estrategia para mejorar el empleo aut\u00f3nomo juvenil\" \/>\n<meta property=\"og:description\" content=\"El empleo aut\u00f3nomo juvenil debe mejorar. Solo 258.490 de los aut\u00f3nomos tiene menos de 30 a\u00f1os. Descubre la estrategia del gobierno y las asociaciones.\" \/>\n<meta property=\"og:url\" content=\"https:\/\/www.clubdelemprendimiento.com\/blog\/autonomos\/el-empleo-autonomo-juvenil-debe-mejorar\/\" \/>\n<meta property=\"og:site_name\" content=\"Blog Club del Emprendimiento\" \/>\n<meta property=\"article:published_time\" content=\"2022-06-07T12:05:14+00:00\" \/>\n<meta property=\"article:modified_time\" content=\"2022-05-30T12:14:54+00:00\" \/>\n<meta property=\"og:image\" content=\"https:\/\/www.clubdelemprendimiento.com\/blog\/wp-content\/uploads\/2022\/05\/pexels-ron-lach-9850412-1-1030x687.jpg\" \/>\n\t<meta property=\"og:image:width\" content=\"1030\" \/>\n\t<meta property=\"og:image:height\" content=\"687\" \/>\n\t<meta property=\"og:image:type\" content=\"image\/jpeg\" \/>\n<meta name=\"author\" content=\"Nerea Merino\" \/>\n<meta name=\"twitter:card\" content=\"summary_large_image\" \/>\n<meta name=\"twitter:label1\" content=\"Escrito por\" \/>\n\t<meta name=\"twitter:data1\" content=\"Nerea Merino\" \/>\n\t<meta name=\"twitter:label2\" content=\"Tiempo de lectura\" \/>\n\t<meta name=\"twitter:data2\" content=\"2 minutos\" \/>\n<script type=\"application\/ld+json\" class=\"yoast-schema-graph\">{\"@context\":\"https:\/\/schema.org\",\"@graph\":[{\"@type\":\"WebPage\",\"@id\":\"https:\/\/www.clubdelemprendimiento.com\/blog\/autonomos\/el-empleo-autonomo-juvenil-debe-mejorar\/\",\"url\":\"https:\/\/www.clubdelemprendimiento.com\/blog\/autonomos\/el-empleo-autonomo-juvenil-debe-mejorar\/\",\"name\":\"Estrategia para mejorar el empleo aut\u00f3nomo juvenil\",\"isPartOf\":{\"@id\":\"https:\/\/www.clubdelemprendimiento.com\/blog\/#website\"},\"primaryImageOfPage\":{\"@id\":\"https:\/\/www.clubdelemprendimiento.com\/blog\/autonomos\/el-empleo-autonomo-juvenil-debe-mejorar\/#primaryimage\"},\"image\":{\"@id\":\"https:\/\/www.clubdelemprendimiento.com\/blog\/autonomos\/el-empleo-autonomo-juvenil-debe-mejorar\/#primaryimage\"},\"thumbnailUrl\":\"https:\/\/www.clubdelemprendimiento.com\/blog\/wp-content\/uploads\/2022\/05\/pexels-ron-lach-9850412-1.jpg\",\"datePublished\":\"2022-06-07T12:05:14+00:00\",\"dateModified\":\"2022-05-30T12:14:54+00:00\",\"author\":{\"@id\":\"https:\/\/www.clubdelemprendimiento.com\/blog\/#\/schema\/person\/a82ce0fc1281064b1cab4855c351cea7\"},\"description\":\"El empleo aut\u00f3nomo juvenil debe mejorar. Solo 258.490 de los aut\u00f3nomos tiene menos de 30 a\u00f1os. Descubre la estrategia del gobierno y las asociaciones.\",\"breadcrumb\":{\"@id\":\"https:\/\/www.clubdelemprendimiento.com\/blog\/autonomos\/el-empleo-autonomo-juvenil-debe-mejorar\/#breadcrumb\"},\"inLanguage\":\"es\",\"potentialAction\":[{\"@type\":\"ReadAction\",\"target\":[\"https:\/\/www.clubdelemprendimiento.com\/blog\/autonomos\/el-empleo-autonomo-juvenil-debe-mejorar\/\"]}]},{\"@type\":\"ImageObject\",\"inLanguage\":\"es\",\"@id\":\"https:\/\/www.clubdelemprendimiento.com\/blog\/autonomos\/el-empleo-autonomo-juvenil-debe-mejorar\/#primaryimage\",\"url\":\"https:\/\/www.clubdelemprendimiento.com\/blog\/wp-content\/uploads\/2022\/05\/pexels-ron-lach-9850412-1.jpg\",\"contentUrl\":\"https:\/\/www.clubdelemprendimiento.com\/blog\/wp-content\/uploads\/2022\/05\/pexels-ron-lach-9850412-1.jpg\",\"width\":4675,\"height\":3117,\"caption\":\"empleo aut\u00f3nomo juvenil\"},{\"@type\":\"BreadcrumbList\",\"@id\":\"https:\/\/www.clubdelemprendimiento.com\/blog\/autonomos\/el-empleo-autonomo-juvenil-debe-mejorar\/#breadcrumb\",\"itemListElement\":[{\"@type\":\"ListItem\",\"position\":1,\"name\":\"Home\",\"item\":\"https:\/\/www.clubdelemprendimiento.com\/blog\/\"},{\"@type\":\"ListItem\",\"position\":2,\"name\":\"El empleo aut\u00f3nomo juvenil debe mejorar\"}]},{\"@type\":\"WebSite\",\"@id\":\"https:\/\/www.clubdelemprendimiento.com\/blog\/#website\",\"url\":\"https:\/\/www.clubdelemprendimiento.com\/blog\/\",\"name\":\"Blog Club del Emprendimiento\",\"description\":\"\",\"potentialAction\":[{\"@type\":\"SearchAction\",\"target\":{\"@type\":\"EntryPoint\",\"urlTemplate\":\"https:\/\/www.clubdelemprendimiento.com\/blog\/?s={search_term_string}\"},\"query-input\":\"required name=search_term_string\"}],\"inLanguage\":\"es\"},{\"@type\":\"Person\",\"@id\":\"https:\/\/www.clubdelemprendimiento.com\/blog\/#\/schema\/person\/a82ce0fc1281064b1cab4855c351cea7\",\"name\":\"Nerea Merino\",\"image\":{\"@type\":\"ImageObject\",\"inLanguage\":\"es\",\"@id\":\"https:\/\/www.clubdelemprendimiento.com\/blog\/#\/schema\/person\/image\/\",\"url\":\"https:\/\/secure.gravatar.com\/avatar\/3b1c906b7b4a65b22c04d52a020d4815?s=96&d=mm&r=g\",\"contentUrl\":\"https:\/\/secure.gravatar.com\/avatar\/3b1c906b7b4a65b22c04d52a020d4815?s=96&d=mm&r=g\",\"caption\":\"Nerea Merino\"},\"url\":\"https:\/\/www.clubdelemprendimiento.com\/blog\/author\/nerea\/\"}]}<\/script>\n<!-- \/ Yoast SEO plugin. -->","yoast_head_json":{"title":"Estrategia para mejorar el empleo aut\u00f3nomo juvenil","description":"El empleo aut\u00f3nomo juvenil debe mejorar. Solo 258.490 de los aut\u00f3nomos tiene menos de 30 a\u00f1os. Descubre la estrategia del gobierno y las asociaciones.","robots":{"index":"index","follow":"follow","max-snippet":"max-snippet:-1","max-image-preview":"max-image-preview:large","max-video-preview":"max-video-preview:-1"},"canonical":"https:\/\/www.clubdelemprendimiento.com\/blog\/autonomos\/el-empleo-autonomo-juvenil-debe-mejorar\/","og_locale":"es_ES","og_type":"article","og_title":"Estrategia para mejorar el empleo aut\u00f3nomo juvenil","og_description":"El empleo aut\u00f3nomo juvenil debe mejorar. Solo 258.490 de los aut\u00f3nomos tiene menos de 30 a\u00f1os. Descubre la estrategia del gobierno y las asociaciones.","og_url":"https:\/\/www.clubdelemprendimiento.com\/blog\/autonomos\/el-empleo-autonomo-juvenil-debe-mejorar\/","og_site_name":"Blog Club del Emprendimiento","article_published_time":"2022-06-07T12:05:14+00:00","article_modified_time":"2022-05-30T12:14:54+00:00","og_image":[{"width":1030,"height":687,"url":"https:\/\/www.clubdelemprendimiento.com\/blog\/wp-content\/uploads\/2022\/05\/pexels-ron-lach-9850412-1-1030x687.jpg","type":"image\/jpeg"}],"author":"Nerea Merino","twitter_card":"summary_large_image","twitter_misc":{"Escrito por":"Nerea Merino","Tiempo de lectura":"2 minutos"},"schema":{"@context":"https:\/\/schema.org","@graph":[{"@type":"WebPage","@id":"https:\/\/www.clubdelemprendimiento.com\/blog\/autonomos\/el-empleo-autonomo-juvenil-debe-mejorar\/","url":"https:\/\/www.clubdelemprendimiento.com\/blog\/autonomos\/el-empleo-autonomo-juvenil-debe-mejorar\/","name":"Estrategia para mejorar el empleo aut\u00f3nomo juvenil","isPartOf":{"@id":"https:\/\/www.clubdelemprendimiento.com\/blog\/#website"},"primaryImageOfPage":{"@id":"https:\/\/www.clubdelemprendimiento.com\/blog\/autonomos\/el-empleo-autonomo-juvenil-debe-mejorar\/#primaryimage"},"image":{"@id":"https:\/\/www.clubdelemprendimiento.com\/blog\/autonomos\/el-empleo-autonomo-juvenil-debe-mejorar\/#primaryimage"},"thumbnailUrl":"https:\/\/www.clubdelemprendimiento.com\/blog\/wp-content\/uploads\/2022\/05\/pexels-ron-lach-9850412-1.jpg","datePublished":"2022-06-07T12:05:14+00:00","dateModified":"2022-05-30T12:14:54+00:00","author":{"@id":"https:\/\/www.clubdelemprendimiento.com\/blog\/#\/schema\/person\/a82ce0fc1281064b1cab4855c351cea7"},"description":"El empleo aut\u00f3nomo juvenil debe mejorar. Solo 258.490 de los aut\u00f3nomos tiene menos de 30 a\u00f1os. Descubre la estrategia del gobierno y las asociaciones.","breadcrumb":{"@id":"https:\/\/www.clubdelemprendimiento.com\/blog\/autonomos\/el-empleo-autonomo-juvenil-debe-mejorar\/#breadcrumb"},"inLanguage":"es","potentialAction":[{"@type":"ReadAction","target":["https:\/\/www.clubdelemprendimiento.com\/blog\/autonomos\/el-empleo-autonomo-juvenil-debe-mejorar\/"]}]},{"@type":"ImageObject","inLanguage":"es","@id":"https:\/\/www.clubdelemprendimiento.com\/blog\/autonomos\/el-empleo-autonomo-juvenil-debe-mejorar\/#primaryimage","url":"https:\/\/www.clubdelemprendimiento.com\/blog\/wp-content\/uploads\/2022\/05\/pexels-ron-lach-9850412-1.jpg","contentUrl":"https:\/\/www.clubdelemprendimiento.com\/blog\/wp-content\/uploads\/2022\/05\/pexels-ron-lach-9850412-1.jpg","width":4675,"height":3117,"caption":"empleo aut\u00f3nomo juvenil"},{"@type":"BreadcrumbList","@id":"https:\/\/www.clubdelemprendimiento.com\/blog\/autonomos\/el-empleo-autonomo-juvenil-debe-mejorar\/#breadcrumb","itemListElement":[{"@type":"ListItem","position":1,"name":"Home","item":"https:\/\/www.clubdelemprendimiento.com\/blog\/"},{"@type":"ListItem","position":2,"name":"El empleo aut\u00f3nomo juvenil debe mejorar"}]},{"@type":"WebSite","@id":"https:\/\/www.clubdelemprendimiento.com\/blog\/#website","url":"https:\/\/www.clubdelemprendimiento.com\/blog\/","name":"Blog Club del Emprendimiento","description":"","potentialAction":[{"@type":"SearchAction","target":{"@type":"EntryPoint","urlTemplate":"https:\/\/www.clubdelemprendimiento.com\/blog\/?s={search_term_string}"},"query-input":"required name=search_term_string"}],"inLanguage":"es"},{"@type":"Person","@id":"https:\/\/www.clubdelemprendimiento.com\/blog\/#\/schema\/person\/a82ce0fc1281064b1cab4855c351cea7","name":"Nerea Merino","image":{"@type":"ImageObject","inLanguage":"es","@id":"https:\/\/www.clubdelemprendimiento.com\/blog\/#\/schema\/person\/image\/","url":"https:\/\/secure.gravatar.com\/avatar\/3b1c906b7b4a65b22c04d52a020d4815?s=96&d=mm&r=g","contentUrl":"https:\/\/secure.gravatar.com\/avatar\/3b1c906b7b4a65b22c04d52a020d4815?s=96&d=mm&r=g","caption":"Nerea Merino"},"url":"https:\/\/www.clubdelemprendimiento.com\/blog\/author\/nerea\/"}]}},"_links":{"self":[{"href":"https:\/\/www.clubdelemprendimiento.com\/blog\/wp-json\/wp\/v2\/posts\/15921"}],"collection":[{"href":"https:\/\/www.clubdelemprendimiento.com\/blog\/wp-json\/wp\/v2\/posts"}],"about":[{"href":"https:\/\/www.clubdelemprendimiento.com\/blog\/wp-json\/wp\/v2\/types\/post"}],"author":[{"embeddable":true,"href":"https:\/\/www.clubdelemprendimiento.com\/blog\/wp-json\/wp\/v2\/users\/14"}],"replies":[{"embeddable":true,"href":"https:\/\/www.clubdelemprendimiento.com\/blog\/wp-json\/wp\/v2\/comments?post=15921"}],"version-history":[{"count":1,"href":"https:\/\/www.clubdelemprendimiento.com\/blog\/wp-json\/wp\/v2\/posts\/15921\/revisions"}],"predecessor-version":[{"id":15923,"href":"https:\/\/www.clubdelemprendimiento.com\/blog\/wp-json\/wp\/v2\/posts\/15921\/revisions\/15923"}],"wp:featuredmedia":[{"embeddable":true,"href":"https:\/\/www.clubdelemprendimiento.com\/blog\/wp-json\/wp\/v2\/media\/15922"}],"wp:attachment":[{"href":"https:\/\/www.clubdelemprendimiento.com\/blog\/wp-json\/wp\/v2\/media?parent=15921"}],"wp:term":[{"taxonomy":"category","embeddable":true,"href":"https:\/\/www.clubdelemprendimiento.com\/blog\/wp-json\/wp\/v2\/categories?post=15921"},{"taxonomy":"post_tag","embeddable":true,"href":"https:\/\/www.clubdelemprendimiento.com\/blog\/wp-json\/wp\/v2\/tags?post=15921"}],"curies":[{"name":"wp","href":"https:\/\/api.w.org\/{rel}","templated":true}]}}