{"id":15837,"date":"2022-05-23T11:59:06","date_gmt":"2022-05-23T11:59:06","guid":{"rendered":"https:\/\/www.clubdelemprendimiento.com\/blog\/?p=15837"},"modified":"2022-05-13T10:37:30","modified_gmt":"2022-05-13T10:37:30","slug":"la-cifra-de-trabajadores-autonomos-aumenta-ligeramente","status":"publish","type":"post","link":"https:\/\/www.clubdelemprendimiento.com\/blog\/autonomos\/la-cifra-de-trabajadores-autonomos-aumenta-ligeramente\/","title":{"rendered":"La cifra de trabajadores aut\u00f3nomos aumenta ligeramente"},"content":{"rendered":"<p><span style=\"font-weight: 400;\">La cifra de trabajadores aut\u00f3nomos en abril de este a\u00f1o recoge el peor crecimiento desde 2012. Apenas 9.100 aut\u00f3nomos se han dado de alta en el <a href=\"https:\/\/www.seg-social.es\/wps\/portal\/wss\/internet\/Trabajadores\/Afiliacion\/10548\/32825\" target=\"_blank\" rel=\"noopener\">R\u00e9gimen Especial de Trabajadores Aut\u00f3nomos<\/a>. Estos datos suponen un ligero incremento respecto al mes anterior.\u00a0<\/span><\/p>\n<p><span style=\"font-weight: 400;\">En general, <\/span><span style=\"font-weight: 400;\"><strong>la evoluci\u00f3n del empleo en abril de 2022 es positiva<\/strong>, principalmente para el empleo asalariado, que por primera vez ha alcanzado los m\u00e1s de 20 millones de afiliados.\u00a0\u00a0<\/span><\/p>\n<p><span style=\"font-weight: 400;\">No obstante, a pesar de seguir incrementando, como ya hemos mencionado es el peor crecimiento desde hace 10 a\u00f1os.\u00a0<\/span><\/p>\n<p><span style=\"font-weight: 400;\">Como ha indicado el presidente <\/span><span style=\"font-weight: 400;\">de la Federaci\u00f3n Nacional de Asociaciones de Trabajadores Aut\u00f3nomos (ATA), Lorenzo Amor \u201ce<\/span><span style=\"font-weight: 400;\">l ritmo de crecimiento en el mes de abril ha sido 1,2% anual, lo que supone ritmo cinco veces menos que el que registra el R\u00e9gimen General (+5,98%) y que nos muestra el peor crecimiento desde 2012, a excepci\u00f3n de abril de 2020, donde por motivos de confinamiento por la pandemia se perdieron m\u00e1s de 40.000 aut\u00f3nomos\u201d.<\/span><\/p>\n<h2><span style=\"font-weight: 400;\">Motivos que reflejan las cifras de trabajadores aut\u00f3nomos\u00a0<\/span><\/h2>\n<p><span style=\"font-weight: 400;\">Estos datos se deben a diversos motivos que afectan a este colectivo, entre los que se encuentran:<\/span><\/p>\n<ul>\n<li style=\"font-weight: 400;\" aria-level=\"1\"><span style=\"font-weight: 400;\">Aumento de la <strong>inflaci\u00f3n<\/strong>.<\/span><\/li>\n<li style=\"font-weight: 400;\" aria-level=\"1\"><span style=\"font-weight: 400;\"><strong>Guerra<\/strong> entre Ucrania y Rusia.<\/span><\/li>\n<li style=\"font-weight: 400;\" aria-level=\"1\"><span style=\"font-weight: 400;\">Precio de los<strong> carburantes y energ\u00eda.<\/strong><\/span><\/li>\n<li style=\"font-weight: 400;\" aria-level=\"1\"><span style=\"font-weight: 400;\">Precio de las <strong>materias primas.<\/strong><\/span><\/li>\n<\/ul>\n<p><span style=\"font-weight: 400;\">Lorenzo Amor cree necesario tomar medidas urgentes \u201c<\/span><span style=\"font-weight: 400;\">es el momento de bajar impuestos, de eliminar trabas, y de dar un paso firme y decidido para ayudar a los m\u00e1s de 3,2 millones de aut\u00f3nomos<\/span><span style=\"font-weight: 400;\">\u201d.<\/span><\/p>\n<p><span style=\"font-weight: 400;\">Se trata de la mejor cifra de aut\u00f3nomos en lo que va de a\u00f1o, pero como se\u00f1ala la presidenta de la\u00a0Uni\u00f3n de Asociaciones de Trabajadores Aut\u00f3nomos y Emprendedores\u00a0(UATAE), Mar\u00eda Jos\u00e9 Landaburu hay que ser precavido y buscar siempre la mejora. \u201cNo nos podemos quedar \u00fanicamente con las buenas cifras que arroja el mes de abril, tras estos datos se esconde la realidad de un colectivo que sigue viendo disparados los precios de sus recibos energ\u00e9ticos y que aspira a que las cotizaciones que afrontan reviertan en mayor protecci\u00f3n social\u201d. Aboga por continuar con la lucha y la defensa de este colectivo, haciendo referencia a la falta de medidas. \u201cAunque los datos son positivos, el Gobierno tiene que abordar nuevas medidas, como la creaci\u00f3n de la figura del aut\u00f3nomo vulnerable y el acceso al bono social el\u00e9ctrico\u201d.<\/span><\/p>\n","protected":false},"excerpt":{"rendered":"<p>La cifra de trabajadores aut\u00f3nomos en abril de este a\u00f1o recoge el peor crecimiento&hellip;<\/p>\n","protected":false},"author":14,"featured_media":15843,"comment_status":"open","ping_status":"open","sticky":false,"template":"","format":"standard","meta":{"_acf_changed":false,"footnotes":""},"categories":[255],"tags":[],"acf":[],"yoast_head":"<!-- This site is optimized with the Yoast SEO plugin v22.7 - https:\/\/yoast.com\/wordpress\/plugins\/seo\/ -->\n<title>Abril recoge la mejor cifra de trabajadores aut\u00f3nomos en lo que va de a\u00f1o<\/title>\n<meta name=\"description\" content=\"La cifra de trabajadores aut\u00f3nomos en el mes de abril es la mejor del a\u00f1o pero es el peor crecimiento registrado desde 2012. Descubre los motivos.\" \/>\n<meta name=\"robots\" content=\"index, follow, max-snippet:-1, max-image-preview:large, max-video-preview:-1\" \/>\n<link rel=\"canonical\" href=\"https:\/\/www.clubdelemprendimiento.com\/blog\/autonomos\/la-cifra-de-trabajadores-autonomos-aumenta-ligeramente\/\" \/>\n<meta property=\"og:locale\" content=\"es_ES\" \/>\n<meta property=\"og:type\" content=\"article\" \/>\n<meta property=\"og:title\" content=\"Abril recoge la mejor cifra de trabajadores aut\u00f3nomos en lo que va de a\u00f1o\" \/>\n<meta property=\"og:description\" content=\"La cifra de trabajadores aut\u00f3nomos en el mes de abril es la mejor del a\u00f1o pero es el peor crecimiento registrado desde 2012. Descubre los motivos.\" \/>\n<meta property=\"og:url\" content=\"https:\/\/www.clubdelemprendimiento.com\/blog\/autonomos\/la-cifra-de-trabajadores-autonomos-aumenta-ligeramente\/\" \/>\n<meta property=\"og:site_name\" content=\"Blog Club del Emprendimiento\" \/>\n<meta property=\"article:published_time\" content=\"2022-05-23T11:59:06+00:00\" \/>\n<meta property=\"article:modified_time\" content=\"2022-05-13T10:37:30+00:00\" \/>\n<meta property=\"og:image\" content=\"https:\/\/www.clubdelemprendimiento.com\/blog\/wp-content\/uploads\/2022\/05\/skilled-self-employed-carpenter-working-with-wood-in-carpentry-workshop-interior.jpg\" \/>\n\t<meta property=\"og:image:width\" content=\"1500\" \/>\n\t<meta property=\"og:image:height\" content=\"1000\" \/>\n\t<meta property=\"og:image:type\" content=\"image\/jpeg\" \/>\n<meta name=\"author\" content=\"Nerea Merino\" \/>\n<meta name=\"twitter:card\" content=\"summary_large_image\" \/>\n<meta name=\"twitter:label1\" content=\"Escrito por\" \/>\n\t<meta name=\"twitter:data1\" content=\"Nerea Merino\" \/>\n\t<meta name=\"twitter:label2\" content=\"Tiempo de lectura\" \/>\n\t<meta name=\"twitter:data2\" content=\"2 minutos\" \/>\n<script type=\"application\/ld+json\" class=\"yoast-schema-graph\">{\"@context\":\"https:\/\/schema.org\",\"@graph\":[{\"@type\":\"WebPage\",\"@id\":\"https:\/\/www.clubdelemprendimiento.com\/blog\/autonomos\/la-cifra-de-trabajadores-autonomos-aumenta-ligeramente\/\",\"url\":\"https:\/\/www.clubdelemprendimiento.com\/blog\/autonomos\/la-cifra-de-trabajadores-autonomos-aumenta-ligeramente\/\",\"name\":\"Abril recoge la mejor cifra de trabajadores aut\u00f3nomos en lo que va de a\u00f1o\",\"isPartOf\":{\"@id\":\"https:\/\/www.clubdelemprendimiento.com\/blog\/#website\"},\"primaryImageOfPage\":{\"@id\":\"https:\/\/www.clubdelemprendimiento.com\/blog\/autonomos\/la-cifra-de-trabajadores-autonomos-aumenta-ligeramente\/#primaryimage\"},\"image\":{\"@id\":\"https:\/\/www.clubdelemprendimiento.com\/blog\/autonomos\/la-cifra-de-trabajadores-autonomos-aumenta-ligeramente\/#primaryimage\"},\"thumbnailUrl\":\"https:\/\/www.clubdelemprendimiento.com\/blog\/wp-content\/uploads\/2022\/05\/skilled-self-employed-carpenter-working-with-wood-in-carpentry-workshop-interior.jpg\",\"datePublished\":\"2022-05-23T11:59:06+00:00\",\"dateModified\":\"2022-05-13T10:37:30+00:00\",\"author\":{\"@id\":\"https:\/\/www.clubdelemprendimiento.com\/blog\/#\/schema\/person\/a82ce0fc1281064b1cab4855c351cea7\"},\"description\":\"La cifra de trabajadores aut\u00f3nomos en el mes de abril es la mejor del a\u00f1o pero es el peor crecimiento registrado desde 2012. Descubre los motivos.\",\"breadcrumb\":{\"@id\":\"https:\/\/www.clubdelemprendimiento.com\/blog\/autonomos\/la-cifra-de-trabajadores-autonomos-aumenta-ligeramente\/#breadcrumb\"},\"inLanguage\":\"es\",\"potentialAction\":[{\"@type\":\"ReadAction\",\"target\":[\"https:\/\/www.clubdelemprendimiento.com\/blog\/autonomos\/la-cifra-de-trabajadores-autonomos-aumenta-ligeramente\/\"]}]},{\"@type\":\"ImageObject\",\"inLanguage\":\"es\",\"@id\":\"https:\/\/www.clubdelemprendimiento.com\/blog\/autonomos\/la-cifra-de-trabajadores-autonomos-aumenta-ligeramente\/#primaryimage\",\"url\":\"https:\/\/www.clubdelemprendimiento.com\/blog\/wp-content\/uploads\/2022\/05\/skilled-self-employed-carpenter-working-with-wood-in-carpentry-workshop-interior.jpg\",\"contentUrl\":\"https:\/\/www.clubdelemprendimiento.com\/blog\/wp-content\/uploads\/2022\/05\/skilled-self-employed-carpenter-working-with-wood-in-carpentry-workshop-interior.jpg\",\"width\":1500,\"height\":1000,\"caption\":\"cifra de trabajadores aut\u00f3nomos\"},{\"@type\":\"BreadcrumbList\",\"@id\":\"https:\/\/www.clubdelemprendimiento.com\/blog\/autonomos\/la-cifra-de-trabajadores-autonomos-aumenta-ligeramente\/#breadcrumb\",\"itemListElement\":[{\"@type\":\"ListItem\",\"position\":1,\"name\":\"Home\",\"item\":\"https:\/\/www.clubdelemprendimiento.com\/blog\/\"},{\"@type\":\"ListItem\",\"position\":2,\"name\":\"La cifra de trabajadores aut\u00f3nomos aumenta ligeramente\"}]},{\"@type\":\"WebSite\",\"@id\":\"https:\/\/www.clubdelemprendimiento.com\/blog\/#website\",\"url\":\"https:\/\/www.clubdelemprendimiento.com\/blog\/\",\"name\":\"Blog Club del Emprendimiento\",\"description\":\"\",\"potentialAction\":[{\"@type\":\"SearchAction\",\"target\":{\"@type\":\"EntryPoint\",\"urlTemplate\":\"https:\/\/www.clubdelemprendimiento.com\/blog\/?s={search_term_string}\"},\"query-input\":\"required name=search_term_string\"}],\"inLanguage\":\"es\"},{\"@type\":\"Person\",\"@id\":\"https:\/\/www.clubdelemprendimiento.com\/blog\/#\/schema\/person\/a82ce0fc1281064b1cab4855c351cea7\",\"name\":\"Nerea Merino\",\"image\":{\"@type\":\"ImageObject\",\"inLanguage\":\"es\",\"@id\":\"https:\/\/www.clubdelemprendimiento.com\/blog\/#\/schema\/person\/image\/\",\"url\":\"https:\/\/secure.gravatar.com\/avatar\/3b1c906b7b4a65b22c04d52a020d4815?s=96&d=mm&r=g\",\"contentUrl\":\"https:\/\/secure.gravatar.com\/avatar\/3b1c906b7b4a65b22c04d52a020d4815?s=96&d=mm&r=g\",\"caption\":\"Nerea Merino\"},\"url\":\"https:\/\/www.clubdelemprendimiento.com\/blog\/author\/nerea\/\"}]}<\/script>\n<!-- \/ Yoast SEO plugin. -->","yoast_head_json":{"title":"Abril recoge la mejor cifra de trabajadores aut\u00f3nomos en lo que va de a\u00f1o","description":"La cifra de trabajadores aut\u00f3nomos en el mes de abril es la mejor del a\u00f1o pero es el peor crecimiento registrado desde 2012. Descubre los motivos.","robots":{"index":"index","follow":"follow","max-snippet":"max-snippet:-1","max-image-preview":"max-image-preview:large","max-video-preview":"max-video-preview:-1"},"canonical":"https:\/\/www.clubdelemprendimiento.com\/blog\/autonomos\/la-cifra-de-trabajadores-autonomos-aumenta-ligeramente\/","og_locale":"es_ES","og_type":"article","og_title":"Abril recoge la mejor cifra de trabajadores aut\u00f3nomos en lo que va de a\u00f1o","og_description":"La cifra de trabajadores aut\u00f3nomos en el mes de abril es la mejor del a\u00f1o pero es el peor crecimiento registrado desde 2012. Descubre los motivos.","og_url":"https:\/\/www.clubdelemprendimiento.com\/blog\/autonomos\/la-cifra-de-trabajadores-autonomos-aumenta-ligeramente\/","og_site_name":"Blog Club del Emprendimiento","article_published_time":"2022-05-23T11:59:06+00:00","article_modified_time":"2022-05-13T10:37:30+00:00","og_image":[{"width":1500,"height":1000,"url":"https:\/\/www.clubdelemprendimiento.com\/blog\/wp-content\/uploads\/2022\/05\/skilled-self-employed-carpenter-working-with-wood-in-carpentry-workshop-interior.jpg","type":"image\/jpeg"}],"author":"Nerea Merino","twitter_card":"summary_large_image","twitter_misc":{"Escrito por":"Nerea Merino","Tiempo de lectura":"2 minutos"},"schema":{"@context":"https:\/\/schema.org","@graph":[{"@type":"WebPage","@id":"https:\/\/www.clubdelemprendimiento.com\/blog\/autonomos\/la-cifra-de-trabajadores-autonomos-aumenta-ligeramente\/","url":"https:\/\/www.clubdelemprendimiento.com\/blog\/autonomos\/la-cifra-de-trabajadores-autonomos-aumenta-ligeramente\/","name":"Abril recoge la mejor cifra de trabajadores aut\u00f3nomos en lo que va de a\u00f1o","isPartOf":{"@id":"https:\/\/www.clubdelemprendimiento.com\/blog\/#website"},"primaryImageOfPage":{"@id":"https:\/\/www.clubdelemprendimiento.com\/blog\/autonomos\/la-cifra-de-trabajadores-autonomos-aumenta-ligeramente\/#primaryimage"},"image":{"@id":"https:\/\/www.clubdelemprendimiento.com\/blog\/autonomos\/la-cifra-de-trabajadores-autonomos-aumenta-ligeramente\/#primaryimage"},"thumbnailUrl":"https:\/\/www.clubdelemprendimiento.com\/blog\/wp-content\/uploads\/2022\/05\/skilled-self-employed-carpenter-working-with-wood-in-carpentry-workshop-interior.jpg","datePublished":"2022-05-23T11:59:06+00:00","dateModified":"2022-05-13T10:37:30+00:00","author":{"@id":"https:\/\/www.clubdelemprendimiento.com\/blog\/#\/schema\/person\/a82ce0fc1281064b1cab4855c351cea7"},"description":"La cifra de trabajadores aut\u00f3nomos en el mes de abril es la mejor del a\u00f1o pero es el peor crecimiento registrado desde 2012. Descubre los motivos.","breadcrumb":{"@id":"https:\/\/www.clubdelemprendimiento.com\/blog\/autonomos\/la-cifra-de-trabajadores-autonomos-aumenta-ligeramente\/#breadcrumb"},"inLanguage":"es","potentialAction":[{"@type":"ReadAction","target":["https:\/\/www.clubdelemprendimiento.com\/blog\/autonomos\/la-cifra-de-trabajadores-autonomos-aumenta-ligeramente\/"]}]},{"@type":"ImageObject","inLanguage":"es","@id":"https:\/\/www.clubdelemprendimiento.com\/blog\/autonomos\/la-cifra-de-trabajadores-autonomos-aumenta-ligeramente\/#primaryimage","url":"https:\/\/www.clubdelemprendimiento.com\/blog\/wp-content\/uploads\/2022\/05\/skilled-self-employed-carpenter-working-with-wood-in-carpentry-workshop-interior.jpg","contentUrl":"https:\/\/www.clubdelemprendimiento.com\/blog\/wp-content\/uploads\/2022\/05\/skilled-self-employed-carpenter-working-with-wood-in-carpentry-workshop-interior.jpg","width":1500,"height":1000,"caption":"cifra de trabajadores aut\u00f3nomos"},{"@type":"BreadcrumbList","@id":"https:\/\/www.clubdelemprendimiento.com\/blog\/autonomos\/la-cifra-de-trabajadores-autonomos-aumenta-ligeramente\/#breadcrumb","itemListElement":[{"@type":"ListItem","position":1,"name":"Home","item":"https:\/\/www.clubdelemprendimiento.com\/blog\/"},{"@type":"ListItem","position":2,"name":"La cifra de trabajadores aut\u00f3nomos aumenta ligeramente"}]},{"@type":"WebSite","@id":"https:\/\/www.clubdelemprendimiento.com\/blog\/#website","url":"https:\/\/www.clubdelemprendimiento.com\/blog\/","name":"Blog Club del Emprendimiento","description":"","potentialAction":[{"@type":"SearchAction","target":{"@type":"EntryPoint","urlTemplate":"https:\/\/www.clubdelemprendimiento.com\/blog\/?s={search_term_string}"},"query-input":"required name=search_term_string"}],"inLanguage":"es"},{"@type":"Person","@id":"https:\/\/www.clubdelemprendimiento.com\/blog\/#\/schema\/person\/a82ce0fc1281064b1cab4855c351cea7","name":"Nerea Merino","image":{"@type":"ImageObject","inLanguage":"es","@id":"https:\/\/www.clubdelemprendimiento.com\/blog\/#\/schema\/person\/image\/","url":"https:\/\/secure.gravatar.com\/avatar\/3b1c906b7b4a65b22c04d52a020d4815?s=96&d=mm&r=g","contentUrl":"https:\/\/secure.gravatar.com\/avatar\/3b1c906b7b4a65b22c04d52a020d4815?s=96&d=mm&r=g","caption":"Nerea Merino"},"url":"https:\/\/www.clubdelemprendimiento.com\/blog\/author\/nerea\/"}]}},"_links":{"self":[{"href":"https:\/\/www.clubdelemprendimiento.com\/blog\/wp-json\/wp\/v2\/posts\/15837"}],"collection":[{"href":"https:\/\/www.clubdelemprendimiento.com\/blog\/wp-json\/wp\/v2\/posts"}],"about":[{"href":"https:\/\/www.clubdelemprendimiento.com\/blog\/wp-json\/wp\/v2\/types\/post"}],"author":[{"embeddable":true,"href":"https:\/\/www.clubdelemprendimiento.com\/blog\/wp-json\/wp\/v2\/users\/14"}],"replies":[{"embeddable":true,"href":"https:\/\/www.clubdelemprendimiento.com\/blog\/wp-json\/wp\/v2\/comments?post=15837"}],"version-history":[{"count":1,"href":"https:\/\/www.clubdelemprendimiento.com\/blog\/wp-json\/wp\/v2\/posts\/15837\/revisions"}],"predecessor-version":[{"id":15838,"href":"https:\/\/www.clubdelemprendimiento.com\/blog\/wp-json\/wp\/v2\/posts\/15837\/revisions\/15838"}],"wp:featuredmedia":[{"embeddable":true,"href":"https:\/\/www.clubdelemprendimiento.com\/blog\/wp-json\/wp\/v2\/media\/15843"}],"wp:attachment":[{"href":"https:\/\/www.clubdelemprendimiento.com\/blog\/wp-json\/wp\/v2\/media?parent=15837"}],"wp:term":[{"taxonomy":"category","embeddable":true,"href":"https:\/\/www.clubdelemprendimiento.com\/blog\/wp-json\/wp\/v2\/categories?post=15837"},{"taxonomy":"post_tag","embeddable":true,"href":"https:\/\/www.clubdelemprendimiento.com\/blog\/wp-json\/wp\/v2\/tags?post=15837"}],"curies":[{"name":"wp","href":"https:\/\/api.w.org\/{rel}","templated":true}]}}