{"id":15475,"date":"2022-01-10T11:13:03","date_gmt":"2022-01-10T11:13:03","guid":{"rendered":"https:\/\/www.clubdelemprendimiento.com\/blog\/?p=15475"},"modified":"2022-01-03T11:14:28","modified_gmt":"2022-01-03T11:14:28","slug":"subida-cuota-autonomos-2022","status":"publish","type":"post","link":"https:\/\/www.clubdelemprendimiento.com\/blog\/autonomos\/subida-cuota-autonomos-2022\/","title":{"rendered":"La nueva subida de la cuota de los aut\u00f3nomos en 2022"},"content":{"rendered":"<p>El nuevo a\u00f1o <strong>2022<\/strong> trae consigo una <strong>subida de la cuota de los aut\u00f3nomos<\/strong>, para los que coticen por la base m\u00ednima, de <strong>8\u20ac mensuales<\/strong>. De esta forma, los trabajadores por cuenta propia pasan <strong>de pagar 286\u20ac al mes, a pagar 293,76\u20ac<\/strong>. Aun as\u00ed, esta subida puede suponer un <strong>gasto anual total de 60\u20ac m\u00e1s<\/strong> en caso de aut\u00f3nomos personas f\u00edsicas y de 76\u20ac para aut\u00f3nomos societarios.<\/p>\n<p>A simple vista podr\u00eda no parecer una subida demasiado agresiva, pero se suma a los problemas que ya tienen los <a href=\"https:\/\/www.clubdelemprendimiento.com\/blog\/autonomos\/que-deben-hacer-autonomos-para-aumentar-productividad-2022\/\" target=\"_blank\" rel=\"noopener\">aut\u00f3nomos<\/a>. Estos pertenecen a uno de los sectores con m\u00e1s dificultades tras el impacto de la pandemia en la econom\u00eda espa\u00f1ola. Para consultar todas las particularidades de estas subidas, puedes acceder al portal del <strong>R\u00e9gimen Especial de Trabajadores Aut\u00f3nomos<\/strong> o <a href=\"https:\/\/www.seg-social.es\/wps\/portal\/wss\/internet\/Trabajadores\/Afiliacion\/10548\/32825\" target=\"_blank\" rel=\"noopener\">RETA<\/a>.<\/p>\n<p>El Estado ha incluido esta peque\u00f1a subida entre sus planes econ\u00f3micos debido a un <strong>ligero incremento de<\/strong> las <strong>contingencias profesionales<\/strong> (del 1,1% al 1,3%). Tambi\u00e9n suben m\u00ednimamente los <strong>costes de cese de actividad<\/strong> (de 0,8% al 0,9%). Por otro lado, las <strong>cotizaciones por formaci\u00f3n profesional o cotizaciones comunes siguen igual<\/strong> (0,1% 28,3% respectivamente).<\/p>\n<h2>Subida de las bases de cotizaci\u00f3n<\/h2>\n<p>No solo sube la cuota de los aut\u00f3nomos en 2022, sino tambi\u00e9n las <strong>bases de cotizaci\u00f3n<\/strong>. La<strong> base m\u00ednima<\/strong> asciende <strong>de 944,4\u20ac al mes a 969,6\u20ac<\/strong>. Ser\u00e1 para aquellos aut\u00f3nomos que coticen sobre este l\u00edmite, los que deban pagar en 2022 los 294\u20ac.<\/p>\n<p>La base m\u00e1xima de cotizaci\u00f3n tambi\u00e9n aumenta <strong>de 4.070,1\u20ac a 4.139,4\u20ac al mes<\/strong>. Ser\u00e1n los aut\u00f3nomos que coticen sobre esta base los que deban pagar una cuota de 1.266,66\u20ac al mes en el 2022.<\/p>\n<p>Todas estas subidas obedecen a un <strong>incremento del tipo fijado, que pasa a ser del 30,3% a 30,6%<\/strong>, seg\u00fan los nuevos Presupuestos Generales del Estado para 2022.<\/p>\n<p>El pago de estas cuotas de aut\u00f3nomos, permite a estos trabajadores acceder a <strong>prestaciones<\/strong> por cese de actividad, baja por enfermedad, por accidente o la pensi\u00f3n de jubilaci\u00f3n a los 65 a\u00f1os.<\/p>\n<h2>Nuevas medidas fiscales para aut\u00f3nomos en 2022<\/h2>\n<p>Adem\u00e1s de la nueva subida de la cuota de aut\u00f3nomos en 2022, se introducen algunas novedades fiscales para estos trabajadores, como por ejemplo:<\/p>\n<ul>\n<li><strong>IRPF<\/strong>: Se limita a 1.500\u20ac las deducciones de aportaciones a planes de pensiones (antes eran 2.000\u20ac).<\/li>\n<li><strong>IVA<\/strong>: se prorrogan los l\u00edmites para el r\u00e9gimen simplificado y especial de agricultura, ganader\u00eda y pesca.<\/li>\n<li><strong>Sociedades<\/strong>: tributaci\u00f3n m\u00ednima de un 15% para bases de 20 millones o m\u00e1s. Para aquellas empresas nuevas, baja la cotizaci\u00f3n del 15 al 10%. Aquellas sociedades beneficiarias del arrendamiento de viviendas, pasan de obtener una bonificaci\u00f3n del 85% al 45%.<\/li>\n<\/ul>\n","protected":false},"excerpt":{"rendered":"<p>El nuevo a\u00f1o 2022 trae consigo una subida de la cuota de los aut\u00f3nomos,&hellip;<\/p>\n","protected":false},"author":16,"featured_media":15477,"comment_status":"open","ping_status":"open","sticky":false,"template":"","format":"standard","meta":{"_acf_changed":false,"footnotes":""},"categories":[255],"tags":[],"acf":[],"yoast_head":"<!-- This site is optimized with the Yoast SEO plugin v22.7 - https:\/\/yoast.com\/wordpress\/plugins\/seo\/ -->\n<title>La nueva subida de la cuota de los aut\u00f3nomos en 2022<\/title>\n<meta name=\"description\" content=\"Para 2022 se ha anunciado la nueva subida de la cuota de aut\u00f3nomos, que pasar\u00e1n a pagar 8\u20ac m\u00e1s al mes en caso de cotizar por la base m\u00ednima.\" \/>\n<meta name=\"robots\" content=\"index, follow, max-snippet:-1, max-image-preview:large, max-video-preview:-1\" \/>\n<link rel=\"canonical\" href=\"https:\/\/www.clubdelemprendimiento.com\/blog\/autonomos\/subida-cuota-autonomos-2022\/\" \/>\n<meta property=\"og:locale\" content=\"es_ES\" \/>\n<meta property=\"og:type\" content=\"article\" \/>\n<meta property=\"og:title\" content=\"La nueva subida de la cuota de los aut\u00f3nomos en 2022\" \/>\n<meta property=\"og:description\" content=\"Para 2022 se ha anunciado la nueva subida de la cuota de aut\u00f3nomos, que pasar\u00e1n a pagar 8\u20ac m\u00e1s al mes en caso de cotizar por la base m\u00ednima.\" \/>\n<meta property=\"og:url\" content=\"https:\/\/www.clubdelemprendimiento.com\/blog\/autonomos\/subida-cuota-autonomos-2022\/\" \/>\n<meta property=\"og:site_name\" content=\"Blog Club del Emprendimiento\" \/>\n<meta property=\"article:published_time\" content=\"2022-01-10T11:13:03+00:00\" \/>\n<meta property=\"article:modified_time\" content=\"2022-01-03T11:14:28+00:00\" \/>\n<meta property=\"og:image\" content=\"https:\/\/www.clubdelemprendimiento.com\/blog\/wp-content\/uploads\/2022\/01\/money-gf77e8b73b_1280.png\" \/>\n\t<meta property=\"og:image:width\" content=\"1068\" \/>\n\t<meta property=\"og:image:height\" content=\"1280\" \/>\n\t<meta property=\"og:image:type\" content=\"image\/png\" \/>\n<meta name=\"author\" content=\"Antonio Rodr\u00edguez\" \/>\n<meta name=\"twitter:card\" content=\"summary_large_image\" \/>\n<meta name=\"twitter:label1\" content=\"Escrito por\" \/>\n\t<meta name=\"twitter:data1\" content=\"Antonio Rodr\u00edguez\" \/>\n\t<meta name=\"twitter:label2\" content=\"Tiempo de lectura\" \/>\n\t<meta name=\"twitter:data2\" content=\"2 minutos\" \/>\n<script type=\"application\/ld+json\" class=\"yoast-schema-graph\">{\"@context\":\"https:\/\/schema.org\",\"@graph\":[{\"@type\":\"WebPage\",\"@id\":\"https:\/\/www.clubdelemprendimiento.com\/blog\/autonomos\/subida-cuota-autonomos-2022\/\",\"url\":\"https:\/\/www.clubdelemprendimiento.com\/blog\/autonomos\/subida-cuota-autonomos-2022\/\",\"name\":\"La nueva subida de la cuota de los aut\u00f3nomos en 2022\",\"isPartOf\":{\"@id\":\"https:\/\/www.clubdelemprendimiento.com\/blog\/#website\"},\"primaryImageOfPage\":{\"@id\":\"https:\/\/www.clubdelemprendimiento.com\/blog\/autonomos\/subida-cuota-autonomos-2022\/#primaryimage\"},\"image\":{\"@id\":\"https:\/\/www.clubdelemprendimiento.com\/blog\/autonomos\/subida-cuota-autonomos-2022\/#primaryimage\"},\"thumbnailUrl\":\"https:\/\/www.clubdelemprendimiento.com\/blog\/wp-content\/uploads\/2022\/01\/money-gf77e8b73b_1280.png\",\"datePublished\":\"2022-01-10T11:13:03+00:00\",\"dateModified\":\"2022-01-03T11:14:28+00:00\",\"author\":{\"@id\":\"https:\/\/www.clubdelemprendimiento.com\/blog\/#\/schema\/person\/6625b0e436376eb6954c431218eaea82\"},\"description\":\"Para 2022 se ha anunciado la nueva subida de la cuota de aut\u00f3nomos, que pasar\u00e1n a pagar 8\u20ac m\u00e1s al mes en caso de cotizar por la base m\u00ednima.\",\"breadcrumb\":{\"@id\":\"https:\/\/www.clubdelemprendimiento.com\/blog\/autonomos\/subida-cuota-autonomos-2022\/#breadcrumb\"},\"inLanguage\":\"es\",\"potentialAction\":[{\"@type\":\"ReadAction\",\"target\":[\"https:\/\/www.clubdelemprendimiento.com\/blog\/autonomos\/subida-cuota-autonomos-2022\/\"]}]},{\"@type\":\"ImageObject\",\"inLanguage\":\"es\",\"@id\":\"https:\/\/www.clubdelemprendimiento.com\/blog\/autonomos\/subida-cuota-autonomos-2022\/#primaryimage\",\"url\":\"https:\/\/www.clubdelemprendimiento.com\/blog\/wp-content\/uploads\/2022\/01\/money-gf77e8b73b_1280.png\",\"contentUrl\":\"https:\/\/www.clubdelemprendimiento.com\/blog\/wp-content\/uploads\/2022\/01\/money-gf77e8b73b_1280.png\",\"width\":1068,\"height\":1280,\"caption\":\"subida cuota auton\u00f3mos 2022\"},{\"@type\":\"BreadcrumbList\",\"@id\":\"https:\/\/www.clubdelemprendimiento.com\/blog\/autonomos\/subida-cuota-autonomos-2022\/#breadcrumb\",\"itemListElement\":[{\"@type\":\"ListItem\",\"position\":1,\"name\":\"Home\",\"item\":\"https:\/\/www.clubdelemprendimiento.com\/blog\/\"},{\"@type\":\"ListItem\",\"position\":2,\"name\":\"La nueva subida de la cuota de los aut\u00f3nomos en 2022\"}]},{\"@type\":\"WebSite\",\"@id\":\"https:\/\/www.clubdelemprendimiento.com\/blog\/#website\",\"url\":\"https:\/\/www.clubdelemprendimiento.com\/blog\/\",\"name\":\"Blog Club del Emprendimiento\",\"description\":\"\",\"potentialAction\":[{\"@type\":\"SearchAction\",\"target\":{\"@type\":\"EntryPoint\",\"urlTemplate\":\"https:\/\/www.clubdelemprendimiento.com\/blog\/?s={search_term_string}\"},\"query-input\":\"required name=search_term_string\"}],\"inLanguage\":\"es\"},{\"@type\":\"Person\",\"@id\":\"https:\/\/www.clubdelemprendimiento.com\/blog\/#\/schema\/person\/6625b0e436376eb6954c431218eaea82\",\"name\":\"Antonio Rodr\u00edguez\",\"image\":{\"@type\":\"ImageObject\",\"inLanguage\":\"es\",\"@id\":\"https:\/\/www.clubdelemprendimiento.com\/blog\/#\/schema\/person\/image\/\",\"url\":\"https:\/\/secure.gravatar.com\/avatar\/85888bd37794e8d7625cdd1ee975787c?s=96&d=mm&r=g\",\"contentUrl\":\"https:\/\/secure.gravatar.com\/avatar\/85888bd37794e8d7625cdd1ee975787c?s=96&d=mm&r=g\",\"caption\":\"Antonio Rodr\u00edguez\"},\"url\":\"https:\/\/www.clubdelemprendimiento.com\/blog\/author\/antonio-rodriguez\/\"}]}<\/script>\n<!-- \/ Yoast SEO plugin. -->","yoast_head_json":{"title":"La nueva subida de la cuota de los aut\u00f3nomos en 2022","description":"Para 2022 se ha anunciado la nueva subida de la cuota de aut\u00f3nomos, que pasar\u00e1n a pagar 8\u20ac m\u00e1s al mes en caso de cotizar por la base m\u00ednima.","robots":{"index":"index","follow":"follow","max-snippet":"max-snippet:-1","max-image-preview":"max-image-preview:large","max-video-preview":"max-video-preview:-1"},"canonical":"https:\/\/www.clubdelemprendimiento.com\/blog\/autonomos\/subida-cuota-autonomos-2022\/","og_locale":"es_ES","og_type":"article","og_title":"La nueva subida de la cuota de los aut\u00f3nomos en 2022","og_description":"Para 2022 se ha anunciado la nueva subida de la cuota de aut\u00f3nomos, que pasar\u00e1n a pagar 8\u20ac m\u00e1s al mes en caso de cotizar por la base m\u00ednima.","og_url":"https:\/\/www.clubdelemprendimiento.com\/blog\/autonomos\/subida-cuota-autonomos-2022\/","og_site_name":"Blog Club del Emprendimiento","article_published_time":"2022-01-10T11:13:03+00:00","article_modified_time":"2022-01-03T11:14:28+00:00","og_image":[{"width":1068,"height":1280,"url":"https:\/\/www.clubdelemprendimiento.com\/blog\/wp-content\/uploads\/2022\/01\/money-gf77e8b73b_1280.png","type":"image\/png"}],"author":"Antonio Rodr\u00edguez","twitter_card":"summary_large_image","twitter_misc":{"Escrito por":"Antonio Rodr\u00edguez","Tiempo de lectura":"2 minutos"},"schema":{"@context":"https:\/\/schema.org","@graph":[{"@type":"WebPage","@id":"https:\/\/www.clubdelemprendimiento.com\/blog\/autonomos\/subida-cuota-autonomos-2022\/","url":"https:\/\/www.clubdelemprendimiento.com\/blog\/autonomos\/subida-cuota-autonomos-2022\/","name":"La nueva subida de la cuota de los aut\u00f3nomos en 2022","isPartOf":{"@id":"https:\/\/www.clubdelemprendimiento.com\/blog\/#website"},"primaryImageOfPage":{"@id":"https:\/\/www.clubdelemprendimiento.com\/blog\/autonomos\/subida-cuota-autonomos-2022\/#primaryimage"},"image":{"@id":"https:\/\/www.clubdelemprendimiento.com\/blog\/autonomos\/subida-cuota-autonomos-2022\/#primaryimage"},"thumbnailUrl":"https:\/\/www.clubdelemprendimiento.com\/blog\/wp-content\/uploads\/2022\/01\/money-gf77e8b73b_1280.png","datePublished":"2022-01-10T11:13:03+00:00","dateModified":"2022-01-03T11:14:28+00:00","author":{"@id":"https:\/\/www.clubdelemprendimiento.com\/blog\/#\/schema\/person\/6625b0e436376eb6954c431218eaea82"},"description":"Para 2022 se ha anunciado la nueva subida de la cuota de aut\u00f3nomos, que pasar\u00e1n a pagar 8\u20ac m\u00e1s al mes en caso de cotizar por la base m\u00ednima.","breadcrumb":{"@id":"https:\/\/www.clubdelemprendimiento.com\/blog\/autonomos\/subida-cuota-autonomos-2022\/#breadcrumb"},"inLanguage":"es","potentialAction":[{"@type":"ReadAction","target":["https:\/\/www.clubdelemprendimiento.com\/blog\/autonomos\/subida-cuota-autonomos-2022\/"]}]},{"@type":"ImageObject","inLanguage":"es","@id":"https:\/\/www.clubdelemprendimiento.com\/blog\/autonomos\/subida-cuota-autonomos-2022\/#primaryimage","url":"https:\/\/www.clubdelemprendimiento.com\/blog\/wp-content\/uploads\/2022\/01\/money-gf77e8b73b_1280.png","contentUrl":"https:\/\/www.clubdelemprendimiento.com\/blog\/wp-content\/uploads\/2022\/01\/money-gf77e8b73b_1280.png","width":1068,"height":1280,"caption":"subida cuota auton\u00f3mos 2022"},{"@type":"BreadcrumbList","@id":"https:\/\/www.clubdelemprendimiento.com\/blog\/autonomos\/subida-cuota-autonomos-2022\/#breadcrumb","itemListElement":[{"@type":"ListItem","position":1,"name":"Home","item":"https:\/\/www.clubdelemprendimiento.com\/blog\/"},{"@type":"ListItem","position":2,"name":"La nueva subida de la cuota de los aut\u00f3nomos en 2022"}]},{"@type":"WebSite","@id":"https:\/\/www.clubdelemprendimiento.com\/blog\/#website","url":"https:\/\/www.clubdelemprendimiento.com\/blog\/","name":"Blog Club del Emprendimiento","description":"","potentialAction":[{"@type":"SearchAction","target":{"@type":"EntryPoint","urlTemplate":"https:\/\/www.clubdelemprendimiento.com\/blog\/?s={search_term_string}"},"query-input":"required name=search_term_string"}],"inLanguage":"es"},{"@type":"Person","@id":"https:\/\/www.clubdelemprendimiento.com\/blog\/#\/schema\/person\/6625b0e436376eb6954c431218eaea82","name":"Antonio Rodr\u00edguez","image":{"@type":"ImageObject","inLanguage":"es","@id":"https:\/\/www.clubdelemprendimiento.com\/blog\/#\/schema\/person\/image\/","url":"https:\/\/secure.gravatar.com\/avatar\/85888bd37794e8d7625cdd1ee975787c?s=96&d=mm&r=g","contentUrl":"https:\/\/secure.gravatar.com\/avatar\/85888bd37794e8d7625cdd1ee975787c?s=96&d=mm&r=g","caption":"Antonio Rodr\u00edguez"},"url":"https:\/\/www.clubdelemprendimiento.com\/blog\/author\/antonio-rodriguez\/"}]}},"_links":{"self":[{"href":"https:\/\/www.clubdelemprendimiento.com\/blog\/wp-json\/wp\/v2\/posts\/15475"}],"collection":[{"href":"https:\/\/www.clubdelemprendimiento.com\/blog\/wp-json\/wp\/v2\/posts"}],"about":[{"href":"https:\/\/www.clubdelemprendimiento.com\/blog\/wp-json\/wp\/v2\/types\/post"}],"author":[{"embeddable":true,"href":"https:\/\/www.clubdelemprendimiento.com\/blog\/wp-json\/wp\/v2\/users\/16"}],"replies":[{"embeddable":true,"href":"https:\/\/www.clubdelemprendimiento.com\/blog\/wp-json\/wp\/v2\/comments?post=15475"}],"version-history":[{"count":1,"href":"https:\/\/www.clubdelemprendimiento.com\/blog\/wp-json\/wp\/v2\/posts\/15475\/revisions"}],"predecessor-version":[{"id":15476,"href":"https:\/\/www.clubdelemprendimiento.com\/blog\/wp-json\/wp\/v2\/posts\/15475\/revisions\/15476"}],"wp:featuredmedia":[{"embeddable":true,"href":"https:\/\/www.clubdelemprendimiento.com\/blog\/wp-json\/wp\/v2\/media\/15477"}],"wp:attachment":[{"href":"https:\/\/www.clubdelemprendimiento.com\/blog\/wp-json\/wp\/v2\/media?parent=15475"}],"wp:term":[{"taxonomy":"category","embeddable":true,"href":"https:\/\/www.clubdelemprendimiento.com\/blog\/wp-json\/wp\/v2\/categories?post=15475"},{"taxonomy":"post_tag","embeddable":true,"href":"https:\/\/www.clubdelemprendimiento.com\/blog\/wp-json\/wp\/v2\/tags?post=15475"}],"curies":[{"name":"wp","href":"https:\/\/api.w.org\/{rel}","templated":true}]}}