{"id":15391,"date":"2021-12-17T13:03:25","date_gmt":"2021-12-17T13:03:25","guid":{"rendered":"https:\/\/www.clubdelemprendimiento.com\/blog\/?p=15391"},"modified":"2021-11-30T13:05:36","modified_gmt":"2021-11-30T13:05:36","slug":"la-formacion-de-los-profesionales-para-adaptarse-a-la-digitalizacion","status":"publish","type":"post","link":"https:\/\/www.clubdelemprendimiento.com\/blog\/nuestros-emprendedores\/la-formacion-de-los-profesionales-para-adaptarse-a-la-digitalizacion\/","title":{"rendered":"La formaci\u00f3n de los profesionales para adaptarse a la digitalizaci\u00f3n"},"content":{"rendered":"<p>Lo venimos destacando en los \u00faltimos tiempos: <a href=\"https:\/\/www.clubdelemprendimiento.com\/blog\/nuestros-emprendedores\/las-startups-elemento-fundamental-del-impulso-a-la-digitalizacion\/\">la digitalizaci\u00f3n<\/a> de la econom\u00eda y de la sociedad en general es una realidad incuestionable y de desarrollo imparable. Los negocios \u00edntegramente digitales cada vez son m\u00e1s\u00a0 habituales y en futuro pueden ser la base para competir en el mercado. No obstante, para alcanzar ese escenario, es necesario una <strong>mejora de la formaci\u00f3n de los profesionales para adaptarse a la digitalizaci\u00f3n<\/strong>.<\/p>\n<p>La <strong>formaci\u00f3n es crucial a la hora de mejorar las capacidades de los trabajadores<\/strong> en cuanto a adaptaci\u00f3n al nuevo paradigma tecnol\u00f3gico. Sin formaci\u00f3n no puede haber innovaci\u00f3n en los negocios.<\/p>\n<p>Hoy en d\u00eda, uno de los modelos de negocio m\u00e1s sostenibles y con mejores perspectivas de futuro son las <strong>empresas digitales<\/strong>. Sobre todo, a ra\u00edz de la pandemia, este tipo de compa\u00f1\u00edas han experimentado una competitividad mucho m\u00e1s elevada que en otros casos. Las empresas relacionadas con el <a href=\"https:\/\/www.clubdelemprendimiento.com\/blog\/pymes\/por-que-el-comercio-electronico-sera-clave-en-las-pymes\/\">e-commerce<\/a> o las ventas digitales est\u00e1n viviendo una \u00e9poca dorada de expansi\u00f3n y crecimiento.<\/p>\n<p>Por ello, es <strong>fundamental que las empresas inviertan en m\u00e9todos de formaci\u00f3n empresarial<\/strong> de sus trabajadores para que estos sean capaces de utilizar todas las herramientas de trabajo virtual que actualmente rigen las operaciones empresariales a nivel mundial.<\/p>\n<p>Solo en caso de que los l\u00edderes y profesionales de una empresa est\u00e9n correctamente formados y familiarizados con las t\u00e9cnicas actuales de digitalizaci\u00f3n, podr\u00e1n aprovecharse al m\u00e1ximo las ventajas de la nueva era digital.<\/p>\n<p>Esta formaci\u00f3n, adem\u00e1s,<strong> debe ser continua y especializada<\/strong> en el sector concreto del negocio. La continuidad es clave <strong>debido a que el entorno digital est\u00e1 sometido al cambio constantemente<\/strong>.<\/p>\n<h2>\u00bfPor qu\u00e9 es tan importante una\u00a0 formaci\u00f3n espec\u00edfica y continua de los profesionales en cuanto a digitalizaci\u00f3n?<\/h2>\n<p>La mejora de de las capacidades digitales no solo aporta una <strong>mejor\u00eda de la eficacia y productividad al llevar a cabo estrategias de negocio digital beneficiosas<\/strong>. Tambi\u00e9n es importante como <strong>perspectiva para mejorar las condiciones laborales o la empleabilidad de un trabajador<\/strong>.<\/p>\n<p>Algunos expertos de <a href=\"https:\/\/thevalley.es\/\" target=\"_blank\" rel=\"noopener\"><strong>The Valley<\/strong><\/a>, la escuela de negocios, han desarrollado algunas claves sobre la importancia de la formaci\u00f3n de los profesionales para adaptarse a la digitalizaci\u00f3n definitivamente y como aliciente para alcanzar el \u00e9xito en el \u00e1mbito empresarial.<\/p>\n<p>The Valley indica que la formaci\u00f3n continua y espec\u00edfica de los empleados:<\/p>\n<ul>\n<li>Consigue un tipo de <strong>trabajo m\u00e1s \u00fatil y eficiente<\/strong>, con predominio de <strong>metodolog\u00edas innovadoras y modelos organizativos m\u00e1s eficaces<\/strong>.<\/li>\n<li>Coloca a la empresa a la <strong>vanguardia de las nuevas tendencias digitales<\/strong>. Esto provoca un liderazgo en innovaci\u00f3n de startups o grandes empresas.<\/li>\n<li><strong>Analiza de forma m\u00e1s r\u00e1pida y precisa los datos necesarios<\/strong>. Consigue estructurarlos y transformarlos en una gu\u00eda para la toma de decisiones que conduzca hacia el \u00e9xito.<\/li>\n<li><strong>Definici\u00f3n, implementaci\u00f3n y liderazgo de estrategias 360<\/strong> en el entorno digital empresarial. Es decir, el conocimiento de herramientas de trabajo en red que favorezcan la colaboraci\u00f3n y la agilidad en el trabajo.<\/li>\n<li><strong>Implementaci\u00f3n de una nueva cultura colaborativa basada en la innovaci\u00f3n y el desarrollo continuo de mejores estrategias<\/strong>.\u00a0 La formaci\u00f3n de los trabajadores en cuanto a innovaci\u00f3n es la mejor forma de obtener mejores resultados individuales.<\/li>\n<\/ul>\n<p>&nbsp;<\/p>\n","protected":false},"excerpt":{"rendered":"<p>Lo venimos destacando en los \u00faltimos tiempos: la digitalizaci\u00f3n de la econom\u00eda y de&hellip;<\/p>\n","protected":false},"author":16,"featured_media":15394,"comment_status":"open","ping_status":"open","sticky":false,"template":"","format":"standard","meta":{"_acf_changed":false,"footnotes":""},"categories":[91],"tags":[],"acf":[],"yoast_head":"<!-- This site is optimized with the Yoast SEO plugin v22.7 - https:\/\/yoast.com\/wordpress\/plugins\/seo\/ -->\n<title>La formaci\u00f3n de los profesionales para adaptarse a la digitalizaci\u00f3n<\/title>\n<meta name=\"description\" content=\"Expertos de The Valley han desarrollado algunas claves sobre la importancia de la formaci\u00f3n de los profesionales para adaptarse a la digitalizaci\u00f3n.\" \/>\n<meta name=\"robots\" content=\"index, follow, max-snippet:-1, max-image-preview:large, max-video-preview:-1\" \/>\n<link rel=\"canonical\" href=\"https:\/\/www.clubdelemprendimiento.com\/blog\/nuestros-emprendedores\/la-formacion-de-los-profesionales-para-adaptarse-a-la-digitalizacion\/\" \/>\n<meta property=\"og:locale\" content=\"es_ES\" \/>\n<meta property=\"og:type\" content=\"article\" \/>\n<meta property=\"og:title\" content=\"La formaci\u00f3n de los profesionales para adaptarse a la digitalizaci\u00f3n\" \/>\n<meta property=\"og:description\" content=\"Expertos de The Valley han desarrollado algunas claves sobre la importancia de la formaci\u00f3n de los profesionales para adaptarse a la digitalizaci\u00f3n.\" \/>\n<meta property=\"og:url\" content=\"https:\/\/www.clubdelemprendimiento.com\/blog\/nuestros-emprendedores\/la-formacion-de-los-profesionales-para-adaptarse-a-la-digitalizacion\/\" \/>\n<meta property=\"og:site_name\" content=\"Blog Club del Emprendimiento\" \/>\n<meta property=\"article:published_time\" content=\"2021-12-17T13:03:25+00:00\" \/>\n<meta property=\"article:modified_time\" content=\"2021-11-30T13:05:36+00:00\" \/>\n<meta property=\"og:image\" content=\"https:\/\/www.clubdelemprendimiento.com\/blog\/wp-content\/uploads\/2021\/11\/digitization-g1c199941b_1920.jpg\" \/>\n\t<meta property=\"og:image:width\" content=\"1920\" \/>\n\t<meta property=\"og:image:height\" content=\"1280\" \/>\n\t<meta property=\"og:image:type\" content=\"image\/jpeg\" \/>\n<meta name=\"author\" content=\"Antonio Rodr\u00edguez\" \/>\n<meta name=\"twitter:card\" content=\"summary_large_image\" \/>\n<meta name=\"twitter:label1\" content=\"Escrito por\" \/>\n\t<meta name=\"twitter:data1\" content=\"Antonio Rodr\u00edguez\" \/>\n\t<meta name=\"twitter:label2\" content=\"Tiempo de lectura\" \/>\n\t<meta name=\"twitter:data2\" content=\"3 minutos\" \/>\n<script type=\"application\/ld+json\" class=\"yoast-schema-graph\">{\"@context\":\"https:\/\/schema.org\",\"@graph\":[{\"@type\":\"WebPage\",\"@id\":\"https:\/\/www.clubdelemprendimiento.com\/blog\/nuestros-emprendedores\/la-formacion-de-los-profesionales-para-adaptarse-a-la-digitalizacion\/\",\"url\":\"https:\/\/www.clubdelemprendimiento.com\/blog\/nuestros-emprendedores\/la-formacion-de-los-profesionales-para-adaptarse-a-la-digitalizacion\/\",\"name\":\"La formaci\u00f3n de los profesionales para adaptarse a la digitalizaci\u00f3n\",\"isPartOf\":{\"@id\":\"https:\/\/www.clubdelemprendimiento.com\/blog\/#website\"},\"primaryImageOfPage\":{\"@id\":\"https:\/\/www.clubdelemprendimiento.com\/blog\/nuestros-emprendedores\/la-formacion-de-los-profesionales-para-adaptarse-a-la-digitalizacion\/#primaryimage\"},\"image\":{\"@id\":\"https:\/\/www.clubdelemprendimiento.com\/blog\/nuestros-emprendedores\/la-formacion-de-los-profesionales-para-adaptarse-a-la-digitalizacion\/#primaryimage\"},\"thumbnailUrl\":\"https:\/\/www.clubdelemprendimiento.com\/blog\/wp-content\/uploads\/2021\/11\/digitization-g1c199941b_1920.jpg\",\"datePublished\":\"2021-12-17T13:03:25+00:00\",\"dateModified\":\"2021-11-30T13:05:36+00:00\",\"author\":{\"@id\":\"https:\/\/www.clubdelemprendimiento.com\/blog\/#\/schema\/person\/6625b0e436376eb6954c431218eaea82\"},\"description\":\"Expertos de The Valley han desarrollado algunas claves sobre la importancia de la formaci\u00f3n de los profesionales para adaptarse a la digitalizaci\u00f3n.\",\"breadcrumb\":{\"@id\":\"https:\/\/www.clubdelemprendimiento.com\/blog\/nuestros-emprendedores\/la-formacion-de-los-profesionales-para-adaptarse-a-la-digitalizacion\/#breadcrumb\"},\"inLanguage\":\"es\",\"potentialAction\":[{\"@type\":\"ReadAction\",\"target\":[\"https:\/\/www.clubdelemprendimiento.com\/blog\/nuestros-emprendedores\/la-formacion-de-los-profesionales-para-adaptarse-a-la-digitalizacion\/\"]}]},{\"@type\":\"ImageObject\",\"inLanguage\":\"es\",\"@id\":\"https:\/\/www.clubdelemprendimiento.com\/blog\/nuestros-emprendedores\/la-formacion-de-los-profesionales-para-adaptarse-a-la-digitalizacion\/#primaryimage\",\"url\":\"https:\/\/www.clubdelemprendimiento.com\/blog\/wp-content\/uploads\/2021\/11\/digitization-g1c199941b_1920.jpg\",\"contentUrl\":\"https:\/\/www.clubdelemprendimiento.com\/blog\/wp-content\/uploads\/2021\/11\/digitization-g1c199941b_1920.jpg\",\"width\":1920,\"height\":1280,\"caption\":\"formaci\u00f3n de profesionales digitalizaci\u00f3n\"},{\"@type\":\"BreadcrumbList\",\"@id\":\"https:\/\/www.clubdelemprendimiento.com\/blog\/nuestros-emprendedores\/la-formacion-de-los-profesionales-para-adaptarse-a-la-digitalizacion\/#breadcrumb\",\"itemListElement\":[{\"@type\":\"ListItem\",\"position\":1,\"name\":\"Home\",\"item\":\"https:\/\/www.clubdelemprendimiento.com\/blog\/\"},{\"@type\":\"ListItem\",\"position\":2,\"name\":\"La formaci\u00f3n de los profesionales para adaptarse a la digitalizaci\u00f3n\"}]},{\"@type\":\"WebSite\",\"@id\":\"https:\/\/www.clubdelemprendimiento.com\/blog\/#website\",\"url\":\"https:\/\/www.clubdelemprendimiento.com\/blog\/\",\"name\":\"Blog Club del Emprendimiento\",\"description\":\"\",\"potentialAction\":[{\"@type\":\"SearchAction\",\"target\":{\"@type\":\"EntryPoint\",\"urlTemplate\":\"https:\/\/www.clubdelemprendimiento.com\/blog\/?s={search_term_string}\"},\"query-input\":\"required name=search_term_string\"}],\"inLanguage\":\"es\"},{\"@type\":\"Person\",\"@id\":\"https:\/\/www.clubdelemprendimiento.com\/blog\/#\/schema\/person\/6625b0e436376eb6954c431218eaea82\",\"name\":\"Antonio Rodr\u00edguez\",\"image\":{\"@type\":\"ImageObject\",\"inLanguage\":\"es\",\"@id\":\"https:\/\/www.clubdelemprendimiento.com\/blog\/#\/schema\/person\/image\/\",\"url\":\"https:\/\/secure.gravatar.com\/avatar\/85888bd37794e8d7625cdd1ee975787c?s=96&d=mm&r=g\",\"contentUrl\":\"https:\/\/secure.gravatar.com\/avatar\/85888bd37794e8d7625cdd1ee975787c?s=96&d=mm&r=g\",\"caption\":\"Antonio Rodr\u00edguez\"},\"url\":\"https:\/\/www.clubdelemprendimiento.com\/blog\/author\/antonio-rodriguez\/\"}]}<\/script>\n<!-- \/ Yoast SEO plugin. -->","yoast_head_json":{"title":"La formaci\u00f3n de los profesionales para adaptarse a la digitalizaci\u00f3n","description":"Expertos de The Valley han desarrollado algunas claves sobre la importancia de la formaci\u00f3n de los profesionales para adaptarse a la digitalizaci\u00f3n.","robots":{"index":"index","follow":"follow","max-snippet":"max-snippet:-1","max-image-preview":"max-image-preview:large","max-video-preview":"max-video-preview:-1"},"canonical":"https:\/\/www.clubdelemprendimiento.com\/blog\/nuestros-emprendedores\/la-formacion-de-los-profesionales-para-adaptarse-a-la-digitalizacion\/","og_locale":"es_ES","og_type":"article","og_title":"La formaci\u00f3n de los profesionales para adaptarse a la digitalizaci\u00f3n","og_description":"Expertos de The Valley han desarrollado algunas claves sobre la importancia de la formaci\u00f3n de los profesionales para adaptarse a la digitalizaci\u00f3n.","og_url":"https:\/\/www.clubdelemprendimiento.com\/blog\/nuestros-emprendedores\/la-formacion-de-los-profesionales-para-adaptarse-a-la-digitalizacion\/","og_site_name":"Blog Club del Emprendimiento","article_published_time":"2021-12-17T13:03:25+00:00","article_modified_time":"2021-11-30T13:05:36+00:00","og_image":[{"width":1920,"height":1280,"url":"https:\/\/www.clubdelemprendimiento.com\/blog\/wp-content\/uploads\/2021\/11\/digitization-g1c199941b_1920.jpg","type":"image\/jpeg"}],"author":"Antonio Rodr\u00edguez","twitter_card":"summary_large_image","twitter_misc":{"Escrito por":"Antonio Rodr\u00edguez","Tiempo de lectura":"3 minutos"},"schema":{"@context":"https:\/\/schema.org","@graph":[{"@type":"WebPage","@id":"https:\/\/www.clubdelemprendimiento.com\/blog\/nuestros-emprendedores\/la-formacion-de-los-profesionales-para-adaptarse-a-la-digitalizacion\/","url":"https:\/\/www.clubdelemprendimiento.com\/blog\/nuestros-emprendedores\/la-formacion-de-los-profesionales-para-adaptarse-a-la-digitalizacion\/","name":"La formaci\u00f3n de los profesionales para adaptarse a la digitalizaci\u00f3n","isPartOf":{"@id":"https:\/\/www.clubdelemprendimiento.com\/blog\/#website"},"primaryImageOfPage":{"@id":"https:\/\/www.clubdelemprendimiento.com\/blog\/nuestros-emprendedores\/la-formacion-de-los-profesionales-para-adaptarse-a-la-digitalizacion\/#primaryimage"},"image":{"@id":"https:\/\/www.clubdelemprendimiento.com\/blog\/nuestros-emprendedores\/la-formacion-de-los-profesionales-para-adaptarse-a-la-digitalizacion\/#primaryimage"},"thumbnailUrl":"https:\/\/www.clubdelemprendimiento.com\/blog\/wp-content\/uploads\/2021\/11\/digitization-g1c199941b_1920.jpg","datePublished":"2021-12-17T13:03:25+00:00","dateModified":"2021-11-30T13:05:36+00:00","author":{"@id":"https:\/\/www.clubdelemprendimiento.com\/blog\/#\/schema\/person\/6625b0e436376eb6954c431218eaea82"},"description":"Expertos de The Valley han desarrollado algunas claves sobre la importancia de la formaci\u00f3n de los profesionales para adaptarse a la digitalizaci\u00f3n.","breadcrumb":{"@id":"https:\/\/www.clubdelemprendimiento.com\/blog\/nuestros-emprendedores\/la-formacion-de-los-profesionales-para-adaptarse-a-la-digitalizacion\/#breadcrumb"},"inLanguage":"es","potentialAction":[{"@type":"ReadAction","target":["https:\/\/www.clubdelemprendimiento.com\/blog\/nuestros-emprendedores\/la-formacion-de-los-profesionales-para-adaptarse-a-la-digitalizacion\/"]}]},{"@type":"ImageObject","inLanguage":"es","@id":"https:\/\/www.clubdelemprendimiento.com\/blog\/nuestros-emprendedores\/la-formacion-de-los-profesionales-para-adaptarse-a-la-digitalizacion\/#primaryimage","url":"https:\/\/www.clubdelemprendimiento.com\/blog\/wp-content\/uploads\/2021\/11\/digitization-g1c199941b_1920.jpg","contentUrl":"https:\/\/www.clubdelemprendimiento.com\/blog\/wp-content\/uploads\/2021\/11\/digitization-g1c199941b_1920.jpg","width":1920,"height":1280,"caption":"formaci\u00f3n de profesionales digitalizaci\u00f3n"},{"@type":"BreadcrumbList","@id":"https:\/\/www.clubdelemprendimiento.com\/blog\/nuestros-emprendedores\/la-formacion-de-los-profesionales-para-adaptarse-a-la-digitalizacion\/#breadcrumb","itemListElement":[{"@type":"ListItem","position":1,"name":"Home","item":"https:\/\/www.clubdelemprendimiento.com\/blog\/"},{"@type":"ListItem","position":2,"name":"La formaci\u00f3n de los profesionales para adaptarse a la digitalizaci\u00f3n"}]},{"@type":"WebSite","@id":"https:\/\/www.clubdelemprendimiento.com\/blog\/#website","url":"https:\/\/www.clubdelemprendimiento.com\/blog\/","name":"Blog Club del Emprendimiento","description":"","potentialAction":[{"@type":"SearchAction","target":{"@type":"EntryPoint","urlTemplate":"https:\/\/www.clubdelemprendimiento.com\/blog\/?s={search_term_string}"},"query-input":"required name=search_term_string"}],"inLanguage":"es"},{"@type":"Person","@id":"https:\/\/www.clubdelemprendimiento.com\/blog\/#\/schema\/person\/6625b0e436376eb6954c431218eaea82","name":"Antonio Rodr\u00edguez","image":{"@type":"ImageObject","inLanguage":"es","@id":"https:\/\/www.clubdelemprendimiento.com\/blog\/#\/schema\/person\/image\/","url":"https:\/\/secure.gravatar.com\/avatar\/85888bd37794e8d7625cdd1ee975787c?s=96&d=mm&r=g","contentUrl":"https:\/\/secure.gravatar.com\/avatar\/85888bd37794e8d7625cdd1ee975787c?s=96&d=mm&r=g","caption":"Antonio Rodr\u00edguez"},"url":"https:\/\/www.clubdelemprendimiento.com\/blog\/author\/antonio-rodriguez\/"}]}},"_links":{"self":[{"href":"https:\/\/www.clubdelemprendimiento.com\/blog\/wp-json\/wp\/v2\/posts\/15391"}],"collection":[{"href":"https:\/\/www.clubdelemprendimiento.com\/blog\/wp-json\/wp\/v2\/posts"}],"about":[{"href":"https:\/\/www.clubdelemprendimiento.com\/blog\/wp-json\/wp\/v2\/types\/post"}],"author":[{"embeddable":true,"href":"https:\/\/www.clubdelemprendimiento.com\/blog\/wp-json\/wp\/v2\/users\/16"}],"replies":[{"embeddable":true,"href":"https:\/\/www.clubdelemprendimiento.com\/blog\/wp-json\/wp\/v2\/comments?post=15391"}],"version-history":[{"count":2,"href":"https:\/\/www.clubdelemprendimiento.com\/blog\/wp-json\/wp\/v2\/posts\/15391\/revisions"}],"predecessor-version":[{"id":15393,"href":"https:\/\/www.clubdelemprendimiento.com\/blog\/wp-json\/wp\/v2\/posts\/15391\/revisions\/15393"}],"wp:featuredmedia":[{"embeddable":true,"href":"https:\/\/www.clubdelemprendimiento.com\/blog\/wp-json\/wp\/v2\/media\/15394"}],"wp:attachment":[{"href":"https:\/\/www.clubdelemprendimiento.com\/blog\/wp-json\/wp\/v2\/media?parent=15391"}],"wp:term":[{"taxonomy":"category","embeddable":true,"href":"https:\/\/www.clubdelemprendimiento.com\/blog\/wp-json\/wp\/v2\/categories?post=15391"},{"taxonomy":"post_tag","embeddable":true,"href":"https:\/\/www.clubdelemprendimiento.com\/blog\/wp-json\/wp\/v2\/tags?post=15391"}],"curies":[{"name":"wp","href":"https:\/\/api.w.org\/{rel}","templated":true}]}}