{"id":15378,"date":"2021-11-29T08:03:04","date_gmt":"2021-11-29T08:03:04","guid":{"rendered":"https:\/\/www.clubdelemprendimiento.com\/blog\/?p=15378"},"modified":"2021-11-26T08:12:59","modified_gmt":"2021-11-26T08:12:59","slug":"celebracion-del-ix-foro-de-empleo-y-emprendimiento-inclusivos","status":"publish","type":"post","link":"https:\/\/www.clubdelemprendimiento.com\/blog\/nuestros-emprendedores\/celebracion-del-ix-foro-de-empleo-y-emprendimiento-inclusivos\/","title":{"rendered":"Celebraci\u00f3n del IX foro de empleo y emprendimiento inclusivos"},"content":{"rendered":"<p>Este a\u00f1o y desde hace nueve a\u00f1os se celebra el IX Foro de empleo y emprendimiento inclusivos organizado por <a href=\"https:\/\/www.accioncontraelhambre.org\/es\/red-europea-de-innovacion-social-para-el-empleo-y-emprendimiento-inclusivos-0\" target=\"_blank\" rel=\"noopener\">Red Europea de Innovaci\u00f3n por la Inclusi\u00f3n<\/a> liderada por Acci\u00f3n contra el Hambre. En \u00e9l empresas, entidades p\u00fablicas y sociales comparten experiencias y tendencias de innovaci\u00f3n social por la inclusi\u00f3n.<\/p>\n<p>El objetivo de esta IX edici\u00f3n es <strong>promover la innovaci\u00f3n en el ecosistema europeo de acci\u00f3n social, tratando nuevas oportunidades y tendencias para un futuro del empleo m\u00e1s inclusivo.<\/strong><\/p>\n<h2>\u00bfD\u00f3nde y cu\u00e1ndo se celebra?<\/h2>\n<p>El IX foro de empleo y emprendimiento inclusivo se celebrar\u00e1 el pr\u00f3ximo jueves, 2 de diciembre en el Espacio Bertelsmann, Calle de O&#8217;Donnell, n\u00ba10 de Madrid. Comenzar\u00e1 a las 9:00 y finalizar\u00e1 a las 14:30. Se espera la presencia de alrededor de 200 personas acudir\u00e1n entre entidades del tercer sector y empresas, de diferentes sectores, colaboradoras con Acci\u00f3n contra el Hambre. Personas de RRHH y RSE.<\/p>\n<p>El evento se dividir\u00e1 en tres partes. En la primera de ellas tendr\u00e1n lugar las <strong>ponencias<\/strong>. Entre los ponentes se encuentran el director de Ingenier\u00eda T\u00e9cnica y Acci\u00f3n Social en Acci\u00f3n contra el Hambre, Luis Gonzalez Mu\u00f1oz; subdirector General de la Unidad Administradora del Fondo Social Europeo (UAFSE), Angel M\u00aa Garc\u00eda-Frontelo; Gender ED en la Fundaci\u00f3n Bertelsmann (ganadora BP empleo), Sara S\u00e1nchez y Deputy Director, Employment, Labour and Social Affairs en la OECD, Mark Pearson.<\/p>\n<p>En el segundo bloque se realizar\u00e1 un <strong>debate<\/strong> entre entidades de emprendimiento rural, empleo verde y transformaci\u00f3n digital. Para poner el broche final a esta edici\u00f3n, se har\u00e1 la <strong>entrega de premios<\/strong> convocatoria de buenas pr\u00e1cticas de la Red Europea de Innovaci\u00f3n por la inclusi\u00f3n y clausura.<\/p>\n<h2>Programa IX foro de empleo y emprendimiento inclusivos<\/h2>\n<p>El evento se divide por tem\u00e1ticas, te contamos cu\u00e1les son a trav\u00e9s del programa establecido por la organizaci\u00f3n.<\/p>\n<ul>\n<li>9:00 a 9:30: registro de participantes.<\/li>\n<li>9:30 a 9:50: nuevos fondos, nuevas alianzas y nuevas perspectivas.<\/li>\n<li>9:50 a 10:45: nuevas y mejores herramientas para la empleabilidad.<\/li>\n<li>10:45 a 11:45: otros factores que influyen positivamente en la empleabilidad.<\/li>\n<li>11:45 a 12:15: descanso y networking.<\/li>\n<li>12:15 a 13:15: nuevas oportunidades y tendencias para un futuro del empleo m\u00e1s inclusivo.<\/li>\n<li>13:15 a 13:45: entrega de premios.<\/li>\n<li>13:45 a 14:30: aperitivo.<\/li>\n<\/ul>\n<p>&nbsp;<\/p>\n","protected":false},"excerpt":{"rendered":"<p>Este a\u00f1o y desde hace nueve a\u00f1os se celebra el IX Foro de empleo&hellip;<\/p>\n","protected":false},"author":14,"featured_media":15379,"comment_status":"open","ping_status":"open","sticky":false,"template":"","format":"standard","meta":{"_acf_changed":false,"footnotes":""},"categories":[91],"tags":[],"acf":[],"yoast_head":"<!-- This site is optimized with the Yoast SEO plugin v22.7 - https:\/\/yoast.com\/wordpress\/plugins\/seo\/ -->\n<title>Celebraci\u00f3n del IX foro de empleo y emprendimiento inclusivos<\/title>\n<meta name=\"description\" content=\"El 2 de diciembre se celebra el IX foro de empleo y emprendimiento inclusivos en el Espacio Bertelsmann para promover la innovaci\u00f3n en el ecosistema europeo\" \/>\n<meta name=\"robots\" content=\"index, follow, max-snippet:-1, max-image-preview:large, max-video-preview:-1\" \/>\n<link rel=\"canonical\" href=\"https:\/\/www.clubdelemprendimiento.com\/blog\/nuestros-emprendedores\/celebracion-del-ix-foro-de-empleo-y-emprendimiento-inclusivos\/\" \/>\n<meta property=\"og:locale\" content=\"es_ES\" \/>\n<meta property=\"og:type\" content=\"article\" \/>\n<meta property=\"og:title\" content=\"Celebraci\u00f3n del IX foro de empleo y emprendimiento inclusivos\" \/>\n<meta property=\"og:description\" content=\"El 2 de diciembre se celebra el IX foro de empleo y emprendimiento inclusivos en el Espacio Bertelsmann para promover la innovaci\u00f3n en el ecosistema europeo\" \/>\n<meta property=\"og:url\" content=\"https:\/\/www.clubdelemprendimiento.com\/blog\/nuestros-emprendedores\/celebracion-del-ix-foro-de-empleo-y-emprendimiento-inclusivos\/\" \/>\n<meta property=\"og:site_name\" content=\"Blog Club del Emprendimiento\" \/>\n<meta property=\"article:published_time\" content=\"2021-11-29T08:03:04+00:00\" \/>\n<meta property=\"article:modified_time\" content=\"2021-11-26T08:12:59+00:00\" \/>\n<meta property=\"og:image\" content=\"https:\/\/www.clubdelemprendimiento.com\/blog\/wp-content\/uploads\/2021\/11\/pexels-luis-quintero-2774556-1030x687.jpg\" \/>\n\t<meta property=\"og:image:width\" content=\"1030\" \/>\n\t<meta property=\"og:image:height\" content=\"687\" \/>\n\t<meta property=\"og:image:type\" content=\"image\/jpeg\" \/>\n<meta name=\"author\" content=\"Nerea Merino\" \/>\n<meta name=\"twitter:card\" content=\"summary_large_image\" \/>\n<meta name=\"twitter:label1\" content=\"Escrito por\" \/>\n\t<meta name=\"twitter:data1\" content=\"Nerea Merino\" \/>\n\t<meta name=\"twitter:label2\" content=\"Tiempo de lectura\" \/>\n\t<meta name=\"twitter:data2\" content=\"2 minutos\" \/>\n<script type=\"application\/ld+json\" class=\"yoast-schema-graph\">{\"@context\":\"https:\/\/schema.org\",\"@graph\":[{\"@type\":\"WebPage\",\"@id\":\"https:\/\/www.clubdelemprendimiento.com\/blog\/nuestros-emprendedores\/celebracion-del-ix-foro-de-empleo-y-emprendimiento-inclusivos\/\",\"url\":\"https:\/\/www.clubdelemprendimiento.com\/blog\/nuestros-emprendedores\/celebracion-del-ix-foro-de-empleo-y-emprendimiento-inclusivos\/\",\"name\":\"Celebraci\u00f3n del IX foro de empleo y emprendimiento inclusivos\",\"isPartOf\":{\"@id\":\"https:\/\/www.clubdelemprendimiento.com\/blog\/#website\"},\"primaryImageOfPage\":{\"@id\":\"https:\/\/www.clubdelemprendimiento.com\/blog\/nuestros-emprendedores\/celebracion-del-ix-foro-de-empleo-y-emprendimiento-inclusivos\/#primaryimage\"},\"image\":{\"@id\":\"https:\/\/www.clubdelemprendimiento.com\/blog\/nuestros-emprendedores\/celebracion-del-ix-foro-de-empleo-y-emprendimiento-inclusivos\/#primaryimage\"},\"thumbnailUrl\":\"https:\/\/www.clubdelemprendimiento.com\/blog\/wp-content\/uploads\/2021\/11\/pexels-luis-quintero-2774556.jpg\",\"datePublished\":\"2021-11-29T08:03:04+00:00\",\"dateModified\":\"2021-11-26T08:12:59+00:00\",\"author\":{\"@id\":\"https:\/\/www.clubdelemprendimiento.com\/blog\/#\/schema\/person\/a82ce0fc1281064b1cab4855c351cea7\"},\"description\":\"El 2 de diciembre se celebra el IX foro de empleo y emprendimiento inclusivos en el Espacio Bertelsmann para promover la innovaci\u00f3n en el ecosistema europeo\",\"breadcrumb\":{\"@id\":\"https:\/\/www.clubdelemprendimiento.com\/blog\/nuestros-emprendedores\/celebracion-del-ix-foro-de-empleo-y-emprendimiento-inclusivos\/#breadcrumb\"},\"inLanguage\":\"es\",\"potentialAction\":[{\"@type\":\"ReadAction\",\"target\":[\"https:\/\/www.clubdelemprendimiento.com\/blog\/nuestros-emprendedores\/celebracion-del-ix-foro-de-empleo-y-emprendimiento-inclusivos\/\"]}]},{\"@type\":\"ImageObject\",\"inLanguage\":\"es\",\"@id\":\"https:\/\/www.clubdelemprendimiento.com\/blog\/nuestros-emprendedores\/celebracion-del-ix-foro-de-empleo-y-emprendimiento-inclusivos\/#primaryimage\",\"url\":\"https:\/\/www.clubdelemprendimiento.com\/blog\/wp-content\/uploads\/2021\/11\/pexels-luis-quintero-2774556.jpg\",\"contentUrl\":\"https:\/\/www.clubdelemprendimiento.com\/blog\/wp-content\/uploads\/2021\/11\/pexels-luis-quintero-2774556.jpg\",\"width\":6240,\"height\":4160,\"caption\":\"foro de empleo y emprendimiento inclusivos\"},{\"@type\":\"BreadcrumbList\",\"@id\":\"https:\/\/www.clubdelemprendimiento.com\/blog\/nuestros-emprendedores\/celebracion-del-ix-foro-de-empleo-y-emprendimiento-inclusivos\/#breadcrumb\",\"itemListElement\":[{\"@type\":\"ListItem\",\"position\":1,\"name\":\"Home\",\"item\":\"https:\/\/www.clubdelemprendimiento.com\/blog\/\"},{\"@type\":\"ListItem\",\"position\":2,\"name\":\"Celebraci\u00f3n del IX foro de empleo y emprendimiento inclusivos\"}]},{\"@type\":\"WebSite\",\"@id\":\"https:\/\/www.clubdelemprendimiento.com\/blog\/#website\",\"url\":\"https:\/\/www.clubdelemprendimiento.com\/blog\/\",\"name\":\"Blog Club del Emprendimiento\",\"description\":\"\",\"potentialAction\":[{\"@type\":\"SearchAction\",\"target\":{\"@type\":\"EntryPoint\",\"urlTemplate\":\"https:\/\/www.clubdelemprendimiento.com\/blog\/?s={search_term_string}\"},\"query-input\":\"required name=search_term_string\"}],\"inLanguage\":\"es\"},{\"@type\":\"Person\",\"@id\":\"https:\/\/www.clubdelemprendimiento.com\/blog\/#\/schema\/person\/a82ce0fc1281064b1cab4855c351cea7\",\"name\":\"Nerea Merino\",\"image\":{\"@type\":\"ImageObject\",\"inLanguage\":\"es\",\"@id\":\"https:\/\/www.clubdelemprendimiento.com\/blog\/#\/schema\/person\/image\/\",\"url\":\"https:\/\/secure.gravatar.com\/avatar\/3b1c906b7b4a65b22c04d52a020d4815?s=96&d=mm&r=g\",\"contentUrl\":\"https:\/\/secure.gravatar.com\/avatar\/3b1c906b7b4a65b22c04d52a020d4815?s=96&d=mm&r=g\",\"caption\":\"Nerea Merino\"},\"url\":\"https:\/\/www.clubdelemprendimiento.com\/blog\/author\/nerea\/\"}]}<\/script>\n<!-- \/ Yoast SEO plugin. -->","yoast_head_json":{"title":"Celebraci\u00f3n del IX foro de empleo y emprendimiento inclusivos","description":"El 2 de diciembre se celebra el IX foro de empleo y emprendimiento inclusivos en el Espacio Bertelsmann para promover la innovaci\u00f3n en el ecosistema europeo","robots":{"index":"index","follow":"follow","max-snippet":"max-snippet:-1","max-image-preview":"max-image-preview:large","max-video-preview":"max-video-preview:-1"},"canonical":"https:\/\/www.clubdelemprendimiento.com\/blog\/nuestros-emprendedores\/celebracion-del-ix-foro-de-empleo-y-emprendimiento-inclusivos\/","og_locale":"es_ES","og_type":"article","og_title":"Celebraci\u00f3n del IX foro de empleo y emprendimiento inclusivos","og_description":"El 2 de diciembre se celebra el IX foro de empleo y emprendimiento inclusivos en el Espacio Bertelsmann para promover la innovaci\u00f3n en el ecosistema europeo","og_url":"https:\/\/www.clubdelemprendimiento.com\/blog\/nuestros-emprendedores\/celebracion-del-ix-foro-de-empleo-y-emprendimiento-inclusivos\/","og_site_name":"Blog Club del Emprendimiento","article_published_time":"2021-11-29T08:03:04+00:00","article_modified_time":"2021-11-26T08:12:59+00:00","og_image":[{"width":1030,"height":687,"url":"https:\/\/www.clubdelemprendimiento.com\/blog\/wp-content\/uploads\/2021\/11\/pexels-luis-quintero-2774556-1030x687.jpg","type":"image\/jpeg"}],"author":"Nerea Merino","twitter_card":"summary_large_image","twitter_misc":{"Escrito por":"Nerea Merino","Tiempo de lectura":"2 minutos"},"schema":{"@context":"https:\/\/schema.org","@graph":[{"@type":"WebPage","@id":"https:\/\/www.clubdelemprendimiento.com\/blog\/nuestros-emprendedores\/celebracion-del-ix-foro-de-empleo-y-emprendimiento-inclusivos\/","url":"https:\/\/www.clubdelemprendimiento.com\/blog\/nuestros-emprendedores\/celebracion-del-ix-foro-de-empleo-y-emprendimiento-inclusivos\/","name":"Celebraci\u00f3n del IX foro de empleo y emprendimiento inclusivos","isPartOf":{"@id":"https:\/\/www.clubdelemprendimiento.com\/blog\/#website"},"primaryImageOfPage":{"@id":"https:\/\/www.clubdelemprendimiento.com\/blog\/nuestros-emprendedores\/celebracion-del-ix-foro-de-empleo-y-emprendimiento-inclusivos\/#primaryimage"},"image":{"@id":"https:\/\/www.clubdelemprendimiento.com\/blog\/nuestros-emprendedores\/celebracion-del-ix-foro-de-empleo-y-emprendimiento-inclusivos\/#primaryimage"},"thumbnailUrl":"https:\/\/www.clubdelemprendimiento.com\/blog\/wp-content\/uploads\/2021\/11\/pexels-luis-quintero-2774556.jpg","datePublished":"2021-11-29T08:03:04+00:00","dateModified":"2021-11-26T08:12:59+00:00","author":{"@id":"https:\/\/www.clubdelemprendimiento.com\/blog\/#\/schema\/person\/a82ce0fc1281064b1cab4855c351cea7"},"description":"El 2 de diciembre se celebra el IX foro de empleo y emprendimiento inclusivos en el Espacio Bertelsmann para promover la innovaci\u00f3n en el ecosistema europeo","breadcrumb":{"@id":"https:\/\/www.clubdelemprendimiento.com\/blog\/nuestros-emprendedores\/celebracion-del-ix-foro-de-empleo-y-emprendimiento-inclusivos\/#breadcrumb"},"inLanguage":"es","potentialAction":[{"@type":"ReadAction","target":["https:\/\/www.clubdelemprendimiento.com\/blog\/nuestros-emprendedores\/celebracion-del-ix-foro-de-empleo-y-emprendimiento-inclusivos\/"]}]},{"@type":"ImageObject","inLanguage":"es","@id":"https:\/\/www.clubdelemprendimiento.com\/blog\/nuestros-emprendedores\/celebracion-del-ix-foro-de-empleo-y-emprendimiento-inclusivos\/#primaryimage","url":"https:\/\/www.clubdelemprendimiento.com\/blog\/wp-content\/uploads\/2021\/11\/pexels-luis-quintero-2774556.jpg","contentUrl":"https:\/\/www.clubdelemprendimiento.com\/blog\/wp-content\/uploads\/2021\/11\/pexels-luis-quintero-2774556.jpg","width":6240,"height":4160,"caption":"foro de empleo y emprendimiento inclusivos"},{"@type":"BreadcrumbList","@id":"https:\/\/www.clubdelemprendimiento.com\/blog\/nuestros-emprendedores\/celebracion-del-ix-foro-de-empleo-y-emprendimiento-inclusivos\/#breadcrumb","itemListElement":[{"@type":"ListItem","position":1,"name":"Home","item":"https:\/\/www.clubdelemprendimiento.com\/blog\/"},{"@type":"ListItem","position":2,"name":"Celebraci\u00f3n del IX foro de empleo y emprendimiento inclusivos"}]},{"@type":"WebSite","@id":"https:\/\/www.clubdelemprendimiento.com\/blog\/#website","url":"https:\/\/www.clubdelemprendimiento.com\/blog\/","name":"Blog Club del Emprendimiento","description":"","potentialAction":[{"@type":"SearchAction","target":{"@type":"EntryPoint","urlTemplate":"https:\/\/www.clubdelemprendimiento.com\/blog\/?s={search_term_string}"},"query-input":"required name=search_term_string"}],"inLanguage":"es"},{"@type":"Person","@id":"https:\/\/www.clubdelemprendimiento.com\/blog\/#\/schema\/person\/a82ce0fc1281064b1cab4855c351cea7","name":"Nerea Merino","image":{"@type":"ImageObject","inLanguage":"es","@id":"https:\/\/www.clubdelemprendimiento.com\/blog\/#\/schema\/person\/image\/","url":"https:\/\/secure.gravatar.com\/avatar\/3b1c906b7b4a65b22c04d52a020d4815?s=96&d=mm&r=g","contentUrl":"https:\/\/secure.gravatar.com\/avatar\/3b1c906b7b4a65b22c04d52a020d4815?s=96&d=mm&r=g","caption":"Nerea Merino"},"url":"https:\/\/www.clubdelemprendimiento.com\/blog\/author\/nerea\/"}]}},"_links":{"self":[{"href":"https:\/\/www.clubdelemprendimiento.com\/blog\/wp-json\/wp\/v2\/posts\/15378"}],"collection":[{"href":"https:\/\/www.clubdelemprendimiento.com\/blog\/wp-json\/wp\/v2\/posts"}],"about":[{"href":"https:\/\/www.clubdelemprendimiento.com\/blog\/wp-json\/wp\/v2\/types\/post"}],"author":[{"embeddable":true,"href":"https:\/\/www.clubdelemprendimiento.com\/blog\/wp-json\/wp\/v2\/users\/14"}],"replies":[{"embeddable":true,"href":"https:\/\/www.clubdelemprendimiento.com\/blog\/wp-json\/wp\/v2\/comments?post=15378"}],"version-history":[{"count":1,"href":"https:\/\/www.clubdelemprendimiento.com\/blog\/wp-json\/wp\/v2\/posts\/15378\/revisions"}],"predecessor-version":[{"id":15380,"href":"https:\/\/www.clubdelemprendimiento.com\/blog\/wp-json\/wp\/v2\/posts\/15378\/revisions\/15380"}],"wp:featuredmedia":[{"embeddable":true,"href":"https:\/\/www.clubdelemprendimiento.com\/blog\/wp-json\/wp\/v2\/media\/15379"}],"wp:attachment":[{"href":"https:\/\/www.clubdelemprendimiento.com\/blog\/wp-json\/wp\/v2\/media?parent=15378"}],"wp:term":[{"taxonomy":"category","embeddable":true,"href":"https:\/\/www.clubdelemprendimiento.com\/blog\/wp-json\/wp\/v2\/categories?post=15378"},{"taxonomy":"post_tag","embeddable":true,"href":"https:\/\/www.clubdelemprendimiento.com\/blog\/wp-json\/wp\/v2\/tags?post=15378"}],"curies":[{"name":"wp","href":"https:\/\/api.w.org\/{rel}","templated":true}]}}