{"id":15108,"date":"2021-08-17T10:46:03","date_gmt":"2021-08-17T10:46:03","guid":{"rendered":"https:\/\/www.clubdelemprendimiento.com\/blog\/?p=15108"},"modified":"2021-08-12T07:46:14","modified_gmt":"2021-08-12T07:46:14","slug":"visita-oficial-de-mariya-gabriel-a-espana-en-el-evento-startup-ole-2021","status":"publish","type":"post","link":"https:\/\/www.clubdelemprendimiento.com\/blog\/nuestros-emprendedores\/visita-oficial-de-mariya-gabriel-a-espana-en-el-evento-startup-ole-2021\/","title":{"rendered":"Visita oficial de Mariya Gabriel a Espa\u00f1a en el evento Startup OL\u00c9 2021"},"content":{"rendered":"<p><strong>La comisaria europea de Innovaci\u00f3n, Investigaci\u00f3n, Cultura, Educaci\u00f3n y Juventud, Mariya Gabriel, acudir\u00e1 a la inauguraci\u00f3n del evento <a href=\"https:\/\/www.clubdelemprendimiento.com\/blog\/nuestros-emprendedores\/startup-ole-2021-vuelve-presencialmente-tras-la-pandemia\/\" target=\"_blank\" rel=\"noopener\">Startup OL\u00c9 2021<\/a><\/strong>. Ser\u00e1 su primera visita oficial a Espa\u00f1a y tendr\u00e1 lugar los d\u00edas de programaci\u00f3n presencial, es decir, 9 y 10 de septiembre.<\/p>\n<p>En la visita, la comisaria, se reunir\u00e1 con los principales actores de la <a href=\"https:\/\/reina.startupole.eu\/\" target=\"_blank\" rel=\"noopener\">plataforma europea de innovaci\u00f3n rural (REInA)<\/a>\u00a0con el <strong>objetivo de impulsar la innovaci\u00f3n y el desarrollo en zonas rurales.<\/strong> Tambi\u00e9n apoyar\u00e1 iniciativas como \u2018Una Visi\u00f3n a Largo Plazo para las \u00c1reas Rurales Europeas o Startup Villages. Su visita ayudar\u00e1 a dar visibilidad y explicar el nuevo Programa Europeo, en el que se trata la construcci\u00f3n de sociedades sostenibles, verdes y a su vez, competitivas.<\/p>\n<p>Aunque la comisaria Mariya Gabriel particip\u00f3 en la inauguraci\u00f3n en 2020 no fue de manera presencial. Aun as\u00ed, <strong>demostr\u00f3 su defensa al ecosistema emprendedor<\/strong> <em>\u201cMe apasionan las startups, su energ\u00eda, su pasi\u00f3n, su capacidad de cambiar las cosas para mejor\u201d <\/em>y la importancia de eventos como Startup OL\u00c9<em> \u201clas iniciativas como Startup Ol\u00e9 son muy importantes a la hora de crear una plataforma para que los emprendedores conecten entre ellos y con inversores y actores industriales\u201d.<\/em><\/p>\n<h2>Startup OL\u00c9 2021<\/h2>\n<p>Tras el verano y la disminuci\u00f3n de la COVID-19, el evento Startup OL\u00c9 ser\u00e1 una de las primeras citas presenciales para los emprendedores. <strong>Se trata de un evento que se realizar\u00e1 de forma mixta: dos d\u00edas de forma digital y otros dos de forma online.<\/strong><\/p>\n<p>El formato digital tendr\u00e1 lugar el 6 y 7 de septiembre. Esos d\u00edas destaca el Foro Iberoamericano con una mesa redonda. En ella participaran asociaciones de Venture capital y asociaciones nacionales de startups.<\/p>\n<p>Por su parte, los d\u00edas 8 y 9 de septiembre, que se celebrar\u00e1 el formato presencial, tambi\u00e9n tendr\u00e1 lugar una mesa redonda. En esta ocasi\u00f3n participar\u00e1n CEOs y presidentes tanto de corporaciones como de fondos de inversi\u00f3n. Otras actividades que se llevar\u00e1n a cabo son matchmaking, competici\u00f3n de pitch, entre otras.<\/p>\n<h2>Participantes<\/h2>\n<p>A la presencia de Mariya Gabriel se le suman otros personajes importantes del emprendimiento, tanto a nivel nacional como internacional. Algunos de ellos: Dubravka \u0160uica, Vicepresidenta de la Comisi\u00f3n Europea de Democracia y Demograf\u00eda; Jos\u00e9 Carlos Garc\u00eda de Quevedo, Presidente del Instituto de Cr\u00e9dito Oficial (ICO) o Victor Negrescu, Vicepresidente de la Comisi\u00f3n de Cultura y Educaci\u00f3n del Parlamento Europeo.<\/p>\n<p>En cuanto a organizaciones privadas y p\u00fablicas tambi\u00e9n son numerosos los participantes: Renfe, Iberia, Guardia Civil, Cruz Roja, Fundaci\u00f3n ONCE o Nexxus Iberia Private Equity, entre otros.<\/p>\n<p>Se trata de un evento muy valorado que cuenta, adem\u00e1s, con el apoyo del Ayuntamiento, la Diputaci\u00f3n y la Universidad de Salamanca, ya que all\u00ed es donde se celebra.<\/p>\n","protected":false},"excerpt":{"rendered":"<p>La comisaria europea de Innovaci\u00f3n, Investigaci\u00f3n, Cultura, Educaci\u00f3n y Juventud, Mariya Gabriel, acudir\u00e1 a&hellip;<\/p>\n","protected":false},"author":14,"featured_media":15109,"comment_status":"open","ping_status":"open","sticky":false,"template":"","format":"standard","meta":{"_acf_changed":false,"footnotes":""},"categories":[91],"tags":[],"acf":[],"yoast_head":"<!-- This site is optimized with the Yoast SEO plugin v22.7 - https:\/\/yoast.com\/wordpress\/plugins\/seo\/ -->\n<title>Visita oficial de Mariya Gabriel a Espa\u00f1a en el evento Startup OL\u00c9 2021<\/title>\n<meta name=\"description\" content=\"Novedad en el evento Startup OL\u00c9 2021. La comisaria europea de Innovaci\u00f3n, Investigaci\u00f3n, Cultura, Educaci\u00f3n y Juventud acudir\u00e1 a la inauguraci\u00f3n.\" \/>\n<meta name=\"robots\" content=\"index, follow, max-snippet:-1, max-image-preview:large, max-video-preview:-1\" \/>\n<link rel=\"canonical\" href=\"https:\/\/www.clubdelemprendimiento.com\/blog\/nuestros-emprendedores\/visita-oficial-de-mariya-gabriel-a-espana-en-el-evento-startup-ole-2021\/\" \/>\n<meta property=\"og:locale\" content=\"es_ES\" \/>\n<meta property=\"og:type\" content=\"article\" \/>\n<meta property=\"og:title\" content=\"Visita oficial de Mariya Gabriel a Espa\u00f1a en el evento Startup OL\u00c9 2021\" \/>\n<meta property=\"og:description\" content=\"Novedad en el evento Startup OL\u00c9 2021. La comisaria europea de Innovaci\u00f3n, Investigaci\u00f3n, Cultura, Educaci\u00f3n y Juventud acudir\u00e1 a la inauguraci\u00f3n.\" \/>\n<meta property=\"og:url\" content=\"https:\/\/www.clubdelemprendimiento.com\/blog\/nuestros-emprendedores\/visita-oficial-de-mariya-gabriel-a-espana-en-el-evento-startup-ole-2021\/\" \/>\n<meta property=\"og:site_name\" content=\"Blog Club del Emprendimiento\" \/>\n<meta property=\"article:published_time\" content=\"2021-08-17T10:46:03+00:00\" \/>\n<meta property=\"article:modified_time\" content=\"2021-08-12T07:46:14+00:00\" \/>\n<meta property=\"og:image\" content=\"https:\/\/www.clubdelemprendimiento.com\/blog\/wp-content\/uploads\/2021\/08\/1f94a612-062e-4ba9-81be-2eea70d0b2fb.jpg\" \/>\n\t<meta property=\"og:image:width\" content=\"799\" \/>\n\t<meta property=\"og:image:height\" content=\"533\" \/>\n\t<meta property=\"og:image:type\" content=\"image\/jpeg\" \/>\n<meta name=\"author\" content=\"Nerea Merino\" \/>\n<meta name=\"twitter:card\" content=\"summary_large_image\" \/>\n<meta name=\"twitter:label1\" content=\"Escrito por\" \/>\n\t<meta name=\"twitter:data1\" content=\"Nerea Merino\" \/>\n\t<meta name=\"twitter:label2\" content=\"Tiempo de lectura\" \/>\n\t<meta name=\"twitter:data2\" content=\"2 minutos\" \/>\n<script type=\"application\/ld+json\" class=\"yoast-schema-graph\">{\"@context\":\"https:\/\/schema.org\",\"@graph\":[{\"@type\":\"WebPage\",\"@id\":\"https:\/\/www.clubdelemprendimiento.com\/blog\/nuestros-emprendedores\/visita-oficial-de-mariya-gabriel-a-espana-en-el-evento-startup-ole-2021\/\",\"url\":\"https:\/\/www.clubdelemprendimiento.com\/blog\/nuestros-emprendedores\/visita-oficial-de-mariya-gabriel-a-espana-en-el-evento-startup-ole-2021\/\",\"name\":\"Visita oficial de Mariya Gabriel a Espa\u00f1a en el evento Startup OL\u00c9 2021\",\"isPartOf\":{\"@id\":\"https:\/\/www.clubdelemprendimiento.com\/blog\/#website\"},\"primaryImageOfPage\":{\"@id\":\"https:\/\/www.clubdelemprendimiento.com\/blog\/nuestros-emprendedores\/visita-oficial-de-mariya-gabriel-a-espana-en-el-evento-startup-ole-2021\/#primaryimage\"},\"image\":{\"@id\":\"https:\/\/www.clubdelemprendimiento.com\/blog\/nuestros-emprendedores\/visita-oficial-de-mariya-gabriel-a-espana-en-el-evento-startup-ole-2021\/#primaryimage\"},\"thumbnailUrl\":\"https:\/\/www.clubdelemprendimiento.com\/blog\/wp-content\/uploads\/2021\/08\/1f94a612-062e-4ba9-81be-2eea70d0b2fb.jpg\",\"datePublished\":\"2021-08-17T10:46:03+00:00\",\"dateModified\":\"2021-08-12T07:46:14+00:00\",\"author\":{\"@id\":\"https:\/\/www.clubdelemprendimiento.com\/blog\/#\/schema\/person\/a82ce0fc1281064b1cab4855c351cea7\"},\"description\":\"Novedad en el evento Startup OL\u00c9 2021. La comisaria europea de Innovaci\u00f3n, Investigaci\u00f3n, Cultura, Educaci\u00f3n y Juventud acudir\u00e1 a la inauguraci\u00f3n.\",\"breadcrumb\":{\"@id\":\"https:\/\/www.clubdelemprendimiento.com\/blog\/nuestros-emprendedores\/visita-oficial-de-mariya-gabriel-a-espana-en-el-evento-startup-ole-2021\/#breadcrumb\"},\"inLanguage\":\"es\",\"potentialAction\":[{\"@type\":\"ReadAction\",\"target\":[\"https:\/\/www.clubdelemprendimiento.com\/blog\/nuestros-emprendedores\/visita-oficial-de-mariya-gabriel-a-espana-en-el-evento-startup-ole-2021\/\"]}]},{\"@type\":\"ImageObject\",\"inLanguage\":\"es\",\"@id\":\"https:\/\/www.clubdelemprendimiento.com\/blog\/nuestros-emprendedores\/visita-oficial-de-mariya-gabriel-a-espana-en-el-evento-startup-ole-2021\/#primaryimage\",\"url\":\"https:\/\/www.clubdelemprendimiento.com\/blog\/wp-content\/uploads\/2021\/08\/1f94a612-062e-4ba9-81be-2eea70d0b2fb.jpg\",\"contentUrl\":\"https:\/\/www.clubdelemprendimiento.com\/blog\/wp-content\/uploads\/2021\/08\/1f94a612-062e-4ba9-81be-2eea70d0b2fb.jpg\",\"width\":799,\"height\":533,\"caption\":\"evento Startup OL\u00c9\"},{\"@type\":\"BreadcrumbList\",\"@id\":\"https:\/\/www.clubdelemprendimiento.com\/blog\/nuestros-emprendedores\/visita-oficial-de-mariya-gabriel-a-espana-en-el-evento-startup-ole-2021\/#breadcrumb\",\"itemListElement\":[{\"@type\":\"ListItem\",\"position\":1,\"name\":\"Home\",\"item\":\"https:\/\/www.clubdelemprendimiento.com\/blog\/\"},{\"@type\":\"ListItem\",\"position\":2,\"name\":\"Visita oficial de Mariya Gabriel a Espa\u00f1a en el evento Startup OL\u00c9 2021\"}]},{\"@type\":\"WebSite\",\"@id\":\"https:\/\/www.clubdelemprendimiento.com\/blog\/#website\",\"url\":\"https:\/\/www.clubdelemprendimiento.com\/blog\/\",\"name\":\"Blog Club del Emprendimiento\",\"description\":\"\",\"potentialAction\":[{\"@type\":\"SearchAction\",\"target\":{\"@type\":\"EntryPoint\",\"urlTemplate\":\"https:\/\/www.clubdelemprendimiento.com\/blog\/?s={search_term_string}\"},\"query-input\":\"required name=search_term_string\"}],\"inLanguage\":\"es\"},{\"@type\":\"Person\",\"@id\":\"https:\/\/www.clubdelemprendimiento.com\/blog\/#\/schema\/person\/a82ce0fc1281064b1cab4855c351cea7\",\"name\":\"Nerea Merino\",\"image\":{\"@type\":\"ImageObject\",\"inLanguage\":\"es\",\"@id\":\"https:\/\/www.clubdelemprendimiento.com\/blog\/#\/schema\/person\/image\/\",\"url\":\"https:\/\/secure.gravatar.com\/avatar\/3b1c906b7b4a65b22c04d52a020d4815?s=96&d=mm&r=g\",\"contentUrl\":\"https:\/\/secure.gravatar.com\/avatar\/3b1c906b7b4a65b22c04d52a020d4815?s=96&d=mm&r=g\",\"caption\":\"Nerea Merino\"},\"url\":\"https:\/\/www.clubdelemprendimiento.com\/blog\/author\/nerea\/\"}]}<\/script>\n<!-- \/ Yoast SEO plugin. -->","yoast_head_json":{"title":"Visita oficial de Mariya Gabriel a Espa\u00f1a en el evento Startup OL\u00c9 2021","description":"Novedad en el evento Startup OL\u00c9 2021. La comisaria europea de Innovaci\u00f3n, Investigaci\u00f3n, Cultura, Educaci\u00f3n y Juventud acudir\u00e1 a la inauguraci\u00f3n.","robots":{"index":"index","follow":"follow","max-snippet":"max-snippet:-1","max-image-preview":"max-image-preview:large","max-video-preview":"max-video-preview:-1"},"canonical":"https:\/\/www.clubdelemprendimiento.com\/blog\/nuestros-emprendedores\/visita-oficial-de-mariya-gabriel-a-espana-en-el-evento-startup-ole-2021\/","og_locale":"es_ES","og_type":"article","og_title":"Visita oficial de Mariya Gabriel a Espa\u00f1a en el evento Startup OL\u00c9 2021","og_description":"Novedad en el evento Startup OL\u00c9 2021. La comisaria europea de Innovaci\u00f3n, Investigaci\u00f3n, Cultura, Educaci\u00f3n y Juventud acudir\u00e1 a la inauguraci\u00f3n.","og_url":"https:\/\/www.clubdelemprendimiento.com\/blog\/nuestros-emprendedores\/visita-oficial-de-mariya-gabriel-a-espana-en-el-evento-startup-ole-2021\/","og_site_name":"Blog Club del Emprendimiento","article_published_time":"2021-08-17T10:46:03+00:00","article_modified_time":"2021-08-12T07:46:14+00:00","og_image":[{"width":799,"height":533,"url":"https:\/\/www.clubdelemprendimiento.com\/blog\/wp-content\/uploads\/2021\/08\/1f94a612-062e-4ba9-81be-2eea70d0b2fb.jpg","type":"image\/jpeg"}],"author":"Nerea Merino","twitter_card":"summary_large_image","twitter_misc":{"Escrito por":"Nerea Merino","Tiempo de lectura":"2 minutos"},"schema":{"@context":"https:\/\/schema.org","@graph":[{"@type":"WebPage","@id":"https:\/\/www.clubdelemprendimiento.com\/blog\/nuestros-emprendedores\/visita-oficial-de-mariya-gabriel-a-espana-en-el-evento-startup-ole-2021\/","url":"https:\/\/www.clubdelemprendimiento.com\/blog\/nuestros-emprendedores\/visita-oficial-de-mariya-gabriel-a-espana-en-el-evento-startup-ole-2021\/","name":"Visita oficial de Mariya Gabriel a Espa\u00f1a en el evento Startup OL\u00c9 2021","isPartOf":{"@id":"https:\/\/www.clubdelemprendimiento.com\/blog\/#website"},"primaryImageOfPage":{"@id":"https:\/\/www.clubdelemprendimiento.com\/blog\/nuestros-emprendedores\/visita-oficial-de-mariya-gabriel-a-espana-en-el-evento-startup-ole-2021\/#primaryimage"},"image":{"@id":"https:\/\/www.clubdelemprendimiento.com\/blog\/nuestros-emprendedores\/visita-oficial-de-mariya-gabriel-a-espana-en-el-evento-startup-ole-2021\/#primaryimage"},"thumbnailUrl":"https:\/\/www.clubdelemprendimiento.com\/blog\/wp-content\/uploads\/2021\/08\/1f94a612-062e-4ba9-81be-2eea70d0b2fb.jpg","datePublished":"2021-08-17T10:46:03+00:00","dateModified":"2021-08-12T07:46:14+00:00","author":{"@id":"https:\/\/www.clubdelemprendimiento.com\/blog\/#\/schema\/person\/a82ce0fc1281064b1cab4855c351cea7"},"description":"Novedad en el evento Startup OL\u00c9 2021. La comisaria europea de Innovaci\u00f3n, Investigaci\u00f3n, Cultura, Educaci\u00f3n y Juventud acudir\u00e1 a la inauguraci\u00f3n.","breadcrumb":{"@id":"https:\/\/www.clubdelemprendimiento.com\/blog\/nuestros-emprendedores\/visita-oficial-de-mariya-gabriel-a-espana-en-el-evento-startup-ole-2021\/#breadcrumb"},"inLanguage":"es","potentialAction":[{"@type":"ReadAction","target":["https:\/\/www.clubdelemprendimiento.com\/blog\/nuestros-emprendedores\/visita-oficial-de-mariya-gabriel-a-espana-en-el-evento-startup-ole-2021\/"]}]},{"@type":"ImageObject","inLanguage":"es","@id":"https:\/\/www.clubdelemprendimiento.com\/blog\/nuestros-emprendedores\/visita-oficial-de-mariya-gabriel-a-espana-en-el-evento-startup-ole-2021\/#primaryimage","url":"https:\/\/www.clubdelemprendimiento.com\/blog\/wp-content\/uploads\/2021\/08\/1f94a612-062e-4ba9-81be-2eea70d0b2fb.jpg","contentUrl":"https:\/\/www.clubdelemprendimiento.com\/blog\/wp-content\/uploads\/2021\/08\/1f94a612-062e-4ba9-81be-2eea70d0b2fb.jpg","width":799,"height":533,"caption":"evento Startup OL\u00c9"},{"@type":"BreadcrumbList","@id":"https:\/\/www.clubdelemprendimiento.com\/blog\/nuestros-emprendedores\/visita-oficial-de-mariya-gabriel-a-espana-en-el-evento-startup-ole-2021\/#breadcrumb","itemListElement":[{"@type":"ListItem","position":1,"name":"Home","item":"https:\/\/www.clubdelemprendimiento.com\/blog\/"},{"@type":"ListItem","position":2,"name":"Visita oficial de Mariya Gabriel a Espa\u00f1a en el evento Startup OL\u00c9 2021"}]},{"@type":"WebSite","@id":"https:\/\/www.clubdelemprendimiento.com\/blog\/#website","url":"https:\/\/www.clubdelemprendimiento.com\/blog\/","name":"Blog Club del Emprendimiento","description":"","potentialAction":[{"@type":"SearchAction","target":{"@type":"EntryPoint","urlTemplate":"https:\/\/www.clubdelemprendimiento.com\/blog\/?s={search_term_string}"},"query-input":"required name=search_term_string"}],"inLanguage":"es"},{"@type":"Person","@id":"https:\/\/www.clubdelemprendimiento.com\/blog\/#\/schema\/person\/a82ce0fc1281064b1cab4855c351cea7","name":"Nerea Merino","image":{"@type":"ImageObject","inLanguage":"es","@id":"https:\/\/www.clubdelemprendimiento.com\/blog\/#\/schema\/person\/image\/","url":"https:\/\/secure.gravatar.com\/avatar\/3b1c906b7b4a65b22c04d52a020d4815?s=96&d=mm&r=g","contentUrl":"https:\/\/secure.gravatar.com\/avatar\/3b1c906b7b4a65b22c04d52a020d4815?s=96&d=mm&r=g","caption":"Nerea Merino"},"url":"https:\/\/www.clubdelemprendimiento.com\/blog\/author\/nerea\/"}]}},"_links":{"self":[{"href":"https:\/\/www.clubdelemprendimiento.com\/blog\/wp-json\/wp\/v2\/posts\/15108"}],"collection":[{"href":"https:\/\/www.clubdelemprendimiento.com\/blog\/wp-json\/wp\/v2\/posts"}],"about":[{"href":"https:\/\/www.clubdelemprendimiento.com\/blog\/wp-json\/wp\/v2\/types\/post"}],"author":[{"embeddable":true,"href":"https:\/\/www.clubdelemprendimiento.com\/blog\/wp-json\/wp\/v2\/users\/14"}],"replies":[{"embeddable":true,"href":"https:\/\/www.clubdelemprendimiento.com\/blog\/wp-json\/wp\/v2\/comments?post=15108"}],"version-history":[{"count":1,"href":"https:\/\/www.clubdelemprendimiento.com\/blog\/wp-json\/wp\/v2\/posts\/15108\/revisions"}],"predecessor-version":[{"id":15110,"href":"https:\/\/www.clubdelemprendimiento.com\/blog\/wp-json\/wp\/v2\/posts\/15108\/revisions\/15110"}],"wp:featuredmedia":[{"embeddable":true,"href":"https:\/\/www.clubdelemprendimiento.com\/blog\/wp-json\/wp\/v2\/media\/15109"}],"wp:attachment":[{"href":"https:\/\/www.clubdelemprendimiento.com\/blog\/wp-json\/wp\/v2\/media?parent=15108"}],"wp:term":[{"taxonomy":"category","embeddable":true,"href":"https:\/\/www.clubdelemprendimiento.com\/blog\/wp-json\/wp\/v2\/categories?post=15108"},{"taxonomy":"post_tag","embeddable":true,"href":"https:\/\/www.clubdelemprendimiento.com\/blog\/wp-json\/wp\/v2\/tags?post=15108"}],"curies":[{"name":"wp","href":"https:\/\/api.w.org\/{rel}","templated":true}]}}