{"id":14898,"date":"2021-07-15T11:30:12","date_gmt":"2021-07-15T11:30:12","guid":{"rendered":"https:\/\/www.clubdelemprendimiento.com\/blog\/?p=14898"},"modified":"2021-07-08T10:32:26","modified_gmt":"2021-07-08T10:32:26","slug":"a-vueltas-con-la-tarifa-plana-para-autonomos","status":"publish","type":"post","link":"https:\/\/www.clubdelemprendimiento.com\/blog\/autonomos\/a-vueltas-con-la-tarifa-plana-para-autonomos\/","title":{"rendered":"A vueltas con la tarifa plana para aut\u00f3nomos"},"content":{"rendered":"<p>La tarifa plana para aut\u00f3nomos es una medida creada para impulsar el autoempleo. Consiste en una reducci\u00f3n de la<a href=\"https:\/\/www.clubdelemprendimiento.com\/blog\/autonomos\/cuota-de-autonomos-en-2021-todo-lo-que-tienes-que-saber\/\" target=\"_blank\" rel=\"noopener\"> cuota mensual de aut\u00f3nomos<\/a> que estos deben pagar a la Seguridad Social. Quien decida darse de alta como aut\u00f3nomo ver\u00e1 <strong>reducida la cuota mensual a 60\u20ac<\/strong> durante los primeros meses de actividad, en lugar de los 286,15\u20ac que se pagaban antes de la puesta en marcha de la tarifa plana. El importe a pagar va creciendo gradualmente durante los dos primeros a\u00f1os y, en casos excepcionales se puede ampliar un a\u00f1o m\u00e1s (hasta los 36 meses).<\/p>\n<p>Gracias a esta bonificaci\u00f3n, m\u00e1s de un mill\u00f3n de personas se han dado de alta como aut\u00f3nomos. Sin embargo, existen confrontaciones pol\u00edticas sobre el mantenimiento de la tarifa plana. El <a href=\"http:\/\/www.gppopular.es\/\" target=\"_blank\" rel=\"noopener\">Grupo Parlamentario Popular<\/a> ha propuesto en el Congreso de los Diputados una iniciativa que tiene como objetivo de <strong>mantener la tarifa plana<\/strong>. El PP considera que los aut\u00f3nomos son quienes impulsan el crecimiento econ\u00f3mico. Consideran que son una de las principales fuentes de empleo y, que por tal motivo es necesario ofrecer la reducci\u00f3n de las cuotas mensuales.<\/p>\n<h2>UPTA contradice la iniciativa del PP sobre la tarifa plana para aut\u00f3nomos<\/h2>\n<p><a href=\"https:\/\/upta.es\/\" target=\"_blank\" rel=\"noopener\">Uni\u00f3n de Profesionales Trabajadores Aut\u00f3nomos (UPTA<\/a>) cree que la tarifa plana solo debe aplicarse en <strong>aquellos aut\u00f3nomos que realmente lo necesiten<\/strong>, es decir, que no cuentes con recursos suficiente y que, por tanto, necesiten una ayuda para su continuidad.<\/p>\n<p>Desde que se instauro esta tarifa <strong>el n\u00famero de falsos aut\u00f3nomos ha aumentado<\/strong> considerablemente. Solo el 13% de las actividades econ\u00f3micas que se iniciaron en 2019 contin\u00faan en funcionamiento. Dicho porcentaje supone el 57.000 de las 442.282 personas que se han beneficiado de dicha tarifa. El presidente de UPTA, Eduardo Abad indica que <em>\u201cesta situaci\u00f3n, que es sin duda una autentica incoherencia al inicio de actividad desde el punto de vista de la eficacia y la equidad, debe ser corregida de forma urgente\u201d<\/em>.<\/p>\n<p>Para UPTA que todos los aut\u00f3nomos se beneficien de la tarifa plana no tiene sentido, pues no es positivo para la Seguridad Social.\u00a0 A las arcas p\u00fablicas esta ayuda les cuesta unos 700 millones de euros anuales.<\/p>\n<p>Por tales razones, UPTA y otras asociaciones de aut\u00f3nomos abogan por que\u00a0aquellos trabajadores por cuenta ajena que tengan una buena situaci\u00f3n econ\u00f3mica coticen a la Seguridad Social una cantidad proporcional a sus beneficios. Se puede establecer un sistema de cotizaci\u00f3n determinada para cada aut\u00f3nomo, una vez termine el ejercicio fiscal y se compruebe que la rentabilidades buena.<\/p>\n","protected":false},"excerpt":{"rendered":"<p>La tarifa plana para aut\u00f3nomos es una medida creada para impulsar el autoempleo. Consiste&hellip;<\/p>\n","protected":false},"author":14,"featured_media":14899,"comment_status":"open","ping_status":"open","sticky":false,"template":"","format":"standard","meta":{"_acf_changed":false,"footnotes":""},"categories":[255],"tags":[],"acf":[],"yoast_head":"<!-- This site is optimized with the Yoast SEO plugin v22.7 - https:\/\/yoast.com\/wordpress\/plugins\/seo\/ -->\n<title>A vueltas con la tarifa plana para aut\u00f3nomos: opiniones enfrentadas<\/title>\n<meta name=\"description\" content=\"UPTA y PP tienen opiniones enfrentadas por la tarifa plana para aut\u00f3nomos. El Partido Popular quiere mantener la iniciativa y UPTA quiere modificarla.\" \/>\n<meta name=\"robots\" content=\"index, follow, max-snippet:-1, max-image-preview:large, max-video-preview:-1\" \/>\n<link rel=\"canonical\" href=\"https:\/\/www.clubdelemprendimiento.com\/blog\/autonomos\/a-vueltas-con-la-tarifa-plana-para-autonomos\/\" \/>\n<meta property=\"og:locale\" content=\"es_ES\" \/>\n<meta property=\"og:type\" content=\"article\" \/>\n<meta property=\"og:title\" content=\"A vueltas con la tarifa plana para aut\u00f3nomos: opiniones enfrentadas\" \/>\n<meta property=\"og:description\" content=\"UPTA y PP tienen opiniones enfrentadas por la tarifa plana para aut\u00f3nomos. El Partido Popular quiere mantener la iniciativa y UPTA quiere modificarla.\" \/>\n<meta property=\"og:url\" content=\"https:\/\/www.clubdelemprendimiento.com\/blog\/autonomos\/a-vueltas-con-la-tarifa-plana-para-autonomos\/\" \/>\n<meta property=\"og:site_name\" content=\"Blog Club del Emprendimiento\" \/>\n<meta property=\"article:published_time\" content=\"2021-07-15T11:30:12+00:00\" \/>\n<meta property=\"article:modified_time\" content=\"2021-07-08T10:32:26+00:00\" \/>\n<meta property=\"og:image\" content=\"https:\/\/www.clubdelemprendimiento.com\/blog\/wp-content\/uploads\/2021\/06\/pexels-mikael-blomkvist-6476574-1030x687.jpg\" \/>\n\t<meta property=\"og:image:width\" content=\"1030\" \/>\n\t<meta property=\"og:image:height\" content=\"687\" \/>\n\t<meta property=\"og:image:type\" content=\"image\/jpeg\" \/>\n<meta name=\"author\" content=\"Nerea Merino\" \/>\n<meta name=\"twitter:card\" content=\"summary_large_image\" \/>\n<meta name=\"twitter:label1\" content=\"Escrito por\" \/>\n\t<meta name=\"twitter:data1\" content=\"Nerea Merino\" \/>\n\t<meta name=\"twitter:label2\" content=\"Tiempo de lectura\" \/>\n\t<meta name=\"twitter:data2\" content=\"2 minutos\" \/>\n<script type=\"application\/ld+json\" class=\"yoast-schema-graph\">{\"@context\":\"https:\/\/schema.org\",\"@graph\":[{\"@type\":\"WebPage\",\"@id\":\"https:\/\/www.clubdelemprendimiento.com\/blog\/autonomos\/a-vueltas-con-la-tarifa-plana-para-autonomos\/\",\"url\":\"https:\/\/www.clubdelemprendimiento.com\/blog\/autonomos\/a-vueltas-con-la-tarifa-plana-para-autonomos\/\",\"name\":\"A vueltas con la tarifa plana para aut\u00f3nomos: opiniones enfrentadas\",\"isPartOf\":{\"@id\":\"https:\/\/www.clubdelemprendimiento.com\/blog\/#website\"},\"primaryImageOfPage\":{\"@id\":\"https:\/\/www.clubdelemprendimiento.com\/blog\/autonomos\/a-vueltas-con-la-tarifa-plana-para-autonomos\/#primaryimage\"},\"image\":{\"@id\":\"https:\/\/www.clubdelemprendimiento.com\/blog\/autonomos\/a-vueltas-con-la-tarifa-plana-para-autonomos\/#primaryimage\"},\"thumbnailUrl\":\"https:\/\/www.clubdelemprendimiento.com\/blog\/wp-content\/uploads\/2021\/06\/pexels-mikael-blomkvist-6476574.jpg\",\"datePublished\":\"2021-07-15T11:30:12+00:00\",\"dateModified\":\"2021-07-08T10:32:26+00:00\",\"author\":{\"@id\":\"https:\/\/www.clubdelemprendimiento.com\/blog\/#\/schema\/person\/a82ce0fc1281064b1cab4855c351cea7\"},\"description\":\"UPTA y PP tienen opiniones enfrentadas por la tarifa plana para aut\u00f3nomos. El Partido Popular quiere mantener la iniciativa y UPTA quiere modificarla.\",\"breadcrumb\":{\"@id\":\"https:\/\/www.clubdelemprendimiento.com\/blog\/autonomos\/a-vueltas-con-la-tarifa-plana-para-autonomos\/#breadcrumb\"},\"inLanguage\":\"es\",\"potentialAction\":[{\"@type\":\"ReadAction\",\"target\":[\"https:\/\/www.clubdelemprendimiento.com\/blog\/autonomos\/a-vueltas-con-la-tarifa-plana-para-autonomos\/\"]}]},{\"@type\":\"ImageObject\",\"inLanguage\":\"es\",\"@id\":\"https:\/\/www.clubdelemprendimiento.com\/blog\/autonomos\/a-vueltas-con-la-tarifa-plana-para-autonomos\/#primaryimage\",\"url\":\"https:\/\/www.clubdelemprendimiento.com\/blog\/wp-content\/uploads\/2021\/06\/pexels-mikael-blomkvist-6476574.jpg\",\"contentUrl\":\"https:\/\/www.clubdelemprendimiento.com\/blog\/wp-content\/uploads\/2021\/06\/pexels-mikael-blomkvist-6476574.jpg\",\"width\":5260,\"height\":3510,\"caption\":\"tarifa plana para aut\u00f3nomos\"},{\"@type\":\"BreadcrumbList\",\"@id\":\"https:\/\/www.clubdelemprendimiento.com\/blog\/autonomos\/a-vueltas-con-la-tarifa-plana-para-autonomos\/#breadcrumb\",\"itemListElement\":[{\"@type\":\"ListItem\",\"position\":1,\"name\":\"Home\",\"item\":\"https:\/\/www.clubdelemprendimiento.com\/blog\/\"},{\"@type\":\"ListItem\",\"position\":2,\"name\":\"A vueltas con la tarifa plana para aut\u00f3nomos\"}]},{\"@type\":\"WebSite\",\"@id\":\"https:\/\/www.clubdelemprendimiento.com\/blog\/#website\",\"url\":\"https:\/\/www.clubdelemprendimiento.com\/blog\/\",\"name\":\"Blog Club del Emprendimiento\",\"description\":\"\",\"potentialAction\":[{\"@type\":\"SearchAction\",\"target\":{\"@type\":\"EntryPoint\",\"urlTemplate\":\"https:\/\/www.clubdelemprendimiento.com\/blog\/?s={search_term_string}\"},\"query-input\":\"required name=search_term_string\"}],\"inLanguage\":\"es\"},{\"@type\":\"Person\",\"@id\":\"https:\/\/www.clubdelemprendimiento.com\/blog\/#\/schema\/person\/a82ce0fc1281064b1cab4855c351cea7\",\"name\":\"Nerea Merino\",\"image\":{\"@type\":\"ImageObject\",\"inLanguage\":\"es\",\"@id\":\"https:\/\/www.clubdelemprendimiento.com\/blog\/#\/schema\/person\/image\/\",\"url\":\"https:\/\/secure.gravatar.com\/avatar\/3b1c906b7b4a65b22c04d52a020d4815?s=96&d=mm&r=g\",\"contentUrl\":\"https:\/\/secure.gravatar.com\/avatar\/3b1c906b7b4a65b22c04d52a020d4815?s=96&d=mm&r=g\",\"caption\":\"Nerea Merino\"},\"url\":\"https:\/\/www.clubdelemprendimiento.com\/blog\/author\/nerea\/\"}]}<\/script>\n<!-- \/ Yoast SEO plugin. -->","yoast_head_json":{"title":"A vueltas con la tarifa plana para aut\u00f3nomos: opiniones enfrentadas","description":"UPTA y PP tienen opiniones enfrentadas por la tarifa plana para aut\u00f3nomos. El Partido Popular quiere mantener la iniciativa y UPTA quiere modificarla.","robots":{"index":"index","follow":"follow","max-snippet":"max-snippet:-1","max-image-preview":"max-image-preview:large","max-video-preview":"max-video-preview:-1"},"canonical":"https:\/\/www.clubdelemprendimiento.com\/blog\/autonomos\/a-vueltas-con-la-tarifa-plana-para-autonomos\/","og_locale":"es_ES","og_type":"article","og_title":"A vueltas con la tarifa plana para aut\u00f3nomos: opiniones enfrentadas","og_description":"UPTA y PP tienen opiniones enfrentadas por la tarifa plana para aut\u00f3nomos. El Partido Popular quiere mantener la iniciativa y UPTA quiere modificarla.","og_url":"https:\/\/www.clubdelemprendimiento.com\/blog\/autonomos\/a-vueltas-con-la-tarifa-plana-para-autonomos\/","og_site_name":"Blog Club del Emprendimiento","article_published_time":"2021-07-15T11:30:12+00:00","article_modified_time":"2021-07-08T10:32:26+00:00","og_image":[{"width":1030,"height":687,"url":"https:\/\/www.clubdelemprendimiento.com\/blog\/wp-content\/uploads\/2021\/06\/pexels-mikael-blomkvist-6476574-1030x687.jpg","type":"image\/jpeg"}],"author":"Nerea Merino","twitter_card":"summary_large_image","twitter_misc":{"Escrito por":"Nerea Merino","Tiempo de lectura":"2 minutos"},"schema":{"@context":"https:\/\/schema.org","@graph":[{"@type":"WebPage","@id":"https:\/\/www.clubdelemprendimiento.com\/blog\/autonomos\/a-vueltas-con-la-tarifa-plana-para-autonomos\/","url":"https:\/\/www.clubdelemprendimiento.com\/blog\/autonomos\/a-vueltas-con-la-tarifa-plana-para-autonomos\/","name":"A vueltas con la tarifa plana para aut\u00f3nomos: opiniones enfrentadas","isPartOf":{"@id":"https:\/\/www.clubdelemprendimiento.com\/blog\/#website"},"primaryImageOfPage":{"@id":"https:\/\/www.clubdelemprendimiento.com\/blog\/autonomos\/a-vueltas-con-la-tarifa-plana-para-autonomos\/#primaryimage"},"image":{"@id":"https:\/\/www.clubdelemprendimiento.com\/blog\/autonomos\/a-vueltas-con-la-tarifa-plana-para-autonomos\/#primaryimage"},"thumbnailUrl":"https:\/\/www.clubdelemprendimiento.com\/blog\/wp-content\/uploads\/2021\/06\/pexels-mikael-blomkvist-6476574.jpg","datePublished":"2021-07-15T11:30:12+00:00","dateModified":"2021-07-08T10:32:26+00:00","author":{"@id":"https:\/\/www.clubdelemprendimiento.com\/blog\/#\/schema\/person\/a82ce0fc1281064b1cab4855c351cea7"},"description":"UPTA y PP tienen opiniones enfrentadas por la tarifa plana para aut\u00f3nomos. El Partido Popular quiere mantener la iniciativa y UPTA quiere modificarla.","breadcrumb":{"@id":"https:\/\/www.clubdelemprendimiento.com\/blog\/autonomos\/a-vueltas-con-la-tarifa-plana-para-autonomos\/#breadcrumb"},"inLanguage":"es","potentialAction":[{"@type":"ReadAction","target":["https:\/\/www.clubdelemprendimiento.com\/blog\/autonomos\/a-vueltas-con-la-tarifa-plana-para-autonomos\/"]}]},{"@type":"ImageObject","inLanguage":"es","@id":"https:\/\/www.clubdelemprendimiento.com\/blog\/autonomos\/a-vueltas-con-la-tarifa-plana-para-autonomos\/#primaryimage","url":"https:\/\/www.clubdelemprendimiento.com\/blog\/wp-content\/uploads\/2021\/06\/pexels-mikael-blomkvist-6476574.jpg","contentUrl":"https:\/\/www.clubdelemprendimiento.com\/blog\/wp-content\/uploads\/2021\/06\/pexels-mikael-blomkvist-6476574.jpg","width":5260,"height":3510,"caption":"tarifa plana para aut\u00f3nomos"},{"@type":"BreadcrumbList","@id":"https:\/\/www.clubdelemprendimiento.com\/blog\/autonomos\/a-vueltas-con-la-tarifa-plana-para-autonomos\/#breadcrumb","itemListElement":[{"@type":"ListItem","position":1,"name":"Home","item":"https:\/\/www.clubdelemprendimiento.com\/blog\/"},{"@type":"ListItem","position":2,"name":"A vueltas con la tarifa plana para aut\u00f3nomos"}]},{"@type":"WebSite","@id":"https:\/\/www.clubdelemprendimiento.com\/blog\/#website","url":"https:\/\/www.clubdelemprendimiento.com\/blog\/","name":"Blog Club del Emprendimiento","description":"","potentialAction":[{"@type":"SearchAction","target":{"@type":"EntryPoint","urlTemplate":"https:\/\/www.clubdelemprendimiento.com\/blog\/?s={search_term_string}"},"query-input":"required name=search_term_string"}],"inLanguage":"es"},{"@type":"Person","@id":"https:\/\/www.clubdelemprendimiento.com\/blog\/#\/schema\/person\/a82ce0fc1281064b1cab4855c351cea7","name":"Nerea Merino","image":{"@type":"ImageObject","inLanguage":"es","@id":"https:\/\/www.clubdelemprendimiento.com\/blog\/#\/schema\/person\/image\/","url":"https:\/\/secure.gravatar.com\/avatar\/3b1c906b7b4a65b22c04d52a020d4815?s=96&d=mm&r=g","contentUrl":"https:\/\/secure.gravatar.com\/avatar\/3b1c906b7b4a65b22c04d52a020d4815?s=96&d=mm&r=g","caption":"Nerea Merino"},"url":"https:\/\/www.clubdelemprendimiento.com\/blog\/author\/nerea\/"}]}},"_links":{"self":[{"href":"https:\/\/www.clubdelemprendimiento.com\/blog\/wp-json\/wp\/v2\/posts\/14898"}],"collection":[{"href":"https:\/\/www.clubdelemprendimiento.com\/blog\/wp-json\/wp\/v2\/posts"}],"about":[{"href":"https:\/\/www.clubdelemprendimiento.com\/blog\/wp-json\/wp\/v2\/types\/post"}],"author":[{"embeddable":true,"href":"https:\/\/www.clubdelemprendimiento.com\/blog\/wp-json\/wp\/v2\/users\/14"}],"replies":[{"embeddable":true,"href":"https:\/\/www.clubdelemprendimiento.com\/blog\/wp-json\/wp\/v2\/comments?post=14898"}],"version-history":[{"count":1,"href":"https:\/\/www.clubdelemprendimiento.com\/blog\/wp-json\/wp\/v2\/posts\/14898\/revisions"}],"predecessor-version":[{"id":14900,"href":"https:\/\/www.clubdelemprendimiento.com\/blog\/wp-json\/wp\/v2\/posts\/14898\/revisions\/14900"}],"wp:featuredmedia":[{"embeddable":true,"href":"https:\/\/www.clubdelemprendimiento.com\/blog\/wp-json\/wp\/v2\/media\/14899"}],"wp:attachment":[{"href":"https:\/\/www.clubdelemprendimiento.com\/blog\/wp-json\/wp\/v2\/media?parent=14898"}],"wp:term":[{"taxonomy":"category","embeddable":true,"href":"https:\/\/www.clubdelemprendimiento.com\/blog\/wp-json\/wp\/v2\/categories?post=14898"},{"taxonomy":"post_tag","embeddable":true,"href":"https:\/\/www.clubdelemprendimiento.com\/blog\/wp-json\/wp\/v2\/tags?post=14898"}],"curies":[{"name":"wp","href":"https:\/\/api.w.org\/{rel}","templated":true}]}}