{"id":14786,"date":"2021-05-24T10:00:47","date_gmt":"2021-05-24T10:00:47","guid":{"rendered":"https:\/\/www.clubdelemprendimiento.com\/blog\/?p=14786"},"modified":"2021-05-18T07:58:40","modified_gmt":"2021-05-18T07:58:40","slug":"bajar-el-iva-y-crear-el-pasaporte-covid-medidas-para-autonomos-del-turismo","status":"publish","type":"post","link":"https:\/\/www.clubdelemprendimiento.com\/blog\/autonomos\/bajar-el-iva-y-crear-el-pasaporte-covid-medidas-para-autonomos-del-turismo\/","title":{"rendered":"Bajar el IVA y crear el pasaporte Covid: medidas para aut\u00f3nomos del turismo"},"content":{"rendered":"<p>La presidenta de <a href=\"https:\/\/www.ciudadanos-cs.org\/\" target=\"_blank\" rel=\"noopener\">Ciudadanos<\/a>, In\u00e9s Arrimadas, se ha unido a Lorenzo Amor, presidente de <a href=\"https:\/\/ata.es\/\" target=\"_blank\" rel=\"noopener\">ATA<\/a> para instar al gobierno de Pedro S\u00e1nchez a <strong>reducir el IVA y salvar a los aut\u00f3nomos del turismo.<\/strong> De igual manera, Arrimadas y Amor solicitan la creaci\u00f3n del\u00a0pasaporte Covid en Espa\u00f1a con el fin de que\u00a0las personas vacunadas que quieran viajar por nuestro pa\u00eds puedan hacerlo libremente. Muchos pa\u00edses europeos ya lo han lanzado y puede ser clave para la recuperaci\u00f3n del sector.<\/p>\n<h3>La importancia de los aut\u00f3nomos del turismo en la econom\u00eda<\/h3>\n<p>Arrimadas ha querido recordar que el turismo es un sector fundamental\u00a0para la econom\u00eda espa\u00f1ola. Aporta un \u00abenorme valor a\u00f1adido\u00bb con importante impacto en el PIB y en el empleo de nuestro pa\u00eds. Sin embargo, seg\u00fan acusa la presidenta del partido naranja,\u00a0 el Ejecutivo <em>\u00ablo desprecia, lo humilla y lo abandona en plena pandemia\u00bb.\u00a0<\/em><\/p>\n<p>De cara al verano, otros pa\u00edses competidores por el turismo ya han puesto en marcha planes para recuperar el turismo. En cambio, desde ATA y Ciudadanos advierten que en Espa\u00f1a la situaci\u00f3n sigue siendo<em> \u00abmuy preocupant<\/em>e\u00bb. \u00ab<em>Somos un pa\u00eds l\u00edder y no podemos quedarnos atr\u00e1s\u00bb,<\/em> ha subrayado.<\/p>\n<p>Por ello, una de las propuestas para el relanzamiento del sector tur\u00edstico de nuestro pa\u00eds es el <strong>plan del pasaporte Covid con el fin de ser m\u00e1s competitivos\u00a0 y que sea m\u00e1s sencillo desplazarse p<\/strong>or el territorio espa\u00f1ol son necesidad de presentar ant\u00edgenos o PCR cuando se est\u00e1 vacunado. De igual manera, reducir el IVA debe ser una de las medidas a aprobar para ayudar al sector a recuperarse.<\/p>\n<h3>Sistema de cotizaci\u00f3n<\/h3>\n<p>Por su parte, el presidente de ATA, Lorenzo Amor, ha querido hablar de la propuesta de Escriv\u00e1 sobre la cotizaci\u00f3n por ingresos reales de los aut\u00f3nomos, En este sentido,<strong> Amor asegura que\u00a0<em>\u00abmuchos aut\u00f3nomos trabajen para el Estado, que ganar\u00eda m\u00e1s que ellos\u00bb<\/em>,<\/strong> entre lo que deben abonar como cuota a la Seguridad Social y lo que pagan de IRPF. Amor quiere poner de manifiesto que es un sistema injusto para el colectivo que acabar\u00e1 por asfixiarles a\u00fan m\u00e1s. Desde Ciudadanos se unen a la asociaci\u00f3n de profesionales por cuenta propia para denunciar el plan. Arrimadas asegura que hay que oponerse a esta medida, a la que denomina \u00abconfiscatoria\u00bb porque sino ser\u00e1 \u00ab<em>imposible recuperar la econom\u00eda espa\u00f1ola asfixiando a impuestos a los aut\u00f3nomos\u00bb.\u00a0\u00a0<\/em><\/p>\n<p>Amor y Arrimadas han mostrado as\u00ed su disconformidad con este plan para el colectivo pidiendo adem\u00e1s nuevas medidas para su recuperaci\u00f3n.<\/p>\n<p>&nbsp;<\/p>\n","protected":false},"excerpt":{"rendered":"<p>La presidenta de Ciudadanos, In\u00e9s Arrimadas, se ha unido a Lorenzo Amor, presidente de&hellip;<\/p>\n","protected":false},"author":5,"featured_media":14787,"comment_status":"open","ping_status":"open","sticky":false,"template":"","format":"standard","meta":{"_acf_changed":false,"footnotes":""},"categories":[255],"tags":[],"acf":[],"yoast_head":"<!-- This site is optimized with the Yoast SEO plugin v22.7 - https:\/\/yoast.com\/wordpress\/plugins\/seo\/ -->\n<title>Bajar el IVA y pasaporte Covid: medidas para aut\u00f3nomos del turismo<\/title>\n<meta name=\"description\" content=\"Bajar el IVA o crear el pasaporte Covid son algunas de las medidas propuestas para aut\u00f3nomos del turismo. Ciudadanos se une a ATA para instar al Gobierno.\" \/>\n<meta name=\"robots\" content=\"index, follow, max-snippet:-1, max-image-preview:large, max-video-preview:-1\" \/>\n<link rel=\"canonical\" href=\"https:\/\/www.clubdelemprendimiento.com\/blog\/autonomos\/bajar-el-iva-y-crear-el-pasaporte-covid-medidas-para-autonomos-del-turismo\/\" \/>\n<meta property=\"og:locale\" content=\"es_ES\" \/>\n<meta property=\"og:type\" content=\"article\" \/>\n<meta property=\"og:title\" content=\"Bajar el IVA y pasaporte Covid: medidas para aut\u00f3nomos del turismo\" \/>\n<meta property=\"og:description\" content=\"Bajar el IVA o crear el pasaporte Covid son algunas de las medidas propuestas para aut\u00f3nomos del turismo. Ciudadanos se une a ATA para instar al Gobierno.\" \/>\n<meta property=\"og:url\" content=\"https:\/\/www.clubdelemprendimiento.com\/blog\/autonomos\/bajar-el-iva-y-crear-el-pasaporte-covid-medidas-para-autonomos-del-turismo\/\" \/>\n<meta property=\"og:site_name\" content=\"Blog Club del Emprendimiento\" \/>\n<meta property=\"article:published_time\" content=\"2021-05-24T10:00:47+00:00\" \/>\n<meta property=\"article:modified_time\" content=\"2021-05-18T07:58:40+00:00\" \/>\n<meta property=\"og:image\" content=\"https:\/\/www.clubdelemprendimiento.com\/blog\/wp-content\/uploads\/2021\/05\/beach-1236581_1280.jpg\" \/>\n\t<meta property=\"og:image:width\" content=\"1280\" \/>\n\t<meta property=\"og:image:height\" content=\"719\" \/>\n\t<meta property=\"og:image:type\" content=\"image\/jpeg\" \/>\n<meta name=\"author\" content=\"Luc\u00eda Vera\" \/>\n<meta name=\"twitter:card\" content=\"summary_large_image\" \/>\n<meta name=\"twitter:label1\" content=\"Escrito por\" \/>\n\t<meta name=\"twitter:data1\" content=\"Luc\u00eda Vera\" \/>\n\t<meta name=\"twitter:label2\" content=\"Tiempo de lectura\" \/>\n\t<meta name=\"twitter:data2\" content=\"2 minutos\" \/>\n<script type=\"application\/ld+json\" class=\"yoast-schema-graph\">{\"@context\":\"https:\/\/schema.org\",\"@graph\":[{\"@type\":\"WebPage\",\"@id\":\"https:\/\/www.clubdelemprendimiento.com\/blog\/autonomos\/bajar-el-iva-y-crear-el-pasaporte-covid-medidas-para-autonomos-del-turismo\/\",\"url\":\"https:\/\/www.clubdelemprendimiento.com\/blog\/autonomos\/bajar-el-iva-y-crear-el-pasaporte-covid-medidas-para-autonomos-del-turismo\/\",\"name\":\"Bajar el IVA y pasaporte Covid: medidas para aut\u00f3nomos del turismo\",\"isPartOf\":{\"@id\":\"https:\/\/www.clubdelemprendimiento.com\/blog\/#website\"},\"primaryImageOfPage\":{\"@id\":\"https:\/\/www.clubdelemprendimiento.com\/blog\/autonomos\/bajar-el-iva-y-crear-el-pasaporte-covid-medidas-para-autonomos-del-turismo\/#primaryimage\"},\"image\":{\"@id\":\"https:\/\/www.clubdelemprendimiento.com\/blog\/autonomos\/bajar-el-iva-y-crear-el-pasaporte-covid-medidas-para-autonomos-del-turismo\/#primaryimage\"},\"thumbnailUrl\":\"https:\/\/www.clubdelemprendimiento.com\/blog\/wp-content\/uploads\/2021\/05\/beach-1236581_1280.jpg\",\"datePublished\":\"2021-05-24T10:00:47+00:00\",\"dateModified\":\"2021-05-18T07:58:40+00:00\",\"author\":{\"@id\":\"https:\/\/www.clubdelemprendimiento.com\/blog\/#\/schema\/person\/fe481a2c767de00924b39ab766936ddf\"},\"description\":\"Bajar el IVA o crear el pasaporte Covid son algunas de las medidas propuestas para aut\u00f3nomos del turismo. Ciudadanos se une a ATA para instar al Gobierno.\",\"breadcrumb\":{\"@id\":\"https:\/\/www.clubdelemprendimiento.com\/blog\/autonomos\/bajar-el-iva-y-crear-el-pasaporte-covid-medidas-para-autonomos-del-turismo\/#breadcrumb\"},\"inLanguage\":\"es\",\"potentialAction\":[{\"@type\":\"ReadAction\",\"target\":[\"https:\/\/www.clubdelemprendimiento.com\/blog\/autonomos\/bajar-el-iva-y-crear-el-pasaporte-covid-medidas-para-autonomos-del-turismo\/\"]}]},{\"@type\":\"ImageObject\",\"inLanguage\":\"es\",\"@id\":\"https:\/\/www.clubdelemprendimiento.com\/blog\/autonomos\/bajar-el-iva-y-crear-el-pasaporte-covid-medidas-para-autonomos-del-turismo\/#primaryimage\",\"url\":\"https:\/\/www.clubdelemprendimiento.com\/blog\/wp-content\/uploads\/2021\/05\/beach-1236581_1280.jpg\",\"contentUrl\":\"https:\/\/www.clubdelemprendimiento.com\/blog\/wp-content\/uploads\/2021\/05\/beach-1236581_1280.jpg\",\"width\":1280,\"height\":719,\"caption\":\"aut\u00f3nomos del turismo\"},{\"@type\":\"BreadcrumbList\",\"@id\":\"https:\/\/www.clubdelemprendimiento.com\/blog\/autonomos\/bajar-el-iva-y-crear-el-pasaporte-covid-medidas-para-autonomos-del-turismo\/#breadcrumb\",\"itemListElement\":[{\"@type\":\"ListItem\",\"position\":1,\"name\":\"Home\",\"item\":\"https:\/\/www.clubdelemprendimiento.com\/blog\/\"},{\"@type\":\"ListItem\",\"position\":2,\"name\":\"Bajar el IVA y crear el pasaporte Covid: medidas para aut\u00f3nomos del turismo\"}]},{\"@type\":\"WebSite\",\"@id\":\"https:\/\/www.clubdelemprendimiento.com\/blog\/#website\",\"url\":\"https:\/\/www.clubdelemprendimiento.com\/blog\/\",\"name\":\"Blog Club del Emprendimiento\",\"description\":\"\",\"potentialAction\":[{\"@type\":\"SearchAction\",\"target\":{\"@type\":\"EntryPoint\",\"urlTemplate\":\"https:\/\/www.clubdelemprendimiento.com\/blog\/?s={search_term_string}\"},\"query-input\":\"required name=search_term_string\"}],\"inLanguage\":\"es\"},{\"@type\":\"Person\",\"@id\":\"https:\/\/www.clubdelemprendimiento.com\/blog\/#\/schema\/person\/fe481a2c767de00924b39ab766936ddf\",\"name\":\"Luc\u00eda Vera\",\"image\":{\"@type\":\"ImageObject\",\"inLanguage\":\"es\",\"@id\":\"https:\/\/www.clubdelemprendimiento.com\/blog\/#\/schema\/person\/image\/\",\"url\":\"https:\/\/secure.gravatar.com\/avatar\/a7985f0a535e8f0be3026ac89e0a79c6?s=96&d=mm&r=g\",\"contentUrl\":\"https:\/\/secure.gravatar.com\/avatar\/a7985f0a535e8f0be3026ac89e0a79c6?s=96&d=mm&r=g\",\"caption\":\"Luc\u00eda Vera\"},\"url\":\"https:\/\/www.clubdelemprendimiento.com\/blog\/author\/luciavera\/\"}]}<\/script>\n<!-- \/ Yoast SEO plugin. -->","yoast_head_json":{"title":"Bajar el IVA y pasaporte Covid: medidas para aut\u00f3nomos del turismo","description":"Bajar el IVA o crear el pasaporte Covid son algunas de las medidas propuestas para aut\u00f3nomos del turismo. Ciudadanos se une a ATA para instar al Gobierno.","robots":{"index":"index","follow":"follow","max-snippet":"max-snippet:-1","max-image-preview":"max-image-preview:large","max-video-preview":"max-video-preview:-1"},"canonical":"https:\/\/www.clubdelemprendimiento.com\/blog\/autonomos\/bajar-el-iva-y-crear-el-pasaporte-covid-medidas-para-autonomos-del-turismo\/","og_locale":"es_ES","og_type":"article","og_title":"Bajar el IVA y pasaporte Covid: medidas para aut\u00f3nomos del turismo","og_description":"Bajar el IVA o crear el pasaporte Covid son algunas de las medidas propuestas para aut\u00f3nomos del turismo. Ciudadanos se une a ATA para instar al Gobierno.","og_url":"https:\/\/www.clubdelemprendimiento.com\/blog\/autonomos\/bajar-el-iva-y-crear-el-pasaporte-covid-medidas-para-autonomos-del-turismo\/","og_site_name":"Blog Club del Emprendimiento","article_published_time":"2021-05-24T10:00:47+00:00","article_modified_time":"2021-05-18T07:58:40+00:00","og_image":[{"width":1280,"height":719,"url":"https:\/\/www.clubdelemprendimiento.com\/blog\/wp-content\/uploads\/2021\/05\/beach-1236581_1280.jpg","type":"image\/jpeg"}],"author":"Luc\u00eda Vera","twitter_card":"summary_large_image","twitter_misc":{"Escrito por":"Luc\u00eda Vera","Tiempo de lectura":"2 minutos"},"schema":{"@context":"https:\/\/schema.org","@graph":[{"@type":"WebPage","@id":"https:\/\/www.clubdelemprendimiento.com\/blog\/autonomos\/bajar-el-iva-y-crear-el-pasaporte-covid-medidas-para-autonomos-del-turismo\/","url":"https:\/\/www.clubdelemprendimiento.com\/blog\/autonomos\/bajar-el-iva-y-crear-el-pasaporte-covid-medidas-para-autonomos-del-turismo\/","name":"Bajar el IVA y pasaporte Covid: medidas para aut\u00f3nomos del turismo","isPartOf":{"@id":"https:\/\/www.clubdelemprendimiento.com\/blog\/#website"},"primaryImageOfPage":{"@id":"https:\/\/www.clubdelemprendimiento.com\/blog\/autonomos\/bajar-el-iva-y-crear-el-pasaporte-covid-medidas-para-autonomos-del-turismo\/#primaryimage"},"image":{"@id":"https:\/\/www.clubdelemprendimiento.com\/blog\/autonomos\/bajar-el-iva-y-crear-el-pasaporte-covid-medidas-para-autonomos-del-turismo\/#primaryimage"},"thumbnailUrl":"https:\/\/www.clubdelemprendimiento.com\/blog\/wp-content\/uploads\/2021\/05\/beach-1236581_1280.jpg","datePublished":"2021-05-24T10:00:47+00:00","dateModified":"2021-05-18T07:58:40+00:00","author":{"@id":"https:\/\/www.clubdelemprendimiento.com\/blog\/#\/schema\/person\/fe481a2c767de00924b39ab766936ddf"},"description":"Bajar el IVA o crear el pasaporte Covid son algunas de las medidas propuestas para aut\u00f3nomos del turismo. Ciudadanos se une a ATA para instar al Gobierno.","breadcrumb":{"@id":"https:\/\/www.clubdelemprendimiento.com\/blog\/autonomos\/bajar-el-iva-y-crear-el-pasaporte-covid-medidas-para-autonomos-del-turismo\/#breadcrumb"},"inLanguage":"es","potentialAction":[{"@type":"ReadAction","target":["https:\/\/www.clubdelemprendimiento.com\/blog\/autonomos\/bajar-el-iva-y-crear-el-pasaporte-covid-medidas-para-autonomos-del-turismo\/"]}]},{"@type":"ImageObject","inLanguage":"es","@id":"https:\/\/www.clubdelemprendimiento.com\/blog\/autonomos\/bajar-el-iva-y-crear-el-pasaporte-covid-medidas-para-autonomos-del-turismo\/#primaryimage","url":"https:\/\/www.clubdelemprendimiento.com\/blog\/wp-content\/uploads\/2021\/05\/beach-1236581_1280.jpg","contentUrl":"https:\/\/www.clubdelemprendimiento.com\/blog\/wp-content\/uploads\/2021\/05\/beach-1236581_1280.jpg","width":1280,"height":719,"caption":"aut\u00f3nomos del turismo"},{"@type":"BreadcrumbList","@id":"https:\/\/www.clubdelemprendimiento.com\/blog\/autonomos\/bajar-el-iva-y-crear-el-pasaporte-covid-medidas-para-autonomos-del-turismo\/#breadcrumb","itemListElement":[{"@type":"ListItem","position":1,"name":"Home","item":"https:\/\/www.clubdelemprendimiento.com\/blog\/"},{"@type":"ListItem","position":2,"name":"Bajar el IVA y crear el pasaporte Covid: medidas para aut\u00f3nomos del turismo"}]},{"@type":"WebSite","@id":"https:\/\/www.clubdelemprendimiento.com\/blog\/#website","url":"https:\/\/www.clubdelemprendimiento.com\/blog\/","name":"Blog Club del Emprendimiento","description":"","potentialAction":[{"@type":"SearchAction","target":{"@type":"EntryPoint","urlTemplate":"https:\/\/www.clubdelemprendimiento.com\/blog\/?s={search_term_string}"},"query-input":"required name=search_term_string"}],"inLanguage":"es"},{"@type":"Person","@id":"https:\/\/www.clubdelemprendimiento.com\/blog\/#\/schema\/person\/fe481a2c767de00924b39ab766936ddf","name":"Luc\u00eda Vera","image":{"@type":"ImageObject","inLanguage":"es","@id":"https:\/\/www.clubdelemprendimiento.com\/blog\/#\/schema\/person\/image\/","url":"https:\/\/secure.gravatar.com\/avatar\/a7985f0a535e8f0be3026ac89e0a79c6?s=96&d=mm&r=g","contentUrl":"https:\/\/secure.gravatar.com\/avatar\/a7985f0a535e8f0be3026ac89e0a79c6?s=96&d=mm&r=g","caption":"Luc\u00eda Vera"},"url":"https:\/\/www.clubdelemprendimiento.com\/blog\/author\/luciavera\/"}]}},"_links":{"self":[{"href":"https:\/\/www.clubdelemprendimiento.com\/blog\/wp-json\/wp\/v2\/posts\/14786"}],"collection":[{"href":"https:\/\/www.clubdelemprendimiento.com\/blog\/wp-json\/wp\/v2\/posts"}],"about":[{"href":"https:\/\/www.clubdelemprendimiento.com\/blog\/wp-json\/wp\/v2\/types\/post"}],"author":[{"embeddable":true,"href":"https:\/\/www.clubdelemprendimiento.com\/blog\/wp-json\/wp\/v2\/users\/5"}],"replies":[{"embeddable":true,"href":"https:\/\/www.clubdelemprendimiento.com\/blog\/wp-json\/wp\/v2\/comments?post=14786"}],"version-history":[{"count":2,"href":"https:\/\/www.clubdelemprendimiento.com\/blog\/wp-json\/wp\/v2\/posts\/14786\/revisions"}],"predecessor-version":[{"id":14789,"href":"https:\/\/www.clubdelemprendimiento.com\/blog\/wp-json\/wp\/v2\/posts\/14786\/revisions\/14789"}],"wp:featuredmedia":[{"embeddable":true,"href":"https:\/\/www.clubdelemprendimiento.com\/blog\/wp-json\/wp\/v2\/media\/14787"}],"wp:attachment":[{"href":"https:\/\/www.clubdelemprendimiento.com\/blog\/wp-json\/wp\/v2\/media?parent=14786"}],"wp:term":[{"taxonomy":"category","embeddable":true,"href":"https:\/\/www.clubdelemprendimiento.com\/blog\/wp-json\/wp\/v2\/categories?post=14786"},{"taxonomy":"post_tag","embeddable":true,"href":"https:\/\/www.clubdelemprendimiento.com\/blog\/wp-json\/wp\/v2\/tags?post=14786"}],"curies":[{"name":"wp","href":"https:\/\/api.w.org\/{rel}","templated":true}]}}