{"id":14535,"date":"2021-03-24T10:00:07","date_gmt":"2021-03-24T10:00:07","guid":{"rendered":"https:\/\/www.clubdelemprendimiento.com\/blog\/?p=14535"},"modified":"2021-03-23T09:51:16","modified_gmt":"2021-03-23T09:51:16","slug":"reina-el-proyecto-europeo-para-el-ambito-rural","status":"publish","type":"post","link":"https:\/\/www.clubdelemprendimiento.com\/blog\/nuestros-emprendedores\/reina-el-proyecto-europeo-para-el-ambito-rural\/","title":{"rendered":"Reina, el proyecto europeo para el \u00e1mbito rural"},"content":{"rendered":"<p>En Europa podr\u00eda decirse que hay dos versiones: la urbanizada y la rural o despoblada. Todo esto que se escucha \u00faltimamente sobre la Espa\u00f1a vaciada no es exclusivo de vuestro pa\u00eds, sino que ocurre en el resto de pa\u00edses del continente. Es por ello que nace la <a href=\"https:\/\/reina.startupole.eu\/\" target=\"_blank\" rel=\"noopener\">iniciativa ReInA<\/a> por sus siglas: Rural European Innovation Area.<\/p>\n<h2>Objetivos de ReInA, la iniciativa para el \u00e1mbito rural<\/h2>\n<p>El principal objetivo del proyecto es la <strong>reducci\u00f3n de la brecha entre el mundo urbano y el rural.<\/strong> La idea es aportar recursos, atraer inversi\u00f3n, generar proyectos y crear empleo en el \u00e1mbito rural. Para ello, se quiere poner en contacto a todas las partes que puedan favorecer a creaci\u00f3n de proyectos y sinergias que generen riqueza en el \u00e1mbito rural para as\u00ed fomentar la creaci\u00f3n de empleo, revertir la despoblaci\u00f3n, asegurando una mejor calidad de vida y servicios para los habitantes de estas zonas haciendo especial hincapi\u00e9 en algunos como salud-telemedicina, educaci\u00f3n, contenidos, seguridad, accesibilidad, conectividad, formaci\u00f3n digital, etc. En este sentido, <strong>ReInA busca fondos de inversi\u00f3n, corporaciones, instituciones p\u00fablicas, gobiernos locales,<\/strong> diputaciones y universidades, por un lado, y por otro, startups, PYME\u00b4s innovadoras, grupos de acci\u00f3n local y todo tipo de plataformas del \u00e1mbito rural.<\/p>\n<h2>Iniciativa europea para el \u00e1mbito rural<\/h2>\n<p>Estamos ante una iniciativa impulsada por la Comisaria Europea de Innovaci\u00f3n, Investigaci\u00f3n, Cultura, Educaci\u00f3n y Juventud, D\u00f1a. Mariya Gabriel. Tambi\u00e9n ha intervenido <a href=\"https:\/\/www.clubdelemprendimiento.com\/blog\/nuestros-emprendedores\/startup-ole-2020-100-digital\/\" target=\"_blank\" rel=\"noopener\">Startup OL\u00c9<\/a>, y numerosos colaboradores, como el Instituto Europeo de Innovaci\u00f3n y Tecnolog\u00eda (EIT), la Organizaci\u00f3n para la Cooperaci\u00f3n y el Desarrollo Econ\u00f3micos (OCDE), Enag\u00e1s, Enisa, Guardia Civil, Grupo Tragsa, Amazon Web Services, Impulsa Visi\u00f3n RTVE, Fundaci\u00f3n ONCE, Cabify,\u00a0 entre otros. La primera acci\u00f3n se desarrollar\u00e1 los d\u00edas 6 y 7 de abril, con el evento de lanzamiento y una jornada de \u00a0matchmaking mediante reuniones one to one entre startups, pymes innovadoras y grupos de acci\u00f3n local con inversores, instituciones y corporaciones. Todo ello en formato online, dadas las circunstancias actuales.<\/p>\n<p>ReInA se focaliza en la creaci\u00f3n de un<strong> \u00c1rea de Innovaci\u00f3n Rural Europea con el fin de ser el altavoz del medio rural.<\/strong> Se quiere impulsar su desarrollo, crecimiento, negocios y recursos naturales. Para ello, se piensa en una gesti\u00f3n justa, verde y sostenible. Se va a trabajar en actividades m\u00e1s propias del medio rural, como pueden ser \u00a0la agricultura, la ganader\u00eda, el turismo o la artesan\u00eda. Pero tambi\u00e9n en otros sectores que se desarrollan y tienen lugar en el espacio rural como el energ\u00e9tico, la sostenibilidad, agua, econom\u00eda circular, miner\u00eda, industria, movilidad, log\u00edstica o retail, e, incluso rob\u00f3tica.<\/p>\n","protected":false},"excerpt":{"rendered":"<p>En Europa podr\u00eda decirse que hay dos versiones: la urbanizada y la rural o&hellip;<\/p>\n","protected":false},"author":5,"featured_media":14536,"comment_status":"open","ping_status":"open","sticky":false,"template":"","format":"standard","meta":{"_acf_changed":false,"footnotes":""},"categories":[91],"tags":[],"acf":[],"yoast_head":"<!-- This site is optimized with the Yoast SEO plugin v22.7 - https:\/\/yoast.com\/wordpress\/plugins\/seo\/ -->\n<title>Nace reina, un proyecto europeo para el \u00e1mbito rural<\/title>\n<meta name=\"description\" content=\"Reina es el nuevo proyecto europeo para la mejroa del \u00e1mbito rural. El objetivo del proyecto es la reducci\u00f3n de la brecha entre lo urbano y lo rural.\" \/>\n<meta name=\"robots\" content=\"index, follow, max-snippet:-1, max-image-preview:large, max-video-preview:-1\" \/>\n<link rel=\"canonical\" href=\"https:\/\/www.clubdelemprendimiento.com\/blog\/nuestros-emprendedores\/reina-el-proyecto-europeo-para-el-ambito-rural\/\" \/>\n<meta property=\"og:locale\" content=\"es_ES\" \/>\n<meta property=\"og:type\" content=\"article\" \/>\n<meta property=\"og:title\" content=\"Nace reina, un proyecto europeo para el \u00e1mbito rural\" \/>\n<meta property=\"og:description\" content=\"Reina es el nuevo proyecto europeo para la mejroa del \u00e1mbito rural. El objetivo del proyecto es la reducci\u00f3n de la brecha entre lo urbano y lo rural.\" \/>\n<meta property=\"og:url\" content=\"https:\/\/www.clubdelemprendimiento.com\/blog\/nuestros-emprendedores\/reina-el-proyecto-europeo-para-el-ambito-rural\/\" \/>\n<meta property=\"og:site_name\" content=\"Blog Club del Emprendimiento\" \/>\n<meta property=\"article:published_time\" content=\"2021-03-24T10:00:07+00:00\" \/>\n<meta property=\"article:modified_time\" content=\"2021-03-23T09:51:16+00:00\" \/>\n<meta property=\"og:image\" content=\"https:\/\/www.clubdelemprendimiento.com\/blog\/wp-content\/uploads\/2021\/03\/mountains-1547302_1280.jpg\" \/>\n\t<meta property=\"og:image:width\" content=\"1280\" \/>\n\t<meta property=\"og:image:height\" content=\"853\" \/>\n\t<meta property=\"og:image:type\" content=\"image\/jpeg\" \/>\n<meta name=\"author\" content=\"Luc\u00eda Vera\" \/>\n<meta name=\"twitter:card\" content=\"summary_large_image\" \/>\n<meta name=\"twitter:label1\" content=\"Escrito por\" \/>\n\t<meta name=\"twitter:data1\" content=\"Luc\u00eda Vera\" \/>\n\t<meta name=\"twitter:label2\" content=\"Tiempo de lectura\" \/>\n\t<meta name=\"twitter:data2\" content=\"2 minutos\" \/>\n<script type=\"application\/ld+json\" class=\"yoast-schema-graph\">{\"@context\":\"https:\/\/schema.org\",\"@graph\":[{\"@type\":\"WebPage\",\"@id\":\"https:\/\/www.clubdelemprendimiento.com\/blog\/nuestros-emprendedores\/reina-el-proyecto-europeo-para-el-ambito-rural\/\",\"url\":\"https:\/\/www.clubdelemprendimiento.com\/blog\/nuestros-emprendedores\/reina-el-proyecto-europeo-para-el-ambito-rural\/\",\"name\":\"Nace reina, un proyecto europeo para el \u00e1mbito rural\",\"isPartOf\":{\"@id\":\"https:\/\/www.clubdelemprendimiento.com\/blog\/#website\"},\"primaryImageOfPage\":{\"@id\":\"https:\/\/www.clubdelemprendimiento.com\/blog\/nuestros-emprendedores\/reina-el-proyecto-europeo-para-el-ambito-rural\/#primaryimage\"},\"image\":{\"@id\":\"https:\/\/www.clubdelemprendimiento.com\/blog\/nuestros-emprendedores\/reina-el-proyecto-europeo-para-el-ambito-rural\/#primaryimage\"},\"thumbnailUrl\":\"https:\/\/www.clubdelemprendimiento.com\/blog\/wp-content\/uploads\/2021\/03\/mountains-1547302_1280.jpg\",\"datePublished\":\"2021-03-24T10:00:07+00:00\",\"dateModified\":\"2021-03-23T09:51:16+00:00\",\"author\":{\"@id\":\"https:\/\/www.clubdelemprendimiento.com\/blog\/#\/schema\/person\/fe481a2c767de00924b39ab766936ddf\"},\"description\":\"Reina es el nuevo proyecto europeo para la mejroa del \u00e1mbito rural. El objetivo del proyecto es la reducci\u00f3n de la brecha entre lo urbano y lo rural.\",\"breadcrumb\":{\"@id\":\"https:\/\/www.clubdelemprendimiento.com\/blog\/nuestros-emprendedores\/reina-el-proyecto-europeo-para-el-ambito-rural\/#breadcrumb\"},\"inLanguage\":\"es\",\"potentialAction\":[{\"@type\":\"ReadAction\",\"target\":[\"https:\/\/www.clubdelemprendimiento.com\/blog\/nuestros-emprendedores\/reina-el-proyecto-europeo-para-el-ambito-rural\/\"]}]},{\"@type\":\"ImageObject\",\"inLanguage\":\"es\",\"@id\":\"https:\/\/www.clubdelemprendimiento.com\/blog\/nuestros-emprendedores\/reina-el-proyecto-europeo-para-el-ambito-rural\/#primaryimage\",\"url\":\"https:\/\/www.clubdelemprendimiento.com\/blog\/wp-content\/uploads\/2021\/03\/mountains-1547302_1280.jpg\",\"contentUrl\":\"https:\/\/www.clubdelemprendimiento.com\/blog\/wp-content\/uploads\/2021\/03\/mountains-1547302_1280.jpg\",\"width\":1280,\"height\":853,\"caption\":\"\u00e1mbito rural\"},{\"@type\":\"BreadcrumbList\",\"@id\":\"https:\/\/www.clubdelemprendimiento.com\/blog\/nuestros-emprendedores\/reina-el-proyecto-europeo-para-el-ambito-rural\/#breadcrumb\",\"itemListElement\":[{\"@type\":\"ListItem\",\"position\":1,\"name\":\"Home\",\"item\":\"https:\/\/www.clubdelemprendimiento.com\/blog\/\"},{\"@type\":\"ListItem\",\"position\":2,\"name\":\"Reina, el proyecto europeo para el \u00e1mbito rural\"}]},{\"@type\":\"WebSite\",\"@id\":\"https:\/\/www.clubdelemprendimiento.com\/blog\/#website\",\"url\":\"https:\/\/www.clubdelemprendimiento.com\/blog\/\",\"name\":\"Blog Club del Emprendimiento\",\"description\":\"\",\"potentialAction\":[{\"@type\":\"SearchAction\",\"target\":{\"@type\":\"EntryPoint\",\"urlTemplate\":\"https:\/\/www.clubdelemprendimiento.com\/blog\/?s={search_term_string}\"},\"query-input\":\"required name=search_term_string\"}],\"inLanguage\":\"es\"},{\"@type\":\"Person\",\"@id\":\"https:\/\/www.clubdelemprendimiento.com\/blog\/#\/schema\/person\/fe481a2c767de00924b39ab766936ddf\",\"name\":\"Luc\u00eda Vera\",\"image\":{\"@type\":\"ImageObject\",\"inLanguage\":\"es\",\"@id\":\"https:\/\/www.clubdelemprendimiento.com\/blog\/#\/schema\/person\/image\/\",\"url\":\"https:\/\/secure.gravatar.com\/avatar\/a7985f0a535e8f0be3026ac89e0a79c6?s=96&d=mm&r=g\",\"contentUrl\":\"https:\/\/secure.gravatar.com\/avatar\/a7985f0a535e8f0be3026ac89e0a79c6?s=96&d=mm&r=g\",\"caption\":\"Luc\u00eda Vera\"},\"url\":\"https:\/\/www.clubdelemprendimiento.com\/blog\/author\/luciavera\/\"}]}<\/script>\n<!-- \/ Yoast SEO plugin. -->","yoast_head_json":{"title":"Nace reina, un proyecto europeo para el \u00e1mbito rural","description":"Reina es el nuevo proyecto europeo para la mejroa del \u00e1mbito rural. El objetivo del proyecto es la reducci\u00f3n de la brecha entre lo urbano y lo rural.","robots":{"index":"index","follow":"follow","max-snippet":"max-snippet:-1","max-image-preview":"max-image-preview:large","max-video-preview":"max-video-preview:-1"},"canonical":"https:\/\/www.clubdelemprendimiento.com\/blog\/nuestros-emprendedores\/reina-el-proyecto-europeo-para-el-ambito-rural\/","og_locale":"es_ES","og_type":"article","og_title":"Nace reina, un proyecto europeo para el \u00e1mbito rural","og_description":"Reina es el nuevo proyecto europeo para la mejroa del \u00e1mbito rural. El objetivo del proyecto es la reducci\u00f3n de la brecha entre lo urbano y lo rural.","og_url":"https:\/\/www.clubdelemprendimiento.com\/blog\/nuestros-emprendedores\/reina-el-proyecto-europeo-para-el-ambito-rural\/","og_site_name":"Blog Club del Emprendimiento","article_published_time":"2021-03-24T10:00:07+00:00","article_modified_time":"2021-03-23T09:51:16+00:00","og_image":[{"width":1280,"height":853,"url":"https:\/\/www.clubdelemprendimiento.com\/blog\/wp-content\/uploads\/2021\/03\/mountains-1547302_1280.jpg","type":"image\/jpeg"}],"author":"Luc\u00eda Vera","twitter_card":"summary_large_image","twitter_misc":{"Escrito por":"Luc\u00eda Vera","Tiempo de lectura":"2 minutos"},"schema":{"@context":"https:\/\/schema.org","@graph":[{"@type":"WebPage","@id":"https:\/\/www.clubdelemprendimiento.com\/blog\/nuestros-emprendedores\/reina-el-proyecto-europeo-para-el-ambito-rural\/","url":"https:\/\/www.clubdelemprendimiento.com\/blog\/nuestros-emprendedores\/reina-el-proyecto-europeo-para-el-ambito-rural\/","name":"Nace reina, un proyecto europeo para el \u00e1mbito rural","isPartOf":{"@id":"https:\/\/www.clubdelemprendimiento.com\/blog\/#website"},"primaryImageOfPage":{"@id":"https:\/\/www.clubdelemprendimiento.com\/blog\/nuestros-emprendedores\/reina-el-proyecto-europeo-para-el-ambito-rural\/#primaryimage"},"image":{"@id":"https:\/\/www.clubdelemprendimiento.com\/blog\/nuestros-emprendedores\/reina-el-proyecto-europeo-para-el-ambito-rural\/#primaryimage"},"thumbnailUrl":"https:\/\/www.clubdelemprendimiento.com\/blog\/wp-content\/uploads\/2021\/03\/mountains-1547302_1280.jpg","datePublished":"2021-03-24T10:00:07+00:00","dateModified":"2021-03-23T09:51:16+00:00","author":{"@id":"https:\/\/www.clubdelemprendimiento.com\/blog\/#\/schema\/person\/fe481a2c767de00924b39ab766936ddf"},"description":"Reina es el nuevo proyecto europeo para la mejroa del \u00e1mbito rural. El objetivo del proyecto es la reducci\u00f3n de la brecha entre lo urbano y lo rural.","breadcrumb":{"@id":"https:\/\/www.clubdelemprendimiento.com\/blog\/nuestros-emprendedores\/reina-el-proyecto-europeo-para-el-ambito-rural\/#breadcrumb"},"inLanguage":"es","potentialAction":[{"@type":"ReadAction","target":["https:\/\/www.clubdelemprendimiento.com\/blog\/nuestros-emprendedores\/reina-el-proyecto-europeo-para-el-ambito-rural\/"]}]},{"@type":"ImageObject","inLanguage":"es","@id":"https:\/\/www.clubdelemprendimiento.com\/blog\/nuestros-emprendedores\/reina-el-proyecto-europeo-para-el-ambito-rural\/#primaryimage","url":"https:\/\/www.clubdelemprendimiento.com\/blog\/wp-content\/uploads\/2021\/03\/mountains-1547302_1280.jpg","contentUrl":"https:\/\/www.clubdelemprendimiento.com\/blog\/wp-content\/uploads\/2021\/03\/mountains-1547302_1280.jpg","width":1280,"height":853,"caption":"\u00e1mbito rural"},{"@type":"BreadcrumbList","@id":"https:\/\/www.clubdelemprendimiento.com\/blog\/nuestros-emprendedores\/reina-el-proyecto-europeo-para-el-ambito-rural\/#breadcrumb","itemListElement":[{"@type":"ListItem","position":1,"name":"Home","item":"https:\/\/www.clubdelemprendimiento.com\/blog\/"},{"@type":"ListItem","position":2,"name":"Reina, el proyecto europeo para el \u00e1mbito rural"}]},{"@type":"WebSite","@id":"https:\/\/www.clubdelemprendimiento.com\/blog\/#website","url":"https:\/\/www.clubdelemprendimiento.com\/blog\/","name":"Blog Club del Emprendimiento","description":"","potentialAction":[{"@type":"SearchAction","target":{"@type":"EntryPoint","urlTemplate":"https:\/\/www.clubdelemprendimiento.com\/blog\/?s={search_term_string}"},"query-input":"required name=search_term_string"}],"inLanguage":"es"},{"@type":"Person","@id":"https:\/\/www.clubdelemprendimiento.com\/blog\/#\/schema\/person\/fe481a2c767de00924b39ab766936ddf","name":"Luc\u00eda Vera","image":{"@type":"ImageObject","inLanguage":"es","@id":"https:\/\/www.clubdelemprendimiento.com\/blog\/#\/schema\/person\/image\/","url":"https:\/\/secure.gravatar.com\/avatar\/a7985f0a535e8f0be3026ac89e0a79c6?s=96&d=mm&r=g","contentUrl":"https:\/\/secure.gravatar.com\/avatar\/a7985f0a535e8f0be3026ac89e0a79c6?s=96&d=mm&r=g","caption":"Luc\u00eda Vera"},"url":"https:\/\/www.clubdelemprendimiento.com\/blog\/author\/luciavera\/"}]}},"_links":{"self":[{"href":"https:\/\/www.clubdelemprendimiento.com\/blog\/wp-json\/wp\/v2\/posts\/14535"}],"collection":[{"href":"https:\/\/www.clubdelemprendimiento.com\/blog\/wp-json\/wp\/v2\/posts"}],"about":[{"href":"https:\/\/www.clubdelemprendimiento.com\/blog\/wp-json\/wp\/v2\/types\/post"}],"author":[{"embeddable":true,"href":"https:\/\/www.clubdelemprendimiento.com\/blog\/wp-json\/wp\/v2\/users\/5"}],"replies":[{"embeddable":true,"href":"https:\/\/www.clubdelemprendimiento.com\/blog\/wp-json\/wp\/v2\/comments?post=14535"}],"version-history":[{"count":1,"href":"https:\/\/www.clubdelemprendimiento.com\/blog\/wp-json\/wp\/v2\/posts\/14535\/revisions"}],"predecessor-version":[{"id":14537,"href":"https:\/\/www.clubdelemprendimiento.com\/blog\/wp-json\/wp\/v2\/posts\/14535\/revisions\/14537"}],"wp:featuredmedia":[{"embeddable":true,"href":"https:\/\/www.clubdelemprendimiento.com\/blog\/wp-json\/wp\/v2\/media\/14536"}],"wp:attachment":[{"href":"https:\/\/www.clubdelemprendimiento.com\/blog\/wp-json\/wp\/v2\/media?parent=14535"}],"wp:term":[{"taxonomy":"category","embeddable":true,"href":"https:\/\/www.clubdelemprendimiento.com\/blog\/wp-json\/wp\/v2\/categories?post=14535"},{"taxonomy":"post_tag","embeddable":true,"href":"https:\/\/www.clubdelemprendimiento.com\/blog\/wp-json\/wp\/v2\/tags?post=14535"}],"curies":[{"name":"wp","href":"https:\/\/api.w.org\/{rel}","templated":true}]}}