{"id":14432,"date":"2021-02-23T10:00:21","date_gmt":"2021-02-23T10:00:21","guid":{"rendered":"https:\/\/www.clubdelemprendimiento.com\/blog\/?p=14432"},"modified":"2021-02-18T09:02:37","modified_gmt":"2021-02-18T09:02:37","slug":"autonomos-hosteleros-y-del-comercio-prioritarios-en-la-vacuna","status":"publish","type":"post","link":"https:\/\/www.clubdelemprendimiento.com\/blog\/autonomos\/autonomos-hosteleros-y-del-comercio-prioritarios-en-la-vacuna\/","title":{"rendered":"Aut\u00f3nomos hosteleros y del comercio: prioritarios en la vacuna"},"content":{"rendered":"<p>La vacuna es el remedio y la esperanza que todos esperamos para poder ver la luz al final del t\u00fanel. <strong>La crisis del coronavirus hace mella en todos los sectores y tambi\u00e9n en lo personal.<\/strong> Por ello, la vacuna es la soluci\u00f3n en la que todos depositamos nuestras esperanzas.<\/p>\n<p>En este sentido, el plan de vacunaci\u00f3n que se estipule es fundamental para los planes de futuro tanto en el terreno sanitario como en lo que respecta a la econom\u00eda de nuestro pa\u00eds. Obviamente, el personal sanitario son los primeros en vacunarse por ser los m\u00e1s expuestos al virus. Las personas m\u00e1s vulnerables son los siguientes en el plan de vacunaci\u00f3n. Pero, \u00bfqui\u00e9nes m\u00e1s deben formar parte de este plan? \u00bfC\u00f3mo elegir los siguientes en vacunarse? \u00bfQu\u00e9 sector debe ser el siguiente en vacunarse? Seg\u00fan <a href=\"https:\/\/upta.es\/\" target=\"_blank\" rel=\"noopener\">UPTA<\/a>, los aut\u00f3nomos hosteleros y del comercio.<\/p>\n<h2>Aut\u00f3nomos hosteleros: \u00bfsiguientes en el plan de vacunaci\u00f3n?<\/h2>\n<p>La Uni\u00f3n de Profesionales y Trabajadores Aut\u00f3nomos (UPTA) han solicitado una reuni\u00f3n con la ministra de Sanidad, Carolina Darias. El objetivo de la reuni\u00f3n es proponerle que los aut\u00f3nomos hosteleros y del comercio sean los siguientes en sr vacunados. Este es un tema que tambi\u00e9n concierne a las Comunidades Aut\u00f3nomas, ya que son las que determinan el ritmo de vacunaci\u00f3n y tienen que tomar la decisi\u00f3n. Sin embargo, se ha propuesto esta posibilidad porque los\u00a0aut\u00f3nomos del comercio y la hosteler\u00eda se han considerado desde el inicio de la pandemia como esenciales. Por tanto, as\u00ed deben ser considerados tambi\u00e9n en la estrategia de vacunaci\u00f3n. Los dos son sectores expuestos con una gran cantidad de p\u00fablico que reciben, por lo que todo lo que sea contribuir a reducir las posibilidades de contagio, supone un avance.<\/p>\n<p>\u00ab<em>Todos los trabajadores de los establecimientos que est\u00e9n abiertos al p\u00fablico tienen que ser considerados prioritarios para el calendario de vacunaci\u00f3n, despu\u00e9s de los sanitarios, sociosanitarios y las Fuerzas y Cuerpos de Seguridad del Estado<\/em>\u00ab, ha declarado Eduardo Abad, presidente de UPTA. Abad advierte que no se debe olvidar el impacto de la pandemia en las rutinas y h\u00e1bitos de consumo, el miedo al contagio ha creado mucho recelo, y con esta medida se generar\u00eda una situaci\u00f3n de confianza en el consumidor que potenciar\u00eda el gasto, imprescindible en la cr\u00edtica situaci\u00f3n que est\u00e1n padeciendo, sobre todo, los negocios de proximidad. Es por ello que desde la organizaci\u00f3n se suman a la petici\u00f3n de\u00a0priorizar a trabajadores <strong>considerados esenciales dentro de la campa\u00f1a de vacunaci\u00f3n.<\/strong><\/p>\n","protected":false},"excerpt":{"rendered":"<p>La vacuna es el remedio y la esperanza que todos esperamos para poder ver&hellip;<\/p>\n","protected":false},"author":5,"featured_media":14433,"comment_status":"open","ping_status":"open","sticky":false,"template":"","format":"standard","meta":{"_acf_changed":false,"footnotes":""},"categories":[255],"tags":[],"acf":[],"yoast_head":"<!-- This site is optimized with the Yoast SEO plugin v22.7 - https:\/\/yoast.com\/wordpress\/plugins\/seo\/ -->\n<title>Aut\u00f3nomos hosteleros y del comercio: prioritarios en la vacuna<\/title>\n<meta name=\"description\" content=\"La asociaci\u00f3n de trabajadores por cuenta propia UPTA piden que los aut\u00f3nomos hosteleros y del comercio sean prioritarios en la vacuna\" \/>\n<meta name=\"robots\" content=\"index, follow, max-snippet:-1, max-image-preview:large, max-video-preview:-1\" \/>\n<link rel=\"canonical\" href=\"https:\/\/www.clubdelemprendimiento.com\/blog\/autonomos\/autonomos-hosteleros-y-del-comercio-prioritarios-en-la-vacuna\/\" \/>\n<meta property=\"og:locale\" content=\"es_ES\" \/>\n<meta property=\"og:type\" content=\"article\" \/>\n<meta property=\"og:title\" content=\"Aut\u00f3nomos hosteleros y del comercio: prioritarios en la vacuna\" \/>\n<meta property=\"og:description\" content=\"La asociaci\u00f3n de trabajadores por cuenta propia UPTA piden que los aut\u00f3nomos hosteleros y del comercio sean prioritarios en la vacuna\" \/>\n<meta property=\"og:url\" content=\"https:\/\/www.clubdelemprendimiento.com\/blog\/autonomos\/autonomos-hosteleros-y-del-comercio-prioritarios-en-la-vacuna\/\" \/>\n<meta property=\"og:site_name\" content=\"Blog Club del Emprendimiento\" \/>\n<meta property=\"article:published_time\" content=\"2021-02-23T10:00:21+00:00\" \/>\n<meta property=\"article:modified_time\" content=\"2021-02-18T09:02:37+00:00\" \/>\n<meta property=\"og:image\" content=\"https:\/\/www.clubdelemprendimiento.com\/blog\/wp-content\/uploads\/2021\/02\/drink-2639456_1280.jpg\" \/>\n\t<meta property=\"og:image:width\" content=\"1280\" \/>\n\t<meta property=\"og:image:height\" content=\"853\" \/>\n\t<meta property=\"og:image:type\" content=\"image\/jpeg\" \/>\n<meta name=\"author\" content=\"Luc\u00eda Vera\" \/>\n<meta name=\"twitter:card\" content=\"summary_large_image\" \/>\n<meta name=\"twitter:label1\" content=\"Escrito por\" \/>\n\t<meta name=\"twitter:data1\" content=\"Luc\u00eda Vera\" \/>\n\t<meta name=\"twitter:label2\" content=\"Tiempo de lectura\" \/>\n\t<meta name=\"twitter:data2\" content=\"2 minutos\" \/>\n<script type=\"application\/ld+json\" class=\"yoast-schema-graph\">{\"@context\":\"https:\/\/schema.org\",\"@graph\":[{\"@type\":\"WebPage\",\"@id\":\"https:\/\/www.clubdelemprendimiento.com\/blog\/autonomos\/autonomos-hosteleros-y-del-comercio-prioritarios-en-la-vacuna\/\",\"url\":\"https:\/\/www.clubdelemprendimiento.com\/blog\/autonomos\/autonomos-hosteleros-y-del-comercio-prioritarios-en-la-vacuna\/\",\"name\":\"Aut\u00f3nomos hosteleros y del comercio: prioritarios en la vacuna\",\"isPartOf\":{\"@id\":\"https:\/\/www.clubdelemprendimiento.com\/blog\/#website\"},\"primaryImageOfPage\":{\"@id\":\"https:\/\/www.clubdelemprendimiento.com\/blog\/autonomos\/autonomos-hosteleros-y-del-comercio-prioritarios-en-la-vacuna\/#primaryimage\"},\"image\":{\"@id\":\"https:\/\/www.clubdelemprendimiento.com\/blog\/autonomos\/autonomos-hosteleros-y-del-comercio-prioritarios-en-la-vacuna\/#primaryimage\"},\"thumbnailUrl\":\"https:\/\/www.clubdelemprendimiento.com\/blog\/wp-content\/uploads\/2021\/02\/drink-2639456_1280.jpg\",\"datePublished\":\"2021-02-23T10:00:21+00:00\",\"dateModified\":\"2021-02-18T09:02:37+00:00\",\"author\":{\"@id\":\"https:\/\/www.clubdelemprendimiento.com\/blog\/#\/schema\/person\/fe481a2c767de00924b39ab766936ddf\"},\"description\":\"La asociaci\u00f3n de trabajadores por cuenta propia UPTA piden que los aut\u00f3nomos hosteleros y del comercio sean prioritarios en la vacuna\",\"breadcrumb\":{\"@id\":\"https:\/\/www.clubdelemprendimiento.com\/blog\/autonomos\/autonomos-hosteleros-y-del-comercio-prioritarios-en-la-vacuna\/#breadcrumb\"},\"inLanguage\":\"es\",\"potentialAction\":[{\"@type\":\"ReadAction\",\"target\":[\"https:\/\/www.clubdelemprendimiento.com\/blog\/autonomos\/autonomos-hosteleros-y-del-comercio-prioritarios-en-la-vacuna\/\"]}]},{\"@type\":\"ImageObject\",\"inLanguage\":\"es\",\"@id\":\"https:\/\/www.clubdelemprendimiento.com\/blog\/autonomos\/autonomos-hosteleros-y-del-comercio-prioritarios-en-la-vacuna\/#primaryimage\",\"url\":\"https:\/\/www.clubdelemprendimiento.com\/blog\/wp-content\/uploads\/2021\/02\/drink-2639456_1280.jpg\",\"contentUrl\":\"https:\/\/www.clubdelemprendimiento.com\/blog\/wp-content\/uploads\/2021\/02\/drink-2639456_1280.jpg\",\"width\":1280,\"height\":853,\"caption\":\"aut\u00f3nomos hosteleros\"},{\"@type\":\"BreadcrumbList\",\"@id\":\"https:\/\/www.clubdelemprendimiento.com\/blog\/autonomos\/autonomos-hosteleros-y-del-comercio-prioritarios-en-la-vacuna\/#breadcrumb\",\"itemListElement\":[{\"@type\":\"ListItem\",\"position\":1,\"name\":\"Home\",\"item\":\"https:\/\/www.clubdelemprendimiento.com\/blog\/\"},{\"@type\":\"ListItem\",\"position\":2,\"name\":\"Aut\u00f3nomos hosteleros y del comercio: prioritarios en la vacuna\"}]},{\"@type\":\"WebSite\",\"@id\":\"https:\/\/www.clubdelemprendimiento.com\/blog\/#website\",\"url\":\"https:\/\/www.clubdelemprendimiento.com\/blog\/\",\"name\":\"Blog Club del Emprendimiento\",\"description\":\"\",\"potentialAction\":[{\"@type\":\"SearchAction\",\"target\":{\"@type\":\"EntryPoint\",\"urlTemplate\":\"https:\/\/www.clubdelemprendimiento.com\/blog\/?s={search_term_string}\"},\"query-input\":\"required name=search_term_string\"}],\"inLanguage\":\"es\"},{\"@type\":\"Person\",\"@id\":\"https:\/\/www.clubdelemprendimiento.com\/blog\/#\/schema\/person\/fe481a2c767de00924b39ab766936ddf\",\"name\":\"Luc\u00eda Vera\",\"image\":{\"@type\":\"ImageObject\",\"inLanguage\":\"es\",\"@id\":\"https:\/\/www.clubdelemprendimiento.com\/blog\/#\/schema\/person\/image\/\",\"url\":\"https:\/\/secure.gravatar.com\/avatar\/a7985f0a535e8f0be3026ac89e0a79c6?s=96&d=mm&r=g\",\"contentUrl\":\"https:\/\/secure.gravatar.com\/avatar\/a7985f0a535e8f0be3026ac89e0a79c6?s=96&d=mm&r=g\",\"caption\":\"Luc\u00eda Vera\"},\"url\":\"https:\/\/www.clubdelemprendimiento.com\/blog\/author\/luciavera\/\"}]}<\/script>\n<!-- \/ Yoast SEO plugin. -->","yoast_head_json":{"title":"Aut\u00f3nomos hosteleros y del comercio: prioritarios en la vacuna","description":"La asociaci\u00f3n de trabajadores por cuenta propia UPTA piden que los aut\u00f3nomos hosteleros y del comercio sean prioritarios en la vacuna","robots":{"index":"index","follow":"follow","max-snippet":"max-snippet:-1","max-image-preview":"max-image-preview:large","max-video-preview":"max-video-preview:-1"},"canonical":"https:\/\/www.clubdelemprendimiento.com\/blog\/autonomos\/autonomos-hosteleros-y-del-comercio-prioritarios-en-la-vacuna\/","og_locale":"es_ES","og_type":"article","og_title":"Aut\u00f3nomos hosteleros y del comercio: prioritarios en la vacuna","og_description":"La asociaci\u00f3n de trabajadores por cuenta propia UPTA piden que los aut\u00f3nomos hosteleros y del comercio sean prioritarios en la vacuna","og_url":"https:\/\/www.clubdelemprendimiento.com\/blog\/autonomos\/autonomos-hosteleros-y-del-comercio-prioritarios-en-la-vacuna\/","og_site_name":"Blog Club del Emprendimiento","article_published_time":"2021-02-23T10:00:21+00:00","article_modified_time":"2021-02-18T09:02:37+00:00","og_image":[{"width":1280,"height":853,"url":"https:\/\/www.clubdelemprendimiento.com\/blog\/wp-content\/uploads\/2021\/02\/drink-2639456_1280.jpg","type":"image\/jpeg"}],"author":"Luc\u00eda Vera","twitter_card":"summary_large_image","twitter_misc":{"Escrito por":"Luc\u00eda Vera","Tiempo de lectura":"2 minutos"},"schema":{"@context":"https:\/\/schema.org","@graph":[{"@type":"WebPage","@id":"https:\/\/www.clubdelemprendimiento.com\/blog\/autonomos\/autonomos-hosteleros-y-del-comercio-prioritarios-en-la-vacuna\/","url":"https:\/\/www.clubdelemprendimiento.com\/blog\/autonomos\/autonomos-hosteleros-y-del-comercio-prioritarios-en-la-vacuna\/","name":"Aut\u00f3nomos hosteleros y del comercio: prioritarios en la vacuna","isPartOf":{"@id":"https:\/\/www.clubdelemprendimiento.com\/blog\/#website"},"primaryImageOfPage":{"@id":"https:\/\/www.clubdelemprendimiento.com\/blog\/autonomos\/autonomos-hosteleros-y-del-comercio-prioritarios-en-la-vacuna\/#primaryimage"},"image":{"@id":"https:\/\/www.clubdelemprendimiento.com\/blog\/autonomos\/autonomos-hosteleros-y-del-comercio-prioritarios-en-la-vacuna\/#primaryimage"},"thumbnailUrl":"https:\/\/www.clubdelemprendimiento.com\/blog\/wp-content\/uploads\/2021\/02\/drink-2639456_1280.jpg","datePublished":"2021-02-23T10:00:21+00:00","dateModified":"2021-02-18T09:02:37+00:00","author":{"@id":"https:\/\/www.clubdelemprendimiento.com\/blog\/#\/schema\/person\/fe481a2c767de00924b39ab766936ddf"},"description":"La asociaci\u00f3n de trabajadores por cuenta propia UPTA piden que los aut\u00f3nomos hosteleros y del comercio sean prioritarios en la vacuna","breadcrumb":{"@id":"https:\/\/www.clubdelemprendimiento.com\/blog\/autonomos\/autonomos-hosteleros-y-del-comercio-prioritarios-en-la-vacuna\/#breadcrumb"},"inLanguage":"es","potentialAction":[{"@type":"ReadAction","target":["https:\/\/www.clubdelemprendimiento.com\/blog\/autonomos\/autonomos-hosteleros-y-del-comercio-prioritarios-en-la-vacuna\/"]}]},{"@type":"ImageObject","inLanguage":"es","@id":"https:\/\/www.clubdelemprendimiento.com\/blog\/autonomos\/autonomos-hosteleros-y-del-comercio-prioritarios-en-la-vacuna\/#primaryimage","url":"https:\/\/www.clubdelemprendimiento.com\/blog\/wp-content\/uploads\/2021\/02\/drink-2639456_1280.jpg","contentUrl":"https:\/\/www.clubdelemprendimiento.com\/blog\/wp-content\/uploads\/2021\/02\/drink-2639456_1280.jpg","width":1280,"height":853,"caption":"aut\u00f3nomos hosteleros"},{"@type":"BreadcrumbList","@id":"https:\/\/www.clubdelemprendimiento.com\/blog\/autonomos\/autonomos-hosteleros-y-del-comercio-prioritarios-en-la-vacuna\/#breadcrumb","itemListElement":[{"@type":"ListItem","position":1,"name":"Home","item":"https:\/\/www.clubdelemprendimiento.com\/blog\/"},{"@type":"ListItem","position":2,"name":"Aut\u00f3nomos hosteleros y del comercio: prioritarios en la vacuna"}]},{"@type":"WebSite","@id":"https:\/\/www.clubdelemprendimiento.com\/blog\/#website","url":"https:\/\/www.clubdelemprendimiento.com\/blog\/","name":"Blog Club del Emprendimiento","description":"","potentialAction":[{"@type":"SearchAction","target":{"@type":"EntryPoint","urlTemplate":"https:\/\/www.clubdelemprendimiento.com\/blog\/?s={search_term_string}"},"query-input":"required name=search_term_string"}],"inLanguage":"es"},{"@type":"Person","@id":"https:\/\/www.clubdelemprendimiento.com\/blog\/#\/schema\/person\/fe481a2c767de00924b39ab766936ddf","name":"Luc\u00eda Vera","image":{"@type":"ImageObject","inLanguage":"es","@id":"https:\/\/www.clubdelemprendimiento.com\/blog\/#\/schema\/person\/image\/","url":"https:\/\/secure.gravatar.com\/avatar\/a7985f0a535e8f0be3026ac89e0a79c6?s=96&d=mm&r=g","contentUrl":"https:\/\/secure.gravatar.com\/avatar\/a7985f0a535e8f0be3026ac89e0a79c6?s=96&d=mm&r=g","caption":"Luc\u00eda Vera"},"url":"https:\/\/www.clubdelemprendimiento.com\/blog\/author\/luciavera\/"}]}},"_links":{"self":[{"href":"https:\/\/www.clubdelemprendimiento.com\/blog\/wp-json\/wp\/v2\/posts\/14432"}],"collection":[{"href":"https:\/\/www.clubdelemprendimiento.com\/blog\/wp-json\/wp\/v2\/posts"}],"about":[{"href":"https:\/\/www.clubdelemprendimiento.com\/blog\/wp-json\/wp\/v2\/types\/post"}],"author":[{"embeddable":true,"href":"https:\/\/www.clubdelemprendimiento.com\/blog\/wp-json\/wp\/v2\/users\/5"}],"replies":[{"embeddable":true,"href":"https:\/\/www.clubdelemprendimiento.com\/blog\/wp-json\/wp\/v2\/comments?post=14432"}],"version-history":[{"count":1,"href":"https:\/\/www.clubdelemprendimiento.com\/blog\/wp-json\/wp\/v2\/posts\/14432\/revisions"}],"predecessor-version":[{"id":14434,"href":"https:\/\/www.clubdelemprendimiento.com\/blog\/wp-json\/wp\/v2\/posts\/14432\/revisions\/14434"}],"wp:featuredmedia":[{"embeddable":true,"href":"https:\/\/www.clubdelemprendimiento.com\/blog\/wp-json\/wp\/v2\/media\/14433"}],"wp:attachment":[{"href":"https:\/\/www.clubdelemprendimiento.com\/blog\/wp-json\/wp\/v2\/media?parent=14432"}],"wp:term":[{"taxonomy":"category","embeddable":true,"href":"https:\/\/www.clubdelemprendimiento.com\/blog\/wp-json\/wp\/v2\/categories?post=14432"},{"taxonomy":"post_tag","embeddable":true,"href":"https:\/\/www.clubdelemprendimiento.com\/blog\/wp-json\/wp\/v2\/tags?post=14432"}],"curies":[{"name":"wp","href":"https:\/\/api.w.org\/{rel}","templated":true}]}}