{"id":14398,"date":"2021-02-09T10:00:17","date_gmt":"2021-02-09T10:00:17","guid":{"rendered":"https:\/\/www.clubdelemprendimiento.com\/blog\/?p=14398"},"modified":"2021-02-15T12:17:11","modified_gmt":"2021-02-15T12:17:11","slug":"las-desigualdades-entre-la-pension-de-los-autonomos-y-de-asalariados","status":"publish","type":"post","link":"https:\/\/www.clubdelemprendimiento.com\/blog\/autonomos\/las-desigualdades-entre-la-pension-de-los-autonomos-y-de-asalariados\/","title":{"rendered":"Las desigualdades entre la pensi\u00f3n de los aut\u00f3nomos y de asalariados"},"content":{"rendered":"<p>La pensi\u00f3n de los aut\u00f3nomos sigue siendo significativamente m\u00e1s baja que la de los asalariados. As\u00ed se expone en el \u00faltimo informa publicado por la Uni\u00f3n de Profesionales y Trabajadores Aut\u00f3nomos (<a href=\"https:\/\/upta.es\/\" target=\"_blank\" rel=\"noopener\">UPTA<\/a>). En concreto,<strong> los datos de enero de 2021 exponen que la pensi\u00f3n de media de los aut\u00f3nomos es de 709 euros al mes.\u00a0<\/strong> Por su parte, los asalariados cobran, de media 1.129 euros de pensi\u00f3n cada mes. Lo que supone una diferencia de 420 euros entre unos y otros.<\/p>\n<p>Adem\u00e1s, desde UPTA analizan que\u00a0la pensi\u00f3n de jubilaci\u00f3n del colectivo de<a href=\"https:\/\/www.clubdelemprendimiento.com\/blog\/autonomos\/la-jubilacion-de-los-autonomos\/\" target=\"_blank\" rel=\"noopener\"> trabajadores por cuenta propia<\/a>, ser\u00e1 este a\u00f1o, solo 42 euros mayor para 1.312.280 de ellos. Llegar\u00e1n a los 788 euros. Sin embargo, e la del r\u00e9gimen general es 540 euros m\u00e1s alta, es decir, de 1.328\u20ac.<\/p>\n<p>El pasado 2020,\u00a0dejaron de percibir una prestaci\u00f3n o una pensi\u00f3n contributiva de la Seguridad Social, m\u00e1s de 7.000 aut\u00f3nomos, cuando el n\u00famero total de prestaciones emitidas fue de\u00a0 1.970.727.\u00a0 El Estado fomenta y promueve el ahorro a trav\u00e9s de planes de pensi\u00f3n privados con incentivos deducibles en el IRPF. esto supone un m\u00e9todo complementario totalmente privado.<\/p>\n<h2>La opini\u00f3n y propuesta de UPTA para la pensi\u00f3n de los aut\u00f3nomos<\/h2>\n<p><em>\u00abEs imprescindible promover un sistema adicional al que ya tenemos\u00bb,<\/em> asegura Eduardo Abad, presidente de UPTA. De hecho, expone que el\u00a0modelo de cotizaci\u00f3n en funci\u00f3n de los ingresos reales no ser\u00e1 suficiente, y propone <em>\u00abactivar un m\u00e9todo de incentivos fiscales para motivar que los trabajadores aut\u00f3nomos realicen aportaciones voluntarias en sus bases de cotizaci\u00f3n a la finalizaci\u00f3n del ejercicio fiscal, pudiendo de esta forma complementar sus aportaciones al RETA y mejorando sustancialmente las futuras pensiones\u00bb.<\/em><\/p>\n<p>El colectivo reivindica que ya han\u00a0manifestado p\u00fablicamente en varias ocasiones que reforzar las cotizaciones del trabajo aut\u00f3nomo debe ser una de las prioridades del colectivo. Sin embargo, tambi\u00e9n en el Ministerio de Inclusi\u00f3n, Seguridad Social y Migraciones. En este sentido, UPTA considera fundamental\u00a0 hacer crecer las cotizaciones, para que as\u00ed, lo haga la cuant\u00eda de las pensiones tanto presentes como futuras. Pero, para conseguirlo, es imprescindible instaurar nuevas f\u00f3rmulas y sistemas.<\/p>\n<p>Desde UPTA proponen lo planteado en la \u00faltima reuni\u00f3n mantenida con la direcci\u00f3n del Ministerio de Inclusi\u00f3n y Seguridad Social. Se trata de una reforma del sistema que la organizaci\u00f3n avala con datos: m\u00e1s del\u00a025% de los trabajadores por cuenta propia\u00a0 estar\u00edan d<strong>ispuestos a realizar aportaciones complementarias a sus cotizaciones con el fin de incrementar sus bases de cotizaci\u00f3n<\/strong>, en funci\u00f3n de su capacidad de ahorro. As\u00ed lo recoge\u00a0la \u00faltima macroencuesta realizada el pasado mes de diciembre.<\/p>\n","protected":false},"excerpt":{"rendered":"<p>La pensi\u00f3n de los aut\u00f3nomos sigue siendo significativamente m\u00e1s baja que la de los&hellip;<\/p>\n","protected":false},"author":5,"featured_media":14399,"comment_status":"open","ping_status":"open","sticky":false,"template":"","format":"standard","meta":{"_acf_changed":false,"footnotes":""},"categories":[255],"tags":[],"acf":[],"yoast_head":"<!-- This site is optimized with the Yoast SEO plugin v22.7 - https:\/\/yoast.com\/wordpress\/plugins\/seo\/ -->\n<title>Las desigualdades entre la pensi\u00f3n de los aut\u00f3nomos y de asalariados<\/title>\n<meta name=\"description\" content=\"Analizamos las desigualdades entre la pensi\u00f3n de los aut\u00f3nomos y de asalariados, as\u00ed como las cuentas de UPTA en cuanto a las cotizaciones de pensiones.\" \/>\n<meta name=\"robots\" content=\"index, follow, max-snippet:-1, max-image-preview:large, max-video-preview:-1\" \/>\n<link rel=\"canonical\" href=\"https:\/\/www.clubdelemprendimiento.com\/blog\/autonomos\/las-desigualdades-entre-la-pension-de-los-autonomos-y-de-asalariados\/\" \/>\n<meta property=\"og:locale\" content=\"es_ES\" \/>\n<meta property=\"og:type\" content=\"article\" \/>\n<meta property=\"og:title\" content=\"Las desigualdades entre la pensi\u00f3n de los aut\u00f3nomos y de asalariados\" \/>\n<meta property=\"og:description\" content=\"Analizamos las desigualdades entre la pensi\u00f3n de los aut\u00f3nomos y de asalariados, as\u00ed como las cuentas de UPTA en cuanto a las cotizaciones de pensiones.\" \/>\n<meta property=\"og:url\" content=\"https:\/\/www.clubdelemprendimiento.com\/blog\/autonomos\/las-desigualdades-entre-la-pension-de-los-autonomos-y-de-asalariados\/\" \/>\n<meta property=\"og:site_name\" content=\"Blog Club del Emprendimiento\" \/>\n<meta property=\"article:published_time\" content=\"2021-02-09T10:00:17+00:00\" \/>\n<meta property=\"article:modified_time\" content=\"2021-02-15T12:17:11+00:00\" \/>\n<meta property=\"og:image\" content=\"https:\/\/www.clubdelemprendimiento.com\/blog\/wp-content\/uploads\/2021\/02\/laptop-4551026_1280.jpg\" \/>\n\t<meta property=\"og:image:width\" content=\"1280\" \/>\n\t<meta property=\"og:image:height\" content=\"819\" \/>\n\t<meta property=\"og:image:type\" content=\"image\/jpeg\" \/>\n<meta name=\"author\" content=\"Luc\u00eda Vera\" \/>\n<meta name=\"twitter:card\" content=\"summary_large_image\" \/>\n<meta name=\"twitter:label1\" content=\"Escrito por\" \/>\n\t<meta name=\"twitter:data1\" content=\"Luc\u00eda Vera\" \/>\n\t<meta name=\"twitter:label2\" content=\"Tiempo de lectura\" \/>\n\t<meta name=\"twitter:data2\" content=\"2 minutos\" \/>\n<script type=\"application\/ld+json\" class=\"yoast-schema-graph\">{\"@context\":\"https:\/\/schema.org\",\"@graph\":[{\"@type\":\"WebPage\",\"@id\":\"https:\/\/www.clubdelemprendimiento.com\/blog\/autonomos\/las-desigualdades-entre-la-pension-de-los-autonomos-y-de-asalariados\/\",\"url\":\"https:\/\/www.clubdelemprendimiento.com\/blog\/autonomos\/las-desigualdades-entre-la-pension-de-los-autonomos-y-de-asalariados\/\",\"name\":\"Las desigualdades entre la pensi\u00f3n de los aut\u00f3nomos y de asalariados\",\"isPartOf\":{\"@id\":\"https:\/\/www.clubdelemprendimiento.com\/blog\/#website\"},\"primaryImageOfPage\":{\"@id\":\"https:\/\/www.clubdelemprendimiento.com\/blog\/autonomos\/las-desigualdades-entre-la-pension-de-los-autonomos-y-de-asalariados\/#primaryimage\"},\"image\":{\"@id\":\"https:\/\/www.clubdelemprendimiento.com\/blog\/autonomos\/las-desigualdades-entre-la-pension-de-los-autonomos-y-de-asalariados\/#primaryimage\"},\"thumbnailUrl\":\"https:\/\/www.clubdelemprendimiento.com\/blog\/wp-content\/uploads\/2021\/02\/laptop-4551026_1280.jpg\",\"datePublished\":\"2021-02-09T10:00:17+00:00\",\"dateModified\":\"2021-02-15T12:17:11+00:00\",\"author\":{\"@id\":\"https:\/\/www.clubdelemprendimiento.com\/blog\/#\/schema\/person\/fe481a2c767de00924b39ab766936ddf\"},\"description\":\"Analizamos las desigualdades entre la pensi\u00f3n de los aut\u00f3nomos y de asalariados, as\u00ed como las cuentas de UPTA en cuanto a las cotizaciones de pensiones.\",\"breadcrumb\":{\"@id\":\"https:\/\/www.clubdelemprendimiento.com\/blog\/autonomos\/las-desigualdades-entre-la-pension-de-los-autonomos-y-de-asalariados\/#breadcrumb\"},\"inLanguage\":\"es\",\"potentialAction\":[{\"@type\":\"ReadAction\",\"target\":[\"https:\/\/www.clubdelemprendimiento.com\/blog\/autonomos\/las-desigualdades-entre-la-pension-de-los-autonomos-y-de-asalariados\/\"]}]},{\"@type\":\"ImageObject\",\"inLanguage\":\"es\",\"@id\":\"https:\/\/www.clubdelemprendimiento.com\/blog\/autonomos\/las-desigualdades-entre-la-pension-de-los-autonomos-y-de-asalariados\/#primaryimage\",\"url\":\"https:\/\/www.clubdelemprendimiento.com\/blog\/wp-content\/uploads\/2021\/02\/laptop-4551026_1280.jpg\",\"contentUrl\":\"https:\/\/www.clubdelemprendimiento.com\/blog\/wp-content\/uploads\/2021\/02\/laptop-4551026_1280.jpg\",\"width\":1280,\"height\":819,\"caption\":\"pensi\u00f3n de los aut\u00f3nomos\"},{\"@type\":\"BreadcrumbList\",\"@id\":\"https:\/\/www.clubdelemprendimiento.com\/blog\/autonomos\/las-desigualdades-entre-la-pension-de-los-autonomos-y-de-asalariados\/#breadcrumb\",\"itemListElement\":[{\"@type\":\"ListItem\",\"position\":1,\"name\":\"Home\",\"item\":\"https:\/\/www.clubdelemprendimiento.com\/blog\/\"},{\"@type\":\"ListItem\",\"position\":2,\"name\":\"Las desigualdades entre la pensi\u00f3n de los aut\u00f3nomos y de asalariados\"}]},{\"@type\":\"WebSite\",\"@id\":\"https:\/\/www.clubdelemprendimiento.com\/blog\/#website\",\"url\":\"https:\/\/www.clubdelemprendimiento.com\/blog\/\",\"name\":\"Blog Club del Emprendimiento\",\"description\":\"\",\"potentialAction\":[{\"@type\":\"SearchAction\",\"target\":{\"@type\":\"EntryPoint\",\"urlTemplate\":\"https:\/\/www.clubdelemprendimiento.com\/blog\/?s={search_term_string}\"},\"query-input\":\"required name=search_term_string\"}],\"inLanguage\":\"es\"},{\"@type\":\"Person\",\"@id\":\"https:\/\/www.clubdelemprendimiento.com\/blog\/#\/schema\/person\/fe481a2c767de00924b39ab766936ddf\",\"name\":\"Luc\u00eda Vera\",\"image\":{\"@type\":\"ImageObject\",\"inLanguage\":\"es\",\"@id\":\"https:\/\/www.clubdelemprendimiento.com\/blog\/#\/schema\/person\/image\/\",\"url\":\"https:\/\/secure.gravatar.com\/avatar\/a7985f0a535e8f0be3026ac89e0a79c6?s=96&d=mm&r=g\",\"contentUrl\":\"https:\/\/secure.gravatar.com\/avatar\/a7985f0a535e8f0be3026ac89e0a79c6?s=96&d=mm&r=g\",\"caption\":\"Luc\u00eda Vera\"},\"url\":\"https:\/\/www.clubdelemprendimiento.com\/blog\/author\/luciavera\/\"}]}<\/script>\n<!-- \/ Yoast SEO plugin. -->","yoast_head_json":{"title":"Las desigualdades entre la pensi\u00f3n de los aut\u00f3nomos y de asalariados","description":"Analizamos las desigualdades entre la pensi\u00f3n de los aut\u00f3nomos y de asalariados, as\u00ed como las cuentas de UPTA en cuanto a las cotizaciones de pensiones.","robots":{"index":"index","follow":"follow","max-snippet":"max-snippet:-1","max-image-preview":"max-image-preview:large","max-video-preview":"max-video-preview:-1"},"canonical":"https:\/\/www.clubdelemprendimiento.com\/blog\/autonomos\/las-desigualdades-entre-la-pension-de-los-autonomos-y-de-asalariados\/","og_locale":"es_ES","og_type":"article","og_title":"Las desigualdades entre la pensi\u00f3n de los aut\u00f3nomos y de asalariados","og_description":"Analizamos las desigualdades entre la pensi\u00f3n de los aut\u00f3nomos y de asalariados, as\u00ed como las cuentas de UPTA en cuanto a las cotizaciones de pensiones.","og_url":"https:\/\/www.clubdelemprendimiento.com\/blog\/autonomos\/las-desigualdades-entre-la-pension-de-los-autonomos-y-de-asalariados\/","og_site_name":"Blog Club del Emprendimiento","article_published_time":"2021-02-09T10:00:17+00:00","article_modified_time":"2021-02-15T12:17:11+00:00","og_image":[{"width":1280,"height":819,"url":"https:\/\/www.clubdelemprendimiento.com\/blog\/wp-content\/uploads\/2021\/02\/laptop-4551026_1280.jpg","type":"image\/jpeg"}],"author":"Luc\u00eda Vera","twitter_card":"summary_large_image","twitter_misc":{"Escrito por":"Luc\u00eda Vera","Tiempo de lectura":"2 minutos"},"schema":{"@context":"https:\/\/schema.org","@graph":[{"@type":"WebPage","@id":"https:\/\/www.clubdelemprendimiento.com\/blog\/autonomos\/las-desigualdades-entre-la-pension-de-los-autonomos-y-de-asalariados\/","url":"https:\/\/www.clubdelemprendimiento.com\/blog\/autonomos\/las-desigualdades-entre-la-pension-de-los-autonomos-y-de-asalariados\/","name":"Las desigualdades entre la pensi\u00f3n de los aut\u00f3nomos y de asalariados","isPartOf":{"@id":"https:\/\/www.clubdelemprendimiento.com\/blog\/#website"},"primaryImageOfPage":{"@id":"https:\/\/www.clubdelemprendimiento.com\/blog\/autonomos\/las-desigualdades-entre-la-pension-de-los-autonomos-y-de-asalariados\/#primaryimage"},"image":{"@id":"https:\/\/www.clubdelemprendimiento.com\/blog\/autonomos\/las-desigualdades-entre-la-pension-de-los-autonomos-y-de-asalariados\/#primaryimage"},"thumbnailUrl":"https:\/\/www.clubdelemprendimiento.com\/blog\/wp-content\/uploads\/2021\/02\/laptop-4551026_1280.jpg","datePublished":"2021-02-09T10:00:17+00:00","dateModified":"2021-02-15T12:17:11+00:00","author":{"@id":"https:\/\/www.clubdelemprendimiento.com\/blog\/#\/schema\/person\/fe481a2c767de00924b39ab766936ddf"},"description":"Analizamos las desigualdades entre la pensi\u00f3n de los aut\u00f3nomos y de asalariados, as\u00ed como las cuentas de UPTA en cuanto a las cotizaciones de pensiones.","breadcrumb":{"@id":"https:\/\/www.clubdelemprendimiento.com\/blog\/autonomos\/las-desigualdades-entre-la-pension-de-los-autonomos-y-de-asalariados\/#breadcrumb"},"inLanguage":"es","potentialAction":[{"@type":"ReadAction","target":["https:\/\/www.clubdelemprendimiento.com\/blog\/autonomos\/las-desigualdades-entre-la-pension-de-los-autonomos-y-de-asalariados\/"]}]},{"@type":"ImageObject","inLanguage":"es","@id":"https:\/\/www.clubdelemprendimiento.com\/blog\/autonomos\/las-desigualdades-entre-la-pension-de-los-autonomos-y-de-asalariados\/#primaryimage","url":"https:\/\/www.clubdelemprendimiento.com\/blog\/wp-content\/uploads\/2021\/02\/laptop-4551026_1280.jpg","contentUrl":"https:\/\/www.clubdelemprendimiento.com\/blog\/wp-content\/uploads\/2021\/02\/laptop-4551026_1280.jpg","width":1280,"height":819,"caption":"pensi\u00f3n de los aut\u00f3nomos"},{"@type":"BreadcrumbList","@id":"https:\/\/www.clubdelemprendimiento.com\/blog\/autonomos\/las-desigualdades-entre-la-pension-de-los-autonomos-y-de-asalariados\/#breadcrumb","itemListElement":[{"@type":"ListItem","position":1,"name":"Home","item":"https:\/\/www.clubdelemprendimiento.com\/blog\/"},{"@type":"ListItem","position":2,"name":"Las desigualdades entre la pensi\u00f3n de los aut\u00f3nomos y de asalariados"}]},{"@type":"WebSite","@id":"https:\/\/www.clubdelemprendimiento.com\/blog\/#website","url":"https:\/\/www.clubdelemprendimiento.com\/blog\/","name":"Blog Club del Emprendimiento","description":"","potentialAction":[{"@type":"SearchAction","target":{"@type":"EntryPoint","urlTemplate":"https:\/\/www.clubdelemprendimiento.com\/blog\/?s={search_term_string}"},"query-input":"required name=search_term_string"}],"inLanguage":"es"},{"@type":"Person","@id":"https:\/\/www.clubdelemprendimiento.com\/blog\/#\/schema\/person\/fe481a2c767de00924b39ab766936ddf","name":"Luc\u00eda Vera","image":{"@type":"ImageObject","inLanguage":"es","@id":"https:\/\/www.clubdelemprendimiento.com\/blog\/#\/schema\/person\/image\/","url":"https:\/\/secure.gravatar.com\/avatar\/a7985f0a535e8f0be3026ac89e0a79c6?s=96&d=mm&r=g","contentUrl":"https:\/\/secure.gravatar.com\/avatar\/a7985f0a535e8f0be3026ac89e0a79c6?s=96&d=mm&r=g","caption":"Luc\u00eda Vera"},"url":"https:\/\/www.clubdelemprendimiento.com\/blog\/author\/luciavera\/"}]}},"_links":{"self":[{"href":"https:\/\/www.clubdelemprendimiento.com\/blog\/wp-json\/wp\/v2\/posts\/14398"}],"collection":[{"href":"https:\/\/www.clubdelemprendimiento.com\/blog\/wp-json\/wp\/v2\/posts"}],"about":[{"href":"https:\/\/www.clubdelemprendimiento.com\/blog\/wp-json\/wp\/v2\/types\/post"}],"author":[{"embeddable":true,"href":"https:\/\/www.clubdelemprendimiento.com\/blog\/wp-json\/wp\/v2\/users\/5"}],"replies":[{"embeddable":true,"href":"https:\/\/www.clubdelemprendimiento.com\/blog\/wp-json\/wp\/v2\/comments?post=14398"}],"version-history":[{"count":1,"href":"https:\/\/www.clubdelemprendimiento.com\/blog\/wp-json\/wp\/v2\/posts\/14398\/revisions"}],"predecessor-version":[{"id":14400,"href":"https:\/\/www.clubdelemprendimiento.com\/blog\/wp-json\/wp\/v2\/posts\/14398\/revisions\/14400"}],"wp:featuredmedia":[{"embeddable":true,"href":"https:\/\/www.clubdelemprendimiento.com\/blog\/wp-json\/wp\/v2\/media\/14399"}],"wp:attachment":[{"href":"https:\/\/www.clubdelemprendimiento.com\/blog\/wp-json\/wp\/v2\/media?parent=14398"}],"wp:term":[{"taxonomy":"category","embeddable":true,"href":"https:\/\/www.clubdelemprendimiento.com\/blog\/wp-json\/wp\/v2\/categories?post=14398"},{"taxonomy":"post_tag","embeddable":true,"href":"https:\/\/www.clubdelemprendimiento.com\/blog\/wp-json\/wp\/v2\/tags?post=14398"}],"curies":[{"name":"wp","href":"https:\/\/api.w.org\/{rel}","templated":true}]}}