{"id":14389,"date":"2021-02-05T10:00:42","date_gmt":"2021-02-05T10:00:42","guid":{"rendered":"https:\/\/www.clubdelemprendimiento.com\/blog\/?p=14389"},"modified":"2021-02-04T07:55:31","modified_gmt":"2021-02-04T07:55:31","slug":"dos-de-cada-tres-emprendedores-se-ha-lanzado-en-plena-pandemia","status":"publish","type":"post","link":"https:\/\/www.clubdelemprendimiento.com\/blog\/franquicia\/dos-de-cada-tres-emprendedores-se-ha-lanzado-en-plena-pandemia\/","title":{"rendered":"Dos de cada tres emprendedores se ha lanzado en plena pandemia"},"content":{"rendered":"<p>Dos de cada tres emprendedores ha decidido montar un negocio desde que empez\u00f3 la pandemia. As\u00ed lo refleja el\u00a0VII Mapa de emprendimiento, elaborado por <a href=\"https:\/\/southsummit.co\/es\/inicio\/\" target=\"_blank\" rel=\"noopener\">South Summit<\/a>. Entre los modelos de negocio preferidos de los nuevos emprendedores destacan las franquicias.<\/p>\n<p>El <strong>modelo de emprendimiento de franquicia es una de las salidas que han encontrado algunos emprendedores<\/strong> para hacerle frente a la Covid-19.\u00a0 Y es que, tal y como aseguran en el informe, entre sus ventajas destacan la disminuci\u00f3n de los alquileres, la bajada de los precios por parte de los proveedores y la reducci\u00f3n del riesgo de emprender , ya que cuentan con asesoramiento especializado.<\/p>\n<p>El precio de los alquileres en el mercado de las franquicias ha bajado en un 25% para los peque\u00f1os comercios dedicados, por ejemplo, al retail o la hosteler\u00eda. <em>\u201cEsta situaci\u00f3n, sumada a la fuerza de una franquicia, ha generado posibilidades extra de negociaci\u00f3n, ya que las franquicias van ligadas a marcas reconocidas y dan m\u00e1s seguridad al arrendador, lo cual facilita las contrataciones\u201d,<\/em> declaran desde Jeff, la soluci\u00f3n global para emprendedores.<\/p>\n<p>A eso se une el ajuste de precios que han hecho durante la Covid-19 algunos proveedores de servicios para franquicias. Entre los servicios en los que se ha readaptado el precio destacan las obras en locales o las adaptaciones de los mismos. En este punto, el precio ha descendido un 10%.<\/p>\n<p>Tambi\u00e9n se han flexibilizado algunas pol\u00edticas de franquicias incorporando incentivos para aquellos que realicen compras de gran volumen.\u00a0 Seg\u00fan Marc Vicente, COO de Jeff, formar parte de una franquicia tiene beneficios para los emprendedores. Y es que, indica que \u00ab<em>la franquicia\u00a0facilita este tipo de negociaciones, al haber acuerdos preestablecidos que aumentan la confianza del proveedor. Un ejemplo muy claro lo vemos en el sector del motor, que se ha adaptado a esta nueva situaci\u00f3n, facilitando nuevas opciones de acceso y financiaci\u00f3n para el transporte comercial, o el sector el\u00e9ctrico que ha lanzado agresivos descuentos superiores al 15%<\/em>\u201d.<\/p>\n","protected":false},"excerpt":{"rendered":"<p>Dos de cada tres emprendedores ha decidido montar un negocio desde que empez\u00f3 la&hellip;<\/p>\n","protected":false},"author":7,"featured_media":14390,"comment_status":"open","ping_status":"open","sticky":false,"template":"","format":"standard","meta":{"_acf_changed":false,"footnotes":""},"categories":[121],"tags":[],"acf":[],"yoast_head":"<!-- This site is optimized with the Yoast SEO plugin v22.7 - https:\/\/yoast.com\/wordpress\/plugins\/seo\/ -->\n<title>Dos de cada tres emprendedores se ha lanzado en plena pandemia<\/title>\n<meta name=\"description\" content=\"Dos de cada tres emprendedores ha decidido montar un negocio desde que empez\u00f3 la pandemia. As\u00ed lo refleja el\u00a0VII Mapa de emprendimiento\" \/>\n<meta name=\"robots\" content=\"index, follow, max-snippet:-1, max-image-preview:large, max-video-preview:-1\" \/>\n<link rel=\"canonical\" href=\"https:\/\/www.clubdelemprendimiento.com\/blog\/franquicia\/dos-de-cada-tres-emprendedores-se-ha-lanzado-en-plena-pandemia\/\" \/>\n<meta property=\"og:locale\" content=\"es_ES\" \/>\n<meta property=\"og:type\" content=\"article\" \/>\n<meta property=\"og:title\" content=\"Dos de cada tres emprendedores se ha lanzado en plena pandemia\" \/>\n<meta property=\"og:description\" content=\"Dos de cada tres emprendedores ha decidido montar un negocio desde que empez\u00f3 la pandemia. As\u00ed lo refleja el\u00a0VII Mapa de emprendimiento\" \/>\n<meta property=\"og:url\" content=\"https:\/\/www.clubdelemprendimiento.com\/blog\/franquicia\/dos-de-cada-tres-emprendedores-se-ha-lanzado-en-plena-pandemia\/\" \/>\n<meta property=\"og:site_name\" content=\"Blog Club del Emprendimiento\" \/>\n<meta property=\"article:published_time\" content=\"2021-02-05T10:00:42+00:00\" \/>\n<meta property=\"article:modified_time\" content=\"2021-02-04T07:55:31+00:00\" \/>\n<meta property=\"og:image\" content=\"https:\/\/www.clubdelemprendimiento.com\/blog\/wp-content\/uploads\/2021\/02\/franquicia.jpg\" \/>\n\t<meta property=\"og:image:width\" content=\"1200\" \/>\n\t<meta property=\"og:image:height\" content=\"650\" \/>\n\t<meta property=\"og:image:type\" content=\"image\/jpeg\" \/>\n<meta name=\"author\" content=\"Roc\u00edo Gonz\u00e1lez\" \/>\n<meta name=\"twitter:card\" content=\"summary_large_image\" \/>\n<meta name=\"twitter:label1\" content=\"Escrito por\" \/>\n\t<meta name=\"twitter:data1\" content=\"Roc\u00edo Gonz\u00e1lez\" \/>\n\t<meta name=\"twitter:label2\" content=\"Tiempo de lectura\" \/>\n\t<meta name=\"twitter:data2\" content=\"2 minutos\" \/>\n<script type=\"application\/ld+json\" class=\"yoast-schema-graph\">{\"@context\":\"https:\/\/schema.org\",\"@graph\":[{\"@type\":\"WebPage\",\"@id\":\"https:\/\/www.clubdelemprendimiento.com\/blog\/franquicia\/dos-de-cada-tres-emprendedores-se-ha-lanzado-en-plena-pandemia\/\",\"url\":\"https:\/\/www.clubdelemprendimiento.com\/blog\/franquicia\/dos-de-cada-tres-emprendedores-se-ha-lanzado-en-plena-pandemia\/\",\"name\":\"Dos de cada tres emprendedores se ha lanzado en plena pandemia\",\"isPartOf\":{\"@id\":\"https:\/\/www.clubdelemprendimiento.com\/blog\/#website\"},\"primaryImageOfPage\":{\"@id\":\"https:\/\/www.clubdelemprendimiento.com\/blog\/franquicia\/dos-de-cada-tres-emprendedores-se-ha-lanzado-en-plena-pandemia\/#primaryimage\"},\"image\":{\"@id\":\"https:\/\/www.clubdelemprendimiento.com\/blog\/franquicia\/dos-de-cada-tres-emprendedores-se-ha-lanzado-en-plena-pandemia\/#primaryimage\"},\"thumbnailUrl\":\"https:\/\/www.clubdelemprendimiento.com\/blog\/wp-content\/uploads\/2021\/02\/franquicia.jpg\",\"datePublished\":\"2021-02-05T10:00:42+00:00\",\"dateModified\":\"2021-02-04T07:55:31+00:00\",\"author\":{\"@id\":\"https:\/\/www.clubdelemprendimiento.com\/blog\/#\/schema\/person\/a7d23696af247fe899820e758721a98f\"},\"description\":\"Dos de cada tres emprendedores ha decidido montar un negocio desde que empez\u00f3 la pandemia. As\u00ed lo refleja el\u00a0VII Mapa de emprendimiento\",\"breadcrumb\":{\"@id\":\"https:\/\/www.clubdelemprendimiento.com\/blog\/franquicia\/dos-de-cada-tres-emprendedores-se-ha-lanzado-en-plena-pandemia\/#breadcrumb\"},\"inLanguage\":\"es\",\"potentialAction\":[{\"@type\":\"ReadAction\",\"target\":[\"https:\/\/www.clubdelemprendimiento.com\/blog\/franquicia\/dos-de-cada-tres-emprendedores-se-ha-lanzado-en-plena-pandemia\/\"]}]},{\"@type\":\"ImageObject\",\"inLanguage\":\"es\",\"@id\":\"https:\/\/www.clubdelemprendimiento.com\/blog\/franquicia\/dos-de-cada-tres-emprendedores-se-ha-lanzado-en-plena-pandemia\/#primaryimage\",\"url\":\"https:\/\/www.clubdelemprendimiento.com\/blog\/wp-content\/uploads\/2021\/02\/franquicia.jpg\",\"contentUrl\":\"https:\/\/www.clubdelemprendimiento.com\/blog\/wp-content\/uploads\/2021\/02\/franquicia.jpg\",\"width\":1200,\"height\":650},{\"@type\":\"BreadcrumbList\",\"@id\":\"https:\/\/www.clubdelemprendimiento.com\/blog\/franquicia\/dos-de-cada-tres-emprendedores-se-ha-lanzado-en-plena-pandemia\/#breadcrumb\",\"itemListElement\":[{\"@type\":\"ListItem\",\"position\":1,\"name\":\"Home\",\"item\":\"https:\/\/www.clubdelemprendimiento.com\/blog\/\"},{\"@type\":\"ListItem\",\"position\":2,\"name\":\"Dos de cada tres emprendedores se ha lanzado en plena pandemia\"}]},{\"@type\":\"WebSite\",\"@id\":\"https:\/\/www.clubdelemprendimiento.com\/blog\/#website\",\"url\":\"https:\/\/www.clubdelemprendimiento.com\/blog\/\",\"name\":\"Blog Club del Emprendimiento\",\"description\":\"\",\"potentialAction\":[{\"@type\":\"SearchAction\",\"target\":{\"@type\":\"EntryPoint\",\"urlTemplate\":\"https:\/\/www.clubdelemprendimiento.com\/blog\/?s={search_term_string}\"},\"query-input\":\"required name=search_term_string\"}],\"inLanguage\":\"es\"},{\"@type\":\"Person\",\"@id\":\"https:\/\/www.clubdelemprendimiento.com\/blog\/#\/schema\/person\/a7d23696af247fe899820e758721a98f\",\"name\":\"Roc\u00edo Gonz\u00e1lez\",\"image\":{\"@type\":\"ImageObject\",\"inLanguage\":\"es\",\"@id\":\"https:\/\/www.clubdelemprendimiento.com\/blog\/#\/schema\/person\/image\/\",\"url\":\"https:\/\/secure.gravatar.com\/avatar\/62fe196065484ba4574b7cbce0372058?s=96&d=mm&r=g\",\"contentUrl\":\"https:\/\/secure.gravatar.com\/avatar\/62fe196065484ba4574b7cbce0372058?s=96&d=mm&r=g\",\"caption\":\"Roc\u00edo Gonz\u00e1lez\"},\"url\":\"https:\/\/www.clubdelemprendimiento.com\/blog\/author\/rociogonzalez\/\"}]}<\/script>\n<!-- \/ Yoast SEO plugin. -->","yoast_head_json":{"title":"Dos de cada tres emprendedores se ha lanzado en plena pandemia","description":"Dos de cada tres emprendedores ha decidido montar un negocio desde que empez\u00f3 la pandemia. As\u00ed lo refleja el\u00a0VII Mapa de emprendimiento","robots":{"index":"index","follow":"follow","max-snippet":"max-snippet:-1","max-image-preview":"max-image-preview:large","max-video-preview":"max-video-preview:-1"},"canonical":"https:\/\/www.clubdelemprendimiento.com\/blog\/franquicia\/dos-de-cada-tres-emprendedores-se-ha-lanzado-en-plena-pandemia\/","og_locale":"es_ES","og_type":"article","og_title":"Dos de cada tres emprendedores se ha lanzado en plena pandemia","og_description":"Dos de cada tres emprendedores ha decidido montar un negocio desde que empez\u00f3 la pandemia. As\u00ed lo refleja el\u00a0VII Mapa de emprendimiento","og_url":"https:\/\/www.clubdelemprendimiento.com\/blog\/franquicia\/dos-de-cada-tres-emprendedores-se-ha-lanzado-en-plena-pandemia\/","og_site_name":"Blog Club del Emprendimiento","article_published_time":"2021-02-05T10:00:42+00:00","article_modified_time":"2021-02-04T07:55:31+00:00","og_image":[{"width":1200,"height":650,"url":"https:\/\/www.clubdelemprendimiento.com\/blog\/wp-content\/uploads\/2021\/02\/franquicia.jpg","type":"image\/jpeg"}],"author":"Roc\u00edo Gonz\u00e1lez","twitter_card":"summary_large_image","twitter_misc":{"Escrito por":"Roc\u00edo Gonz\u00e1lez","Tiempo de lectura":"2 minutos"},"schema":{"@context":"https:\/\/schema.org","@graph":[{"@type":"WebPage","@id":"https:\/\/www.clubdelemprendimiento.com\/blog\/franquicia\/dos-de-cada-tres-emprendedores-se-ha-lanzado-en-plena-pandemia\/","url":"https:\/\/www.clubdelemprendimiento.com\/blog\/franquicia\/dos-de-cada-tres-emprendedores-se-ha-lanzado-en-plena-pandemia\/","name":"Dos de cada tres emprendedores se ha lanzado en plena pandemia","isPartOf":{"@id":"https:\/\/www.clubdelemprendimiento.com\/blog\/#website"},"primaryImageOfPage":{"@id":"https:\/\/www.clubdelemprendimiento.com\/blog\/franquicia\/dos-de-cada-tres-emprendedores-se-ha-lanzado-en-plena-pandemia\/#primaryimage"},"image":{"@id":"https:\/\/www.clubdelemprendimiento.com\/blog\/franquicia\/dos-de-cada-tres-emprendedores-se-ha-lanzado-en-plena-pandemia\/#primaryimage"},"thumbnailUrl":"https:\/\/www.clubdelemprendimiento.com\/blog\/wp-content\/uploads\/2021\/02\/franquicia.jpg","datePublished":"2021-02-05T10:00:42+00:00","dateModified":"2021-02-04T07:55:31+00:00","author":{"@id":"https:\/\/www.clubdelemprendimiento.com\/blog\/#\/schema\/person\/a7d23696af247fe899820e758721a98f"},"description":"Dos de cada tres emprendedores ha decidido montar un negocio desde que empez\u00f3 la pandemia. As\u00ed lo refleja el\u00a0VII Mapa de emprendimiento","breadcrumb":{"@id":"https:\/\/www.clubdelemprendimiento.com\/blog\/franquicia\/dos-de-cada-tres-emprendedores-se-ha-lanzado-en-plena-pandemia\/#breadcrumb"},"inLanguage":"es","potentialAction":[{"@type":"ReadAction","target":["https:\/\/www.clubdelemprendimiento.com\/blog\/franquicia\/dos-de-cada-tres-emprendedores-se-ha-lanzado-en-plena-pandemia\/"]}]},{"@type":"ImageObject","inLanguage":"es","@id":"https:\/\/www.clubdelemprendimiento.com\/blog\/franquicia\/dos-de-cada-tres-emprendedores-se-ha-lanzado-en-plena-pandemia\/#primaryimage","url":"https:\/\/www.clubdelemprendimiento.com\/blog\/wp-content\/uploads\/2021\/02\/franquicia.jpg","contentUrl":"https:\/\/www.clubdelemprendimiento.com\/blog\/wp-content\/uploads\/2021\/02\/franquicia.jpg","width":1200,"height":650},{"@type":"BreadcrumbList","@id":"https:\/\/www.clubdelemprendimiento.com\/blog\/franquicia\/dos-de-cada-tres-emprendedores-se-ha-lanzado-en-plena-pandemia\/#breadcrumb","itemListElement":[{"@type":"ListItem","position":1,"name":"Home","item":"https:\/\/www.clubdelemprendimiento.com\/blog\/"},{"@type":"ListItem","position":2,"name":"Dos de cada tres emprendedores se ha lanzado en plena pandemia"}]},{"@type":"WebSite","@id":"https:\/\/www.clubdelemprendimiento.com\/blog\/#website","url":"https:\/\/www.clubdelemprendimiento.com\/blog\/","name":"Blog Club del Emprendimiento","description":"","potentialAction":[{"@type":"SearchAction","target":{"@type":"EntryPoint","urlTemplate":"https:\/\/www.clubdelemprendimiento.com\/blog\/?s={search_term_string}"},"query-input":"required name=search_term_string"}],"inLanguage":"es"},{"@type":"Person","@id":"https:\/\/www.clubdelemprendimiento.com\/blog\/#\/schema\/person\/a7d23696af247fe899820e758721a98f","name":"Roc\u00edo Gonz\u00e1lez","image":{"@type":"ImageObject","inLanguage":"es","@id":"https:\/\/www.clubdelemprendimiento.com\/blog\/#\/schema\/person\/image\/","url":"https:\/\/secure.gravatar.com\/avatar\/62fe196065484ba4574b7cbce0372058?s=96&d=mm&r=g","contentUrl":"https:\/\/secure.gravatar.com\/avatar\/62fe196065484ba4574b7cbce0372058?s=96&d=mm&r=g","caption":"Roc\u00edo Gonz\u00e1lez"},"url":"https:\/\/www.clubdelemprendimiento.com\/blog\/author\/rociogonzalez\/"}]}},"_links":{"self":[{"href":"https:\/\/www.clubdelemprendimiento.com\/blog\/wp-json\/wp\/v2\/posts\/14389"}],"collection":[{"href":"https:\/\/www.clubdelemprendimiento.com\/blog\/wp-json\/wp\/v2\/posts"}],"about":[{"href":"https:\/\/www.clubdelemprendimiento.com\/blog\/wp-json\/wp\/v2\/types\/post"}],"author":[{"embeddable":true,"href":"https:\/\/www.clubdelemprendimiento.com\/blog\/wp-json\/wp\/v2\/users\/7"}],"replies":[{"embeddable":true,"href":"https:\/\/www.clubdelemprendimiento.com\/blog\/wp-json\/wp\/v2\/comments?post=14389"}],"version-history":[{"count":3,"href":"https:\/\/www.clubdelemprendimiento.com\/blog\/wp-json\/wp\/v2\/posts\/14389\/revisions"}],"predecessor-version":[{"id":14393,"href":"https:\/\/www.clubdelemprendimiento.com\/blog\/wp-json\/wp\/v2\/posts\/14389\/revisions\/14393"}],"wp:featuredmedia":[{"embeddable":true,"href":"https:\/\/www.clubdelemprendimiento.com\/blog\/wp-json\/wp\/v2\/media\/14390"}],"wp:attachment":[{"href":"https:\/\/www.clubdelemprendimiento.com\/blog\/wp-json\/wp\/v2\/media?parent=14389"}],"wp:term":[{"taxonomy":"category","embeddable":true,"href":"https:\/\/www.clubdelemprendimiento.com\/blog\/wp-json\/wp\/v2\/categories?post=14389"},{"taxonomy":"post_tag","embeddable":true,"href":"https:\/\/www.clubdelemprendimiento.com\/blog\/wp-json\/wp\/v2\/tags?post=14389"}],"curies":[{"name":"wp","href":"https:\/\/api.w.org\/{rel}","templated":true}]}}