{"id":14350,"date":"2021-01-25T10:00:25","date_gmt":"2021-01-25T10:00:25","guid":{"rendered":"https:\/\/www.clubdelemprendimiento.com\/blog\/?p=14350"},"modified":"2021-03-30T12:35:23","modified_gmt":"2021-03-30T12:35:23","slug":"ceo-por-un-mes-para-emprendedores-jovenes","status":"publish","type":"post","link":"https:\/\/www.clubdelemprendimiento.com\/blog\/nuestros-emprendedores\/ceo-por-un-mes-para-emprendedores-jovenes\/","title":{"rendered":"CEO por un mes: para emprendedores j\u00f3venes"},"content":{"rendered":"<p>El Grupo Adecco ha puesto en marcha la s\u00e9ptima edici\u00f3n de la iniciativa\u00a0<span style=\"font-weight: 400;\">\u2018CEO por un mes\u2019 para emprendedores j\u00f3venes. Se trata de un programa que da la oportunidad a los j\u00f3venes de ser los responsables del grupo Adecco durante 30 d\u00edas. La propuesta se realiza por igual en 49 pa\u00edses en los que est\u00e1 presente el Grupo.\u00a0<\/span><\/p>\n<p>Para poder acceder al programa los candidatos deben o haber terminado recientemente los estudios o estar acab\u00e1ndolos. Adem\u00e1s es importante que tengan un buen nivel de ingl\u00e9s.<strong> Las inscripciones se pueden realizar a trav\u00e9s de este <a href=\"https:\/\/foeurope-adecco.secure.force.com\/jobboard\/JobRegister?JobId=a1h7R00000Ti0hAQAR\">enlace<\/a>.<\/strong>\u00a0 Los interesados pueden solicitar su participaci\u00f3n en el programa hasta el pr\u00f3ximo 16 de abril.<\/p>\n<p>Una vez concluya el plazo de admisi\u00f3n de solicitudes, el proceso de selecci\u00f3n ser\u00e1 virtual y presencial. Los mejores expertos de RR.HH de Adecco se ocupar\u00e1n de seleccionar a los mejores candidatos para desempe\u00f1ar el puesto de CEO de <a href=\"https:\/\/www.adecco.es\/\" target=\"_blank\" rel=\"noopener\">Adecco<\/a>. Durante el proceso de selecci\u00f3n tambi\u00e9n habr\u00e1 una prueba de ingl\u00e9s y una de razonamiento. Por otro lado, se desarrollar\u00e1 un assessment center, con pruebas especiales, que promover\u00e1n las diferencias entre candidatos para elegir al mejor.\u00a0Cuando concluya el proceso selectivo, Iker Barricat, director general del Grupo Adecco en Espa\u00f1a, junto a diferentes expertos en selecci\u00f3n de Adecco elegir\u00e1n al que ser\u00e1 el &#8216;CEO por un mes&#8217;.<\/p>\n<h3>Emprendedores j\u00f3venes seleccionados<\/h3>\n<p>Adem\u00e1s, los\u00a0<span style=\"font-weight: 400;\">\u00a0diez j\u00f3venes que mejor hayan desempe\u00f1ado sus funciones como &#8216;CEO por un mes&#8217; tendr\u00e1n una reuni\u00f3n a finales de agosto. El objetivo de la misma es enfrentarlos a un\u00a0 bootcamp final. Esto quiere decir que durante los siguientes d\u00edas realizar\u00e1n un nuevo programa selectivo en el que medir\u00e1n las habilidades y competencias de los distintos candidatos. La finalidad de esto es elegir al CEO de Adecco por un mes a nivel mundial, que trabajar\u00e1 mano a mano con Alain Dehaze, CEO mundial del Grupo Adecco.<\/span><\/p>\n<p>A trav\u00e9s de este programa directivos de Adecco ir\u00e1n formando a los j\u00f3venes. En concreto, los seleccionados\u00a0<span style=\"font-weight: 400;\">en cada pa\u00eds acompa\u00f1ar\u00e1n a los directores generales en su d\u00eda a d\u00eda laboral. En ese sentido, adquirir\u00e1n las competencias necesarias para convertirse en mejores candidatos en su futuro profesional. Para ello desarrollar\u00e1n tambi\u00e9n habilidades clave como el liderazgo, la capacidad de comunicaci\u00f3n, la gesti\u00f3n de equipo o el control del estr\u00e9s.<\/span><\/p>\n","protected":false},"excerpt":{"rendered":"<p>El Grupo Adecco ha puesto en marcha la s\u00e9ptima edici\u00f3n de la iniciativa\u00a0\u2018CEO por&hellip;<\/p>\n","protected":false},"author":7,"featured_media":14351,"comment_status":"open","ping_status":"open","sticky":false,"template":"","format":"standard","meta":{"_acf_changed":false,"footnotes":""},"categories":[91],"tags":[],"acf":[],"yoast_head":"<!-- This site is optimized with the Yoast SEO plugin v22.7 - https:\/\/yoast.com\/wordpress\/plugins\/seo\/ -->\n<title>CEO por un mes: un programa para emprendedores j\u00f3venes<\/title>\n<meta name=\"description\" content=\"CEO por un mes es un programa dise\u00f1ado para emrpendedores j\u00f3venes. En esta iniciativa les peparan para saber llevar un negocio y liderarlo.\" \/>\n<meta name=\"robots\" content=\"index, follow, max-snippet:-1, max-image-preview:large, max-video-preview:-1\" \/>\n<link rel=\"canonical\" href=\"https:\/\/www.clubdelemprendimiento.com\/blog\/nuestros-emprendedores\/ceo-por-un-mes-para-emprendedores-jovenes\/\" \/>\n<meta property=\"og:locale\" content=\"es_ES\" \/>\n<meta property=\"og:type\" content=\"article\" \/>\n<meta property=\"og:title\" content=\"CEO por un mes: un programa para emprendedores j\u00f3venes\" \/>\n<meta property=\"og:description\" content=\"CEO por un mes es un programa dise\u00f1ado para emrpendedores j\u00f3venes. En esta iniciativa les peparan para saber llevar un negocio y liderarlo.\" \/>\n<meta property=\"og:url\" content=\"https:\/\/www.clubdelemprendimiento.com\/blog\/nuestros-emprendedores\/ceo-por-un-mes-para-emprendedores-jovenes\/\" \/>\n<meta property=\"og:site_name\" content=\"Blog Club del Emprendimiento\" \/>\n<meta property=\"article:published_time\" content=\"2021-01-25T10:00:25+00:00\" \/>\n<meta property=\"article:modified_time\" content=\"2021-03-30T12:35:23+00:00\" \/>\n<meta property=\"og:image\" content=\"https:\/\/www.clubdelemprendimiento.com\/blog\/wp-content\/uploads\/2021\/01\/emprendedores.png\" \/>\n\t<meta property=\"og:image:width\" content=\"1200\" \/>\n\t<meta property=\"og:image:height\" content=\"650\" \/>\n\t<meta property=\"og:image:type\" content=\"image\/png\" \/>\n<meta name=\"author\" content=\"Roc\u00edo Gonz\u00e1lez\" \/>\n<meta name=\"twitter:card\" content=\"summary_large_image\" \/>\n<meta name=\"twitter:label1\" content=\"Escrito por\" \/>\n\t<meta name=\"twitter:data1\" content=\"Roc\u00edo Gonz\u00e1lez\" \/>\n\t<meta name=\"twitter:label2\" content=\"Tiempo de lectura\" \/>\n\t<meta name=\"twitter:data2\" content=\"2 minutos\" \/>\n<script type=\"application\/ld+json\" class=\"yoast-schema-graph\">{\"@context\":\"https:\/\/schema.org\",\"@graph\":[{\"@type\":\"WebPage\",\"@id\":\"https:\/\/www.clubdelemprendimiento.com\/blog\/nuestros-emprendedores\/ceo-por-un-mes-para-emprendedores-jovenes\/\",\"url\":\"https:\/\/www.clubdelemprendimiento.com\/blog\/nuestros-emprendedores\/ceo-por-un-mes-para-emprendedores-jovenes\/\",\"name\":\"CEO por un mes: un programa para emprendedores j\u00f3venes\",\"isPartOf\":{\"@id\":\"https:\/\/www.clubdelemprendimiento.com\/blog\/#website\"},\"primaryImageOfPage\":{\"@id\":\"https:\/\/www.clubdelemprendimiento.com\/blog\/nuestros-emprendedores\/ceo-por-un-mes-para-emprendedores-jovenes\/#primaryimage\"},\"image\":{\"@id\":\"https:\/\/www.clubdelemprendimiento.com\/blog\/nuestros-emprendedores\/ceo-por-un-mes-para-emprendedores-jovenes\/#primaryimage\"},\"thumbnailUrl\":\"https:\/\/www.clubdelemprendimiento.com\/blog\/wp-content\/uploads\/2021\/01\/emprendedores.png\",\"datePublished\":\"2021-01-25T10:00:25+00:00\",\"dateModified\":\"2021-03-30T12:35:23+00:00\",\"author\":{\"@id\":\"https:\/\/www.clubdelemprendimiento.com\/blog\/#\/schema\/person\/a7d23696af247fe899820e758721a98f\"},\"description\":\"CEO por un mes es un programa dise\u00f1ado para emrpendedores j\u00f3venes. En esta iniciativa les peparan para saber llevar un negocio y liderarlo.\",\"breadcrumb\":{\"@id\":\"https:\/\/www.clubdelemprendimiento.com\/blog\/nuestros-emprendedores\/ceo-por-un-mes-para-emprendedores-jovenes\/#breadcrumb\"},\"inLanguage\":\"es\",\"potentialAction\":[{\"@type\":\"ReadAction\",\"target\":[\"https:\/\/www.clubdelemprendimiento.com\/blog\/nuestros-emprendedores\/ceo-por-un-mes-para-emprendedores-jovenes\/\"]}]},{\"@type\":\"ImageObject\",\"inLanguage\":\"es\",\"@id\":\"https:\/\/www.clubdelemprendimiento.com\/blog\/nuestros-emprendedores\/ceo-por-un-mes-para-emprendedores-jovenes\/#primaryimage\",\"url\":\"https:\/\/www.clubdelemprendimiento.com\/blog\/wp-content\/uploads\/2021\/01\/emprendedores.png\",\"contentUrl\":\"https:\/\/www.clubdelemprendimiento.com\/blog\/wp-content\/uploads\/2021\/01\/emprendedores.png\",\"width\":1200,\"height\":650,\"caption\":\"emprendedores j\u00f3venes\"},{\"@type\":\"BreadcrumbList\",\"@id\":\"https:\/\/www.clubdelemprendimiento.com\/blog\/nuestros-emprendedores\/ceo-por-un-mes-para-emprendedores-jovenes\/#breadcrumb\",\"itemListElement\":[{\"@type\":\"ListItem\",\"position\":1,\"name\":\"Home\",\"item\":\"https:\/\/www.clubdelemprendimiento.com\/blog\/\"},{\"@type\":\"ListItem\",\"position\":2,\"name\":\"CEO por un mes: para emprendedores j\u00f3venes\"}]},{\"@type\":\"WebSite\",\"@id\":\"https:\/\/www.clubdelemprendimiento.com\/blog\/#website\",\"url\":\"https:\/\/www.clubdelemprendimiento.com\/blog\/\",\"name\":\"Blog Club del Emprendimiento\",\"description\":\"\",\"potentialAction\":[{\"@type\":\"SearchAction\",\"target\":{\"@type\":\"EntryPoint\",\"urlTemplate\":\"https:\/\/www.clubdelemprendimiento.com\/blog\/?s={search_term_string}\"},\"query-input\":\"required name=search_term_string\"}],\"inLanguage\":\"es\"},{\"@type\":\"Person\",\"@id\":\"https:\/\/www.clubdelemprendimiento.com\/blog\/#\/schema\/person\/a7d23696af247fe899820e758721a98f\",\"name\":\"Roc\u00edo Gonz\u00e1lez\",\"image\":{\"@type\":\"ImageObject\",\"inLanguage\":\"es\",\"@id\":\"https:\/\/www.clubdelemprendimiento.com\/blog\/#\/schema\/person\/image\/\",\"url\":\"https:\/\/secure.gravatar.com\/avatar\/62fe196065484ba4574b7cbce0372058?s=96&d=mm&r=g\",\"contentUrl\":\"https:\/\/secure.gravatar.com\/avatar\/62fe196065484ba4574b7cbce0372058?s=96&d=mm&r=g\",\"caption\":\"Roc\u00edo Gonz\u00e1lez\"},\"url\":\"https:\/\/www.clubdelemprendimiento.com\/blog\/author\/rociogonzalez\/\"}]}<\/script>\n<!-- \/ Yoast SEO plugin. -->","yoast_head_json":{"title":"CEO por un mes: un programa para emprendedores j\u00f3venes","description":"CEO por un mes es un programa dise\u00f1ado para emrpendedores j\u00f3venes. En esta iniciativa les peparan para saber llevar un negocio y liderarlo.","robots":{"index":"index","follow":"follow","max-snippet":"max-snippet:-1","max-image-preview":"max-image-preview:large","max-video-preview":"max-video-preview:-1"},"canonical":"https:\/\/www.clubdelemprendimiento.com\/blog\/nuestros-emprendedores\/ceo-por-un-mes-para-emprendedores-jovenes\/","og_locale":"es_ES","og_type":"article","og_title":"CEO por un mes: un programa para emprendedores j\u00f3venes","og_description":"CEO por un mes es un programa dise\u00f1ado para emrpendedores j\u00f3venes. En esta iniciativa les peparan para saber llevar un negocio y liderarlo.","og_url":"https:\/\/www.clubdelemprendimiento.com\/blog\/nuestros-emprendedores\/ceo-por-un-mes-para-emprendedores-jovenes\/","og_site_name":"Blog Club del Emprendimiento","article_published_time":"2021-01-25T10:00:25+00:00","article_modified_time":"2021-03-30T12:35:23+00:00","og_image":[{"width":1200,"height":650,"url":"https:\/\/www.clubdelemprendimiento.com\/blog\/wp-content\/uploads\/2021\/01\/emprendedores.png","type":"image\/png"}],"author":"Roc\u00edo Gonz\u00e1lez","twitter_card":"summary_large_image","twitter_misc":{"Escrito por":"Roc\u00edo Gonz\u00e1lez","Tiempo de lectura":"2 minutos"},"schema":{"@context":"https:\/\/schema.org","@graph":[{"@type":"WebPage","@id":"https:\/\/www.clubdelemprendimiento.com\/blog\/nuestros-emprendedores\/ceo-por-un-mes-para-emprendedores-jovenes\/","url":"https:\/\/www.clubdelemprendimiento.com\/blog\/nuestros-emprendedores\/ceo-por-un-mes-para-emprendedores-jovenes\/","name":"CEO por un mes: un programa para emprendedores j\u00f3venes","isPartOf":{"@id":"https:\/\/www.clubdelemprendimiento.com\/blog\/#website"},"primaryImageOfPage":{"@id":"https:\/\/www.clubdelemprendimiento.com\/blog\/nuestros-emprendedores\/ceo-por-un-mes-para-emprendedores-jovenes\/#primaryimage"},"image":{"@id":"https:\/\/www.clubdelemprendimiento.com\/blog\/nuestros-emprendedores\/ceo-por-un-mes-para-emprendedores-jovenes\/#primaryimage"},"thumbnailUrl":"https:\/\/www.clubdelemprendimiento.com\/blog\/wp-content\/uploads\/2021\/01\/emprendedores.png","datePublished":"2021-01-25T10:00:25+00:00","dateModified":"2021-03-30T12:35:23+00:00","author":{"@id":"https:\/\/www.clubdelemprendimiento.com\/blog\/#\/schema\/person\/a7d23696af247fe899820e758721a98f"},"description":"CEO por un mes es un programa dise\u00f1ado para emrpendedores j\u00f3venes. En esta iniciativa les peparan para saber llevar un negocio y liderarlo.","breadcrumb":{"@id":"https:\/\/www.clubdelemprendimiento.com\/blog\/nuestros-emprendedores\/ceo-por-un-mes-para-emprendedores-jovenes\/#breadcrumb"},"inLanguage":"es","potentialAction":[{"@type":"ReadAction","target":["https:\/\/www.clubdelemprendimiento.com\/blog\/nuestros-emprendedores\/ceo-por-un-mes-para-emprendedores-jovenes\/"]}]},{"@type":"ImageObject","inLanguage":"es","@id":"https:\/\/www.clubdelemprendimiento.com\/blog\/nuestros-emprendedores\/ceo-por-un-mes-para-emprendedores-jovenes\/#primaryimage","url":"https:\/\/www.clubdelemprendimiento.com\/blog\/wp-content\/uploads\/2021\/01\/emprendedores.png","contentUrl":"https:\/\/www.clubdelemprendimiento.com\/blog\/wp-content\/uploads\/2021\/01\/emprendedores.png","width":1200,"height":650,"caption":"emprendedores j\u00f3venes"},{"@type":"BreadcrumbList","@id":"https:\/\/www.clubdelemprendimiento.com\/blog\/nuestros-emprendedores\/ceo-por-un-mes-para-emprendedores-jovenes\/#breadcrumb","itemListElement":[{"@type":"ListItem","position":1,"name":"Home","item":"https:\/\/www.clubdelemprendimiento.com\/blog\/"},{"@type":"ListItem","position":2,"name":"CEO por un mes: para emprendedores j\u00f3venes"}]},{"@type":"WebSite","@id":"https:\/\/www.clubdelemprendimiento.com\/blog\/#website","url":"https:\/\/www.clubdelemprendimiento.com\/blog\/","name":"Blog Club del Emprendimiento","description":"","potentialAction":[{"@type":"SearchAction","target":{"@type":"EntryPoint","urlTemplate":"https:\/\/www.clubdelemprendimiento.com\/blog\/?s={search_term_string}"},"query-input":"required name=search_term_string"}],"inLanguage":"es"},{"@type":"Person","@id":"https:\/\/www.clubdelemprendimiento.com\/blog\/#\/schema\/person\/a7d23696af247fe899820e758721a98f","name":"Roc\u00edo Gonz\u00e1lez","image":{"@type":"ImageObject","inLanguage":"es","@id":"https:\/\/www.clubdelemprendimiento.com\/blog\/#\/schema\/person\/image\/","url":"https:\/\/secure.gravatar.com\/avatar\/62fe196065484ba4574b7cbce0372058?s=96&d=mm&r=g","contentUrl":"https:\/\/secure.gravatar.com\/avatar\/62fe196065484ba4574b7cbce0372058?s=96&d=mm&r=g","caption":"Roc\u00edo Gonz\u00e1lez"},"url":"https:\/\/www.clubdelemprendimiento.com\/blog\/author\/rociogonzalez\/"}]}},"_links":{"self":[{"href":"https:\/\/www.clubdelemprendimiento.com\/blog\/wp-json\/wp\/v2\/posts\/14350"}],"collection":[{"href":"https:\/\/www.clubdelemprendimiento.com\/blog\/wp-json\/wp\/v2\/posts"}],"about":[{"href":"https:\/\/www.clubdelemprendimiento.com\/blog\/wp-json\/wp\/v2\/types\/post"}],"author":[{"embeddable":true,"href":"https:\/\/www.clubdelemprendimiento.com\/blog\/wp-json\/wp\/v2\/users\/7"}],"replies":[{"embeddable":true,"href":"https:\/\/www.clubdelemprendimiento.com\/blog\/wp-json\/wp\/v2\/comments?post=14350"}],"version-history":[{"count":3,"href":"https:\/\/www.clubdelemprendimiento.com\/blog\/wp-json\/wp\/v2\/posts\/14350\/revisions"}],"predecessor-version":[{"id":14552,"href":"https:\/\/www.clubdelemprendimiento.com\/blog\/wp-json\/wp\/v2\/posts\/14350\/revisions\/14552"}],"wp:featuredmedia":[{"embeddable":true,"href":"https:\/\/www.clubdelemprendimiento.com\/blog\/wp-json\/wp\/v2\/media\/14351"}],"wp:attachment":[{"href":"https:\/\/www.clubdelemprendimiento.com\/blog\/wp-json\/wp\/v2\/media?parent=14350"}],"wp:term":[{"taxonomy":"category","embeddable":true,"href":"https:\/\/www.clubdelemprendimiento.com\/blog\/wp-json\/wp\/v2\/categories?post=14350"},{"taxonomy":"post_tag","embeddable":true,"href":"https:\/\/www.clubdelemprendimiento.com\/blog\/wp-json\/wp\/v2\/tags?post=14350"}],"curies":[{"name":"wp","href":"https:\/\/api.w.org\/{rel}","templated":true}]}}