{"id":14215,"date":"2020-11-27T09:07:46","date_gmt":"2020-11-27T09:07:46","guid":{"rendered":"https:\/\/www.clubdelemprendimiento.com\/blog\/?p=14215"},"modified":"2022-05-10T10:46:19","modified_gmt":"2022-05-10T10:46:19","slug":"ya-esta-aqui-el-premio-joven-empresario","status":"publish","type":"post","link":"https:\/\/www.clubdelemprendimiento.com\/blog\/nuestros-emprendedores\/ya-esta-aqui-el-premio-joven-empresario\/","title":{"rendered":"Ya est\u00e1 aqu\u00ed el premio joven empresario"},"content":{"rendered":"<p>Abierto el plazo para presentar candidaturas al premio joven empresario. La Confederaci\u00f3n Espa\u00f1ola de Asociaciones de J\u00f3venes Empresarios ha convocado una nueva edici\u00f3n de estos premios. El <strong>objetivo es reconocer la trayectoria de los empresarios que tengan menos de 41 a\u00f1os.<\/strong><\/p>\n<p>Dicho galard\u00f3n supone un reconocimiento al esfuerzo y compromiso de los emprendedores. Con \u00e9l tambi\u00e9n se premia la generaci\u00f3n de empleo y la modernizaci\u00f3n de las empresas espa\u00f1olas.<\/p>\n<p>Aunque ya se pueden presentar candidaturas, el premio no se entregar\u00e1 hasta el 25 de marzo de 2021. En esta ocasi\u00f3n, la entrega de premios coincidir\u00e1 con el 30 aniversario de\u00a0la fundaci\u00f3n de <a href=\"https:\/\/www.ceaje.es\/\" target=\"_blank\" rel=\"noopener\">CEAJE<\/a>.<\/p>\n<p>Las candidaturas se pueden presentar hasta el 30 de enero de 2021 a las 14 horas. Toda la documentaci\u00f3n que se aporte para su valoraci\u00f3n deber\u00e1 recopilarse en un pen-drive y enviarla por correo certificado en un sobre cerrado. En ese mismo sobre se indicar\u00e1 el nombre del empresario, as\u00ed como el premio o acc\u00e9sit al que opta.<\/p>\n<p>Pueden presentarse aquellos empresarios j\u00f3venes con proyectos de m\u00e1s de tres a\u00f1os. Los empresarios, a su vez, deber\u00e1n haber nacido despu\u00e9s del 1 de enero de 1980.\u00a0 Otro de los requisitos a tener en cuenta es que su participaci\u00f3n en la sociedad tiene que ser la m\u00e1xima. De hecho, deber\u00e1n ocupar un puesto de direcci\u00f3n y ser el impulsor de los \u00e9xitos de la empresa.<\/p>\n<p>El premio tiene car\u00e1cter nacional y se divide en varias categor\u00edas. En una de ellas se reconocer\u00e1 al mejor empresario joven a nivel nacional. Aparte se otorgar\u00e1n distintos acc\u00e9sits, uno a la innovaci\u00f3n, otro a la internacionalizaci\u00f3n, otro a la sostenibilidad y al compromiso Social, uno al relevo generacional, tambi\u00e9n habr\u00e1 acc\u00e9sit para la hosteler\u00eda, para el empresario Aut\u00f3nomo y para el joven empresario iberoamericano.<\/p>\n<p>El premio al joven empresario surgi\u00f3 en 1989. Actualmente es una\u00a0referencia nacional para los empresarios, ya que reconoce el esfuerzo de los m\u00e1s j\u00f3venes.<\/p>\n<p>El presidente de CEAJE, Ferm\u00edn Albaladejo, ha destacado el esfuerzo que se ha puesto en esta edici\u00f3n de los premios.\u00a0\u00a0<em>\u201cEl a\u00f1o 2020 no es un a\u00f1o f\u00e1cil para nadie. Por eso, este Premio va a reconocer tambi\u00e9n a todos esos j\u00f3venes empresarios que en momentos tan dif\u00edciles han seguido consolidando su proyecto manteniendo el tejido empresarial y social de Espa\u00f1a. Su papel ha sido determinante<\/em>\u201d, ha indicado.<\/p>\n","protected":false},"excerpt":{"rendered":"<p>Abierto el plazo para presentar candidaturas al premio joven empresario. La Confederaci\u00f3n Espa\u00f1ola de&hellip;<\/p>\n","protected":false},"author":7,"featured_media":14216,"comment_status":"open","ping_status":"open","sticky":false,"template":"","format":"standard","meta":{"_acf_changed":false,"footnotes":""},"categories":[91],"tags":[],"acf":[],"yoast_head":"<!-- This site is optimized with the Yoast SEO plugin v22.7 - https:\/\/yoast.com\/wordpress\/plugins\/seo\/ -->\n<title>El premio joven empresario se celebra este 25 de marzo<\/title>\n<meta name=\"description\" content=\"El premio joven empresario premia al mejor emprensario menor de 41 a\u00f1\u00f3s en nuestro pa\u00eds. Conoceremos al ganador el pr\u00f3ximo 25 de marzo.\" \/>\n<meta name=\"robots\" content=\"index, follow, max-snippet:-1, max-image-preview:large, max-video-preview:-1\" \/>\n<link rel=\"canonical\" href=\"https:\/\/www.clubdelemprendimiento.com\/blog\/nuestros-emprendedores\/ya-esta-aqui-el-premio-joven-empresario\/\" \/>\n<meta property=\"og:locale\" content=\"es_ES\" \/>\n<meta property=\"og:type\" content=\"article\" \/>\n<meta property=\"og:title\" content=\"El premio joven empresario se celebra este 25 de marzo\" \/>\n<meta property=\"og:description\" content=\"El premio joven empresario premia al mejor emprensario menor de 41 a\u00f1\u00f3s en nuestro pa\u00eds. Conoceremos al ganador el pr\u00f3ximo 25 de marzo.\" \/>\n<meta property=\"og:url\" content=\"https:\/\/www.clubdelemprendimiento.com\/blog\/nuestros-emprendedores\/ya-esta-aqui-el-premio-joven-empresario\/\" \/>\n<meta property=\"og:site_name\" content=\"Blog Club del Emprendimiento\" \/>\n<meta property=\"article:published_time\" content=\"2020-11-27T09:07:46+00:00\" \/>\n<meta property=\"article:modified_time\" content=\"2022-05-10T10:46:19+00:00\" \/>\n<meta property=\"og:image\" content=\"https:\/\/www.clubdelemprendimiento.com\/blog\/wp-content\/uploads\/2020\/11\/empresario.png\" \/>\n\t<meta property=\"og:image:width\" content=\"1200\" \/>\n\t<meta property=\"og:image:height\" content=\"650\" \/>\n\t<meta property=\"og:image:type\" content=\"image\/png\" \/>\n<meta name=\"author\" content=\"Roc\u00edo Gonz\u00e1lez\" \/>\n<meta name=\"twitter:card\" content=\"summary_large_image\" \/>\n<meta name=\"twitter:label1\" content=\"Escrito por\" \/>\n\t<meta name=\"twitter:data1\" content=\"Roc\u00edo Gonz\u00e1lez\" \/>\n\t<meta name=\"twitter:label2\" content=\"Tiempo de lectura\" \/>\n\t<meta name=\"twitter:data2\" content=\"2 minutos\" \/>\n<script type=\"application\/ld+json\" class=\"yoast-schema-graph\">{\"@context\":\"https:\/\/schema.org\",\"@graph\":[{\"@type\":\"WebPage\",\"@id\":\"https:\/\/www.clubdelemprendimiento.com\/blog\/nuestros-emprendedores\/ya-esta-aqui-el-premio-joven-empresario\/\",\"url\":\"https:\/\/www.clubdelemprendimiento.com\/blog\/nuestros-emprendedores\/ya-esta-aqui-el-premio-joven-empresario\/\",\"name\":\"El premio joven empresario se celebra este 25 de marzo\",\"isPartOf\":{\"@id\":\"https:\/\/www.clubdelemprendimiento.com\/blog\/#website\"},\"primaryImageOfPage\":{\"@id\":\"https:\/\/www.clubdelemprendimiento.com\/blog\/nuestros-emprendedores\/ya-esta-aqui-el-premio-joven-empresario\/#primaryimage\"},\"image\":{\"@id\":\"https:\/\/www.clubdelemprendimiento.com\/blog\/nuestros-emprendedores\/ya-esta-aqui-el-premio-joven-empresario\/#primaryimage\"},\"thumbnailUrl\":\"https:\/\/www.clubdelemprendimiento.com\/blog\/wp-content\/uploads\/2020\/11\/empresario.png\",\"datePublished\":\"2020-11-27T09:07:46+00:00\",\"dateModified\":\"2022-05-10T10:46:19+00:00\",\"author\":{\"@id\":\"https:\/\/www.clubdelemprendimiento.com\/blog\/#\/schema\/person\/a7d23696af247fe899820e758721a98f\"},\"description\":\"El premio joven empresario premia al mejor emprensario menor de 41 a\u00f1\u00f3s en nuestro pa\u00eds. Conoceremos al ganador el pr\u00f3ximo 25 de marzo.\",\"breadcrumb\":{\"@id\":\"https:\/\/www.clubdelemprendimiento.com\/blog\/nuestros-emprendedores\/ya-esta-aqui-el-premio-joven-empresario\/#breadcrumb\"},\"inLanguage\":\"es\",\"potentialAction\":[{\"@type\":\"ReadAction\",\"target\":[\"https:\/\/www.clubdelemprendimiento.com\/blog\/nuestros-emprendedores\/ya-esta-aqui-el-premio-joven-empresario\/\"]}]},{\"@type\":\"ImageObject\",\"inLanguage\":\"es\",\"@id\":\"https:\/\/www.clubdelemprendimiento.com\/blog\/nuestros-emprendedores\/ya-esta-aqui-el-premio-joven-empresario\/#primaryimage\",\"url\":\"https:\/\/www.clubdelemprendimiento.com\/blog\/wp-content\/uploads\/2020\/11\/empresario.png\",\"contentUrl\":\"https:\/\/www.clubdelemprendimiento.com\/blog\/wp-content\/uploads\/2020\/11\/empresario.png\",\"width\":1200,\"height\":650},{\"@type\":\"BreadcrumbList\",\"@id\":\"https:\/\/www.clubdelemprendimiento.com\/blog\/nuestros-emprendedores\/ya-esta-aqui-el-premio-joven-empresario\/#breadcrumb\",\"itemListElement\":[{\"@type\":\"ListItem\",\"position\":1,\"name\":\"Home\",\"item\":\"https:\/\/www.clubdelemprendimiento.com\/blog\/\"},{\"@type\":\"ListItem\",\"position\":2,\"name\":\"Ya est\u00e1 aqu\u00ed el premio joven empresario\"}]},{\"@type\":\"WebSite\",\"@id\":\"https:\/\/www.clubdelemprendimiento.com\/blog\/#website\",\"url\":\"https:\/\/www.clubdelemprendimiento.com\/blog\/\",\"name\":\"Blog Club del Emprendimiento\",\"description\":\"\",\"potentialAction\":[{\"@type\":\"SearchAction\",\"target\":{\"@type\":\"EntryPoint\",\"urlTemplate\":\"https:\/\/www.clubdelemprendimiento.com\/blog\/?s={search_term_string}\"},\"query-input\":\"required name=search_term_string\"}],\"inLanguage\":\"es\"},{\"@type\":\"Person\",\"@id\":\"https:\/\/www.clubdelemprendimiento.com\/blog\/#\/schema\/person\/a7d23696af247fe899820e758721a98f\",\"name\":\"Roc\u00edo Gonz\u00e1lez\",\"image\":{\"@type\":\"ImageObject\",\"inLanguage\":\"es\",\"@id\":\"https:\/\/www.clubdelemprendimiento.com\/blog\/#\/schema\/person\/image\/\",\"url\":\"https:\/\/secure.gravatar.com\/avatar\/62fe196065484ba4574b7cbce0372058?s=96&d=mm&r=g\",\"contentUrl\":\"https:\/\/secure.gravatar.com\/avatar\/62fe196065484ba4574b7cbce0372058?s=96&d=mm&r=g\",\"caption\":\"Roc\u00edo Gonz\u00e1lez\"},\"url\":\"https:\/\/www.clubdelemprendimiento.com\/blog\/author\/rociogonzalez\/\"}]}<\/script>\n<!-- \/ Yoast SEO plugin. -->","yoast_head_json":{"title":"El premio joven empresario se celebra este 25 de marzo","description":"El premio joven empresario premia al mejor emprensario menor de 41 a\u00f1\u00f3s en nuestro pa\u00eds. Conoceremos al ganador el pr\u00f3ximo 25 de marzo.","robots":{"index":"index","follow":"follow","max-snippet":"max-snippet:-1","max-image-preview":"max-image-preview:large","max-video-preview":"max-video-preview:-1"},"canonical":"https:\/\/www.clubdelemprendimiento.com\/blog\/nuestros-emprendedores\/ya-esta-aqui-el-premio-joven-empresario\/","og_locale":"es_ES","og_type":"article","og_title":"El premio joven empresario se celebra este 25 de marzo","og_description":"El premio joven empresario premia al mejor emprensario menor de 41 a\u00f1\u00f3s en nuestro pa\u00eds. Conoceremos al ganador el pr\u00f3ximo 25 de marzo.","og_url":"https:\/\/www.clubdelemprendimiento.com\/blog\/nuestros-emprendedores\/ya-esta-aqui-el-premio-joven-empresario\/","og_site_name":"Blog Club del Emprendimiento","article_published_time":"2020-11-27T09:07:46+00:00","article_modified_time":"2022-05-10T10:46:19+00:00","og_image":[{"width":1200,"height":650,"url":"https:\/\/www.clubdelemprendimiento.com\/blog\/wp-content\/uploads\/2020\/11\/empresario.png","type":"image\/png"}],"author":"Roc\u00edo Gonz\u00e1lez","twitter_card":"summary_large_image","twitter_misc":{"Escrito por":"Roc\u00edo Gonz\u00e1lez","Tiempo de lectura":"2 minutos"},"schema":{"@context":"https:\/\/schema.org","@graph":[{"@type":"WebPage","@id":"https:\/\/www.clubdelemprendimiento.com\/blog\/nuestros-emprendedores\/ya-esta-aqui-el-premio-joven-empresario\/","url":"https:\/\/www.clubdelemprendimiento.com\/blog\/nuestros-emprendedores\/ya-esta-aqui-el-premio-joven-empresario\/","name":"El premio joven empresario se celebra este 25 de marzo","isPartOf":{"@id":"https:\/\/www.clubdelemprendimiento.com\/blog\/#website"},"primaryImageOfPage":{"@id":"https:\/\/www.clubdelemprendimiento.com\/blog\/nuestros-emprendedores\/ya-esta-aqui-el-premio-joven-empresario\/#primaryimage"},"image":{"@id":"https:\/\/www.clubdelemprendimiento.com\/blog\/nuestros-emprendedores\/ya-esta-aqui-el-premio-joven-empresario\/#primaryimage"},"thumbnailUrl":"https:\/\/www.clubdelemprendimiento.com\/blog\/wp-content\/uploads\/2020\/11\/empresario.png","datePublished":"2020-11-27T09:07:46+00:00","dateModified":"2022-05-10T10:46:19+00:00","author":{"@id":"https:\/\/www.clubdelemprendimiento.com\/blog\/#\/schema\/person\/a7d23696af247fe899820e758721a98f"},"description":"El premio joven empresario premia al mejor emprensario menor de 41 a\u00f1\u00f3s en nuestro pa\u00eds. Conoceremos al ganador el pr\u00f3ximo 25 de marzo.","breadcrumb":{"@id":"https:\/\/www.clubdelemprendimiento.com\/blog\/nuestros-emprendedores\/ya-esta-aqui-el-premio-joven-empresario\/#breadcrumb"},"inLanguage":"es","potentialAction":[{"@type":"ReadAction","target":["https:\/\/www.clubdelemprendimiento.com\/blog\/nuestros-emprendedores\/ya-esta-aqui-el-premio-joven-empresario\/"]}]},{"@type":"ImageObject","inLanguage":"es","@id":"https:\/\/www.clubdelemprendimiento.com\/blog\/nuestros-emprendedores\/ya-esta-aqui-el-premio-joven-empresario\/#primaryimage","url":"https:\/\/www.clubdelemprendimiento.com\/blog\/wp-content\/uploads\/2020\/11\/empresario.png","contentUrl":"https:\/\/www.clubdelemprendimiento.com\/blog\/wp-content\/uploads\/2020\/11\/empresario.png","width":1200,"height":650},{"@type":"BreadcrumbList","@id":"https:\/\/www.clubdelemprendimiento.com\/blog\/nuestros-emprendedores\/ya-esta-aqui-el-premio-joven-empresario\/#breadcrumb","itemListElement":[{"@type":"ListItem","position":1,"name":"Home","item":"https:\/\/www.clubdelemprendimiento.com\/blog\/"},{"@type":"ListItem","position":2,"name":"Ya est\u00e1 aqu\u00ed el premio joven empresario"}]},{"@type":"WebSite","@id":"https:\/\/www.clubdelemprendimiento.com\/blog\/#website","url":"https:\/\/www.clubdelemprendimiento.com\/blog\/","name":"Blog Club del Emprendimiento","description":"","potentialAction":[{"@type":"SearchAction","target":{"@type":"EntryPoint","urlTemplate":"https:\/\/www.clubdelemprendimiento.com\/blog\/?s={search_term_string}"},"query-input":"required name=search_term_string"}],"inLanguage":"es"},{"@type":"Person","@id":"https:\/\/www.clubdelemprendimiento.com\/blog\/#\/schema\/person\/a7d23696af247fe899820e758721a98f","name":"Roc\u00edo Gonz\u00e1lez","image":{"@type":"ImageObject","inLanguage":"es","@id":"https:\/\/www.clubdelemprendimiento.com\/blog\/#\/schema\/person\/image\/","url":"https:\/\/secure.gravatar.com\/avatar\/62fe196065484ba4574b7cbce0372058?s=96&d=mm&r=g","contentUrl":"https:\/\/secure.gravatar.com\/avatar\/62fe196065484ba4574b7cbce0372058?s=96&d=mm&r=g","caption":"Roc\u00edo Gonz\u00e1lez"},"url":"https:\/\/www.clubdelemprendimiento.com\/blog\/author\/rociogonzalez\/"}]}},"_links":{"self":[{"href":"https:\/\/www.clubdelemprendimiento.com\/blog\/wp-json\/wp\/v2\/posts\/14215"}],"collection":[{"href":"https:\/\/www.clubdelemprendimiento.com\/blog\/wp-json\/wp\/v2\/posts"}],"about":[{"href":"https:\/\/www.clubdelemprendimiento.com\/blog\/wp-json\/wp\/v2\/types\/post"}],"author":[{"embeddable":true,"href":"https:\/\/www.clubdelemprendimiento.com\/blog\/wp-json\/wp\/v2\/users\/7"}],"replies":[{"embeddable":true,"href":"https:\/\/www.clubdelemprendimiento.com\/blog\/wp-json\/wp\/v2\/comments?post=14215"}],"version-history":[{"count":2,"href":"https:\/\/www.clubdelemprendimiento.com\/blog\/wp-json\/wp\/v2\/posts\/14215\/revisions"}],"predecessor-version":[{"id":14218,"href":"https:\/\/www.clubdelemprendimiento.com\/blog\/wp-json\/wp\/v2\/posts\/14215\/revisions\/14218"}],"wp:featuredmedia":[{"embeddable":true,"href":"https:\/\/www.clubdelemprendimiento.com\/blog\/wp-json\/wp\/v2\/media\/14216"}],"wp:attachment":[{"href":"https:\/\/www.clubdelemprendimiento.com\/blog\/wp-json\/wp\/v2\/media?parent=14215"}],"wp:term":[{"taxonomy":"category","embeddable":true,"href":"https:\/\/www.clubdelemprendimiento.com\/blog\/wp-json\/wp\/v2\/categories?post=14215"},{"taxonomy":"post_tag","embeddable":true,"href":"https:\/\/www.clubdelemprendimiento.com\/blog\/wp-json\/wp\/v2\/tags?post=14215"}],"curies":[{"name":"wp","href":"https:\/\/api.w.org\/{rel}","templated":true}]}}