{"id":14174,"date":"2020-11-16T10:00:59","date_gmt":"2020-11-16T10:00:59","guid":{"rendered":"https:\/\/www.clubdelemprendimiento.com\/blog\/?p=14174"},"modified":"2020-11-12T08:27:38","modified_gmt":"2020-11-12T08:27:38","slug":"sectores-favorecidos-por-la-pandemia","status":"publish","type":"post","link":"https:\/\/www.clubdelemprendimiento.com\/blog\/pymes\/sectores-favorecidos-por-la-pandemia\/","title":{"rendered":"Sectores \u00abfavorecidos\u00bb por la pandemia"},"content":{"rendered":"<p>Algunos sectores no han notado tanto la crisis como otros. Por ejemplo, el haber pasado tantos d\u00edas en casa ha provocado que muchas familias se planteen cambiar el sof\u00e1, el colch\u00f3n, modificar la decoraci\u00f3n, etc. Todo ello, unido a ser un producto personalizado y con opci\u00f3n de comprar online, han hecho que esta pyme salga beneficiada de la pandemia. Hablamos con uno de los creadores de MISdescanso para que nos cuente c\u00f3mo est\u00e1n viviendo este momento.<\/p>\n<p><strong>&#8211; \u00bfC\u00f3mo surgi\u00f3 la idea de crear misdescanso? \u00bfCu\u00e1ndo lanzaste el proyecto?<\/strong><br \/>\n<a href=\"https:\/\/misdescanso.com\/\" target=\"_blank\" rel=\"noopener\">MISdescanso<\/a> nace de la combinaci\u00f3n de diversos factores, principalmente de la ilusi\u00f3n por crear un proyecto ambicioso en el mundo del mueble y la decoraci\u00f3n. Mi ciudad natal, Yecla, siempre ha sido conocida como \u00abla ciudad del mueble\u00bb y toda mi familia se ha dedicado a ello. Los tiempos van cambiando y sin duda&#8230;tengo claro que las tiendas online son el futuro e incluso me atrever\u00eda a decir que son el presente. El proyecto se lanz\u00f3 oficialmente y tras un largo periodo de mucho trabajo el d\u00eda 6 de Diciembre de 2019.<\/p>\n<p><strong>&#8211; \u00bfQu\u00e9 es lo m\u00e1s dif\u00edcil a la hora de montar una empresa como esta? \u00bfC\u00f3mo gestion\u00e1is el stock?<\/strong><br \/>\nLo m\u00e1s complicado, sin duda, fue crear productos nuevos ya que tenemos una gran variedad de productos de todo tipo divididos en diferentes categor\u00edas, como por ejemplo: cabeceros de cama tapizados, puffs, colchones, canap\u00e9s, sof\u00e1s, mesas, etc. y crear descripciones, meta t\u00edtulos e im\u00e1genes individualmente lleva un gran trabajo. Aun que ya est\u00e9n creados desde el principio siempre hay que retocar productos por temas de SEO.<br \/>\nActualmente, y al ser un producto muy personalizado, no solemos disponer de un stock de productos, trabajamos sobre pedido. En el tema de colchones nos proponemos la meta de fabricar, embalar y transportar con un servicio <em>express<\/em> de 48\/72h. y damos al cliente hasta 30 d\u00edas de prueba.<\/p>\n<p><strong>&#8211; \u00bfC\u00f3mo os hab\u00e9is enfrentado a la crisis del coronavirus? \u00bfHab\u00e9is notado mucho descenso de facturaci\u00f3n?<\/strong><br \/>\nTodo lo contrario, tras el confinamiento las familias se han dado cuenta de que hay que cuidar del hogar, ha sido mucho tiempo el que hemos pasado internos en ella y el cliente ha querido renovar, sobre todo, su viejo sof\u00e1 o colch\u00f3n y que mejor forma en este tipo de situaciones, que realizar la compra v\u00eda online. Aun as\u00ed tuvimos que retocar temas de log\u00edstica, ya que en plena pandemia no ve\u00edamos razonable que nuestro equipo de montadores pudiesen entrar al domicilio del cliente para montar por ejemplo un canap\u00e9. Nuestros clientes fueron muy comprensibles a esta medida.<\/p>\n<p><strong>&#8211; \u00bfQu\u00e9 m\u00e9todos hab\u00e9is puesto en marcha para sobrevivir?<\/strong><br \/>\nNuestro sector se ha visto favorecido tras la pandemia, ha sido un a\u00f1o en el que hemos pasado mucho tiempo en casa y donde nos hemos dado cuenta de que nuestro cabecero de cama se ha pasado de moda, que nuestro sof\u00e1 ya no es tan c\u00f3modo como cuando lo compramos o simplemente hemos querido cuidarla un poco m\u00e1s, decor\u00e1ndola con art\u00edculos relacionados con nuestro sector. A pesar de ello, somos conscientes de la gran competencia que tenemos con el producto que vendemos por lo que como fan\u00e1ticos que somos del dise\u00f1o de interiores, hemos decidido empezar a dise\u00f1ar y vender productos totalmente exclusivos que s\u00f3lo podr\u00e1s encontrar en nuestra tienda online, creando de esta forma nuestra propia marca MISdescanso.<\/p>\n<p><strong>&#8211; \u00bfC\u00f3mo os plante\u00e1is los pr\u00f3ximos meses? \u00bfTen\u00e9is nuevas acciones en mente?<\/strong><br \/>\nSabemos que los pr\u00f3ximos meses ser\u00e1n duros, a pesar de que el comercio online est\u00e1 en auge, somos conscientes de que lo m\u00e1s probable es que el consumo general del cliente vaya a disminuir, pero no nos vamos a rendir, estamos invirtiendo en campa\u00f1as de Google ads, SEO, etc. para llegar a m\u00e1s clientes. Actualmente trabajamos a nivel nacional, pero no descartamos la idea de poder exportar a otros pa\u00edses como Francia o Portugal.<\/p>\n","protected":false},"excerpt":{"rendered":"<p>Algunos sectores no han notado tanto la crisis como otros. Por ejemplo, el haber&hellip;<\/p>\n","protected":false},"author":5,"featured_media":14177,"comment_status":"open","ping_status":"open","sticky":false,"template":"","format":"standard","meta":{"_acf_changed":false,"footnotes":""},"categories":[256],"tags":[],"acf":[],"yoast_head":"<!-- This site is optimized with the Yoast SEO plugin v22.7 - https:\/\/yoast.com\/wordpress\/plugins\/seo\/ -->\n<title>Sectores &quot;favorecidos&quot; por la pandemia - Blog Club del Emprendimiento<\/title>\n<meta name=\"robots\" content=\"index, follow, max-snippet:-1, max-image-preview:large, max-video-preview:-1\" \/>\n<link rel=\"canonical\" href=\"https:\/\/www.clubdelemprendimiento.com\/blog\/pymes\/sectores-favorecidos-por-la-pandemia\/\" \/>\n<meta property=\"og:locale\" content=\"es_ES\" \/>\n<meta property=\"og:type\" content=\"article\" \/>\n<meta property=\"og:title\" content=\"Sectores &quot;favorecidos&quot; por la pandemia - Blog Club del Emprendimiento\" \/>\n<meta property=\"og:description\" content=\"Algunos sectores no han notado tanto la crisis como otros. Por ejemplo, el haber&hellip;\" \/>\n<meta property=\"og:url\" content=\"https:\/\/www.clubdelemprendimiento.com\/blog\/pymes\/sectores-favorecidos-por-la-pandemia\/\" \/>\n<meta property=\"og:site_name\" content=\"Blog Club del Emprendimiento\" \/>\n<meta property=\"article:published_time\" content=\"2020-11-16T10:00:59+00:00\" \/>\n<meta property=\"article:modified_time\" content=\"2020-11-12T08:27:38+00:00\" \/>\n<meta property=\"og:image\" content=\"https:\/\/www.clubdelemprendimiento.com\/blog\/wp-content\/uploads\/2020\/11\/admin-ajax.jpg\" \/>\n\t<meta property=\"og:image:width\" content=\"400\" \/>\n\t<meta property=\"og:image:height\" content=\"226\" \/>\n\t<meta property=\"og:image:type\" content=\"image\/jpeg\" \/>\n<meta name=\"author\" content=\"Luc\u00eda Vera\" \/>\n<meta name=\"twitter:card\" content=\"summary_large_image\" \/>\n<meta name=\"twitter:label1\" content=\"Escrito por\" \/>\n\t<meta name=\"twitter:data1\" content=\"Luc\u00eda Vera\" \/>\n\t<meta name=\"twitter:label2\" content=\"Tiempo de lectura\" \/>\n\t<meta name=\"twitter:data2\" content=\"3 minutos\" \/>\n<script type=\"application\/ld+json\" class=\"yoast-schema-graph\">{\"@context\":\"https:\/\/schema.org\",\"@graph\":[{\"@type\":\"WebPage\",\"@id\":\"https:\/\/www.clubdelemprendimiento.com\/blog\/pymes\/sectores-favorecidos-por-la-pandemia\/\",\"url\":\"https:\/\/www.clubdelemprendimiento.com\/blog\/pymes\/sectores-favorecidos-por-la-pandemia\/\",\"name\":\"Sectores \\\"favorecidos\\\" por la pandemia - Blog Club del Emprendimiento\",\"isPartOf\":{\"@id\":\"https:\/\/www.clubdelemprendimiento.com\/blog\/#website\"},\"primaryImageOfPage\":{\"@id\":\"https:\/\/www.clubdelemprendimiento.com\/blog\/pymes\/sectores-favorecidos-por-la-pandemia\/#primaryimage\"},\"image\":{\"@id\":\"https:\/\/www.clubdelemprendimiento.com\/blog\/pymes\/sectores-favorecidos-por-la-pandemia\/#primaryimage\"},\"thumbnailUrl\":\"https:\/\/www.clubdelemprendimiento.com\/blog\/wp-content\/uploads\/2020\/11\/admin-ajax.jpg\",\"datePublished\":\"2020-11-16T10:00:59+00:00\",\"dateModified\":\"2020-11-12T08:27:38+00:00\",\"author\":{\"@id\":\"https:\/\/www.clubdelemprendimiento.com\/blog\/#\/schema\/person\/fe481a2c767de00924b39ab766936ddf\"},\"breadcrumb\":{\"@id\":\"https:\/\/www.clubdelemprendimiento.com\/blog\/pymes\/sectores-favorecidos-por-la-pandemia\/#breadcrumb\"},\"inLanguage\":\"es\",\"potentialAction\":[{\"@type\":\"ReadAction\",\"target\":[\"https:\/\/www.clubdelemprendimiento.com\/blog\/pymes\/sectores-favorecidos-por-la-pandemia\/\"]}]},{\"@type\":\"ImageObject\",\"inLanguage\":\"es\",\"@id\":\"https:\/\/www.clubdelemprendimiento.com\/blog\/pymes\/sectores-favorecidos-por-la-pandemia\/#primaryimage\",\"url\":\"https:\/\/www.clubdelemprendimiento.com\/blog\/wp-content\/uploads\/2020\/11\/admin-ajax.jpg\",\"contentUrl\":\"https:\/\/www.clubdelemprendimiento.com\/blog\/wp-content\/uploads\/2020\/11\/admin-ajax.jpg\",\"width\":400,\"height\":226},{\"@type\":\"BreadcrumbList\",\"@id\":\"https:\/\/www.clubdelemprendimiento.com\/blog\/pymes\/sectores-favorecidos-por-la-pandemia\/#breadcrumb\",\"itemListElement\":[{\"@type\":\"ListItem\",\"position\":1,\"name\":\"Home\",\"item\":\"https:\/\/www.clubdelemprendimiento.com\/blog\/\"},{\"@type\":\"ListItem\",\"position\":2,\"name\":\"Sectores \u00abfavorecidos\u00bb por la pandemia\"}]},{\"@type\":\"WebSite\",\"@id\":\"https:\/\/www.clubdelemprendimiento.com\/blog\/#website\",\"url\":\"https:\/\/www.clubdelemprendimiento.com\/blog\/\",\"name\":\"Blog Club del Emprendimiento\",\"description\":\"\",\"potentialAction\":[{\"@type\":\"SearchAction\",\"target\":{\"@type\":\"EntryPoint\",\"urlTemplate\":\"https:\/\/www.clubdelemprendimiento.com\/blog\/?s={search_term_string}\"},\"query-input\":\"required name=search_term_string\"}],\"inLanguage\":\"es\"},{\"@type\":\"Person\",\"@id\":\"https:\/\/www.clubdelemprendimiento.com\/blog\/#\/schema\/person\/fe481a2c767de00924b39ab766936ddf\",\"name\":\"Luc\u00eda Vera\",\"image\":{\"@type\":\"ImageObject\",\"inLanguage\":\"es\",\"@id\":\"https:\/\/www.clubdelemprendimiento.com\/blog\/#\/schema\/person\/image\/\",\"url\":\"https:\/\/secure.gravatar.com\/avatar\/a7985f0a535e8f0be3026ac89e0a79c6?s=96&d=mm&r=g\",\"contentUrl\":\"https:\/\/secure.gravatar.com\/avatar\/a7985f0a535e8f0be3026ac89e0a79c6?s=96&d=mm&r=g\",\"caption\":\"Luc\u00eda Vera\"},\"url\":\"https:\/\/www.clubdelemprendimiento.com\/blog\/author\/luciavera\/\"}]}<\/script>\n<!-- \/ Yoast SEO plugin. -->","yoast_head_json":{"title":"Sectores \"favorecidos\" por la pandemia - Blog Club del Emprendimiento","robots":{"index":"index","follow":"follow","max-snippet":"max-snippet:-1","max-image-preview":"max-image-preview:large","max-video-preview":"max-video-preview:-1"},"canonical":"https:\/\/www.clubdelemprendimiento.com\/blog\/pymes\/sectores-favorecidos-por-la-pandemia\/","og_locale":"es_ES","og_type":"article","og_title":"Sectores \"favorecidos\" por la pandemia - Blog Club del Emprendimiento","og_description":"Algunos sectores no han notado tanto la crisis como otros. Por ejemplo, el haber&hellip;","og_url":"https:\/\/www.clubdelemprendimiento.com\/blog\/pymes\/sectores-favorecidos-por-la-pandemia\/","og_site_name":"Blog Club del Emprendimiento","article_published_time":"2020-11-16T10:00:59+00:00","article_modified_time":"2020-11-12T08:27:38+00:00","og_image":[{"width":400,"height":226,"url":"https:\/\/www.clubdelemprendimiento.com\/blog\/wp-content\/uploads\/2020\/11\/admin-ajax.jpg","type":"image\/jpeg"}],"author":"Luc\u00eda Vera","twitter_card":"summary_large_image","twitter_misc":{"Escrito por":"Luc\u00eda Vera","Tiempo de lectura":"3 minutos"},"schema":{"@context":"https:\/\/schema.org","@graph":[{"@type":"WebPage","@id":"https:\/\/www.clubdelemprendimiento.com\/blog\/pymes\/sectores-favorecidos-por-la-pandemia\/","url":"https:\/\/www.clubdelemprendimiento.com\/blog\/pymes\/sectores-favorecidos-por-la-pandemia\/","name":"Sectores \"favorecidos\" por la pandemia - Blog Club del Emprendimiento","isPartOf":{"@id":"https:\/\/www.clubdelemprendimiento.com\/blog\/#website"},"primaryImageOfPage":{"@id":"https:\/\/www.clubdelemprendimiento.com\/blog\/pymes\/sectores-favorecidos-por-la-pandemia\/#primaryimage"},"image":{"@id":"https:\/\/www.clubdelemprendimiento.com\/blog\/pymes\/sectores-favorecidos-por-la-pandemia\/#primaryimage"},"thumbnailUrl":"https:\/\/www.clubdelemprendimiento.com\/blog\/wp-content\/uploads\/2020\/11\/admin-ajax.jpg","datePublished":"2020-11-16T10:00:59+00:00","dateModified":"2020-11-12T08:27:38+00:00","author":{"@id":"https:\/\/www.clubdelemprendimiento.com\/blog\/#\/schema\/person\/fe481a2c767de00924b39ab766936ddf"},"breadcrumb":{"@id":"https:\/\/www.clubdelemprendimiento.com\/blog\/pymes\/sectores-favorecidos-por-la-pandemia\/#breadcrumb"},"inLanguage":"es","potentialAction":[{"@type":"ReadAction","target":["https:\/\/www.clubdelemprendimiento.com\/blog\/pymes\/sectores-favorecidos-por-la-pandemia\/"]}]},{"@type":"ImageObject","inLanguage":"es","@id":"https:\/\/www.clubdelemprendimiento.com\/blog\/pymes\/sectores-favorecidos-por-la-pandemia\/#primaryimage","url":"https:\/\/www.clubdelemprendimiento.com\/blog\/wp-content\/uploads\/2020\/11\/admin-ajax.jpg","contentUrl":"https:\/\/www.clubdelemprendimiento.com\/blog\/wp-content\/uploads\/2020\/11\/admin-ajax.jpg","width":400,"height":226},{"@type":"BreadcrumbList","@id":"https:\/\/www.clubdelemprendimiento.com\/blog\/pymes\/sectores-favorecidos-por-la-pandemia\/#breadcrumb","itemListElement":[{"@type":"ListItem","position":1,"name":"Home","item":"https:\/\/www.clubdelemprendimiento.com\/blog\/"},{"@type":"ListItem","position":2,"name":"Sectores \u00abfavorecidos\u00bb por la pandemia"}]},{"@type":"WebSite","@id":"https:\/\/www.clubdelemprendimiento.com\/blog\/#website","url":"https:\/\/www.clubdelemprendimiento.com\/blog\/","name":"Blog Club del Emprendimiento","description":"","potentialAction":[{"@type":"SearchAction","target":{"@type":"EntryPoint","urlTemplate":"https:\/\/www.clubdelemprendimiento.com\/blog\/?s={search_term_string}"},"query-input":"required name=search_term_string"}],"inLanguage":"es"},{"@type":"Person","@id":"https:\/\/www.clubdelemprendimiento.com\/blog\/#\/schema\/person\/fe481a2c767de00924b39ab766936ddf","name":"Luc\u00eda Vera","image":{"@type":"ImageObject","inLanguage":"es","@id":"https:\/\/www.clubdelemprendimiento.com\/blog\/#\/schema\/person\/image\/","url":"https:\/\/secure.gravatar.com\/avatar\/a7985f0a535e8f0be3026ac89e0a79c6?s=96&d=mm&r=g","contentUrl":"https:\/\/secure.gravatar.com\/avatar\/a7985f0a535e8f0be3026ac89e0a79c6?s=96&d=mm&r=g","caption":"Luc\u00eda Vera"},"url":"https:\/\/www.clubdelemprendimiento.com\/blog\/author\/luciavera\/"}]}},"_links":{"self":[{"href":"https:\/\/www.clubdelemprendimiento.com\/blog\/wp-json\/wp\/v2\/posts\/14174"}],"collection":[{"href":"https:\/\/www.clubdelemprendimiento.com\/blog\/wp-json\/wp\/v2\/posts"}],"about":[{"href":"https:\/\/www.clubdelemprendimiento.com\/blog\/wp-json\/wp\/v2\/types\/post"}],"author":[{"embeddable":true,"href":"https:\/\/www.clubdelemprendimiento.com\/blog\/wp-json\/wp\/v2\/users\/5"}],"replies":[{"embeddable":true,"href":"https:\/\/www.clubdelemprendimiento.com\/blog\/wp-json\/wp\/v2\/comments?post=14174"}],"version-history":[{"count":1,"href":"https:\/\/www.clubdelemprendimiento.com\/blog\/wp-json\/wp\/v2\/posts\/14174\/revisions"}],"predecessor-version":[{"id":14176,"href":"https:\/\/www.clubdelemprendimiento.com\/blog\/wp-json\/wp\/v2\/posts\/14174\/revisions\/14176"}],"wp:featuredmedia":[{"embeddable":true,"href":"https:\/\/www.clubdelemprendimiento.com\/blog\/wp-json\/wp\/v2\/media\/14177"}],"wp:attachment":[{"href":"https:\/\/www.clubdelemprendimiento.com\/blog\/wp-json\/wp\/v2\/media?parent=14174"}],"wp:term":[{"taxonomy":"category","embeddable":true,"href":"https:\/\/www.clubdelemprendimiento.com\/blog\/wp-json\/wp\/v2\/categories?post=14174"},{"taxonomy":"post_tag","embeddable":true,"href":"https:\/\/www.clubdelemprendimiento.com\/blog\/wp-json\/wp\/v2\/tags?post=14174"}],"curies":[{"name":"wp","href":"https:\/\/api.w.org\/{rel}","templated":true}]}}