{"id":14169,"date":"2020-11-13T10:00:06","date_gmt":"2020-11-13T10:00:06","guid":{"rendered":"https:\/\/www.clubdelemprendimiento.com\/blog\/?p=14169"},"modified":"2020-11-10T13:03:40","modified_gmt":"2020-11-10T13:03:40","slug":"madres-cabreadas-visibilidad-a-mamas-trabajadoras","status":"publish","type":"post","link":"https:\/\/www.clubdelemprendimiento.com\/blog\/nuestros-emprendedores\/madres-cabreadas-visibilidad-a-mamas-trabajadoras\/","title":{"rendered":"Madres cabreadas: visibilidad a mam\u00e1s trabajadoras"},"content":{"rendered":"<p>La conciliaci\u00f3n laboral y familiar es complicada. Pero las madres lo tienen a\u00fan peor y suelen ser las que deben renunciar a su trayectoria profesional para \u00abser buena madre\u00bb. De ah\u00ed surge una comunidad de \u00abmadres cabreadas\u00bb, y hoy hablamos con Mar\u00eda S\u00e1nchez, su creadora.<\/p>\n<p><strong>\u00bfC\u00f3mo surge la creaci\u00f3n de madres cabreadas? \u00bfCon qu\u00e9 objetivo?<\/strong><\/p>\n<p>La idea de <a href=\"https:\/\/madrescabreadas.com\" target=\"_blank\" rel=\"noopener\">Madres Cabreadas<\/a>\u00a0surge espont\u00e1neamente de una situaci\u00f3n familiar tan cotidiana como es el llegar a casa del trabajo agotada y tener que atender las tareas del hogar, los ni\u00f1os, los recados y mil cosas m\u00e1s que solemos hacer las madres cada d\u00eda. No es nada nuevo, pero la sensaci\u00f3n de no llegar a todo es algo bastante com\u00fan en casi todas las madres, as\u00ed que decid\u00ed que mis quejas abandonaran el \u00e1mbito privado de mi hogar para que el mundo me escuchara.<\/p>\n<p>As\u00ed que los or\u00edgenes de Madres Cabreadas fueron un desahogo y una reivindicaci\u00f3n necesarios para mi salud mental por las dificultades que encontramos las mujeres para conciliar la vida laboral y la familiar, a modo de Tweet al principio, para m\u00e1s adelante convertirse en un blog que dio lugar a una <strong>gran comunidad on line de madres que compartimos la lucha diaria para sacar adelante nuestro trabajo y nuestra familia<\/strong> en clave de iron\u00eda y humor. El Hashtag #meCabrea fue en los comienzos nuestra se\u00f1a de identidad.<\/p>\n<p><strong>\u00bfA qu\u00e9 te dedicabas antes?<\/strong><br \/>\nSiempre he compaginado el blog con el ejercicio de la abogac\u00eda.<\/p>\n<p><strong>\u00bfA qui\u00e9n os dirig\u00eds? \u00bfCu\u00e1l es vuestro p\u00fablico objetivo?<\/strong><br \/>\nMi p\u00fablico objetivo son mujeres madres como yo, que queremos tener la<strong> libertad de elegir c\u00f3mo queremos vivir nuestra maternidad y no queremos que nuestra carrera profesional se vea mermada en cuanto a oportunidades por tener hijos.<\/strong> Queremos que la corresponsabilidad y la conciliaci\u00f3n laboral y familiar sea una realidad en nuestro pa\u00eds, como as\u00ed lo es en otros pa\u00edses de Europa, y creemos que ser madre es un plus en cuanto a aptitudes profesionales se refiere ya que nos proporciona unas habilidades excepcionales para organizaci\u00f3n, optimizaci\u00f3n de recursos, multi tasking, manejo de conflictos, capacidad de sacrificio y de trabajo, compromiso y responsabilidad.<\/p>\n<p><strong>\u00bfCu\u00e1les son vuestros objetivos del proyecto?<\/strong><br \/>\nLa comunidad on line Madres Cabreadas pretende ser un<strong> punto de encuentro de madres donde compartimos experiencias<\/strong>, nos apoyamos, comprendemos y empoderamos en el d\u00eda a d\u00eda. En ella encontramos herramientas para hacernos la vida m\u00e1s f\u00e1cil, surgen sinergias entre nosotras, y tambi\u00e9n sirve de altavoz para testimonios de superaci\u00f3n que puedan ayudar a otras mujeres, reivindicaciones y dar difusi\u00f3n de proyectos de nuestras madres emprendedoras que les permitan compaginar el cuidado de su familia con una actividad laboral.<\/p>\n<p><strong>\u00bfQu\u00e9 tal es lanzar iniciativas como esta? \u00bfResulta sencillo o todo lo contrario?<\/strong><\/p>\n<p>Las cosas que merecen la pena en la vida siempre cuestan trabajo y esfuerzo, sobre todo cuando tienes el tiempo tasado y tienes que distribuir tu energ\u00eda en m\u00faltiples frentes, pero con tes\u00f3n, ilusi\u00f3n y creyendo en tu proyecto todo resulta m\u00e1s f\u00e1cil.<\/p>\n","protected":false},"excerpt":{"rendered":"<p>La conciliaci\u00f3n laboral y familiar es complicada. Pero las madres lo tienen a\u00fan peor&hellip;<\/p>\n","protected":false},"author":5,"featured_media":14170,"comment_status":"open","ping_status":"open","sticky":false,"template":"","format":"standard","meta":{"_acf_changed":false,"footnotes":""},"categories":[91],"tags":[],"acf":[],"yoast_head":"<!-- This site is optimized with the Yoast SEO plugin v22.7 - https:\/\/yoast.com\/wordpress\/plugins\/seo\/ -->\n<title>Madres cabreadas: visibilidad a mam\u00e1s trabajadoras - Blog Club del Emprendimiento<\/title>\n<meta name=\"robots\" content=\"index, follow, max-snippet:-1, max-image-preview:large, max-video-preview:-1\" \/>\n<link rel=\"canonical\" href=\"https:\/\/www.clubdelemprendimiento.com\/blog\/nuestros-emprendedores\/madres-cabreadas-visibilidad-a-mamas-trabajadoras\/\" \/>\n<meta property=\"og:locale\" content=\"es_ES\" \/>\n<meta property=\"og:type\" content=\"article\" \/>\n<meta property=\"og:title\" content=\"Madres cabreadas: visibilidad a mam\u00e1s trabajadoras - Blog Club del Emprendimiento\" \/>\n<meta property=\"og:description\" content=\"La conciliaci\u00f3n laboral y familiar es complicada. Pero las madres lo tienen a\u00fan peor&hellip;\" \/>\n<meta property=\"og:url\" content=\"https:\/\/www.clubdelemprendimiento.com\/blog\/nuestros-emprendedores\/madres-cabreadas-visibilidad-a-mamas-trabajadoras\/\" \/>\n<meta property=\"og:site_name\" content=\"Blog Club del Emprendimiento\" \/>\n<meta property=\"article:published_time\" content=\"2020-11-13T10:00:06+00:00\" \/>\n<meta property=\"article:modified_time\" content=\"2020-11-10T13:03:40+00:00\" \/>\n<meta property=\"og:image\" content=\"https:\/\/www.clubdelemprendimiento.com\/blog\/wp-content\/uploads\/2020\/11\/087_Madres-Cabreadas_alta___E2A1051-1030x687.jpg\" \/>\n\t<meta property=\"og:image:width\" content=\"1030\" \/>\n\t<meta property=\"og:image:height\" content=\"687\" \/>\n\t<meta property=\"og:image:type\" content=\"image\/jpeg\" \/>\n<meta name=\"author\" content=\"Luc\u00eda Vera\" \/>\n<meta name=\"twitter:card\" content=\"summary_large_image\" \/>\n<meta name=\"twitter:label1\" content=\"Escrito por\" \/>\n\t<meta name=\"twitter:data1\" content=\"Luc\u00eda Vera\" \/>\n\t<meta name=\"twitter:label2\" content=\"Tiempo de lectura\" \/>\n\t<meta name=\"twitter:data2\" content=\"3 minutos\" \/>\n<script type=\"application\/ld+json\" class=\"yoast-schema-graph\">{\"@context\":\"https:\/\/schema.org\",\"@graph\":[{\"@type\":\"WebPage\",\"@id\":\"https:\/\/www.clubdelemprendimiento.com\/blog\/nuestros-emprendedores\/madres-cabreadas-visibilidad-a-mamas-trabajadoras\/\",\"url\":\"https:\/\/www.clubdelemprendimiento.com\/blog\/nuestros-emprendedores\/madres-cabreadas-visibilidad-a-mamas-trabajadoras\/\",\"name\":\"Madres cabreadas: visibilidad a mam\u00e1s trabajadoras - Blog Club del Emprendimiento\",\"isPartOf\":{\"@id\":\"https:\/\/www.clubdelemprendimiento.com\/blog\/#website\"},\"primaryImageOfPage\":{\"@id\":\"https:\/\/www.clubdelemprendimiento.com\/blog\/nuestros-emprendedores\/madres-cabreadas-visibilidad-a-mamas-trabajadoras\/#primaryimage\"},\"image\":{\"@id\":\"https:\/\/www.clubdelemprendimiento.com\/blog\/nuestros-emprendedores\/madres-cabreadas-visibilidad-a-mamas-trabajadoras\/#primaryimage\"},\"thumbnailUrl\":\"https:\/\/www.clubdelemprendimiento.com\/blog\/wp-content\/uploads\/2020\/11\/087_Madres-Cabreadas_alta___E2A1051.jpg\",\"datePublished\":\"2020-11-13T10:00:06+00:00\",\"dateModified\":\"2020-11-10T13:03:40+00:00\",\"author\":{\"@id\":\"https:\/\/www.clubdelemprendimiento.com\/blog\/#\/schema\/person\/fe481a2c767de00924b39ab766936ddf\"},\"breadcrumb\":{\"@id\":\"https:\/\/www.clubdelemprendimiento.com\/blog\/nuestros-emprendedores\/madres-cabreadas-visibilidad-a-mamas-trabajadoras\/#breadcrumb\"},\"inLanguage\":\"es\",\"potentialAction\":[{\"@type\":\"ReadAction\",\"target\":[\"https:\/\/www.clubdelemprendimiento.com\/blog\/nuestros-emprendedores\/madres-cabreadas-visibilidad-a-mamas-trabajadoras\/\"]}]},{\"@type\":\"ImageObject\",\"inLanguage\":\"es\",\"@id\":\"https:\/\/www.clubdelemprendimiento.com\/blog\/nuestros-emprendedores\/madres-cabreadas-visibilidad-a-mamas-trabajadoras\/#primaryimage\",\"url\":\"https:\/\/www.clubdelemprendimiento.com\/blog\/wp-content\/uploads\/2020\/11\/087_Madres-Cabreadas_alta___E2A1051.jpg\",\"contentUrl\":\"https:\/\/www.clubdelemprendimiento.com\/blog\/wp-content\/uploads\/2020\/11\/087_Madres-Cabreadas_alta___E2A1051.jpg\",\"width\":3543,\"height\":2362},{\"@type\":\"BreadcrumbList\",\"@id\":\"https:\/\/www.clubdelemprendimiento.com\/blog\/nuestros-emprendedores\/madres-cabreadas-visibilidad-a-mamas-trabajadoras\/#breadcrumb\",\"itemListElement\":[{\"@type\":\"ListItem\",\"position\":1,\"name\":\"Home\",\"item\":\"https:\/\/www.clubdelemprendimiento.com\/blog\/\"},{\"@type\":\"ListItem\",\"position\":2,\"name\":\"Madres cabreadas: visibilidad a mam\u00e1s trabajadoras\"}]},{\"@type\":\"WebSite\",\"@id\":\"https:\/\/www.clubdelemprendimiento.com\/blog\/#website\",\"url\":\"https:\/\/www.clubdelemprendimiento.com\/blog\/\",\"name\":\"Blog Club del Emprendimiento\",\"description\":\"\",\"potentialAction\":[{\"@type\":\"SearchAction\",\"target\":{\"@type\":\"EntryPoint\",\"urlTemplate\":\"https:\/\/www.clubdelemprendimiento.com\/blog\/?s={search_term_string}\"},\"query-input\":\"required name=search_term_string\"}],\"inLanguage\":\"es\"},{\"@type\":\"Person\",\"@id\":\"https:\/\/www.clubdelemprendimiento.com\/blog\/#\/schema\/person\/fe481a2c767de00924b39ab766936ddf\",\"name\":\"Luc\u00eda Vera\",\"image\":{\"@type\":\"ImageObject\",\"inLanguage\":\"es\",\"@id\":\"https:\/\/www.clubdelemprendimiento.com\/blog\/#\/schema\/person\/image\/\",\"url\":\"https:\/\/secure.gravatar.com\/avatar\/a7985f0a535e8f0be3026ac89e0a79c6?s=96&d=mm&r=g\",\"contentUrl\":\"https:\/\/secure.gravatar.com\/avatar\/a7985f0a535e8f0be3026ac89e0a79c6?s=96&d=mm&r=g\",\"caption\":\"Luc\u00eda Vera\"},\"url\":\"https:\/\/www.clubdelemprendimiento.com\/blog\/author\/luciavera\/\"}]}<\/script>\n<!-- \/ Yoast SEO plugin. -->","yoast_head_json":{"title":"Madres cabreadas: visibilidad a mam\u00e1s trabajadoras - Blog Club del Emprendimiento","robots":{"index":"index","follow":"follow","max-snippet":"max-snippet:-1","max-image-preview":"max-image-preview:large","max-video-preview":"max-video-preview:-1"},"canonical":"https:\/\/www.clubdelemprendimiento.com\/blog\/nuestros-emprendedores\/madres-cabreadas-visibilidad-a-mamas-trabajadoras\/","og_locale":"es_ES","og_type":"article","og_title":"Madres cabreadas: visibilidad a mam\u00e1s trabajadoras - Blog Club del Emprendimiento","og_description":"La conciliaci\u00f3n laboral y familiar es complicada. Pero las madres lo tienen a\u00fan peor&hellip;","og_url":"https:\/\/www.clubdelemprendimiento.com\/blog\/nuestros-emprendedores\/madres-cabreadas-visibilidad-a-mamas-trabajadoras\/","og_site_name":"Blog Club del Emprendimiento","article_published_time":"2020-11-13T10:00:06+00:00","article_modified_time":"2020-11-10T13:03:40+00:00","og_image":[{"width":1030,"height":687,"url":"https:\/\/www.clubdelemprendimiento.com\/blog\/wp-content\/uploads\/2020\/11\/087_Madres-Cabreadas_alta___E2A1051-1030x687.jpg","type":"image\/jpeg"}],"author":"Luc\u00eda Vera","twitter_card":"summary_large_image","twitter_misc":{"Escrito por":"Luc\u00eda Vera","Tiempo de lectura":"3 minutos"},"schema":{"@context":"https:\/\/schema.org","@graph":[{"@type":"WebPage","@id":"https:\/\/www.clubdelemprendimiento.com\/blog\/nuestros-emprendedores\/madres-cabreadas-visibilidad-a-mamas-trabajadoras\/","url":"https:\/\/www.clubdelemprendimiento.com\/blog\/nuestros-emprendedores\/madres-cabreadas-visibilidad-a-mamas-trabajadoras\/","name":"Madres cabreadas: visibilidad a mam\u00e1s trabajadoras - Blog Club del Emprendimiento","isPartOf":{"@id":"https:\/\/www.clubdelemprendimiento.com\/blog\/#website"},"primaryImageOfPage":{"@id":"https:\/\/www.clubdelemprendimiento.com\/blog\/nuestros-emprendedores\/madres-cabreadas-visibilidad-a-mamas-trabajadoras\/#primaryimage"},"image":{"@id":"https:\/\/www.clubdelemprendimiento.com\/blog\/nuestros-emprendedores\/madres-cabreadas-visibilidad-a-mamas-trabajadoras\/#primaryimage"},"thumbnailUrl":"https:\/\/www.clubdelemprendimiento.com\/blog\/wp-content\/uploads\/2020\/11\/087_Madres-Cabreadas_alta___E2A1051.jpg","datePublished":"2020-11-13T10:00:06+00:00","dateModified":"2020-11-10T13:03:40+00:00","author":{"@id":"https:\/\/www.clubdelemprendimiento.com\/blog\/#\/schema\/person\/fe481a2c767de00924b39ab766936ddf"},"breadcrumb":{"@id":"https:\/\/www.clubdelemprendimiento.com\/blog\/nuestros-emprendedores\/madres-cabreadas-visibilidad-a-mamas-trabajadoras\/#breadcrumb"},"inLanguage":"es","potentialAction":[{"@type":"ReadAction","target":["https:\/\/www.clubdelemprendimiento.com\/blog\/nuestros-emprendedores\/madres-cabreadas-visibilidad-a-mamas-trabajadoras\/"]}]},{"@type":"ImageObject","inLanguage":"es","@id":"https:\/\/www.clubdelemprendimiento.com\/blog\/nuestros-emprendedores\/madres-cabreadas-visibilidad-a-mamas-trabajadoras\/#primaryimage","url":"https:\/\/www.clubdelemprendimiento.com\/blog\/wp-content\/uploads\/2020\/11\/087_Madres-Cabreadas_alta___E2A1051.jpg","contentUrl":"https:\/\/www.clubdelemprendimiento.com\/blog\/wp-content\/uploads\/2020\/11\/087_Madres-Cabreadas_alta___E2A1051.jpg","width":3543,"height":2362},{"@type":"BreadcrumbList","@id":"https:\/\/www.clubdelemprendimiento.com\/blog\/nuestros-emprendedores\/madres-cabreadas-visibilidad-a-mamas-trabajadoras\/#breadcrumb","itemListElement":[{"@type":"ListItem","position":1,"name":"Home","item":"https:\/\/www.clubdelemprendimiento.com\/blog\/"},{"@type":"ListItem","position":2,"name":"Madres cabreadas: visibilidad a mam\u00e1s trabajadoras"}]},{"@type":"WebSite","@id":"https:\/\/www.clubdelemprendimiento.com\/blog\/#website","url":"https:\/\/www.clubdelemprendimiento.com\/blog\/","name":"Blog Club del Emprendimiento","description":"","potentialAction":[{"@type":"SearchAction","target":{"@type":"EntryPoint","urlTemplate":"https:\/\/www.clubdelemprendimiento.com\/blog\/?s={search_term_string}"},"query-input":"required name=search_term_string"}],"inLanguage":"es"},{"@type":"Person","@id":"https:\/\/www.clubdelemprendimiento.com\/blog\/#\/schema\/person\/fe481a2c767de00924b39ab766936ddf","name":"Luc\u00eda Vera","image":{"@type":"ImageObject","inLanguage":"es","@id":"https:\/\/www.clubdelemprendimiento.com\/blog\/#\/schema\/person\/image\/","url":"https:\/\/secure.gravatar.com\/avatar\/a7985f0a535e8f0be3026ac89e0a79c6?s=96&d=mm&r=g","contentUrl":"https:\/\/secure.gravatar.com\/avatar\/a7985f0a535e8f0be3026ac89e0a79c6?s=96&d=mm&r=g","caption":"Luc\u00eda Vera"},"url":"https:\/\/www.clubdelemprendimiento.com\/blog\/author\/luciavera\/"}]}},"_links":{"self":[{"href":"https:\/\/www.clubdelemprendimiento.com\/blog\/wp-json\/wp\/v2\/posts\/14169"}],"collection":[{"href":"https:\/\/www.clubdelemprendimiento.com\/blog\/wp-json\/wp\/v2\/posts"}],"about":[{"href":"https:\/\/www.clubdelemprendimiento.com\/blog\/wp-json\/wp\/v2\/types\/post"}],"author":[{"embeddable":true,"href":"https:\/\/www.clubdelemprendimiento.com\/blog\/wp-json\/wp\/v2\/users\/5"}],"replies":[{"embeddable":true,"href":"https:\/\/www.clubdelemprendimiento.com\/blog\/wp-json\/wp\/v2\/comments?post=14169"}],"version-history":[{"count":1,"href":"https:\/\/www.clubdelemprendimiento.com\/blog\/wp-json\/wp\/v2\/posts\/14169\/revisions"}],"predecessor-version":[{"id":14171,"href":"https:\/\/www.clubdelemprendimiento.com\/blog\/wp-json\/wp\/v2\/posts\/14169\/revisions\/14171"}],"wp:featuredmedia":[{"embeddable":true,"href":"https:\/\/www.clubdelemprendimiento.com\/blog\/wp-json\/wp\/v2\/media\/14170"}],"wp:attachment":[{"href":"https:\/\/www.clubdelemprendimiento.com\/blog\/wp-json\/wp\/v2\/media?parent=14169"}],"wp:term":[{"taxonomy":"category","embeddable":true,"href":"https:\/\/www.clubdelemprendimiento.com\/blog\/wp-json\/wp\/v2\/categories?post=14169"},{"taxonomy":"post_tag","embeddable":true,"href":"https:\/\/www.clubdelemprendimiento.com\/blog\/wp-json\/wp\/v2\/tags?post=14169"}],"curies":[{"name":"wp","href":"https:\/\/api.w.org\/{rel}","templated":true}]}}