{"id":14042,"date":"2020-10-01T11:52:18","date_gmt":"2020-10-01T11:52:18","guid":{"rendered":"https:\/\/www.clubdelemprendimiento.com\/blog\/?p=14042"},"modified":"2020-10-01T17:09:16","modified_gmt":"2020-10-01T17:09:16","slug":"emprendedores-espanoles-fuera-de-espana-como-estan-viviendo-la-crisis","status":"publish","type":"post","link":"https:\/\/www.clubdelemprendimiento.com\/blog\/nuestros-emprendedores\/emprendedores-espanoles-fuera-de-espana-como-estan-viviendo-la-crisis\/","title":{"rendered":"Emprendedores espa\u00f1oles fuera de Espa\u00f1a \u00bfc\u00f3mo est\u00e1n viviendo la crisis?"},"content":{"rendered":"<p>Los emprendedores son uno de los <strong>colectivos m\u00e1s castigados por la pandemia.<\/strong> En general, emprender no es algo sencillo, pero en plena crisis empeora a\u00fan m\u00e1s la situaci\u00f3n. La falta de recursos, de ayudas y de m\u00fasculo financiero ha provocado que muchos emprendedores se encuentren con serias dificultades para poder continuar con sus actividades. Pero, \u00bf<strong>y los emprendedores espa\u00f1oles ubicados en el extranjero?<\/strong> \u00bfC\u00f3mo est\u00e1n viviendo la pandemia aquellos espa\u00f1oles que iniciaron un nuevo proyecto fuera de nuestras fronteras? \u00bfTienen mejor o peor escenario que nosotros?<\/p>\n<h2>Ejemplos de emprendedores en el extranjero<\/h2>\n<p><em>\u201cTom\u00e1rselo con filosof\u00eda y estar preparados para improvisar\u201d.<\/em> Esta es la actitud de Stefano Carlin, el director de una <a href=\"https:\/\/skischoolgrimentz.ch\/\">escuela de esqu\u00ed en Grimentz &#8211; Zinal<\/a> (Suiza), denominada Ski Zenit. Las perspectivas all\u00ed no son muy halag\u00fce\u00f1as. \u00a0Seg\u00fan Carlin, \u201c<em>la gente no se anima a reservar a medio o largo plazo, por lo cual nos llegan muchas reservas de \u00faltimo momento\u201d, <\/em>por lo que tambi\u00e9n hay incertidumbre en el pa\u00eds de los Alpes. De hecho, ya han notado un descenso importante de atletas en este verano. Aun as\u00ed, el<strong> director de Ski Zenit se muestra optimista ate a situaci\u00f3n,<\/strong> y se va adaptando a las neuvas circunstancia.<\/p>\n<p>Marta Caparr\u00f3s, fundadora y CEO de <a href=\"https:\/\/www.youtooproject.com\/\">YouuTOOProject<\/a> y <a href=\"https:\/\/www.aussieyoutoo.com\/\">AUssieYouTOO<\/a>, ha puesto en marcha una acci\u00f3n de solidaridad salarial para no tener que realizar ning\u00fan despido.\u00a0<em>\u201cEntre todos, tomamos la decisi\u00f3n de bajarnos el sueldo con el objetivo de mantener todos los puestos de trabajo\u201d<\/em>, asegura. Este tipo de acciones son las que sacan \u201cla cara dulce\u201d de una pandemia. Adem\u00e1s, han facilitado los cursos y aplazamientos de los estudiantes que no han podio volar a causa del coronavirus Aunque tambi\u00e9n es cierto que <strong>las ayudas que han desarrollado desde el gobierno de Australia han sido claves.<\/strong> \u201c<em>Hemos podido deducir 10.000 d\u00f3lares de impuestos, hemos solicitado 13.000 d\u00f3lares de ayudas en efectivo<\/em>\u201d, destaca Caparr\u00f3s.<\/p>\n<p>\u201c<em>Los planes de entrenamiento que ofrece la app se centran en correr\u201d.<\/em> Nos asegura Luc\u00eda Rubio, fundadora de <a href=\"https:\/\/www.gazella.app\/\" target=\"_blank\" rel=\"noopener\">Gazella<\/a>, una app para hacer ejercicio al aire libre. Obviamente el estado de alarma fue un golpe duro, ya que el confimnamiento prohib\u00eda hacer deporte fuera de casa. La parte buena, y por lo que han conseguido sobrevivir a la crisis, es quebla app tiene un apartado dedicado a nutrici\u00f3n. Y, dado que durante el confinamiento a muchos les dio por cocinar, esta parcela subi\u00f3 como la espuma. Las creadoras de Gazella <strong>han tenido que reenfocar su estrategia en tiempo r\u00e9cord<\/strong>. Ser eficientes y adaptarse a la situaci\u00f3n son tambi\u00e9n claves para salir airosos de la crisis.<\/p>\n","protected":false},"excerpt":{"rendered":"<p>Los emprendedores son uno de los colectivos m\u00e1s castigados por la pandemia. En general,&hellip;<\/p>\n","protected":false},"author":5,"featured_media":14043,"comment_status":"open","ping_status":"open","sticky":false,"template":"","format":"standard","meta":{"_acf_changed":false,"footnotes":""},"categories":[91],"tags":[],"acf":[],"yoast_head":"<!-- This site is optimized with the Yoast SEO plugin v22.7 - https:\/\/yoast.com\/wordpress\/plugins\/seo\/ -->\n<title>Emprendedores espa\u00f1oles fuera de Espa\u00f1a \u00bfc\u00f3mo est\u00e1n viviendo la crisis? - Blog Club del Emprendimiento<\/title>\n<meta name=\"robots\" content=\"index, follow, max-snippet:-1, max-image-preview:large, max-video-preview:-1\" \/>\n<link rel=\"canonical\" href=\"https:\/\/www.clubdelemprendimiento.com\/blog\/nuestros-emprendedores\/emprendedores-espanoles-fuera-de-espana-como-estan-viviendo-la-crisis\/\" \/>\n<meta property=\"og:locale\" content=\"es_ES\" \/>\n<meta property=\"og:type\" content=\"article\" \/>\n<meta property=\"og:title\" content=\"Emprendedores espa\u00f1oles fuera de Espa\u00f1a \u00bfc\u00f3mo est\u00e1n viviendo la crisis? - Blog Club del Emprendimiento\" \/>\n<meta property=\"og:description\" content=\"Los emprendedores son uno de los colectivos m\u00e1s castigados por la pandemia. En general,&hellip;\" \/>\n<meta property=\"og:url\" content=\"https:\/\/www.clubdelemprendimiento.com\/blog\/nuestros-emprendedores\/emprendedores-espanoles-fuera-de-espana-como-estan-viviendo-la-crisis\/\" \/>\n<meta property=\"og:site_name\" content=\"Blog Club del Emprendimiento\" \/>\n<meta property=\"article:published_time\" content=\"2020-10-01T11:52:18+00:00\" \/>\n<meta property=\"article:modified_time\" content=\"2020-10-01T17:09:16+00:00\" \/>\n<meta property=\"og:image\" content=\"https:\/\/www.clubdelemprendimiento.com\/blog\/wp-content\/uploads\/2020\/10\/skiing-1723857_1280.jpg\" \/>\n\t<meta property=\"og:image:width\" content=\"1280\" \/>\n\t<meta property=\"og:image:height\" content=\"853\" \/>\n\t<meta property=\"og:image:type\" content=\"image\/jpeg\" \/>\n<meta name=\"author\" content=\"Luc\u00eda Vera\" \/>\n<meta name=\"twitter:card\" content=\"summary_large_image\" \/>\n<meta name=\"twitter:label1\" content=\"Escrito por\" \/>\n\t<meta name=\"twitter:data1\" content=\"Luc\u00eda Vera\" \/>\n\t<meta name=\"twitter:label2\" content=\"Tiempo de lectura\" \/>\n\t<meta name=\"twitter:data2\" content=\"2 minutos\" \/>\n<script type=\"application\/ld+json\" class=\"yoast-schema-graph\">{\"@context\":\"https:\/\/schema.org\",\"@graph\":[{\"@type\":\"WebPage\",\"@id\":\"https:\/\/www.clubdelemprendimiento.com\/blog\/nuestros-emprendedores\/emprendedores-espanoles-fuera-de-espana-como-estan-viviendo-la-crisis\/\",\"url\":\"https:\/\/www.clubdelemprendimiento.com\/blog\/nuestros-emprendedores\/emprendedores-espanoles-fuera-de-espana-como-estan-viviendo-la-crisis\/\",\"name\":\"Emprendedores espa\u00f1oles fuera de Espa\u00f1a \u00bfc\u00f3mo est\u00e1n viviendo la crisis? - Blog Club del Emprendimiento\",\"isPartOf\":{\"@id\":\"https:\/\/www.clubdelemprendimiento.com\/blog\/#website\"},\"primaryImageOfPage\":{\"@id\":\"https:\/\/www.clubdelemprendimiento.com\/blog\/nuestros-emprendedores\/emprendedores-espanoles-fuera-de-espana-como-estan-viviendo-la-crisis\/#primaryimage\"},\"image\":{\"@id\":\"https:\/\/www.clubdelemprendimiento.com\/blog\/nuestros-emprendedores\/emprendedores-espanoles-fuera-de-espana-como-estan-viviendo-la-crisis\/#primaryimage\"},\"thumbnailUrl\":\"https:\/\/www.clubdelemprendimiento.com\/blog\/wp-content\/uploads\/2020\/10\/skiing-1723857_1280.jpg\",\"datePublished\":\"2020-10-01T11:52:18+00:00\",\"dateModified\":\"2020-10-01T17:09:16+00:00\",\"author\":{\"@id\":\"https:\/\/www.clubdelemprendimiento.com\/blog\/#\/schema\/person\/fe481a2c767de00924b39ab766936ddf\"},\"breadcrumb\":{\"@id\":\"https:\/\/www.clubdelemprendimiento.com\/blog\/nuestros-emprendedores\/emprendedores-espanoles-fuera-de-espana-como-estan-viviendo-la-crisis\/#breadcrumb\"},\"inLanguage\":\"es\",\"potentialAction\":[{\"@type\":\"ReadAction\",\"target\":[\"https:\/\/www.clubdelemprendimiento.com\/blog\/nuestros-emprendedores\/emprendedores-espanoles-fuera-de-espana-como-estan-viviendo-la-crisis\/\"]}]},{\"@type\":\"ImageObject\",\"inLanguage\":\"es\",\"@id\":\"https:\/\/www.clubdelemprendimiento.com\/blog\/nuestros-emprendedores\/emprendedores-espanoles-fuera-de-espana-como-estan-viviendo-la-crisis\/#primaryimage\",\"url\":\"https:\/\/www.clubdelemprendimiento.com\/blog\/wp-content\/uploads\/2020\/10\/skiing-1723857_1280.jpg\",\"contentUrl\":\"https:\/\/www.clubdelemprendimiento.com\/blog\/wp-content\/uploads\/2020\/10\/skiing-1723857_1280.jpg\",\"width\":1280,\"height\":853,\"caption\":\"emprendedores en el extranjero\"},{\"@type\":\"BreadcrumbList\",\"@id\":\"https:\/\/www.clubdelemprendimiento.com\/blog\/nuestros-emprendedores\/emprendedores-espanoles-fuera-de-espana-como-estan-viviendo-la-crisis\/#breadcrumb\",\"itemListElement\":[{\"@type\":\"ListItem\",\"position\":1,\"name\":\"Home\",\"item\":\"https:\/\/www.clubdelemprendimiento.com\/blog\/\"},{\"@type\":\"ListItem\",\"position\":2,\"name\":\"Emprendedores espa\u00f1oles fuera de Espa\u00f1a \u00bfc\u00f3mo est\u00e1n viviendo la crisis?\"}]},{\"@type\":\"WebSite\",\"@id\":\"https:\/\/www.clubdelemprendimiento.com\/blog\/#website\",\"url\":\"https:\/\/www.clubdelemprendimiento.com\/blog\/\",\"name\":\"Blog Club del Emprendimiento\",\"description\":\"\",\"potentialAction\":[{\"@type\":\"SearchAction\",\"target\":{\"@type\":\"EntryPoint\",\"urlTemplate\":\"https:\/\/www.clubdelemprendimiento.com\/blog\/?s={search_term_string}\"},\"query-input\":\"required name=search_term_string\"}],\"inLanguage\":\"es\"},{\"@type\":\"Person\",\"@id\":\"https:\/\/www.clubdelemprendimiento.com\/blog\/#\/schema\/person\/fe481a2c767de00924b39ab766936ddf\",\"name\":\"Luc\u00eda Vera\",\"image\":{\"@type\":\"ImageObject\",\"inLanguage\":\"es\",\"@id\":\"https:\/\/www.clubdelemprendimiento.com\/blog\/#\/schema\/person\/image\/\",\"url\":\"https:\/\/secure.gravatar.com\/avatar\/a7985f0a535e8f0be3026ac89e0a79c6?s=96&d=mm&r=g\",\"contentUrl\":\"https:\/\/secure.gravatar.com\/avatar\/a7985f0a535e8f0be3026ac89e0a79c6?s=96&d=mm&r=g\",\"caption\":\"Luc\u00eda Vera\"},\"url\":\"https:\/\/www.clubdelemprendimiento.com\/blog\/author\/luciavera\/\"}]}<\/script>\n<!-- \/ Yoast SEO plugin. -->","yoast_head_json":{"title":"Emprendedores espa\u00f1oles fuera de Espa\u00f1a \u00bfc\u00f3mo est\u00e1n viviendo la crisis? - Blog Club del Emprendimiento","robots":{"index":"index","follow":"follow","max-snippet":"max-snippet:-1","max-image-preview":"max-image-preview:large","max-video-preview":"max-video-preview:-1"},"canonical":"https:\/\/www.clubdelemprendimiento.com\/blog\/nuestros-emprendedores\/emprendedores-espanoles-fuera-de-espana-como-estan-viviendo-la-crisis\/","og_locale":"es_ES","og_type":"article","og_title":"Emprendedores espa\u00f1oles fuera de Espa\u00f1a \u00bfc\u00f3mo est\u00e1n viviendo la crisis? - Blog Club del Emprendimiento","og_description":"Los emprendedores son uno de los colectivos m\u00e1s castigados por la pandemia. En general,&hellip;","og_url":"https:\/\/www.clubdelemprendimiento.com\/blog\/nuestros-emprendedores\/emprendedores-espanoles-fuera-de-espana-como-estan-viviendo-la-crisis\/","og_site_name":"Blog Club del Emprendimiento","article_published_time":"2020-10-01T11:52:18+00:00","article_modified_time":"2020-10-01T17:09:16+00:00","og_image":[{"width":1280,"height":853,"url":"https:\/\/www.clubdelemprendimiento.com\/blog\/wp-content\/uploads\/2020\/10\/skiing-1723857_1280.jpg","type":"image\/jpeg"}],"author":"Luc\u00eda Vera","twitter_card":"summary_large_image","twitter_misc":{"Escrito por":"Luc\u00eda Vera","Tiempo de lectura":"2 minutos"},"schema":{"@context":"https:\/\/schema.org","@graph":[{"@type":"WebPage","@id":"https:\/\/www.clubdelemprendimiento.com\/blog\/nuestros-emprendedores\/emprendedores-espanoles-fuera-de-espana-como-estan-viviendo-la-crisis\/","url":"https:\/\/www.clubdelemprendimiento.com\/blog\/nuestros-emprendedores\/emprendedores-espanoles-fuera-de-espana-como-estan-viviendo-la-crisis\/","name":"Emprendedores espa\u00f1oles fuera de Espa\u00f1a \u00bfc\u00f3mo est\u00e1n viviendo la crisis? - Blog Club del Emprendimiento","isPartOf":{"@id":"https:\/\/www.clubdelemprendimiento.com\/blog\/#website"},"primaryImageOfPage":{"@id":"https:\/\/www.clubdelemprendimiento.com\/blog\/nuestros-emprendedores\/emprendedores-espanoles-fuera-de-espana-como-estan-viviendo-la-crisis\/#primaryimage"},"image":{"@id":"https:\/\/www.clubdelemprendimiento.com\/blog\/nuestros-emprendedores\/emprendedores-espanoles-fuera-de-espana-como-estan-viviendo-la-crisis\/#primaryimage"},"thumbnailUrl":"https:\/\/www.clubdelemprendimiento.com\/blog\/wp-content\/uploads\/2020\/10\/skiing-1723857_1280.jpg","datePublished":"2020-10-01T11:52:18+00:00","dateModified":"2020-10-01T17:09:16+00:00","author":{"@id":"https:\/\/www.clubdelemprendimiento.com\/blog\/#\/schema\/person\/fe481a2c767de00924b39ab766936ddf"},"breadcrumb":{"@id":"https:\/\/www.clubdelemprendimiento.com\/blog\/nuestros-emprendedores\/emprendedores-espanoles-fuera-de-espana-como-estan-viviendo-la-crisis\/#breadcrumb"},"inLanguage":"es","potentialAction":[{"@type":"ReadAction","target":["https:\/\/www.clubdelemprendimiento.com\/blog\/nuestros-emprendedores\/emprendedores-espanoles-fuera-de-espana-como-estan-viviendo-la-crisis\/"]}]},{"@type":"ImageObject","inLanguage":"es","@id":"https:\/\/www.clubdelemprendimiento.com\/blog\/nuestros-emprendedores\/emprendedores-espanoles-fuera-de-espana-como-estan-viviendo-la-crisis\/#primaryimage","url":"https:\/\/www.clubdelemprendimiento.com\/blog\/wp-content\/uploads\/2020\/10\/skiing-1723857_1280.jpg","contentUrl":"https:\/\/www.clubdelemprendimiento.com\/blog\/wp-content\/uploads\/2020\/10\/skiing-1723857_1280.jpg","width":1280,"height":853,"caption":"emprendedores en el extranjero"},{"@type":"BreadcrumbList","@id":"https:\/\/www.clubdelemprendimiento.com\/blog\/nuestros-emprendedores\/emprendedores-espanoles-fuera-de-espana-como-estan-viviendo-la-crisis\/#breadcrumb","itemListElement":[{"@type":"ListItem","position":1,"name":"Home","item":"https:\/\/www.clubdelemprendimiento.com\/blog\/"},{"@type":"ListItem","position":2,"name":"Emprendedores espa\u00f1oles fuera de Espa\u00f1a \u00bfc\u00f3mo est\u00e1n viviendo la crisis?"}]},{"@type":"WebSite","@id":"https:\/\/www.clubdelemprendimiento.com\/blog\/#website","url":"https:\/\/www.clubdelemprendimiento.com\/blog\/","name":"Blog Club del Emprendimiento","description":"","potentialAction":[{"@type":"SearchAction","target":{"@type":"EntryPoint","urlTemplate":"https:\/\/www.clubdelemprendimiento.com\/blog\/?s={search_term_string}"},"query-input":"required name=search_term_string"}],"inLanguage":"es"},{"@type":"Person","@id":"https:\/\/www.clubdelemprendimiento.com\/blog\/#\/schema\/person\/fe481a2c767de00924b39ab766936ddf","name":"Luc\u00eda Vera","image":{"@type":"ImageObject","inLanguage":"es","@id":"https:\/\/www.clubdelemprendimiento.com\/blog\/#\/schema\/person\/image\/","url":"https:\/\/secure.gravatar.com\/avatar\/a7985f0a535e8f0be3026ac89e0a79c6?s=96&d=mm&r=g","contentUrl":"https:\/\/secure.gravatar.com\/avatar\/a7985f0a535e8f0be3026ac89e0a79c6?s=96&d=mm&r=g","caption":"Luc\u00eda Vera"},"url":"https:\/\/www.clubdelemprendimiento.com\/blog\/author\/luciavera\/"}]}},"_links":{"self":[{"href":"https:\/\/www.clubdelemprendimiento.com\/blog\/wp-json\/wp\/v2\/posts\/14042"}],"collection":[{"href":"https:\/\/www.clubdelemprendimiento.com\/blog\/wp-json\/wp\/v2\/posts"}],"about":[{"href":"https:\/\/www.clubdelemprendimiento.com\/blog\/wp-json\/wp\/v2\/types\/post"}],"author":[{"embeddable":true,"href":"https:\/\/www.clubdelemprendimiento.com\/blog\/wp-json\/wp\/v2\/users\/5"}],"replies":[{"embeddable":true,"href":"https:\/\/www.clubdelemprendimiento.com\/blog\/wp-json\/wp\/v2\/comments?post=14042"}],"version-history":[{"count":3,"href":"https:\/\/www.clubdelemprendimiento.com\/blog\/wp-json\/wp\/v2\/posts\/14042\/revisions"}],"predecessor-version":[{"id":14046,"href":"https:\/\/www.clubdelemprendimiento.com\/blog\/wp-json\/wp\/v2\/posts\/14042\/revisions\/14046"}],"wp:featuredmedia":[{"embeddable":true,"href":"https:\/\/www.clubdelemprendimiento.com\/blog\/wp-json\/wp\/v2\/media\/14043"}],"wp:attachment":[{"href":"https:\/\/www.clubdelemprendimiento.com\/blog\/wp-json\/wp\/v2\/media?parent=14042"}],"wp:term":[{"taxonomy":"category","embeddable":true,"href":"https:\/\/www.clubdelemprendimiento.com\/blog\/wp-json\/wp\/v2\/categories?post=14042"},{"taxonomy":"post_tag","embeddable":true,"href":"https:\/\/www.clubdelemprendimiento.com\/blog\/wp-json\/wp\/v2\/tags?post=14042"}],"curies":[{"name":"wp","href":"https:\/\/api.w.org\/{rel}","templated":true}]}}