{"id":13994,"date":"2020-09-18T10:00:10","date_gmt":"2020-09-18T10:00:10","guid":{"rendered":"https:\/\/www.clubdelemprendimiento.com\/blog\/?p=13994"},"modified":"2020-09-16T12:13:35","modified_gmt":"2020-09-16T12:13:35","slug":"decalogo-para-que-las-pymes-salgan-de-la-crisis","status":"publish","type":"post","link":"https:\/\/www.clubdelemprendimiento.com\/blog\/pymes\/decalogo-para-que-las-pymes-salgan-de-la-crisis\/","title":{"rendered":"Dec\u00e1logo para que las pymes salgan de la crisis"},"content":{"rendered":"<p>Las empresas han notado un<strong> antes y un despu\u00e9s en sus procesos y gestiones<\/strong> tras la crisis del coronavirus. Especialmente las peque\u00f1as empresas deben<strong> instaurar nuevas operativas para poder superar esta crisis.<\/strong> Desde <a href=\"https:\/\/datisa.es\/\" target=\"_blank\" rel=\"noopener\">Datisa<\/a> identifican 10 puntos clave para afrontar este cambio y sobrevivir a la crisis.<\/p>\n<h2>Diez claves para que una pyme sobreviva a la crisis<\/h2>\n<ol>\n<li>Toma de decisiones r\u00e1pida. Las pymes deben tener la habilidad para tomar decisiones y ejecutar las acciones necesarias a la mayor brevedad. Es determinante para saber aprovechar las oportunidades.<\/li>\n<li>Teletrabajo. La flexibilidad laboral es una m\u00e1xima actualmente. Dar la posibilidad de trabajar en remoto es b\u00e1sico para poder continuar con la actividad.<\/li>\n<li>Aprovechamiento selectivo de la tecnolog\u00eda. Las pyme<strong>s deben apoyarse en la tecnolog\u00eda<\/strong> de manera que identifiquen\u00a0 sus puntos cr\u00edticos para elegir la \u00a0tecnolog\u00eda adecuada e\u00a0 invertir en ella.<\/li>\n<li>Mantener el control. Tambi\u00e9n es importante tener el control sobre la transformaci\u00f3n de sus negocios. En este sentido hablamos especialmente de un control econ\u00f3mico para que no se disparen los costes. Pero tambi\u00e9n implicar\u00e1 un mayor y mejor control sobre el aprendizaje, la gesti\u00f3n y el desarrollo del talento.<\/li>\n<li>Gesti\u00f3n eficiente de los procesos empresariales. Ser eficientes en un teletrabajo y en momentos de incertidumbre como este es fundamental para mejorar todos los procesos de negocio. Dem\u00e1s, facilita la identificaci\u00f3n de problemas y oportunidades para \u00a0a mejorar los procesos para impulsar la recuperaci\u00f3n.<\/li>\n<li>Mucha m\u00e1s flexibilidad. En general, capacidad de adaptaci\u00f3n es vital para la recuperaci\u00f3n durante los pr\u00f3ximos meses.<\/li>\n<li>Minimizaci\u00f3n de los riesgos. Para ello, es muy importante tener un buen an\u00e1lisis de la situaci\u00f3n y saber por d\u00f3nde se encamina la estrategia par que los riesgos a los que se expone la empresa sean los menos posibles. Anticipaci\u00f3n y adaptaci\u00f3n.<\/li>\n<li>Estrategias de transformaci\u00f3n efectivas. <strong>Muchas pymes est\u00e1n todav\u00eda en \u201cmodo supervivencia\u201d<\/strong> que les aleja de la situaci\u00f3n global que deber\u00edan tener sobre su negocio. Es por ello, que deben enfocarse en tener una estrategia global a largo plazo. Establecer una transformaci\u00f3n eficiente y adaptada a las necesidades de cada pyme.<\/li>\n<li>Gesti\u00f3n del capital humano. Se deben considerar las necesidades de los empleados, tanto en el plano personal como en el profesional. Y, para ello, poner a su disposici\u00f3n las herramientas de apoyo necesarias.<\/li>\n<li>Gesti\u00f3n del cambio. La<strong> gesti\u00f3n del cambio ser\u00e1 m\u00e1s importante que nunca<\/strong> para poder identificar qu\u00e9 se necesita para sobrevivir a la crisis o reaccionar ante ella.<\/li>\n<\/ol>\n","protected":false},"excerpt":{"rendered":"<p>Las empresas han notado un antes y un despu\u00e9s en sus procesos y gestiones&hellip;<\/p>\n","protected":false},"author":5,"featured_media":13995,"comment_status":"open","ping_status":"open","sticky":false,"template":"","format":"standard","meta":{"_acf_changed":false,"footnotes":""},"categories":[256],"tags":[],"acf":[],"yoast_head":"<!-- This site is optimized with the Yoast SEO plugin v22.7 - https:\/\/yoast.com\/wordpress\/plugins\/seo\/ -->\n<title>Dec\u00e1logo para que las pymes salgan de la crisis - Blog Club del Emprendimiento<\/title>\n<meta name=\"robots\" content=\"index, follow, max-snippet:-1, max-image-preview:large, max-video-preview:-1\" \/>\n<link rel=\"canonical\" href=\"https:\/\/www.clubdelemprendimiento.com\/blog\/pymes\/decalogo-para-que-las-pymes-salgan-de-la-crisis\/\" \/>\n<meta property=\"og:locale\" content=\"es_ES\" \/>\n<meta property=\"og:type\" content=\"article\" \/>\n<meta property=\"og:title\" content=\"Dec\u00e1logo para que las pymes salgan de la crisis - Blog Club del Emprendimiento\" \/>\n<meta property=\"og:description\" content=\"Las empresas han notado un antes y un despu\u00e9s en sus procesos y gestiones&hellip;\" \/>\n<meta property=\"og:url\" content=\"https:\/\/www.clubdelemprendimiento.com\/blog\/pymes\/decalogo-para-que-las-pymes-salgan-de-la-crisis\/\" \/>\n<meta property=\"og:site_name\" content=\"Blog Club del Emprendimiento\" \/>\n<meta property=\"article:published_time\" content=\"2020-09-18T10:00:10+00:00\" \/>\n<meta property=\"article:modified_time\" content=\"2020-09-16T12:13:35+00:00\" \/>\n<meta property=\"og:image\" content=\"https:\/\/www.clubdelemprendimiento.com\/blog\/wp-content\/uploads\/2020\/09\/startup-594126_1280.jpg\" \/>\n\t<meta property=\"og:image:width\" content=\"1280\" \/>\n\t<meta property=\"og:image:height\" content=\"853\" \/>\n\t<meta property=\"og:image:type\" content=\"image\/jpeg\" \/>\n<meta name=\"author\" content=\"Luc\u00eda Vera\" \/>\n<meta name=\"twitter:card\" content=\"summary_large_image\" \/>\n<meta name=\"twitter:label1\" content=\"Escrito por\" \/>\n\t<meta name=\"twitter:data1\" content=\"Luc\u00eda Vera\" \/>\n\t<meta name=\"twitter:label2\" content=\"Tiempo de lectura\" \/>\n\t<meta name=\"twitter:data2\" content=\"2 minutos\" \/>\n<script type=\"application\/ld+json\" class=\"yoast-schema-graph\">{\"@context\":\"https:\/\/schema.org\",\"@graph\":[{\"@type\":\"WebPage\",\"@id\":\"https:\/\/www.clubdelemprendimiento.com\/blog\/pymes\/decalogo-para-que-las-pymes-salgan-de-la-crisis\/\",\"url\":\"https:\/\/www.clubdelemprendimiento.com\/blog\/pymes\/decalogo-para-que-las-pymes-salgan-de-la-crisis\/\",\"name\":\"Dec\u00e1logo para que las pymes salgan de la crisis - Blog Club del Emprendimiento\",\"isPartOf\":{\"@id\":\"https:\/\/www.clubdelemprendimiento.com\/blog\/#website\"},\"primaryImageOfPage\":{\"@id\":\"https:\/\/www.clubdelemprendimiento.com\/blog\/pymes\/decalogo-para-que-las-pymes-salgan-de-la-crisis\/#primaryimage\"},\"image\":{\"@id\":\"https:\/\/www.clubdelemprendimiento.com\/blog\/pymes\/decalogo-para-que-las-pymes-salgan-de-la-crisis\/#primaryimage\"},\"thumbnailUrl\":\"https:\/\/www.clubdelemprendimiento.com\/blog\/wp-content\/uploads\/2020\/09\/startup-594126_1280.jpg\",\"datePublished\":\"2020-09-18T10:00:10+00:00\",\"dateModified\":\"2020-09-16T12:13:35+00:00\",\"author\":{\"@id\":\"https:\/\/www.clubdelemprendimiento.com\/blog\/#\/schema\/person\/fe481a2c767de00924b39ab766936ddf\"},\"breadcrumb\":{\"@id\":\"https:\/\/www.clubdelemprendimiento.com\/blog\/pymes\/decalogo-para-que-las-pymes-salgan-de-la-crisis\/#breadcrumb\"},\"inLanguage\":\"es\",\"potentialAction\":[{\"@type\":\"ReadAction\",\"target\":[\"https:\/\/www.clubdelemprendimiento.com\/blog\/pymes\/decalogo-para-que-las-pymes-salgan-de-la-crisis\/\"]}]},{\"@type\":\"ImageObject\",\"inLanguage\":\"es\",\"@id\":\"https:\/\/www.clubdelemprendimiento.com\/blog\/pymes\/decalogo-para-que-las-pymes-salgan-de-la-crisis\/#primaryimage\",\"url\":\"https:\/\/www.clubdelemprendimiento.com\/blog\/wp-content\/uploads\/2020\/09\/startup-594126_1280.jpg\",\"contentUrl\":\"https:\/\/www.clubdelemprendimiento.com\/blog\/wp-content\/uploads\/2020\/09\/startup-594126_1280.jpg\",\"width\":1280,\"height\":853,\"caption\":\"pymes crisis\"},{\"@type\":\"BreadcrumbList\",\"@id\":\"https:\/\/www.clubdelemprendimiento.com\/blog\/pymes\/decalogo-para-que-las-pymes-salgan-de-la-crisis\/#breadcrumb\",\"itemListElement\":[{\"@type\":\"ListItem\",\"position\":1,\"name\":\"Home\",\"item\":\"https:\/\/www.clubdelemprendimiento.com\/blog\/\"},{\"@type\":\"ListItem\",\"position\":2,\"name\":\"Dec\u00e1logo para que las pymes salgan de la crisis\"}]},{\"@type\":\"WebSite\",\"@id\":\"https:\/\/www.clubdelemprendimiento.com\/blog\/#website\",\"url\":\"https:\/\/www.clubdelemprendimiento.com\/blog\/\",\"name\":\"Blog Club del Emprendimiento\",\"description\":\"\",\"potentialAction\":[{\"@type\":\"SearchAction\",\"target\":{\"@type\":\"EntryPoint\",\"urlTemplate\":\"https:\/\/www.clubdelemprendimiento.com\/blog\/?s={search_term_string}\"},\"query-input\":\"required name=search_term_string\"}],\"inLanguage\":\"es\"},{\"@type\":\"Person\",\"@id\":\"https:\/\/www.clubdelemprendimiento.com\/blog\/#\/schema\/person\/fe481a2c767de00924b39ab766936ddf\",\"name\":\"Luc\u00eda Vera\",\"image\":{\"@type\":\"ImageObject\",\"inLanguage\":\"es\",\"@id\":\"https:\/\/www.clubdelemprendimiento.com\/blog\/#\/schema\/person\/image\/\",\"url\":\"https:\/\/secure.gravatar.com\/avatar\/a7985f0a535e8f0be3026ac89e0a79c6?s=96&d=mm&r=g\",\"contentUrl\":\"https:\/\/secure.gravatar.com\/avatar\/a7985f0a535e8f0be3026ac89e0a79c6?s=96&d=mm&r=g\",\"caption\":\"Luc\u00eda Vera\"},\"url\":\"https:\/\/www.clubdelemprendimiento.com\/blog\/author\/luciavera\/\"}]}<\/script>\n<!-- \/ Yoast SEO plugin. -->","yoast_head_json":{"title":"Dec\u00e1logo para que las pymes salgan de la crisis - Blog Club del Emprendimiento","robots":{"index":"index","follow":"follow","max-snippet":"max-snippet:-1","max-image-preview":"max-image-preview:large","max-video-preview":"max-video-preview:-1"},"canonical":"https:\/\/www.clubdelemprendimiento.com\/blog\/pymes\/decalogo-para-que-las-pymes-salgan-de-la-crisis\/","og_locale":"es_ES","og_type":"article","og_title":"Dec\u00e1logo para que las pymes salgan de la crisis - Blog Club del Emprendimiento","og_description":"Las empresas han notado un antes y un despu\u00e9s en sus procesos y gestiones&hellip;","og_url":"https:\/\/www.clubdelemprendimiento.com\/blog\/pymes\/decalogo-para-que-las-pymes-salgan-de-la-crisis\/","og_site_name":"Blog Club del Emprendimiento","article_published_time":"2020-09-18T10:00:10+00:00","article_modified_time":"2020-09-16T12:13:35+00:00","og_image":[{"width":1280,"height":853,"url":"https:\/\/www.clubdelemprendimiento.com\/blog\/wp-content\/uploads\/2020\/09\/startup-594126_1280.jpg","type":"image\/jpeg"}],"author":"Luc\u00eda Vera","twitter_card":"summary_large_image","twitter_misc":{"Escrito por":"Luc\u00eda Vera","Tiempo de lectura":"2 minutos"},"schema":{"@context":"https:\/\/schema.org","@graph":[{"@type":"WebPage","@id":"https:\/\/www.clubdelemprendimiento.com\/blog\/pymes\/decalogo-para-que-las-pymes-salgan-de-la-crisis\/","url":"https:\/\/www.clubdelemprendimiento.com\/blog\/pymes\/decalogo-para-que-las-pymes-salgan-de-la-crisis\/","name":"Dec\u00e1logo para que las pymes salgan de la crisis - Blog Club del Emprendimiento","isPartOf":{"@id":"https:\/\/www.clubdelemprendimiento.com\/blog\/#website"},"primaryImageOfPage":{"@id":"https:\/\/www.clubdelemprendimiento.com\/blog\/pymes\/decalogo-para-que-las-pymes-salgan-de-la-crisis\/#primaryimage"},"image":{"@id":"https:\/\/www.clubdelemprendimiento.com\/blog\/pymes\/decalogo-para-que-las-pymes-salgan-de-la-crisis\/#primaryimage"},"thumbnailUrl":"https:\/\/www.clubdelemprendimiento.com\/blog\/wp-content\/uploads\/2020\/09\/startup-594126_1280.jpg","datePublished":"2020-09-18T10:00:10+00:00","dateModified":"2020-09-16T12:13:35+00:00","author":{"@id":"https:\/\/www.clubdelemprendimiento.com\/blog\/#\/schema\/person\/fe481a2c767de00924b39ab766936ddf"},"breadcrumb":{"@id":"https:\/\/www.clubdelemprendimiento.com\/blog\/pymes\/decalogo-para-que-las-pymes-salgan-de-la-crisis\/#breadcrumb"},"inLanguage":"es","potentialAction":[{"@type":"ReadAction","target":["https:\/\/www.clubdelemprendimiento.com\/blog\/pymes\/decalogo-para-que-las-pymes-salgan-de-la-crisis\/"]}]},{"@type":"ImageObject","inLanguage":"es","@id":"https:\/\/www.clubdelemprendimiento.com\/blog\/pymes\/decalogo-para-que-las-pymes-salgan-de-la-crisis\/#primaryimage","url":"https:\/\/www.clubdelemprendimiento.com\/blog\/wp-content\/uploads\/2020\/09\/startup-594126_1280.jpg","contentUrl":"https:\/\/www.clubdelemprendimiento.com\/blog\/wp-content\/uploads\/2020\/09\/startup-594126_1280.jpg","width":1280,"height":853,"caption":"pymes crisis"},{"@type":"BreadcrumbList","@id":"https:\/\/www.clubdelemprendimiento.com\/blog\/pymes\/decalogo-para-que-las-pymes-salgan-de-la-crisis\/#breadcrumb","itemListElement":[{"@type":"ListItem","position":1,"name":"Home","item":"https:\/\/www.clubdelemprendimiento.com\/blog\/"},{"@type":"ListItem","position":2,"name":"Dec\u00e1logo para que las pymes salgan de la crisis"}]},{"@type":"WebSite","@id":"https:\/\/www.clubdelemprendimiento.com\/blog\/#website","url":"https:\/\/www.clubdelemprendimiento.com\/blog\/","name":"Blog Club del Emprendimiento","description":"","potentialAction":[{"@type":"SearchAction","target":{"@type":"EntryPoint","urlTemplate":"https:\/\/www.clubdelemprendimiento.com\/blog\/?s={search_term_string}"},"query-input":"required name=search_term_string"}],"inLanguage":"es"},{"@type":"Person","@id":"https:\/\/www.clubdelemprendimiento.com\/blog\/#\/schema\/person\/fe481a2c767de00924b39ab766936ddf","name":"Luc\u00eda Vera","image":{"@type":"ImageObject","inLanguage":"es","@id":"https:\/\/www.clubdelemprendimiento.com\/blog\/#\/schema\/person\/image\/","url":"https:\/\/secure.gravatar.com\/avatar\/a7985f0a535e8f0be3026ac89e0a79c6?s=96&d=mm&r=g","contentUrl":"https:\/\/secure.gravatar.com\/avatar\/a7985f0a535e8f0be3026ac89e0a79c6?s=96&d=mm&r=g","caption":"Luc\u00eda Vera"},"url":"https:\/\/www.clubdelemprendimiento.com\/blog\/author\/luciavera\/"}]}},"_links":{"self":[{"href":"https:\/\/www.clubdelemprendimiento.com\/blog\/wp-json\/wp\/v2\/posts\/13994"}],"collection":[{"href":"https:\/\/www.clubdelemprendimiento.com\/blog\/wp-json\/wp\/v2\/posts"}],"about":[{"href":"https:\/\/www.clubdelemprendimiento.com\/blog\/wp-json\/wp\/v2\/types\/post"}],"author":[{"embeddable":true,"href":"https:\/\/www.clubdelemprendimiento.com\/blog\/wp-json\/wp\/v2\/users\/5"}],"replies":[{"embeddable":true,"href":"https:\/\/www.clubdelemprendimiento.com\/blog\/wp-json\/wp\/v2\/comments?post=13994"}],"version-history":[{"count":1,"href":"https:\/\/www.clubdelemprendimiento.com\/blog\/wp-json\/wp\/v2\/posts\/13994\/revisions"}],"predecessor-version":[{"id":13996,"href":"https:\/\/www.clubdelemprendimiento.com\/blog\/wp-json\/wp\/v2\/posts\/13994\/revisions\/13996"}],"wp:featuredmedia":[{"embeddable":true,"href":"https:\/\/www.clubdelemprendimiento.com\/blog\/wp-json\/wp\/v2\/media\/13995"}],"wp:attachment":[{"href":"https:\/\/www.clubdelemprendimiento.com\/blog\/wp-json\/wp\/v2\/media?parent=13994"}],"wp:term":[{"taxonomy":"category","embeddable":true,"href":"https:\/\/www.clubdelemprendimiento.com\/blog\/wp-json\/wp\/v2\/categories?post=13994"},{"taxonomy":"post_tag","embeddable":true,"href":"https:\/\/www.clubdelemprendimiento.com\/blog\/wp-json\/wp\/v2\/tags?post=13994"}],"curies":[{"name":"wp","href":"https:\/\/api.w.org\/{rel}","templated":true}]}}