{"id":13947,"date":"2020-08-28T10:00:04","date_gmt":"2020-08-28T10:00:04","guid":{"rendered":"https:\/\/www.clubdelemprendimiento.com\/blog\/?p=13947"},"modified":"2020-08-26T09:19:13","modified_gmt":"2020-08-26T09:19:13","slug":"como-van-a-ser-los-viajes-corporativos","status":"publish","type":"post","link":"https:\/\/www.clubdelemprendimiento.com\/blog\/pymes\/como-van-a-ser-los-viajes-corporativos\/","title":{"rendered":"C\u00f3mo van a ser los viajes corporativos"},"content":{"rendered":"<p>El 53% de las empresas espa\u00f1olas ya han reanudado sus desplazamientos profesionales, seg\u00fan datos de <a href=\"https:\/\/www.aervio.com\/\" target=\"_blank\" rel=\"noopener\">Aervio<\/a>. El 32% est\u00e1 previsto que los reanuden tras el verano y el 15% no tienen a\u00fan fecha estipulada o no saben si van a realizar a\u00fan viajes de empresa.<\/p>\n<p>Seg\u00fan el informe realizado por Aervio,<strong> el 63% de las empresas van a focalizar sus desplazamientos corporativos en el \u00e1mbito nacional<\/strong>. Las razones para ello son que es lo habitual, o tambi\u00e9n por precauci\u00f3n ante la situaci\u00f3n en la que nos encontramos. Por su parte, solo el 11% tienen previsto realizar viajes a otro pa\u00eds de la Uni\u00f3n Europea. A priori, no hay ninguna empresa que tenga pensado realizar viajes fuera del continente.<\/p>\n<h2>Los viajes corporativos post covid19<\/h2>\n<p>El estudio de la consultora pone de manifiesto c\u00f3mo tambi\u00e9n los viajes corporativos han cambiado en el d\u00eda a d\u00eda de las empresas a causa del coronavirus. Si comparamos c\u00f3mo eran los viajes en verano de 2019, el 47% de las empresas aseguran que van a viajar menos. El 11% s\u00ed creen que van a viajar m\u00e1s y un 5% que va a ser igual. El <strong>37% directamente no va a realizar ning\u00fan desplazamiento por temas laborales.\u00a0<\/strong><\/p>\n<p>Las restricciones en cuanto a los desplazamientos, el miedo de los <a href=\"https:\/\/www.clubdelemprendimiento.com\/blog\/nuestros-emprendedores\/75-000-euros-para-formar-emprendedores-y-empresarios\/\" target=\"_blank\" rel=\"noopener\">empresarios\u00a0<\/a> y la falta de trabajo est\u00e1 provocando que tambi\u00e9n se reduzcan los viajes corporativos. Las <strong>reuniones ya se hacen v\u00eda telem\u00e1tica,<\/strong> y los negocios entre compa\u00f1\u00edas se dan cada vez menos.<\/p>\n<p>Todos los sectores se est\u00e1n viendo afectados. Y ahora los propios empresarios est\u00e1n dejando ver c\u00f3mo los viajes de sus empleados tambi\u00e9n. Sin embargo,\u00a0Santiago Montero, CEO de Aervio asegura que <em>\u00abse puede viajar con total seguridad sabiendo cu\u00e1les son los protocolos de protecci\u00f3n sanitaria y las restricciones de movilidad de los 193 pa\u00edses del mundo y del resto de territorios aut\u00f3nomos\u00bb.<\/em><\/p>\n<p>En cualquier caso, todo est\u00e1 cambiando en el \u00e1mbito laboral. Empresarios, aut\u00f3nomos y trabajadores han de adaptarse a las nuevas situaciones y formas de trabajo, al menos, hasta que haya vacuna y pueda empezar a retomarse la vida ma\u00b4s o menos como lo era antes dela pandemia.<\/p>\n","protected":false},"excerpt":{"rendered":"<p>El 53% de las empresas espa\u00f1olas ya han reanudado sus desplazamientos profesionales, seg\u00fan datos&hellip;<\/p>\n","protected":false},"author":2,"featured_media":13948,"comment_status":"open","ping_status":"open","sticky":false,"template":"","format":"standard","meta":{"_acf_changed":false,"footnotes":""},"categories":[256],"tags":[],"acf":[],"yoast_head":"<!-- This site is optimized with the Yoast SEO plugin v22.7 - https:\/\/yoast.com\/wordpress\/plugins\/seo\/ -->\n<title>C\u00f3mo van a ser los viajes corporativos - Blog Club del Emprendimiento<\/title>\n<meta name=\"robots\" content=\"index, follow, max-snippet:-1, max-image-preview:large, max-video-preview:-1\" \/>\n<link rel=\"canonical\" href=\"https:\/\/www.clubdelemprendimiento.com\/blog\/pymes\/como-van-a-ser-los-viajes-corporativos\/\" \/>\n<meta property=\"og:locale\" content=\"es_ES\" \/>\n<meta property=\"og:type\" content=\"article\" \/>\n<meta property=\"og:title\" content=\"C\u00f3mo van a ser los viajes corporativos - Blog Club del Emprendimiento\" \/>\n<meta property=\"og:description\" content=\"El 53% de las empresas espa\u00f1olas ya han reanudado sus desplazamientos profesionales, seg\u00fan datos&hellip;\" \/>\n<meta property=\"og:url\" content=\"https:\/\/www.clubdelemprendimiento.com\/blog\/pymes\/como-van-a-ser-los-viajes-corporativos\/\" \/>\n<meta property=\"og:site_name\" content=\"Blog Club del Emprendimiento\" \/>\n<meta property=\"article:published_time\" content=\"2020-08-28T10:00:04+00:00\" \/>\n<meta property=\"article:modified_time\" content=\"2020-08-26T09:19:13+00:00\" \/>\n<meta property=\"og:image\" content=\"https:\/\/www.clubdelemprendimiento.com\/blog\/wp-content\/uploads\/2020\/08\/airport-2373727_1280.jpg\" \/>\n\t<meta property=\"og:image:width\" content=\"1280\" \/>\n\t<meta property=\"og:image:height\" content=\"853\" \/>\n\t<meta property=\"og:image:type\" content=\"image\/jpeg\" \/>\n<meta name=\"author\" content=\"clubadmin\" \/>\n<meta name=\"twitter:card\" content=\"summary_large_image\" \/>\n<meta name=\"twitter:label1\" content=\"Escrito por\" \/>\n\t<meta name=\"twitter:data1\" content=\"clubadmin\" \/>\n\t<meta name=\"twitter:label2\" content=\"Tiempo de lectura\" \/>\n\t<meta name=\"twitter:data2\" content=\"2 minutos\" \/>\n<script type=\"application\/ld+json\" class=\"yoast-schema-graph\">{\"@context\":\"https:\/\/schema.org\",\"@graph\":[{\"@type\":\"WebPage\",\"@id\":\"https:\/\/www.clubdelemprendimiento.com\/blog\/pymes\/como-van-a-ser-los-viajes-corporativos\/\",\"url\":\"https:\/\/www.clubdelemprendimiento.com\/blog\/pymes\/como-van-a-ser-los-viajes-corporativos\/\",\"name\":\"C\u00f3mo van a ser los viajes corporativos - Blog Club del Emprendimiento\",\"isPartOf\":{\"@id\":\"https:\/\/www.clubdelemprendimiento.com\/blog\/#website\"},\"primaryImageOfPage\":{\"@id\":\"https:\/\/www.clubdelemprendimiento.com\/blog\/pymes\/como-van-a-ser-los-viajes-corporativos\/#primaryimage\"},\"image\":{\"@id\":\"https:\/\/www.clubdelemprendimiento.com\/blog\/pymes\/como-van-a-ser-los-viajes-corporativos\/#primaryimage\"},\"thumbnailUrl\":\"https:\/\/www.clubdelemprendimiento.com\/blog\/wp-content\/uploads\/2020\/08\/airport-2373727_1280.jpg\",\"datePublished\":\"2020-08-28T10:00:04+00:00\",\"dateModified\":\"2020-08-26T09:19:13+00:00\",\"author\":{\"@id\":\"https:\/\/www.clubdelemprendimiento.com\/blog\/#\/schema\/person\/21e5750dea72f584831ea4d5ec2e64c1\"},\"breadcrumb\":{\"@id\":\"https:\/\/www.clubdelemprendimiento.com\/blog\/pymes\/como-van-a-ser-los-viajes-corporativos\/#breadcrumb\"},\"inLanguage\":\"es\",\"potentialAction\":[{\"@type\":\"ReadAction\",\"target\":[\"https:\/\/www.clubdelemprendimiento.com\/blog\/pymes\/como-van-a-ser-los-viajes-corporativos\/\"]}]},{\"@type\":\"ImageObject\",\"inLanguage\":\"es\",\"@id\":\"https:\/\/www.clubdelemprendimiento.com\/blog\/pymes\/como-van-a-ser-los-viajes-corporativos\/#primaryimage\",\"url\":\"https:\/\/www.clubdelemprendimiento.com\/blog\/wp-content\/uploads\/2020\/08\/airport-2373727_1280.jpg\",\"contentUrl\":\"https:\/\/www.clubdelemprendimiento.com\/blog\/wp-content\/uploads\/2020\/08\/airport-2373727_1280.jpg\",\"width\":1280,\"height\":853,\"caption\":\"viaje corporativo\"},{\"@type\":\"BreadcrumbList\",\"@id\":\"https:\/\/www.clubdelemprendimiento.com\/blog\/pymes\/como-van-a-ser-los-viajes-corporativos\/#breadcrumb\",\"itemListElement\":[{\"@type\":\"ListItem\",\"position\":1,\"name\":\"Home\",\"item\":\"https:\/\/www.clubdelemprendimiento.com\/blog\/\"},{\"@type\":\"ListItem\",\"position\":2,\"name\":\"C\u00f3mo van a ser los viajes corporativos\"}]},{\"@type\":\"WebSite\",\"@id\":\"https:\/\/www.clubdelemprendimiento.com\/blog\/#website\",\"url\":\"https:\/\/www.clubdelemprendimiento.com\/blog\/\",\"name\":\"Blog Club del Emprendimiento\",\"description\":\"\",\"potentialAction\":[{\"@type\":\"SearchAction\",\"target\":{\"@type\":\"EntryPoint\",\"urlTemplate\":\"https:\/\/www.clubdelemprendimiento.com\/blog\/?s={search_term_string}\"},\"query-input\":\"required name=search_term_string\"}],\"inLanguage\":\"es\"},{\"@type\":\"Person\",\"@id\":\"https:\/\/www.clubdelemprendimiento.com\/blog\/#\/schema\/person\/21e5750dea72f584831ea4d5ec2e64c1\",\"name\":\"clubadmin\",\"image\":{\"@type\":\"ImageObject\",\"inLanguage\":\"es\",\"@id\":\"https:\/\/www.clubdelemprendimiento.com\/blog\/#\/schema\/person\/image\/\",\"url\":\"https:\/\/secure.gravatar.com\/avatar\/ceaae6e14ce9f8cd508c0bceda3a4cd0?s=96&d=mm&r=g\",\"contentUrl\":\"https:\/\/secure.gravatar.com\/avatar\/ceaae6e14ce9f8cd508c0bceda3a4cd0?s=96&d=mm&r=g\",\"caption\":\"clubadmin\"},\"url\":\"https:\/\/www.clubdelemprendimiento.com\/blog\/author\/clubadmin\/\"}]}<\/script>\n<!-- \/ Yoast SEO plugin. -->","yoast_head_json":{"title":"C\u00f3mo van a ser los viajes corporativos - Blog Club del Emprendimiento","robots":{"index":"index","follow":"follow","max-snippet":"max-snippet:-1","max-image-preview":"max-image-preview:large","max-video-preview":"max-video-preview:-1"},"canonical":"https:\/\/www.clubdelemprendimiento.com\/blog\/pymes\/como-van-a-ser-los-viajes-corporativos\/","og_locale":"es_ES","og_type":"article","og_title":"C\u00f3mo van a ser los viajes corporativos - Blog Club del Emprendimiento","og_description":"El 53% de las empresas espa\u00f1olas ya han reanudado sus desplazamientos profesionales, seg\u00fan datos&hellip;","og_url":"https:\/\/www.clubdelemprendimiento.com\/blog\/pymes\/como-van-a-ser-los-viajes-corporativos\/","og_site_name":"Blog Club del Emprendimiento","article_published_time":"2020-08-28T10:00:04+00:00","article_modified_time":"2020-08-26T09:19:13+00:00","og_image":[{"width":1280,"height":853,"url":"https:\/\/www.clubdelemprendimiento.com\/blog\/wp-content\/uploads\/2020\/08\/airport-2373727_1280.jpg","type":"image\/jpeg"}],"author":"clubadmin","twitter_card":"summary_large_image","twitter_misc":{"Escrito por":"clubadmin","Tiempo de lectura":"2 minutos"},"schema":{"@context":"https:\/\/schema.org","@graph":[{"@type":"WebPage","@id":"https:\/\/www.clubdelemprendimiento.com\/blog\/pymes\/como-van-a-ser-los-viajes-corporativos\/","url":"https:\/\/www.clubdelemprendimiento.com\/blog\/pymes\/como-van-a-ser-los-viajes-corporativos\/","name":"C\u00f3mo van a ser los viajes corporativos - Blog Club del Emprendimiento","isPartOf":{"@id":"https:\/\/www.clubdelemprendimiento.com\/blog\/#website"},"primaryImageOfPage":{"@id":"https:\/\/www.clubdelemprendimiento.com\/blog\/pymes\/como-van-a-ser-los-viajes-corporativos\/#primaryimage"},"image":{"@id":"https:\/\/www.clubdelemprendimiento.com\/blog\/pymes\/como-van-a-ser-los-viajes-corporativos\/#primaryimage"},"thumbnailUrl":"https:\/\/www.clubdelemprendimiento.com\/blog\/wp-content\/uploads\/2020\/08\/airport-2373727_1280.jpg","datePublished":"2020-08-28T10:00:04+00:00","dateModified":"2020-08-26T09:19:13+00:00","author":{"@id":"https:\/\/www.clubdelemprendimiento.com\/blog\/#\/schema\/person\/21e5750dea72f584831ea4d5ec2e64c1"},"breadcrumb":{"@id":"https:\/\/www.clubdelemprendimiento.com\/blog\/pymes\/como-van-a-ser-los-viajes-corporativos\/#breadcrumb"},"inLanguage":"es","potentialAction":[{"@type":"ReadAction","target":["https:\/\/www.clubdelemprendimiento.com\/blog\/pymes\/como-van-a-ser-los-viajes-corporativos\/"]}]},{"@type":"ImageObject","inLanguage":"es","@id":"https:\/\/www.clubdelemprendimiento.com\/blog\/pymes\/como-van-a-ser-los-viajes-corporativos\/#primaryimage","url":"https:\/\/www.clubdelemprendimiento.com\/blog\/wp-content\/uploads\/2020\/08\/airport-2373727_1280.jpg","contentUrl":"https:\/\/www.clubdelemprendimiento.com\/blog\/wp-content\/uploads\/2020\/08\/airport-2373727_1280.jpg","width":1280,"height":853,"caption":"viaje corporativo"},{"@type":"BreadcrumbList","@id":"https:\/\/www.clubdelemprendimiento.com\/blog\/pymes\/como-van-a-ser-los-viajes-corporativos\/#breadcrumb","itemListElement":[{"@type":"ListItem","position":1,"name":"Home","item":"https:\/\/www.clubdelemprendimiento.com\/blog\/"},{"@type":"ListItem","position":2,"name":"C\u00f3mo van a ser los viajes corporativos"}]},{"@type":"WebSite","@id":"https:\/\/www.clubdelemprendimiento.com\/blog\/#website","url":"https:\/\/www.clubdelemprendimiento.com\/blog\/","name":"Blog Club del Emprendimiento","description":"","potentialAction":[{"@type":"SearchAction","target":{"@type":"EntryPoint","urlTemplate":"https:\/\/www.clubdelemprendimiento.com\/blog\/?s={search_term_string}"},"query-input":"required name=search_term_string"}],"inLanguage":"es"},{"@type":"Person","@id":"https:\/\/www.clubdelemprendimiento.com\/blog\/#\/schema\/person\/21e5750dea72f584831ea4d5ec2e64c1","name":"clubadmin","image":{"@type":"ImageObject","inLanguage":"es","@id":"https:\/\/www.clubdelemprendimiento.com\/blog\/#\/schema\/person\/image\/","url":"https:\/\/secure.gravatar.com\/avatar\/ceaae6e14ce9f8cd508c0bceda3a4cd0?s=96&d=mm&r=g","contentUrl":"https:\/\/secure.gravatar.com\/avatar\/ceaae6e14ce9f8cd508c0bceda3a4cd0?s=96&d=mm&r=g","caption":"clubadmin"},"url":"https:\/\/www.clubdelemprendimiento.com\/blog\/author\/clubadmin\/"}]}},"_links":{"self":[{"href":"https:\/\/www.clubdelemprendimiento.com\/blog\/wp-json\/wp\/v2\/posts\/13947"}],"collection":[{"href":"https:\/\/www.clubdelemprendimiento.com\/blog\/wp-json\/wp\/v2\/posts"}],"about":[{"href":"https:\/\/www.clubdelemprendimiento.com\/blog\/wp-json\/wp\/v2\/types\/post"}],"author":[{"embeddable":true,"href":"https:\/\/www.clubdelemprendimiento.com\/blog\/wp-json\/wp\/v2\/users\/2"}],"replies":[{"embeddable":true,"href":"https:\/\/www.clubdelemprendimiento.com\/blog\/wp-json\/wp\/v2\/comments?post=13947"}],"version-history":[{"count":1,"href":"https:\/\/www.clubdelemprendimiento.com\/blog\/wp-json\/wp\/v2\/posts\/13947\/revisions"}],"predecessor-version":[{"id":13949,"href":"https:\/\/www.clubdelemprendimiento.com\/blog\/wp-json\/wp\/v2\/posts\/13947\/revisions\/13949"}],"wp:featuredmedia":[{"embeddable":true,"href":"https:\/\/www.clubdelemprendimiento.com\/blog\/wp-json\/wp\/v2\/media\/13948"}],"wp:attachment":[{"href":"https:\/\/www.clubdelemprendimiento.com\/blog\/wp-json\/wp\/v2\/media?parent=13947"}],"wp:term":[{"taxonomy":"category","embeddable":true,"href":"https:\/\/www.clubdelemprendimiento.com\/blog\/wp-json\/wp\/v2\/categories?post=13947"},{"taxonomy":"post_tag","embeddable":true,"href":"https:\/\/www.clubdelemprendimiento.com\/blog\/wp-json\/wp\/v2\/tags?post=13947"}],"curies":[{"name":"wp","href":"https:\/\/api.w.org\/{rel}","templated":true}]}}