{"id":13449,"date":"2020-04-03T10:00:44","date_gmt":"2020-04-03T10:00:44","guid":{"rendered":"https:\/\/www.clubdelemprendimiento.com\/blog\/?p=13449"},"modified":"2020-03-30T09:56:04","modified_gmt":"2020-03-30T09:56:04","slug":"medidas-de-francia-e-italia-para-los-autonomos-en-esta-crisis","status":"publish","type":"post","link":"https:\/\/www.clubdelemprendimiento.com\/blog\/autonomos\/medidas-de-francia-e-italia-para-los-autonomos-en-esta-crisis\/","title":{"rendered":"Medidas de Francia e Italia para los aut\u00f3nomos en esta crisis"},"content":{"rendered":"<p>El covid-19 se ha ido propagando a lo largo de todo el mundo. Por eso, <strong>los pa\u00edses est\u00e1n llevando a cabo una serie de medidas para ayudar a los aut\u00f3nomos y pymes para que sus negocios se vean resentidos lo menos posible<\/strong> en esta crisis sanitaria y sus ingresos no disminuyan de manera dr\u00e1stica.<\/p>\n<p>El primer pa\u00eds europeo que se vio envuelto en la pandemia, <strong>Italia, ha accedido a dar una indemnizaci\u00f3n por valor de 600 euros a todos los trabajadores aut\u00f3nomos.<\/strong> De esta forma, ser\u00edan alrededor de 5 millones los que podr\u00edan contar con esta ayuda en el pa\u00eds de la bota. Seg\u00fan el an\u00e1lisis\u00a0&#8216;Pol\u00edtica Econ\u00f3mica de Urgencia: Medidas econ\u00f3micas derivadas del COVID-19 a nivel internacional&#8217;, llevado a cabo por Foment del Treball Nacional, la patronal catalana, estas ayudas est\u00e1n libres de impuestos.<\/p>\n<p>Adem\u00e1s, para las empresas y aut\u00f3nomos m\u00e1s afectados por este trance, Italia ha suprimido las cotizaciones a la Seguridad Social, las retenciones y las primas de seguro de los meses correspondientes a marzo y abril y su pago de IVA.<\/p>\n<p>Asimismo, los empresarios italianos con unos ingresos por debajo de los 400.000 euros en el a\u00f1o fiscal anterior y que no tengan empleados a su cargo, no tendr\u00e1n una retenci\u00f3n de impuestos durante los meses de marzo y abril. Otra ventaja para los italianos es que tampoco se llevar\u00e1n a cabo los cobros, liquidaciones y evaluaciones de tributos hasta el 31 de mayo.<\/p>\n<h2><strong>Medidas en la Rep\u00fablica francesa<\/strong><\/h2>\n<p>Mientras, el estado franc\u00e9s, tambi\u00e9n ha dispuesto una serie de medidas para ayudar a los trabajadores por cuenta propia en esta crisis. Sobresale entre estas medidas el aplazamiento de los pagos de impuestos y de las cotizaciones sociales del mes de marzo para los aut\u00f3nomos. En esa pr\u00f3rroga, adem\u00e1s, se ven incluidas las facturas de suministros b\u00e1sicos como luz y agua.<\/p>\n<p>Para las empresas m\u00e1s perjudicadas por el coronavirus que vean menguados sus ingresos, se permitir\u00e1 una pr\u00f3rroga en los pagos sobre impuestos y tasas.<\/p>\n<p>El pa\u00eds galo tambi\u00e9n abonar\u00e1 servicios a taxis y hoteles para que puedan usarlos los profesionales sanitarios cuando los necesiten.<\/p>\n","protected":false},"excerpt":{"rendered":"<p>El covid-19 se ha ido propagando a lo largo de todo el mundo. Por&hellip;<\/p>\n","protected":false},"author":11,"featured_media":13450,"comment_status":"open","ping_status":"open","sticky":false,"template":"","format":"standard","meta":{"_acf_changed":false,"footnotes":""},"categories":[255],"tags":[31,332,38],"acf":[],"yoast_head":"<!-- This site is optimized with the Yoast SEO plugin v22.7 - https:\/\/yoast.com\/wordpress\/plugins\/seo\/ -->\n<title>Medidas de Francia e Italia para los aut\u00f3nomos en esta crisis - Blog Club del Emprendimiento<\/title>\n<meta name=\"robots\" content=\"index, follow, max-snippet:-1, max-image-preview:large, max-video-preview:-1\" \/>\n<link rel=\"canonical\" href=\"https:\/\/www.clubdelemprendimiento.com\/blog\/autonomos\/medidas-de-francia-e-italia-para-los-autonomos-en-esta-crisis\/\" \/>\n<meta property=\"og:locale\" content=\"es_ES\" \/>\n<meta property=\"og:type\" content=\"article\" \/>\n<meta property=\"og:title\" content=\"Medidas de Francia e Italia para los aut\u00f3nomos en esta crisis - Blog Club del Emprendimiento\" \/>\n<meta property=\"og:description\" content=\"El covid-19 se ha ido propagando a lo largo de todo el mundo. Por&hellip;\" \/>\n<meta property=\"og:url\" content=\"https:\/\/www.clubdelemprendimiento.com\/blog\/autonomos\/medidas-de-francia-e-italia-para-los-autonomos-en-esta-crisis\/\" \/>\n<meta property=\"og:site_name\" content=\"Blog Club del Emprendimiento\" \/>\n<meta property=\"article:published_time\" content=\"2020-04-03T10:00:44+00:00\" \/>\n<meta property=\"article:modified_time\" content=\"2020-03-30T09:56:04+00:00\" \/>\n<meta property=\"og:image\" content=\"https:\/\/www.clubdelemprendimiento.com\/blog\/wp-content\/uploads\/2020\/03\/women-1209678_1920.jpg\" \/>\n\t<meta property=\"og:image:width\" content=\"1920\" \/>\n\t<meta property=\"og:image:height\" content=\"1280\" \/>\n\t<meta property=\"og:image:type\" content=\"image\/jpeg\" \/>\n<meta name=\"author\" content=\"Marina D\u00edaz\" \/>\n<meta name=\"twitter:card\" content=\"summary_large_image\" \/>\n<meta name=\"twitter:label1\" content=\"Escrito por\" \/>\n\t<meta name=\"twitter:data1\" content=\"Marina D\u00edaz\" \/>\n\t<meta name=\"twitter:label2\" content=\"Tiempo de lectura\" \/>\n\t<meta name=\"twitter:data2\" content=\"2 minutos\" \/>\n<script type=\"application\/ld+json\" class=\"yoast-schema-graph\">{\"@context\":\"https:\/\/schema.org\",\"@graph\":[{\"@type\":\"WebPage\",\"@id\":\"https:\/\/www.clubdelemprendimiento.com\/blog\/autonomos\/medidas-de-francia-e-italia-para-los-autonomos-en-esta-crisis\/\",\"url\":\"https:\/\/www.clubdelemprendimiento.com\/blog\/autonomos\/medidas-de-francia-e-italia-para-los-autonomos-en-esta-crisis\/\",\"name\":\"Medidas de Francia e Italia para los aut\u00f3nomos en esta crisis - Blog Club del Emprendimiento\",\"isPartOf\":{\"@id\":\"https:\/\/www.clubdelemprendimiento.com\/blog\/#website\"},\"primaryImageOfPage\":{\"@id\":\"https:\/\/www.clubdelemprendimiento.com\/blog\/autonomos\/medidas-de-francia-e-italia-para-los-autonomos-en-esta-crisis\/#primaryimage\"},\"image\":{\"@id\":\"https:\/\/www.clubdelemprendimiento.com\/blog\/autonomos\/medidas-de-francia-e-italia-para-los-autonomos-en-esta-crisis\/#primaryimage\"},\"thumbnailUrl\":\"https:\/\/www.clubdelemprendimiento.com\/blog\/wp-content\/uploads\/2020\/03\/women-1209678_1920.jpg\",\"datePublished\":\"2020-04-03T10:00:44+00:00\",\"dateModified\":\"2020-03-30T09:56:04+00:00\",\"author\":{\"@id\":\"https:\/\/www.clubdelemprendimiento.com\/blog\/#\/schema\/person\/38f31bb62d0abdba22b1c3dc1d936ab1\"},\"breadcrumb\":{\"@id\":\"https:\/\/www.clubdelemprendimiento.com\/blog\/autonomos\/medidas-de-francia-e-italia-para-los-autonomos-en-esta-crisis\/#breadcrumb\"},\"inLanguage\":\"es\",\"potentialAction\":[{\"@type\":\"ReadAction\",\"target\":[\"https:\/\/www.clubdelemprendimiento.com\/blog\/autonomos\/medidas-de-francia-e-italia-para-los-autonomos-en-esta-crisis\/\"]}]},{\"@type\":\"ImageObject\",\"inLanguage\":\"es\",\"@id\":\"https:\/\/www.clubdelemprendimiento.com\/blog\/autonomos\/medidas-de-francia-e-italia-para-los-autonomos-en-esta-crisis\/#primaryimage\",\"url\":\"https:\/\/www.clubdelemprendimiento.com\/blog\/wp-content\/uploads\/2020\/03\/women-1209678_1920.jpg\",\"contentUrl\":\"https:\/\/www.clubdelemprendimiento.com\/blog\/wp-content\/uploads\/2020\/03\/women-1209678_1920.jpg\",\"width\":1920,\"height\":1280},{\"@type\":\"BreadcrumbList\",\"@id\":\"https:\/\/www.clubdelemprendimiento.com\/blog\/autonomos\/medidas-de-francia-e-italia-para-los-autonomos-en-esta-crisis\/#breadcrumb\",\"itemListElement\":[{\"@type\":\"ListItem\",\"position\":1,\"name\":\"Home\",\"item\":\"https:\/\/www.clubdelemprendimiento.com\/blog\/\"},{\"@type\":\"ListItem\",\"position\":2,\"name\":\"Medidas de Francia e Italia para los aut\u00f3nomos en esta crisis\"}]},{\"@type\":\"WebSite\",\"@id\":\"https:\/\/www.clubdelemprendimiento.com\/blog\/#website\",\"url\":\"https:\/\/www.clubdelemprendimiento.com\/blog\/\",\"name\":\"Blog Club del Emprendimiento\",\"description\":\"\",\"potentialAction\":[{\"@type\":\"SearchAction\",\"target\":{\"@type\":\"EntryPoint\",\"urlTemplate\":\"https:\/\/www.clubdelemprendimiento.com\/blog\/?s={search_term_string}\"},\"query-input\":\"required name=search_term_string\"}],\"inLanguage\":\"es\"},{\"@type\":\"Person\",\"@id\":\"https:\/\/www.clubdelemprendimiento.com\/blog\/#\/schema\/person\/38f31bb62d0abdba22b1c3dc1d936ab1\",\"name\":\"Marina D\u00edaz\",\"image\":{\"@type\":\"ImageObject\",\"inLanguage\":\"es\",\"@id\":\"https:\/\/www.clubdelemprendimiento.com\/blog\/#\/schema\/person\/image\/\",\"url\":\"https:\/\/secure.gravatar.com\/avatar\/be50f8de18f0d7cc0b78b068d0b14504?s=96&d=mm&r=g\",\"contentUrl\":\"https:\/\/secure.gravatar.com\/avatar\/be50f8de18f0d7cc0b78b068d0b14504?s=96&d=mm&r=g\",\"caption\":\"Marina D\u00edaz\"},\"url\":\"https:\/\/www.clubdelemprendimiento.com\/blog\/author\/marina-diaz\/\"}]}<\/script>\n<!-- \/ Yoast SEO plugin. -->","yoast_head_json":{"title":"Medidas de Francia e Italia para los aut\u00f3nomos en esta crisis - Blog Club del Emprendimiento","robots":{"index":"index","follow":"follow","max-snippet":"max-snippet:-1","max-image-preview":"max-image-preview:large","max-video-preview":"max-video-preview:-1"},"canonical":"https:\/\/www.clubdelemprendimiento.com\/blog\/autonomos\/medidas-de-francia-e-italia-para-los-autonomos-en-esta-crisis\/","og_locale":"es_ES","og_type":"article","og_title":"Medidas de Francia e Italia para los aut\u00f3nomos en esta crisis - Blog Club del Emprendimiento","og_description":"El covid-19 se ha ido propagando a lo largo de todo el mundo. Por&hellip;","og_url":"https:\/\/www.clubdelemprendimiento.com\/blog\/autonomos\/medidas-de-francia-e-italia-para-los-autonomos-en-esta-crisis\/","og_site_name":"Blog Club del Emprendimiento","article_published_time":"2020-04-03T10:00:44+00:00","article_modified_time":"2020-03-30T09:56:04+00:00","og_image":[{"width":1920,"height":1280,"url":"https:\/\/www.clubdelemprendimiento.com\/blog\/wp-content\/uploads\/2020\/03\/women-1209678_1920.jpg","type":"image\/jpeg"}],"author":"Marina D\u00edaz","twitter_card":"summary_large_image","twitter_misc":{"Escrito por":"Marina D\u00edaz","Tiempo de lectura":"2 minutos"},"schema":{"@context":"https:\/\/schema.org","@graph":[{"@type":"WebPage","@id":"https:\/\/www.clubdelemprendimiento.com\/blog\/autonomos\/medidas-de-francia-e-italia-para-los-autonomos-en-esta-crisis\/","url":"https:\/\/www.clubdelemprendimiento.com\/blog\/autonomos\/medidas-de-francia-e-italia-para-los-autonomos-en-esta-crisis\/","name":"Medidas de Francia e Italia para los aut\u00f3nomos en esta crisis - Blog Club del Emprendimiento","isPartOf":{"@id":"https:\/\/www.clubdelemprendimiento.com\/blog\/#website"},"primaryImageOfPage":{"@id":"https:\/\/www.clubdelemprendimiento.com\/blog\/autonomos\/medidas-de-francia-e-italia-para-los-autonomos-en-esta-crisis\/#primaryimage"},"image":{"@id":"https:\/\/www.clubdelemprendimiento.com\/blog\/autonomos\/medidas-de-francia-e-italia-para-los-autonomos-en-esta-crisis\/#primaryimage"},"thumbnailUrl":"https:\/\/www.clubdelemprendimiento.com\/blog\/wp-content\/uploads\/2020\/03\/women-1209678_1920.jpg","datePublished":"2020-04-03T10:00:44+00:00","dateModified":"2020-03-30T09:56:04+00:00","author":{"@id":"https:\/\/www.clubdelemprendimiento.com\/blog\/#\/schema\/person\/38f31bb62d0abdba22b1c3dc1d936ab1"},"breadcrumb":{"@id":"https:\/\/www.clubdelemprendimiento.com\/blog\/autonomos\/medidas-de-francia-e-italia-para-los-autonomos-en-esta-crisis\/#breadcrumb"},"inLanguage":"es","potentialAction":[{"@type":"ReadAction","target":["https:\/\/www.clubdelemprendimiento.com\/blog\/autonomos\/medidas-de-francia-e-italia-para-los-autonomos-en-esta-crisis\/"]}]},{"@type":"ImageObject","inLanguage":"es","@id":"https:\/\/www.clubdelemprendimiento.com\/blog\/autonomos\/medidas-de-francia-e-italia-para-los-autonomos-en-esta-crisis\/#primaryimage","url":"https:\/\/www.clubdelemprendimiento.com\/blog\/wp-content\/uploads\/2020\/03\/women-1209678_1920.jpg","contentUrl":"https:\/\/www.clubdelemprendimiento.com\/blog\/wp-content\/uploads\/2020\/03\/women-1209678_1920.jpg","width":1920,"height":1280},{"@type":"BreadcrumbList","@id":"https:\/\/www.clubdelemprendimiento.com\/blog\/autonomos\/medidas-de-francia-e-italia-para-los-autonomos-en-esta-crisis\/#breadcrumb","itemListElement":[{"@type":"ListItem","position":1,"name":"Home","item":"https:\/\/www.clubdelemprendimiento.com\/blog\/"},{"@type":"ListItem","position":2,"name":"Medidas de Francia e Italia para los aut\u00f3nomos en esta crisis"}]},{"@type":"WebSite","@id":"https:\/\/www.clubdelemprendimiento.com\/blog\/#website","url":"https:\/\/www.clubdelemprendimiento.com\/blog\/","name":"Blog Club del Emprendimiento","description":"","potentialAction":[{"@type":"SearchAction","target":{"@type":"EntryPoint","urlTemplate":"https:\/\/www.clubdelemprendimiento.com\/blog\/?s={search_term_string}"},"query-input":"required name=search_term_string"}],"inLanguage":"es"},{"@type":"Person","@id":"https:\/\/www.clubdelemprendimiento.com\/blog\/#\/schema\/person\/38f31bb62d0abdba22b1c3dc1d936ab1","name":"Marina D\u00edaz","image":{"@type":"ImageObject","inLanguage":"es","@id":"https:\/\/www.clubdelemprendimiento.com\/blog\/#\/schema\/person\/image\/","url":"https:\/\/secure.gravatar.com\/avatar\/be50f8de18f0d7cc0b78b068d0b14504?s=96&d=mm&r=g","contentUrl":"https:\/\/secure.gravatar.com\/avatar\/be50f8de18f0d7cc0b78b068d0b14504?s=96&d=mm&r=g","caption":"Marina D\u00edaz"},"url":"https:\/\/www.clubdelemprendimiento.com\/blog\/author\/marina-diaz\/"}]}},"_links":{"self":[{"href":"https:\/\/www.clubdelemprendimiento.com\/blog\/wp-json\/wp\/v2\/posts\/13449"}],"collection":[{"href":"https:\/\/www.clubdelemprendimiento.com\/blog\/wp-json\/wp\/v2\/posts"}],"about":[{"href":"https:\/\/www.clubdelemprendimiento.com\/blog\/wp-json\/wp\/v2\/types\/post"}],"author":[{"embeddable":true,"href":"https:\/\/www.clubdelemprendimiento.com\/blog\/wp-json\/wp\/v2\/users\/11"}],"replies":[{"embeddable":true,"href":"https:\/\/www.clubdelemprendimiento.com\/blog\/wp-json\/wp\/v2\/comments?post=13449"}],"version-history":[{"count":1,"href":"https:\/\/www.clubdelemprendimiento.com\/blog\/wp-json\/wp\/v2\/posts\/13449\/revisions"}],"predecessor-version":[{"id":13451,"href":"https:\/\/www.clubdelemprendimiento.com\/blog\/wp-json\/wp\/v2\/posts\/13449\/revisions\/13451"}],"wp:featuredmedia":[{"embeddable":true,"href":"https:\/\/www.clubdelemprendimiento.com\/blog\/wp-json\/wp\/v2\/media\/13450"}],"wp:attachment":[{"href":"https:\/\/www.clubdelemprendimiento.com\/blog\/wp-json\/wp\/v2\/media?parent=13449"}],"wp:term":[{"taxonomy":"category","embeddable":true,"href":"https:\/\/www.clubdelemprendimiento.com\/blog\/wp-json\/wp\/v2\/categories?post=13449"},{"taxonomy":"post_tag","embeddable":true,"href":"https:\/\/www.clubdelemprendimiento.com\/blog\/wp-json\/wp\/v2\/tags?post=13449"}],"curies":[{"name":"wp","href":"https:\/\/api.w.org\/{rel}","templated":true}]}}