{"id":13403,"date":"2020-03-25T10:00:53","date_gmt":"2020-03-25T10:00:53","guid":{"rendered":"https:\/\/www.clubdelemprendimiento.com\/blog\/?p=13403"},"modified":"2020-03-23T08:44:15","modified_gmt":"2020-03-23T08:44:15","slug":"peticiones-de-la-camara-de-comercio-para-los-autonomos","status":"publish","type":"post","link":"https:\/\/www.clubdelemprendimiento.com\/blog\/autonomos\/peticiones-de-la-camara-de-comercio-para-los-autonomos\/","title":{"rendered":"Peticiones de la C\u00e1mara de Comercio para los Aut\u00f3nomos"},"content":{"rendered":"<p><strong>La C\u00e1mara de Comercio de Espa\u00f1a ha solicitado al Gobierno Nacional que tome todas las medidas necesarias<\/strong> de forma inmediata para asegurar el trabajo en una situaci\u00f3n inusual como la expansi\u00f3n del coronavirus. Las solicitudes se realizaron antes de que el Gobierno comunicara las medidas econ\u00f3micas para paliar el fuerte impacto que va a ocasionar el COVID-19.<\/p>\n<p>La <a href=\"https:\/\/www.camara.es\/\" target=\"_blank\" rel=\"noopener\">C\u00e1mara de Comercio<\/a> ped\u00eda, en este sentido, establecer diferentes medidas para ayudar a las empresas en su supervivencia y consolidar la solvencia productiva. La idea es hacerlo mediante un aval p\u00fablico y dando el mayor soporte posible a todos los afectados por la crisis provocada por el virus.<\/p>\n<p>A nivel laboral, la instituci\u00f3n ha puesto sobre la mesa el hacer m\u00e1s flexibles las condiciones laborales para poder aligerar los plazos para el tr\u00e1mite de procedimientos de <strong>suspensi\u00f3n de contratos de trabajo y disminuci\u00f3n de jornadas por causas productivas.<\/strong><\/p>\n<p>Adem\u00e1s, la C\u00e1mara de Comercio quiere que se establezca una pr\u00f3rroga de las cuotas que las empresas y trabajadores por cuenta propia tienen que pagar a la Seguridad Social. Asimismo, solicita que no se pongan intereses ni recargos, y que se bonifiquen, a su vez, las cuotas de la Seguridad Social de los <a href=\"https:\/\/www.clubdelemprendimiento.com\/blog\/autonomos\/te-piden-los-datos-fiscales-como-autonomo-cuales-son\/\" target=\"_blank\" rel=\"noopener\">aut\u00f3nomos<\/a> que se hayan visto obligados a parar su trabajo.<\/p>\n<p>Por otro lado, a nivel fiscal, el organismo insta a que se posterguen el pago de los impuestos trimestrales y retenciones de los seis primeros meses del a\u00f1o a aut\u00f3nomos y peque\u00f1as y medianas empresas que se hayan visto involucradas. A su vez, para las grandes empresas, quiere que se aplace pago de los impuestos de los seis primeros meses sin ning\u00fan coste extra con el objetivo de que puedan abonarlos cuando la situaci\u00f3n vuelva a la normalidad.<\/p>\n<h2><strong>Establecer l\u00edneas de cr\u00e9dito <\/strong><\/h2>\n<p>La C\u00e1mara de Comercio <strong>quiere asegurar la liquidez de las diferentes empresas, por eso solicita cr\u00e9ditos para que puedan contar con avales de garant\u00eda.<\/strong> Pretenden que sea la Administraci\u00f3n quien contraiga la responsabilidad de los costes procedentes de adoptar medidas excepcionales en los sectores damnificados de forma directa.<\/p>\n<p>Por \u00faltimo, reclaman un sistema de informaci\u00f3n entre los diferentes ministerios para mantenerlos informados acerca de las solicitudes que realizan las empresas y trabajadores\u00a0 y, as\u00ed,<\/p>\n","protected":false},"excerpt":{"rendered":"<p>La C\u00e1mara de Comercio de Espa\u00f1a ha solicitado al Gobierno Nacional que tome todas&hellip;<\/p>\n","protected":false},"author":11,"featured_media":0,"comment_status":"open","ping_status":"open","sticky":false,"template":"","format":"standard","meta":{"_acf_changed":false,"footnotes":""},"categories":[255],"tags":[],"acf":[],"yoast_head":"<!-- This site is optimized with the Yoast SEO plugin v22.7 - https:\/\/yoast.com\/wordpress\/plugins\/seo\/ -->\n<title>Peticiones de la C\u00e1mara de Comercio para los Aut\u00f3nomos - Blog Club del Emprendimiento<\/title>\n<meta name=\"robots\" content=\"index, follow, max-snippet:-1, max-image-preview:large, max-video-preview:-1\" \/>\n<link rel=\"canonical\" href=\"https:\/\/www.clubdelemprendimiento.com\/blog\/autonomos\/peticiones-de-la-camara-de-comercio-para-los-autonomos\/\" \/>\n<meta property=\"og:locale\" content=\"es_ES\" \/>\n<meta property=\"og:type\" content=\"article\" \/>\n<meta property=\"og:title\" content=\"Peticiones de la C\u00e1mara de Comercio para los Aut\u00f3nomos - Blog Club del Emprendimiento\" \/>\n<meta property=\"og:description\" content=\"La C\u00e1mara de Comercio de Espa\u00f1a ha solicitado al Gobierno Nacional que tome todas&hellip;\" \/>\n<meta property=\"og:url\" content=\"https:\/\/www.clubdelemprendimiento.com\/blog\/autonomos\/peticiones-de-la-camara-de-comercio-para-los-autonomos\/\" \/>\n<meta property=\"og:site_name\" content=\"Blog Club del Emprendimiento\" \/>\n<meta property=\"article:published_time\" content=\"2020-03-25T10:00:53+00:00\" \/>\n<meta property=\"article:modified_time\" content=\"2020-03-23T08:44:15+00:00\" \/>\n<meta name=\"author\" content=\"Marina D\u00edaz\" \/>\n<meta name=\"twitter:card\" content=\"summary_large_image\" \/>\n<meta name=\"twitter:label1\" content=\"Escrito por\" \/>\n\t<meta name=\"twitter:data1\" content=\"Marina D\u00edaz\" \/>\n\t<meta name=\"twitter:label2\" content=\"Tiempo de lectura\" \/>\n\t<meta name=\"twitter:data2\" content=\"2 minutos\" \/>\n<script type=\"application\/ld+json\" class=\"yoast-schema-graph\">{\"@context\":\"https:\/\/schema.org\",\"@graph\":[{\"@type\":\"WebPage\",\"@id\":\"https:\/\/www.clubdelemprendimiento.com\/blog\/autonomos\/peticiones-de-la-camara-de-comercio-para-los-autonomos\/\",\"url\":\"https:\/\/www.clubdelemprendimiento.com\/blog\/autonomos\/peticiones-de-la-camara-de-comercio-para-los-autonomos\/\",\"name\":\"Peticiones de la C\u00e1mara de Comercio para los Aut\u00f3nomos - Blog Club del Emprendimiento\",\"isPartOf\":{\"@id\":\"https:\/\/www.clubdelemprendimiento.com\/blog\/#website\"},\"datePublished\":\"2020-03-25T10:00:53+00:00\",\"dateModified\":\"2020-03-23T08:44:15+00:00\",\"author\":{\"@id\":\"https:\/\/www.clubdelemprendimiento.com\/blog\/#\/schema\/person\/38f31bb62d0abdba22b1c3dc1d936ab1\"},\"breadcrumb\":{\"@id\":\"https:\/\/www.clubdelemprendimiento.com\/blog\/autonomos\/peticiones-de-la-camara-de-comercio-para-los-autonomos\/#breadcrumb\"},\"inLanguage\":\"es\",\"potentialAction\":[{\"@type\":\"ReadAction\",\"target\":[\"https:\/\/www.clubdelemprendimiento.com\/blog\/autonomos\/peticiones-de-la-camara-de-comercio-para-los-autonomos\/\"]}]},{\"@type\":\"BreadcrumbList\",\"@id\":\"https:\/\/www.clubdelemprendimiento.com\/blog\/autonomos\/peticiones-de-la-camara-de-comercio-para-los-autonomos\/#breadcrumb\",\"itemListElement\":[{\"@type\":\"ListItem\",\"position\":1,\"name\":\"Home\",\"item\":\"https:\/\/www.clubdelemprendimiento.com\/blog\/\"},{\"@type\":\"ListItem\",\"position\":2,\"name\":\"Peticiones de la C\u00e1mara de Comercio para los Aut\u00f3nomos\"}]},{\"@type\":\"WebSite\",\"@id\":\"https:\/\/www.clubdelemprendimiento.com\/blog\/#website\",\"url\":\"https:\/\/www.clubdelemprendimiento.com\/blog\/\",\"name\":\"Blog Club del Emprendimiento\",\"description\":\"\",\"potentialAction\":[{\"@type\":\"SearchAction\",\"target\":{\"@type\":\"EntryPoint\",\"urlTemplate\":\"https:\/\/www.clubdelemprendimiento.com\/blog\/?s={search_term_string}\"},\"query-input\":\"required name=search_term_string\"}],\"inLanguage\":\"es\"},{\"@type\":\"Person\",\"@id\":\"https:\/\/www.clubdelemprendimiento.com\/blog\/#\/schema\/person\/38f31bb62d0abdba22b1c3dc1d936ab1\",\"name\":\"Marina D\u00edaz\",\"image\":{\"@type\":\"ImageObject\",\"inLanguage\":\"es\",\"@id\":\"https:\/\/www.clubdelemprendimiento.com\/blog\/#\/schema\/person\/image\/\",\"url\":\"https:\/\/secure.gravatar.com\/avatar\/be50f8de18f0d7cc0b78b068d0b14504?s=96&d=mm&r=g\",\"contentUrl\":\"https:\/\/secure.gravatar.com\/avatar\/be50f8de18f0d7cc0b78b068d0b14504?s=96&d=mm&r=g\",\"caption\":\"Marina D\u00edaz\"},\"url\":\"https:\/\/www.clubdelemprendimiento.com\/blog\/author\/marina-diaz\/\"}]}<\/script>\n<!-- \/ Yoast SEO plugin. -->","yoast_head_json":{"title":"Peticiones de la C\u00e1mara de Comercio para los Aut\u00f3nomos - Blog Club del Emprendimiento","robots":{"index":"index","follow":"follow","max-snippet":"max-snippet:-1","max-image-preview":"max-image-preview:large","max-video-preview":"max-video-preview:-1"},"canonical":"https:\/\/www.clubdelemprendimiento.com\/blog\/autonomos\/peticiones-de-la-camara-de-comercio-para-los-autonomos\/","og_locale":"es_ES","og_type":"article","og_title":"Peticiones de la C\u00e1mara de Comercio para los Aut\u00f3nomos - Blog Club del Emprendimiento","og_description":"La C\u00e1mara de Comercio de Espa\u00f1a ha solicitado al Gobierno Nacional que tome todas&hellip;","og_url":"https:\/\/www.clubdelemprendimiento.com\/blog\/autonomos\/peticiones-de-la-camara-de-comercio-para-los-autonomos\/","og_site_name":"Blog Club del Emprendimiento","article_published_time":"2020-03-25T10:00:53+00:00","article_modified_time":"2020-03-23T08:44:15+00:00","author":"Marina D\u00edaz","twitter_card":"summary_large_image","twitter_misc":{"Escrito por":"Marina D\u00edaz","Tiempo de lectura":"2 minutos"},"schema":{"@context":"https:\/\/schema.org","@graph":[{"@type":"WebPage","@id":"https:\/\/www.clubdelemprendimiento.com\/blog\/autonomos\/peticiones-de-la-camara-de-comercio-para-los-autonomos\/","url":"https:\/\/www.clubdelemprendimiento.com\/blog\/autonomos\/peticiones-de-la-camara-de-comercio-para-los-autonomos\/","name":"Peticiones de la C\u00e1mara de Comercio para los Aut\u00f3nomos - Blog Club del Emprendimiento","isPartOf":{"@id":"https:\/\/www.clubdelemprendimiento.com\/blog\/#website"},"datePublished":"2020-03-25T10:00:53+00:00","dateModified":"2020-03-23T08:44:15+00:00","author":{"@id":"https:\/\/www.clubdelemprendimiento.com\/blog\/#\/schema\/person\/38f31bb62d0abdba22b1c3dc1d936ab1"},"breadcrumb":{"@id":"https:\/\/www.clubdelemprendimiento.com\/blog\/autonomos\/peticiones-de-la-camara-de-comercio-para-los-autonomos\/#breadcrumb"},"inLanguage":"es","potentialAction":[{"@type":"ReadAction","target":["https:\/\/www.clubdelemprendimiento.com\/blog\/autonomos\/peticiones-de-la-camara-de-comercio-para-los-autonomos\/"]}]},{"@type":"BreadcrumbList","@id":"https:\/\/www.clubdelemprendimiento.com\/blog\/autonomos\/peticiones-de-la-camara-de-comercio-para-los-autonomos\/#breadcrumb","itemListElement":[{"@type":"ListItem","position":1,"name":"Home","item":"https:\/\/www.clubdelemprendimiento.com\/blog\/"},{"@type":"ListItem","position":2,"name":"Peticiones de la C\u00e1mara de Comercio para los Aut\u00f3nomos"}]},{"@type":"WebSite","@id":"https:\/\/www.clubdelemprendimiento.com\/blog\/#website","url":"https:\/\/www.clubdelemprendimiento.com\/blog\/","name":"Blog Club del Emprendimiento","description":"","potentialAction":[{"@type":"SearchAction","target":{"@type":"EntryPoint","urlTemplate":"https:\/\/www.clubdelemprendimiento.com\/blog\/?s={search_term_string}"},"query-input":"required name=search_term_string"}],"inLanguage":"es"},{"@type":"Person","@id":"https:\/\/www.clubdelemprendimiento.com\/blog\/#\/schema\/person\/38f31bb62d0abdba22b1c3dc1d936ab1","name":"Marina D\u00edaz","image":{"@type":"ImageObject","inLanguage":"es","@id":"https:\/\/www.clubdelemprendimiento.com\/blog\/#\/schema\/person\/image\/","url":"https:\/\/secure.gravatar.com\/avatar\/be50f8de18f0d7cc0b78b068d0b14504?s=96&d=mm&r=g","contentUrl":"https:\/\/secure.gravatar.com\/avatar\/be50f8de18f0d7cc0b78b068d0b14504?s=96&d=mm&r=g","caption":"Marina D\u00edaz"},"url":"https:\/\/www.clubdelemprendimiento.com\/blog\/author\/marina-diaz\/"}]}},"_links":{"self":[{"href":"https:\/\/www.clubdelemprendimiento.com\/blog\/wp-json\/wp\/v2\/posts\/13403"}],"collection":[{"href":"https:\/\/www.clubdelemprendimiento.com\/blog\/wp-json\/wp\/v2\/posts"}],"about":[{"href":"https:\/\/www.clubdelemprendimiento.com\/blog\/wp-json\/wp\/v2\/types\/post"}],"author":[{"embeddable":true,"href":"https:\/\/www.clubdelemprendimiento.com\/blog\/wp-json\/wp\/v2\/users\/11"}],"replies":[{"embeddable":true,"href":"https:\/\/www.clubdelemprendimiento.com\/blog\/wp-json\/wp\/v2\/comments?post=13403"}],"version-history":[{"count":2,"href":"https:\/\/www.clubdelemprendimiento.com\/blog\/wp-json\/wp\/v2\/posts\/13403\/revisions"}],"predecessor-version":[{"id":13415,"href":"https:\/\/www.clubdelemprendimiento.com\/blog\/wp-json\/wp\/v2\/posts\/13403\/revisions\/13415"}],"wp:attachment":[{"href":"https:\/\/www.clubdelemprendimiento.com\/blog\/wp-json\/wp\/v2\/media?parent=13403"}],"wp:term":[{"taxonomy":"category","embeddable":true,"href":"https:\/\/www.clubdelemprendimiento.com\/blog\/wp-json\/wp\/v2\/categories?post=13403"},{"taxonomy":"post_tag","embeddable":true,"href":"https:\/\/www.clubdelemprendimiento.com\/blog\/wp-json\/wp\/v2\/tags?post=13403"}],"curies":[{"name":"wp","href":"https:\/\/api.w.org\/{rel}","templated":true}]}}