{"id":13324,"date":"2020-03-04T10:00:16","date_gmt":"2020-03-04T10:00:16","guid":{"rendered":"https:\/\/www.clubdelemprendimiento.com\/blog\/?p=13324"},"modified":"2020-03-03T10:59:29","modified_gmt":"2020-03-03T10:59:29","slug":"microempresas-y-formacion-no-van-juntas","status":"publish","type":"post","link":"https:\/\/www.clubdelemprendimiento.com\/blog\/pymes\/microempresas-y-formacion-no-van-juntas\/","title":{"rendered":"Microempresas y formaci\u00f3n no van juntas"},"content":{"rendered":"<p>La formaci\u00f3n de empleados es algo cada vez m\u00e1s demandado por los candidatos. El gran avance (y la rapidez con la que lo hace) de la tecnolog\u00eda provoca inquietudes en los trabajadores. L<strong>a opci\u00f3n de formarse para aprender nuevas metodolog\u00edas, o reciclarse en su sector es algo cada vez m\u00e1s importante.\u00a0<\/strong><\/p>\n<p>Sin embargo, seg\u00fan la\u00a0Fundaci\u00f3n Estatal para la Formaci\u00f3n en el Empleo (<a href=\"https:\/\/www.fundae.es\/\" target=\"_blank\" rel=\"noopener\">FUNDAE<\/a>), <strong>el 83% de las microempresas no ofrecen ning\u00fan tipo de formaci\u00f3n<\/strong> a sus empleados. De hecho, los datos de 2018 dan como resultado un nivel de formaci\u00f3n de trabajadores muy pobre en nuestro pa\u00eds. Tan solo 360.052 empresas realizaron formaci\u00f3n bonificada, cuando son 1.696.000 las que podr\u00edan beneficiarse de ello.<\/p>\n<h2>Qu\u00e9 es la formaci\u00f3n bonificada<\/h2>\n<p>No todas las empresas saben qu\u00e9 es la formaci\u00f3n bonificada o c\u00f3mo pueden beneficiarse de ella. Este tipo de formaci\u00f3n se financia con las propias <a href=\"https:\/\/www.clubdelemprendimiento.com\/blog\/autonomos\/autonomos-base-de-cotizacion\/\" target=\"_blank\" rel=\"noopener\">cotizaciones<\/a> de los trabajadores. De su base de cotizaci\u00f3n, el 0,7% se destina a cubrir la formaci\u00f3n. De este porcentaje, el 0,1% lo asume el empleado y el 0,6% la empresa. Con este aporte, la empresa puede acceder a formaci\u00f3n espec\u00edfica que ofrecer a sus trabajadores de forma gratuita.<\/p>\n<h3>El tama\u00f1o de la empresa, clave en la formaci\u00f3n<\/h3>\n<p>Pero las empresas m\u00e1s peque\u00f1as de nuestro pa\u00eds (<strong>aquellas con menos de 10 trabajadores) no utilizan este tipo de formaci\u00f3n.<\/strong> solo el 16,6% de estas han hecho formaci\u00f3n en el \u00faltimo a\u00f1o.<\/p>\n<p>Por su parte, las pymes (entre 10 y 49 empleados) s\u00ed aprovechan m\u00e1s la formaci\u00f3n bonificada. El 49,7% de ellas realiz\u00f3 alg\u00fan curso bonificado el asado a\u00f1o. Este porcentaje es a\u00fan mayor seg\u00fan va aumentando el tama\u00f1o de la empresa. El 81,2% de las medianas realizaron formaci\u00f3n en el \u00faltimo a\u00f1o, y el 92% de las grandes.<\/p>\n<p>Es por ello que se hace necesario que las peque\u00f1as empresas se lancen a ofrecer este tipo de formaci\u00f3n. Las medianas y grandes empresas est\u00e1n ganando en empleados, riqueza, etc., y , de esta manera, tambi\u00e9n en cualificaci\u00f3n de empleados. Seg\u00fan el estudio \u00abEl futuro real del trabajo\u00bb, elaborado por Gallup, <strong>el 71% de los trabajadores de nuestro pa\u00eds cree que deber\u00eda reformar sus capacidades<\/strong> y aptitudes. por su parte, seg\u00fan el mismo informe, el 67% cree que deber\u00eda aprende nuevas.<\/p>\n<p>&nbsp;<\/p>\n","protected":false},"excerpt":{"rendered":"<p>La formaci\u00f3n de empleados es algo cada vez m\u00e1s demandado por los candidatos. El&hellip;<\/p>\n","protected":false},"author":5,"featured_media":13327,"comment_status":"open","ping_status":"open","sticky":false,"template":"","format":"standard","meta":{"_acf_changed":false,"footnotes":""},"categories":[256],"tags":[],"acf":[],"yoast_head":"<!-- This site is optimized with the Yoast SEO plugin v22.7 - https:\/\/yoast.com\/wordpress\/plugins\/seo\/ -->\n<title>Microempresas y formaci\u00f3n no van juntas - Blog Club del Emprendimiento<\/title>\n<meta name=\"robots\" content=\"index, follow, max-snippet:-1, max-image-preview:large, max-video-preview:-1\" \/>\n<link rel=\"canonical\" href=\"https:\/\/www.clubdelemprendimiento.com\/blog\/pymes\/microempresas-y-formacion-no-van-juntas\/\" \/>\n<meta property=\"og:locale\" content=\"es_ES\" \/>\n<meta property=\"og:type\" content=\"article\" \/>\n<meta property=\"og:title\" content=\"Microempresas y formaci\u00f3n no van juntas - Blog Club del Emprendimiento\" \/>\n<meta property=\"og:description\" content=\"La formaci\u00f3n de empleados es algo cada vez m\u00e1s demandado por los candidatos. El&hellip;\" \/>\n<meta property=\"og:url\" content=\"https:\/\/www.clubdelemprendimiento.com\/blog\/pymes\/microempresas-y-formacion-no-van-juntas\/\" \/>\n<meta property=\"og:site_name\" content=\"Blog Club del Emprendimiento\" \/>\n<meta property=\"article:published_time\" content=\"2020-03-04T10:00:16+00:00\" \/>\n<meta property=\"article:modified_time\" content=\"2020-03-03T10:59:29+00:00\" \/>\n<meta property=\"og:image\" content=\"https:\/\/www.clubdelemprendimiento.com\/blog\/wp-content\/uploads\/2020\/03\/entrepreneur-593357_1280.jpg\" \/>\n\t<meta property=\"og:image:width\" content=\"1280\" \/>\n\t<meta property=\"og:image:height\" content=\"847\" \/>\n\t<meta property=\"og:image:type\" content=\"image\/jpeg\" \/>\n<meta name=\"author\" content=\"Luc\u00eda Vera\" \/>\n<meta name=\"twitter:card\" content=\"summary_large_image\" \/>\n<meta name=\"twitter:label1\" content=\"Escrito por\" \/>\n\t<meta name=\"twitter:data1\" content=\"Luc\u00eda Vera\" \/>\n\t<meta name=\"twitter:label2\" content=\"Tiempo de lectura\" \/>\n\t<meta name=\"twitter:data2\" content=\"2 minutos\" \/>\n<script type=\"application\/ld+json\" class=\"yoast-schema-graph\">{\"@context\":\"https:\/\/schema.org\",\"@graph\":[{\"@type\":\"WebPage\",\"@id\":\"https:\/\/www.clubdelemprendimiento.com\/blog\/pymes\/microempresas-y-formacion-no-van-juntas\/\",\"url\":\"https:\/\/www.clubdelemprendimiento.com\/blog\/pymes\/microempresas-y-formacion-no-van-juntas\/\",\"name\":\"Microempresas y formaci\u00f3n no van juntas - Blog Club del Emprendimiento\",\"isPartOf\":{\"@id\":\"https:\/\/www.clubdelemprendimiento.com\/blog\/#website\"},\"primaryImageOfPage\":{\"@id\":\"https:\/\/www.clubdelemprendimiento.com\/blog\/pymes\/microempresas-y-formacion-no-van-juntas\/#primaryimage\"},\"image\":{\"@id\":\"https:\/\/www.clubdelemprendimiento.com\/blog\/pymes\/microempresas-y-formacion-no-van-juntas\/#primaryimage\"},\"thumbnailUrl\":\"https:\/\/www.clubdelemprendimiento.com\/blog\/wp-content\/uploads\/2020\/03\/entrepreneur-593357_1280.jpg\",\"datePublished\":\"2020-03-04T10:00:16+00:00\",\"dateModified\":\"2020-03-03T10:59:29+00:00\",\"author\":{\"@id\":\"https:\/\/www.clubdelemprendimiento.com\/blog\/#\/schema\/person\/fe481a2c767de00924b39ab766936ddf\"},\"breadcrumb\":{\"@id\":\"https:\/\/www.clubdelemprendimiento.com\/blog\/pymes\/microempresas-y-formacion-no-van-juntas\/#breadcrumb\"},\"inLanguage\":\"es\",\"potentialAction\":[{\"@type\":\"ReadAction\",\"target\":[\"https:\/\/www.clubdelemprendimiento.com\/blog\/pymes\/microempresas-y-formacion-no-van-juntas\/\"]}]},{\"@type\":\"ImageObject\",\"inLanguage\":\"es\",\"@id\":\"https:\/\/www.clubdelemprendimiento.com\/blog\/pymes\/microempresas-y-formacion-no-van-juntas\/#primaryimage\",\"url\":\"https:\/\/www.clubdelemprendimiento.com\/blog\/wp-content\/uploads\/2020\/03\/entrepreneur-593357_1280.jpg\",\"contentUrl\":\"https:\/\/www.clubdelemprendimiento.com\/blog\/wp-content\/uploads\/2020\/03\/entrepreneur-593357_1280.jpg\",\"width\":1280,\"height\":847,\"caption\":\"formaci\u00f3n empresas\"},{\"@type\":\"BreadcrumbList\",\"@id\":\"https:\/\/www.clubdelemprendimiento.com\/blog\/pymes\/microempresas-y-formacion-no-van-juntas\/#breadcrumb\",\"itemListElement\":[{\"@type\":\"ListItem\",\"position\":1,\"name\":\"Home\",\"item\":\"https:\/\/www.clubdelemprendimiento.com\/blog\/\"},{\"@type\":\"ListItem\",\"position\":2,\"name\":\"Microempresas y formaci\u00f3n no van juntas\"}]},{\"@type\":\"WebSite\",\"@id\":\"https:\/\/www.clubdelemprendimiento.com\/blog\/#website\",\"url\":\"https:\/\/www.clubdelemprendimiento.com\/blog\/\",\"name\":\"Blog Club del Emprendimiento\",\"description\":\"\",\"potentialAction\":[{\"@type\":\"SearchAction\",\"target\":{\"@type\":\"EntryPoint\",\"urlTemplate\":\"https:\/\/www.clubdelemprendimiento.com\/blog\/?s={search_term_string}\"},\"query-input\":\"required name=search_term_string\"}],\"inLanguage\":\"es\"},{\"@type\":\"Person\",\"@id\":\"https:\/\/www.clubdelemprendimiento.com\/blog\/#\/schema\/person\/fe481a2c767de00924b39ab766936ddf\",\"name\":\"Luc\u00eda Vera\",\"image\":{\"@type\":\"ImageObject\",\"inLanguage\":\"es\",\"@id\":\"https:\/\/www.clubdelemprendimiento.com\/blog\/#\/schema\/person\/image\/\",\"url\":\"https:\/\/secure.gravatar.com\/avatar\/a7985f0a535e8f0be3026ac89e0a79c6?s=96&d=mm&r=g\",\"contentUrl\":\"https:\/\/secure.gravatar.com\/avatar\/a7985f0a535e8f0be3026ac89e0a79c6?s=96&d=mm&r=g\",\"caption\":\"Luc\u00eda Vera\"},\"url\":\"https:\/\/www.clubdelemprendimiento.com\/blog\/author\/luciavera\/\"}]}<\/script>\n<!-- \/ Yoast SEO plugin. -->","yoast_head_json":{"title":"Microempresas y formaci\u00f3n no van juntas - Blog Club del Emprendimiento","robots":{"index":"index","follow":"follow","max-snippet":"max-snippet:-1","max-image-preview":"max-image-preview:large","max-video-preview":"max-video-preview:-1"},"canonical":"https:\/\/www.clubdelemprendimiento.com\/blog\/pymes\/microempresas-y-formacion-no-van-juntas\/","og_locale":"es_ES","og_type":"article","og_title":"Microempresas y formaci\u00f3n no van juntas - Blog Club del Emprendimiento","og_description":"La formaci\u00f3n de empleados es algo cada vez m\u00e1s demandado por los candidatos. El&hellip;","og_url":"https:\/\/www.clubdelemprendimiento.com\/blog\/pymes\/microempresas-y-formacion-no-van-juntas\/","og_site_name":"Blog Club del Emprendimiento","article_published_time":"2020-03-04T10:00:16+00:00","article_modified_time":"2020-03-03T10:59:29+00:00","og_image":[{"width":1280,"height":847,"url":"https:\/\/www.clubdelemprendimiento.com\/blog\/wp-content\/uploads\/2020\/03\/entrepreneur-593357_1280.jpg","type":"image\/jpeg"}],"author":"Luc\u00eda Vera","twitter_card":"summary_large_image","twitter_misc":{"Escrito por":"Luc\u00eda Vera","Tiempo de lectura":"2 minutos"},"schema":{"@context":"https:\/\/schema.org","@graph":[{"@type":"WebPage","@id":"https:\/\/www.clubdelemprendimiento.com\/blog\/pymes\/microempresas-y-formacion-no-van-juntas\/","url":"https:\/\/www.clubdelemprendimiento.com\/blog\/pymes\/microempresas-y-formacion-no-van-juntas\/","name":"Microempresas y formaci\u00f3n no van juntas - Blog Club del Emprendimiento","isPartOf":{"@id":"https:\/\/www.clubdelemprendimiento.com\/blog\/#website"},"primaryImageOfPage":{"@id":"https:\/\/www.clubdelemprendimiento.com\/blog\/pymes\/microempresas-y-formacion-no-van-juntas\/#primaryimage"},"image":{"@id":"https:\/\/www.clubdelemprendimiento.com\/blog\/pymes\/microempresas-y-formacion-no-van-juntas\/#primaryimage"},"thumbnailUrl":"https:\/\/www.clubdelemprendimiento.com\/blog\/wp-content\/uploads\/2020\/03\/entrepreneur-593357_1280.jpg","datePublished":"2020-03-04T10:00:16+00:00","dateModified":"2020-03-03T10:59:29+00:00","author":{"@id":"https:\/\/www.clubdelemprendimiento.com\/blog\/#\/schema\/person\/fe481a2c767de00924b39ab766936ddf"},"breadcrumb":{"@id":"https:\/\/www.clubdelemprendimiento.com\/blog\/pymes\/microempresas-y-formacion-no-van-juntas\/#breadcrumb"},"inLanguage":"es","potentialAction":[{"@type":"ReadAction","target":["https:\/\/www.clubdelemprendimiento.com\/blog\/pymes\/microempresas-y-formacion-no-van-juntas\/"]}]},{"@type":"ImageObject","inLanguage":"es","@id":"https:\/\/www.clubdelemprendimiento.com\/blog\/pymes\/microempresas-y-formacion-no-van-juntas\/#primaryimage","url":"https:\/\/www.clubdelemprendimiento.com\/blog\/wp-content\/uploads\/2020\/03\/entrepreneur-593357_1280.jpg","contentUrl":"https:\/\/www.clubdelemprendimiento.com\/blog\/wp-content\/uploads\/2020\/03\/entrepreneur-593357_1280.jpg","width":1280,"height":847,"caption":"formaci\u00f3n empresas"},{"@type":"BreadcrumbList","@id":"https:\/\/www.clubdelemprendimiento.com\/blog\/pymes\/microempresas-y-formacion-no-van-juntas\/#breadcrumb","itemListElement":[{"@type":"ListItem","position":1,"name":"Home","item":"https:\/\/www.clubdelemprendimiento.com\/blog\/"},{"@type":"ListItem","position":2,"name":"Microempresas y formaci\u00f3n no van juntas"}]},{"@type":"WebSite","@id":"https:\/\/www.clubdelemprendimiento.com\/blog\/#website","url":"https:\/\/www.clubdelemprendimiento.com\/blog\/","name":"Blog Club del Emprendimiento","description":"","potentialAction":[{"@type":"SearchAction","target":{"@type":"EntryPoint","urlTemplate":"https:\/\/www.clubdelemprendimiento.com\/blog\/?s={search_term_string}"},"query-input":"required name=search_term_string"}],"inLanguage":"es"},{"@type":"Person","@id":"https:\/\/www.clubdelemprendimiento.com\/blog\/#\/schema\/person\/fe481a2c767de00924b39ab766936ddf","name":"Luc\u00eda Vera","image":{"@type":"ImageObject","inLanguage":"es","@id":"https:\/\/www.clubdelemprendimiento.com\/blog\/#\/schema\/person\/image\/","url":"https:\/\/secure.gravatar.com\/avatar\/a7985f0a535e8f0be3026ac89e0a79c6?s=96&d=mm&r=g","contentUrl":"https:\/\/secure.gravatar.com\/avatar\/a7985f0a535e8f0be3026ac89e0a79c6?s=96&d=mm&r=g","caption":"Luc\u00eda Vera"},"url":"https:\/\/www.clubdelemprendimiento.com\/blog\/author\/luciavera\/"}]}},"_links":{"self":[{"href":"https:\/\/www.clubdelemprendimiento.com\/blog\/wp-json\/wp\/v2\/posts\/13324"}],"collection":[{"href":"https:\/\/www.clubdelemprendimiento.com\/blog\/wp-json\/wp\/v2\/posts"}],"about":[{"href":"https:\/\/www.clubdelemprendimiento.com\/blog\/wp-json\/wp\/v2\/types\/post"}],"author":[{"embeddable":true,"href":"https:\/\/www.clubdelemprendimiento.com\/blog\/wp-json\/wp\/v2\/users\/5"}],"replies":[{"embeddable":true,"href":"https:\/\/www.clubdelemprendimiento.com\/blog\/wp-json\/wp\/v2\/comments?post=13324"}],"version-history":[{"count":1,"href":"https:\/\/www.clubdelemprendimiento.com\/blog\/wp-json\/wp\/v2\/posts\/13324\/revisions"}],"predecessor-version":[{"id":13328,"href":"https:\/\/www.clubdelemprendimiento.com\/blog\/wp-json\/wp\/v2\/posts\/13324\/revisions\/13328"}],"wp:featuredmedia":[{"embeddable":true,"href":"https:\/\/www.clubdelemprendimiento.com\/blog\/wp-json\/wp\/v2\/media\/13327"}],"wp:attachment":[{"href":"https:\/\/www.clubdelemprendimiento.com\/blog\/wp-json\/wp\/v2\/media?parent=13324"}],"wp:term":[{"taxonomy":"category","embeddable":true,"href":"https:\/\/www.clubdelemprendimiento.com\/blog\/wp-json\/wp\/v2\/categories?post=13324"},{"taxonomy":"post_tag","embeddable":true,"href":"https:\/\/www.clubdelemprendimiento.com\/blog\/wp-json\/wp\/v2\/tags?post=13324"}],"curies":[{"name":"wp","href":"https:\/\/api.w.org\/{rel}","templated":true}]}}