{"id":13318,"date":"2020-03-03T10:00:45","date_gmt":"2020-03-03T10:00:45","guid":{"rendered":"https:\/\/www.clubdelemprendimiento.com\/blog\/?p=13318"},"modified":"2020-03-02T11:48:16","modified_gmt":"2020-03-02T11:48:16","slug":"acabar-con-los-falsos-autonomos-prioritario","status":"publish","type":"post","link":"https:\/\/www.clubdelemprendimiento.com\/blog\/autonomos\/acabar-con-los-falsos-autonomos-prioritario\/","title":{"rendered":"Acabar con los falsos aut\u00f3nomos prioritario"},"content":{"rendered":"<p>La ministra de\u00a0Trabajo y Econom\u00eda Social, Yolanda D\u00edaz, ha marcado como una de las prioridades acabar con los falsos aut\u00f3nomos. Tambi\u00e9n <strong>ha incluido como otro de los aspectos importantes\u00a0la mejora del Salario M\u00ednimo Interprofesional (SMI)<\/strong> y la derogaci\u00f3n de la reforma laboral de 2012. El modelo laboral dominado por la precariedad <em>\u201cy la rotaci\u00f3n laboral extrema es inaceptable\u201d,\u00a0<\/em>seg\u00fan ha declarado D\u00edaz.<\/p>\n<h2>Regulaci\u00f3n contra los falso aut\u00f3nomos<\/h2>\n<p>Los<a href=\"https:\/\/www.clubdelemprendimiento.com\/blog\/autonomos\/nuevas-consecuencias-falsos-autonomos\/\" target=\"_blank\" rel=\"noopener\"> falsos aut\u00f3nomos<\/a> son un problema para el colectivo. Es por ello que desde el <a href=\"http:\/\/www.mitramiss.gob.es\/\" target=\"_blank\" rel=\"noopener\">ministerio de trabajo<\/a> se quiere\u00a0estudiar la situaci\u00f3n de los falsos aut\u00f3nomos para incorporar una serie cambios legislativos con el fin de que se refuerce\u00a0la labor de la Inspecci\u00f3n de Trabajo y <strong>establecer las sanciones para que se pueda luchar contra el fraude<\/strong>.\u00a0Entre las situaciones existente, la ministra destac\u00f3 la de los\u00a0<em>riders<\/em>, declarando que se debe luchar por proteger los derechos de las personas<em> \u00abque siendo en realidad trabajadoras por cuenta ajena se ven abocadas a operar como aut\u00f3nomas frente a su voluntad\u00bb.<\/em><\/p>\n<p>Entre los cambios legislativos se establece la delimitaci\u00f3n del espacio ente el trabajo por cuenta propia y por cuenta ajena, seg\u00fan establecido en\u00a0presupuestos de los art\u00edculos 1 y 8 del Estatuto de los Trabajadores.<\/p>\n<h3>Nuevas medidas para luchar contra el fraude<\/h3>\n<p>Otra de las medidas a tomar es el <strong>refuerzo de\u00a0los efectivos de la Inspecci\u00f3n de Trabajo, pero tambi\u00e9n el uso de las nuevas tecnolog\u00edas.<\/strong> Entre \u00e9stas destaca el\u00a0big data para mejorar el sistema de control y sancionador de lucha contra el fraude. Tambi\u00e9n se han de actualizar las cuant\u00edas de las sanciones de la Ley de Infracciones y Sanciones en el Orden Social, que llevan sin cambios desde 2006.<\/p>\n<p>En lo que respecta al Salario M\u00ednimo Interprofesional (SMI), una comisi\u00f3n de expertos se encargar\u00e1 de evaluar su impacto social y econ\u00f3mico. Tras su aumento tambi\u00e9n se fijar\u00e1 la cifra a la que se debe llegar en 2023, que debe ser, seg\u00fan aseguran desde el ministerio, acorde al 60 % del salario medio, seg\u00fan lo establece la Carta Social Europa.<\/p>\n","protected":false},"excerpt":{"rendered":"<p>La ministra de\u00a0Trabajo y Econom\u00eda Social, Yolanda D\u00edaz, ha marcado como una de las&hellip;<\/p>\n","protected":false},"author":5,"featured_media":13320,"comment_status":"open","ping_status":"open","sticky":false,"template":"","format":"standard","meta":{"_acf_changed":false,"footnotes":""},"categories":[255],"tags":[],"acf":[],"yoast_head":"<!-- This site is optimized with the Yoast SEO plugin v22.7 - https:\/\/yoast.com\/wordpress\/plugins\/seo\/ -->\n<title>Acabar con los falsos aut\u00f3nomos prioritario - Blog Club del Emprendimiento<\/title>\n<meta name=\"robots\" content=\"index, follow, max-snippet:-1, max-image-preview:large, max-video-preview:-1\" \/>\n<link rel=\"canonical\" href=\"https:\/\/www.clubdelemprendimiento.com\/blog\/autonomos\/acabar-con-los-falsos-autonomos-prioritario\/\" \/>\n<meta property=\"og:locale\" content=\"es_ES\" \/>\n<meta property=\"og:type\" content=\"article\" \/>\n<meta property=\"og:title\" content=\"Acabar con los falsos aut\u00f3nomos prioritario - Blog Club del Emprendimiento\" \/>\n<meta property=\"og:description\" content=\"La ministra de\u00a0Trabajo y Econom\u00eda Social, Yolanda D\u00edaz, ha marcado como una de las&hellip;\" \/>\n<meta property=\"og:url\" content=\"https:\/\/www.clubdelemprendimiento.com\/blog\/autonomos\/acabar-con-los-falsos-autonomos-prioritario\/\" \/>\n<meta property=\"og:site_name\" content=\"Blog Club del Emprendimiento\" \/>\n<meta property=\"article:published_time\" content=\"2020-03-03T10:00:45+00:00\" \/>\n<meta property=\"article:modified_time\" content=\"2020-03-02T11:48:16+00:00\" \/>\n<meta property=\"og:image\" content=\"https:\/\/www.clubdelemprendimiento.com\/blog\/wp-content\/uploads\/2020\/03\/courier-driver-4886839_1280.jpg\" \/>\n\t<meta property=\"og:image:width\" content=\"1280\" \/>\n\t<meta property=\"og:image:height\" content=\"914\" \/>\n\t<meta property=\"og:image:type\" content=\"image\/jpeg\" \/>\n<meta name=\"author\" content=\"Luc\u00eda Vera\" \/>\n<meta name=\"twitter:card\" content=\"summary_large_image\" \/>\n<meta name=\"twitter:label1\" content=\"Escrito por\" \/>\n\t<meta name=\"twitter:data1\" content=\"Luc\u00eda Vera\" \/>\n\t<meta name=\"twitter:label2\" content=\"Tiempo de lectura\" \/>\n\t<meta name=\"twitter:data2\" content=\"2 minutos\" \/>\n<script type=\"application\/ld+json\" class=\"yoast-schema-graph\">{\"@context\":\"https:\/\/schema.org\",\"@graph\":[{\"@type\":\"WebPage\",\"@id\":\"https:\/\/www.clubdelemprendimiento.com\/blog\/autonomos\/acabar-con-los-falsos-autonomos-prioritario\/\",\"url\":\"https:\/\/www.clubdelemprendimiento.com\/blog\/autonomos\/acabar-con-los-falsos-autonomos-prioritario\/\",\"name\":\"Acabar con los falsos aut\u00f3nomos prioritario - Blog Club del Emprendimiento\",\"isPartOf\":{\"@id\":\"https:\/\/www.clubdelemprendimiento.com\/blog\/#website\"},\"primaryImageOfPage\":{\"@id\":\"https:\/\/www.clubdelemprendimiento.com\/blog\/autonomos\/acabar-con-los-falsos-autonomos-prioritario\/#primaryimage\"},\"image\":{\"@id\":\"https:\/\/www.clubdelemprendimiento.com\/blog\/autonomos\/acabar-con-los-falsos-autonomos-prioritario\/#primaryimage\"},\"thumbnailUrl\":\"https:\/\/www.clubdelemprendimiento.com\/blog\/wp-content\/uploads\/2020\/03\/courier-driver-4886839_1280.jpg\",\"datePublished\":\"2020-03-03T10:00:45+00:00\",\"dateModified\":\"2020-03-02T11:48:16+00:00\",\"author\":{\"@id\":\"https:\/\/www.clubdelemprendimiento.com\/blog\/#\/schema\/person\/fe481a2c767de00924b39ab766936ddf\"},\"breadcrumb\":{\"@id\":\"https:\/\/www.clubdelemprendimiento.com\/blog\/autonomos\/acabar-con-los-falsos-autonomos-prioritario\/#breadcrumb\"},\"inLanguage\":\"es\",\"potentialAction\":[{\"@type\":\"ReadAction\",\"target\":[\"https:\/\/www.clubdelemprendimiento.com\/blog\/autonomos\/acabar-con-los-falsos-autonomos-prioritario\/\"]}]},{\"@type\":\"ImageObject\",\"inLanguage\":\"es\",\"@id\":\"https:\/\/www.clubdelemprendimiento.com\/blog\/autonomos\/acabar-con-los-falsos-autonomos-prioritario\/#primaryimage\",\"url\":\"https:\/\/www.clubdelemprendimiento.com\/blog\/wp-content\/uploads\/2020\/03\/courier-driver-4886839_1280.jpg\",\"contentUrl\":\"https:\/\/www.clubdelemprendimiento.com\/blog\/wp-content\/uploads\/2020\/03\/courier-driver-4886839_1280.jpg\",\"width\":1280,\"height\":914,\"caption\":\"falsos autonomos\"},{\"@type\":\"BreadcrumbList\",\"@id\":\"https:\/\/www.clubdelemprendimiento.com\/blog\/autonomos\/acabar-con-los-falsos-autonomos-prioritario\/#breadcrumb\",\"itemListElement\":[{\"@type\":\"ListItem\",\"position\":1,\"name\":\"Home\",\"item\":\"https:\/\/www.clubdelemprendimiento.com\/blog\/\"},{\"@type\":\"ListItem\",\"position\":2,\"name\":\"Acabar con los falsos aut\u00f3nomos prioritario\"}]},{\"@type\":\"WebSite\",\"@id\":\"https:\/\/www.clubdelemprendimiento.com\/blog\/#website\",\"url\":\"https:\/\/www.clubdelemprendimiento.com\/blog\/\",\"name\":\"Blog Club del Emprendimiento\",\"description\":\"\",\"potentialAction\":[{\"@type\":\"SearchAction\",\"target\":{\"@type\":\"EntryPoint\",\"urlTemplate\":\"https:\/\/www.clubdelemprendimiento.com\/blog\/?s={search_term_string}\"},\"query-input\":\"required name=search_term_string\"}],\"inLanguage\":\"es\"},{\"@type\":\"Person\",\"@id\":\"https:\/\/www.clubdelemprendimiento.com\/blog\/#\/schema\/person\/fe481a2c767de00924b39ab766936ddf\",\"name\":\"Luc\u00eda Vera\",\"image\":{\"@type\":\"ImageObject\",\"inLanguage\":\"es\",\"@id\":\"https:\/\/www.clubdelemprendimiento.com\/blog\/#\/schema\/person\/image\/\",\"url\":\"https:\/\/secure.gravatar.com\/avatar\/a7985f0a535e8f0be3026ac89e0a79c6?s=96&d=mm&r=g\",\"contentUrl\":\"https:\/\/secure.gravatar.com\/avatar\/a7985f0a535e8f0be3026ac89e0a79c6?s=96&d=mm&r=g\",\"caption\":\"Luc\u00eda Vera\"},\"url\":\"https:\/\/www.clubdelemprendimiento.com\/blog\/author\/luciavera\/\"}]}<\/script>\n<!-- \/ Yoast SEO plugin. -->","yoast_head_json":{"title":"Acabar con los falsos aut\u00f3nomos prioritario - Blog Club del Emprendimiento","robots":{"index":"index","follow":"follow","max-snippet":"max-snippet:-1","max-image-preview":"max-image-preview:large","max-video-preview":"max-video-preview:-1"},"canonical":"https:\/\/www.clubdelemprendimiento.com\/blog\/autonomos\/acabar-con-los-falsos-autonomos-prioritario\/","og_locale":"es_ES","og_type":"article","og_title":"Acabar con los falsos aut\u00f3nomos prioritario - Blog Club del Emprendimiento","og_description":"La ministra de\u00a0Trabajo y Econom\u00eda Social, Yolanda D\u00edaz, ha marcado como una de las&hellip;","og_url":"https:\/\/www.clubdelemprendimiento.com\/blog\/autonomos\/acabar-con-los-falsos-autonomos-prioritario\/","og_site_name":"Blog Club del Emprendimiento","article_published_time":"2020-03-03T10:00:45+00:00","article_modified_time":"2020-03-02T11:48:16+00:00","og_image":[{"width":1280,"height":914,"url":"https:\/\/www.clubdelemprendimiento.com\/blog\/wp-content\/uploads\/2020\/03\/courier-driver-4886839_1280.jpg","type":"image\/jpeg"}],"author":"Luc\u00eda Vera","twitter_card":"summary_large_image","twitter_misc":{"Escrito por":"Luc\u00eda Vera","Tiempo de lectura":"2 minutos"},"schema":{"@context":"https:\/\/schema.org","@graph":[{"@type":"WebPage","@id":"https:\/\/www.clubdelemprendimiento.com\/blog\/autonomos\/acabar-con-los-falsos-autonomos-prioritario\/","url":"https:\/\/www.clubdelemprendimiento.com\/blog\/autonomos\/acabar-con-los-falsos-autonomos-prioritario\/","name":"Acabar con los falsos aut\u00f3nomos prioritario - Blog Club del Emprendimiento","isPartOf":{"@id":"https:\/\/www.clubdelemprendimiento.com\/blog\/#website"},"primaryImageOfPage":{"@id":"https:\/\/www.clubdelemprendimiento.com\/blog\/autonomos\/acabar-con-los-falsos-autonomos-prioritario\/#primaryimage"},"image":{"@id":"https:\/\/www.clubdelemprendimiento.com\/blog\/autonomos\/acabar-con-los-falsos-autonomos-prioritario\/#primaryimage"},"thumbnailUrl":"https:\/\/www.clubdelemprendimiento.com\/blog\/wp-content\/uploads\/2020\/03\/courier-driver-4886839_1280.jpg","datePublished":"2020-03-03T10:00:45+00:00","dateModified":"2020-03-02T11:48:16+00:00","author":{"@id":"https:\/\/www.clubdelemprendimiento.com\/blog\/#\/schema\/person\/fe481a2c767de00924b39ab766936ddf"},"breadcrumb":{"@id":"https:\/\/www.clubdelemprendimiento.com\/blog\/autonomos\/acabar-con-los-falsos-autonomos-prioritario\/#breadcrumb"},"inLanguage":"es","potentialAction":[{"@type":"ReadAction","target":["https:\/\/www.clubdelemprendimiento.com\/blog\/autonomos\/acabar-con-los-falsos-autonomos-prioritario\/"]}]},{"@type":"ImageObject","inLanguage":"es","@id":"https:\/\/www.clubdelemprendimiento.com\/blog\/autonomos\/acabar-con-los-falsos-autonomos-prioritario\/#primaryimage","url":"https:\/\/www.clubdelemprendimiento.com\/blog\/wp-content\/uploads\/2020\/03\/courier-driver-4886839_1280.jpg","contentUrl":"https:\/\/www.clubdelemprendimiento.com\/blog\/wp-content\/uploads\/2020\/03\/courier-driver-4886839_1280.jpg","width":1280,"height":914,"caption":"falsos autonomos"},{"@type":"BreadcrumbList","@id":"https:\/\/www.clubdelemprendimiento.com\/blog\/autonomos\/acabar-con-los-falsos-autonomos-prioritario\/#breadcrumb","itemListElement":[{"@type":"ListItem","position":1,"name":"Home","item":"https:\/\/www.clubdelemprendimiento.com\/blog\/"},{"@type":"ListItem","position":2,"name":"Acabar con los falsos aut\u00f3nomos prioritario"}]},{"@type":"WebSite","@id":"https:\/\/www.clubdelemprendimiento.com\/blog\/#website","url":"https:\/\/www.clubdelemprendimiento.com\/blog\/","name":"Blog Club del Emprendimiento","description":"","potentialAction":[{"@type":"SearchAction","target":{"@type":"EntryPoint","urlTemplate":"https:\/\/www.clubdelemprendimiento.com\/blog\/?s={search_term_string}"},"query-input":"required name=search_term_string"}],"inLanguage":"es"},{"@type":"Person","@id":"https:\/\/www.clubdelemprendimiento.com\/blog\/#\/schema\/person\/fe481a2c767de00924b39ab766936ddf","name":"Luc\u00eda Vera","image":{"@type":"ImageObject","inLanguage":"es","@id":"https:\/\/www.clubdelemprendimiento.com\/blog\/#\/schema\/person\/image\/","url":"https:\/\/secure.gravatar.com\/avatar\/a7985f0a535e8f0be3026ac89e0a79c6?s=96&d=mm&r=g","contentUrl":"https:\/\/secure.gravatar.com\/avatar\/a7985f0a535e8f0be3026ac89e0a79c6?s=96&d=mm&r=g","caption":"Luc\u00eda Vera"},"url":"https:\/\/www.clubdelemprendimiento.com\/blog\/author\/luciavera\/"}]}},"_links":{"self":[{"href":"https:\/\/www.clubdelemprendimiento.com\/blog\/wp-json\/wp\/v2\/posts\/13318"}],"collection":[{"href":"https:\/\/www.clubdelemprendimiento.com\/blog\/wp-json\/wp\/v2\/posts"}],"about":[{"href":"https:\/\/www.clubdelemprendimiento.com\/blog\/wp-json\/wp\/v2\/types\/post"}],"author":[{"embeddable":true,"href":"https:\/\/www.clubdelemprendimiento.com\/blog\/wp-json\/wp\/v2\/users\/5"}],"replies":[{"embeddable":true,"href":"https:\/\/www.clubdelemprendimiento.com\/blog\/wp-json\/wp\/v2\/comments?post=13318"}],"version-history":[{"count":2,"href":"https:\/\/www.clubdelemprendimiento.com\/blog\/wp-json\/wp\/v2\/posts\/13318\/revisions"}],"predecessor-version":[{"id":13321,"href":"https:\/\/www.clubdelemprendimiento.com\/blog\/wp-json\/wp\/v2\/posts\/13318\/revisions\/13321"}],"wp:featuredmedia":[{"embeddable":true,"href":"https:\/\/www.clubdelemprendimiento.com\/blog\/wp-json\/wp\/v2\/media\/13320"}],"wp:attachment":[{"href":"https:\/\/www.clubdelemprendimiento.com\/blog\/wp-json\/wp\/v2\/media?parent=13318"}],"wp:term":[{"taxonomy":"category","embeddable":true,"href":"https:\/\/www.clubdelemprendimiento.com\/blog\/wp-json\/wp\/v2\/categories?post=13318"},{"taxonomy":"post_tag","embeddable":true,"href":"https:\/\/www.clubdelemprendimiento.com\/blog\/wp-json\/wp\/v2\/tags?post=13318"}],"curies":[{"name":"wp","href":"https:\/\/api.w.org\/{rel}","templated":true}]}}