{"id":13291,"date":"2020-02-26T10:00:39","date_gmt":"2020-02-26T10:00:39","guid":{"rendered":"https:\/\/www.clubdelemprendimiento.com\/blog\/?p=13291"},"modified":"2020-03-02T12:57:04","modified_gmt":"2020-03-02T12:57:04","slug":"vii-edicion-de-expocoaching","status":"publish","type":"post","link":"https:\/\/www.clubdelemprendimiento.com\/blog\/nuestros-emprendedores\/vii-edicion-de-expocoaching\/","title":{"rendered":"VII edici\u00f3n de ExpoCoaching"},"content":{"rendered":"<p>ExpoCoaching 2020 se celebrar\u00e1 el d\u00eda 29 de febrero en el estadio Wanda Metropolitano. ExpoCoaching es\u00a0el evento\u00a0 internacional l\u00edder del sector del coaching, el desarrollo\u00a0humano y el crecimiento personal. En su s\u00e9ptima edici\u00f3n regresa como un evento consolidado dentro del sector y con la pretensi\u00f3n de\u00a0continuar siendo mucho m\u00e1s que una feria, apostando para esta nueva edici\u00f3n\u00a0por la tem\u00e1tica \u2018Coaching innovador como proceso de bienestar\u2019.<\/p>\n<p>El programa de ExpoCoaching 2020 s muy ambicioso con ponentes muy prestigiosos, con personalidades\u00a0personalidades del mundo de la salud, el bienestar, la psicolog\u00eda,\u00a0nuevas tecnolog\u00edas, educaci\u00f3n o el mindfulness, entre otros. El evento est\u00e1 dirigido a todos los p\u00fablicos, y podr\u00e1n asistir a dos mesas redondas de inter\u00e9s. Una\u00a0orientada a entrenar la mente para lograr los objetivos y otra sobre las claves\u00a0para tener \u00e9xito en la vida. Adem\u00e1s, se contar\u00e1 con las actuaciones de Bruno Brocchi, Charly Rela\u00f1o, Charo Gallego,\u00a0Gala Valladolid, Mayte Fern\u00e1ndez, Tessa Salgado, Ver\u00f3nica Pensosi y la<br \/>\nAsociaci\u00f3n Musical Buend\u00eda.<\/p>\n<h2>Premios ExpoCoaching 2020<\/h2>\n<p>Pero la gran novedad este a\u00f1o es que se han organizado una primera gala de\u00a0Premios ExpoCoaching. En ellos se homenajear\u00e1 a las organizaciones y personas\u00a0m\u00e1s influyentes del sector. Para ello se ha seguido un proceso muy transparente,\u00a0y los finalistas han sido elegidos por un jurado profesional que ha seguido las bases\u00a0previamente definidas por la organizaci\u00f3n.<\/p>\n<p>Seg\u00fan David Caballero, uno de los organizadores, el evento\u00a0 \u00ab<em>est\u00e1 dirigido a todas aquellas personas que est\u00e9n interesados en crecer y desarrollarse emocionalmente cada d\u00eda. Al fin y al cabo, todos queremos tener una vida mejor, m\u00e1s saludable, tener mejores relaciones de pareja, trabajo, familia, y ser m\u00e1s felices cada d\u00eda.\u00a0Es un evento para personas con inquietudes, de mente abierta, preparados para conocerse m\u00e1s y mejor.\u00a0El objetivo es aprender nuevas t\u00e9cnicas, metodolog\u00edas, casos pr\u00e1cticos, testimonios de mano de los mejores profesionales del sector<\/em>\u00ab.<\/p>\n<p>Caballero, de cara a pr\u00f3ximas ediciones asegura que<em> \u00abExpocoaching es un evento con alma. Un evento vivo que nace para divulgar conocimiento, aportar claves para el \u00e9xito personal, gesti\u00f3n del cambio, ense\u00f1as y creer en las personas con un componente de respeto, responsabilidad, esperanza, generosidad, honestidad y colaboraci\u00f3n seg\u00fan rezan nuestros valores\u00bb\u00a0<\/em><\/p>\n","protected":false},"excerpt":{"rendered":"<p>ExpoCoaching 2020 se celebrar\u00e1 el d\u00eda 29 de febrero en el estadio Wanda Metropolitano.&hellip;<\/p>\n","protected":false},"author":4,"featured_media":13293,"comment_status":"open","ping_status":"open","sticky":false,"template":"","format":"standard","meta":{"_acf_changed":false,"footnotes":""},"categories":[91],"tags":[],"acf":[],"yoast_head":"<!-- This site is optimized with the Yoast SEO plugin v22.7 - https:\/\/yoast.com\/wordpress\/plugins\/seo\/ -->\n<title>VII edici\u00f3n de ExpoCoaching - Blog Club del Emprendimiento<\/title>\n<meta name=\"robots\" content=\"index, follow, max-snippet:-1, max-image-preview:large, max-video-preview:-1\" \/>\n<link rel=\"canonical\" href=\"https:\/\/www.clubdelemprendimiento.com\/blog\/nuestros-emprendedores\/vii-edicion-de-expocoaching\/\" \/>\n<meta property=\"og:locale\" content=\"es_ES\" \/>\n<meta property=\"og:type\" content=\"article\" \/>\n<meta property=\"og:title\" content=\"VII edici\u00f3n de ExpoCoaching - Blog Club del Emprendimiento\" \/>\n<meta property=\"og:description\" content=\"ExpoCoaching 2020 se celebrar\u00e1 el d\u00eda 29 de febrero en el estadio Wanda Metropolitano.&hellip;\" \/>\n<meta property=\"og:url\" content=\"https:\/\/www.clubdelemprendimiento.com\/blog\/nuestros-emprendedores\/vii-edicion-de-expocoaching\/\" \/>\n<meta property=\"og:site_name\" content=\"Blog Club del Emprendimiento\" \/>\n<meta property=\"article:published_time\" content=\"2020-02-26T10:00:39+00:00\" \/>\n<meta property=\"article:modified_time\" content=\"2020-03-02T12:57:04+00:00\" \/>\n<meta property=\"og:image\" content=\"https:\/\/www.clubdelemprendimiento.com\/blog\/wp-content\/uploads\/2020\/02\/IMG_20190207_120437_274-320x202.jpg\" \/>\n\t<meta property=\"og:image:width\" content=\"320\" \/>\n\t<meta property=\"og:image:height\" content=\"202\" \/>\n\t<meta property=\"og:image:type\" content=\"image\/jpeg\" \/>\n<meta name=\"author\" content=\"Redacci\u00f3n\" \/>\n<meta name=\"twitter:card\" content=\"summary_large_image\" \/>\n<meta name=\"twitter:label1\" content=\"Escrito por\" \/>\n\t<meta name=\"twitter:data1\" content=\"Redacci\u00f3n\" \/>\n\t<meta name=\"twitter:label2\" content=\"Tiempo de lectura\" \/>\n\t<meta name=\"twitter:data2\" content=\"2 minutos\" \/>\n<script type=\"application\/ld+json\" class=\"yoast-schema-graph\">{\"@context\":\"https:\/\/schema.org\",\"@graph\":[{\"@type\":\"WebPage\",\"@id\":\"https:\/\/www.clubdelemprendimiento.com\/blog\/nuestros-emprendedores\/vii-edicion-de-expocoaching\/\",\"url\":\"https:\/\/www.clubdelemprendimiento.com\/blog\/nuestros-emprendedores\/vii-edicion-de-expocoaching\/\",\"name\":\"VII edici\u00f3n de ExpoCoaching - Blog Club del Emprendimiento\",\"isPartOf\":{\"@id\":\"https:\/\/www.clubdelemprendimiento.com\/blog\/#website\"},\"primaryImageOfPage\":{\"@id\":\"https:\/\/www.clubdelemprendimiento.com\/blog\/nuestros-emprendedores\/vii-edicion-de-expocoaching\/#primaryimage\"},\"image\":{\"@id\":\"https:\/\/www.clubdelemprendimiento.com\/blog\/nuestros-emprendedores\/vii-edicion-de-expocoaching\/#primaryimage\"},\"thumbnailUrl\":\"https:\/\/www.clubdelemprendimiento.com\/blog\/wp-content\/uploads\/2020\/02\/IMG_20190207_120437_274-320x202.jpg\",\"datePublished\":\"2020-02-26T10:00:39+00:00\",\"dateModified\":\"2020-03-02T12:57:04+00:00\",\"author\":{\"@id\":\"https:\/\/www.clubdelemprendimiento.com\/blog\/#\/schema\/person\/f3bdff62b4f619d73474d72247506e1d\"},\"breadcrumb\":{\"@id\":\"https:\/\/www.clubdelemprendimiento.com\/blog\/nuestros-emprendedores\/vii-edicion-de-expocoaching\/#breadcrumb\"},\"inLanguage\":\"es\",\"potentialAction\":[{\"@type\":\"ReadAction\",\"target\":[\"https:\/\/www.clubdelemprendimiento.com\/blog\/nuestros-emprendedores\/vii-edicion-de-expocoaching\/\"]}]},{\"@type\":\"ImageObject\",\"inLanguage\":\"es\",\"@id\":\"https:\/\/www.clubdelemprendimiento.com\/blog\/nuestros-emprendedores\/vii-edicion-de-expocoaching\/#primaryimage\",\"url\":\"https:\/\/www.clubdelemprendimiento.com\/blog\/wp-content\/uploads\/2020\/02\/IMG_20190207_120437_274-320x202.jpg\",\"contentUrl\":\"https:\/\/www.clubdelemprendimiento.com\/blog\/wp-content\/uploads\/2020\/02\/IMG_20190207_120437_274-320x202.jpg\",\"width\":320,\"height\":202,\"caption\":\"expocoaching 2020\"},{\"@type\":\"BreadcrumbList\",\"@id\":\"https:\/\/www.clubdelemprendimiento.com\/blog\/nuestros-emprendedores\/vii-edicion-de-expocoaching\/#breadcrumb\",\"itemListElement\":[{\"@type\":\"ListItem\",\"position\":1,\"name\":\"Home\",\"item\":\"https:\/\/www.clubdelemprendimiento.com\/blog\/\"},{\"@type\":\"ListItem\",\"position\":2,\"name\":\"VII edici\u00f3n de ExpoCoaching\"}]},{\"@type\":\"WebSite\",\"@id\":\"https:\/\/www.clubdelemprendimiento.com\/blog\/#website\",\"url\":\"https:\/\/www.clubdelemprendimiento.com\/blog\/\",\"name\":\"Blog Club del Emprendimiento\",\"description\":\"\",\"potentialAction\":[{\"@type\":\"SearchAction\",\"target\":{\"@type\":\"EntryPoint\",\"urlTemplate\":\"https:\/\/www.clubdelemprendimiento.com\/blog\/?s={search_term_string}\"},\"query-input\":\"required name=search_term_string\"}],\"inLanguage\":\"es\"},{\"@type\":\"Person\",\"@id\":\"https:\/\/www.clubdelemprendimiento.com\/blog\/#\/schema\/person\/f3bdff62b4f619d73474d72247506e1d\",\"name\":\"Redacci\u00f3n\",\"image\":{\"@type\":\"ImageObject\",\"inLanguage\":\"es\",\"@id\":\"https:\/\/www.clubdelemprendimiento.com\/blog\/#\/schema\/person\/image\/\",\"url\":\"https:\/\/secure.gravatar.com\/avatar\/ec35a673c4f3054fd57b81a822e16040?s=96&d=mm&r=g\",\"contentUrl\":\"https:\/\/secure.gravatar.com\/avatar\/ec35a673c4f3054fd57b81a822e16040?s=96&d=mm&r=g\",\"caption\":\"Redacci\u00f3n\"},\"url\":\"https:\/\/www.clubdelemprendimiento.com\/blog\/author\/redaccion\/\"}]}<\/script>\n<!-- \/ Yoast SEO plugin. -->","yoast_head_json":{"title":"VII edici\u00f3n de ExpoCoaching - Blog Club del Emprendimiento","robots":{"index":"index","follow":"follow","max-snippet":"max-snippet:-1","max-image-preview":"max-image-preview:large","max-video-preview":"max-video-preview:-1"},"canonical":"https:\/\/www.clubdelemprendimiento.com\/blog\/nuestros-emprendedores\/vii-edicion-de-expocoaching\/","og_locale":"es_ES","og_type":"article","og_title":"VII edici\u00f3n de ExpoCoaching - Blog Club del Emprendimiento","og_description":"ExpoCoaching 2020 se celebrar\u00e1 el d\u00eda 29 de febrero en el estadio Wanda Metropolitano.&hellip;","og_url":"https:\/\/www.clubdelemprendimiento.com\/blog\/nuestros-emprendedores\/vii-edicion-de-expocoaching\/","og_site_name":"Blog Club del Emprendimiento","article_published_time":"2020-02-26T10:00:39+00:00","article_modified_time":"2020-03-02T12:57:04+00:00","og_image":[{"width":320,"height":202,"url":"https:\/\/www.clubdelemprendimiento.com\/blog\/wp-content\/uploads\/2020\/02\/IMG_20190207_120437_274-320x202.jpg","type":"image\/jpeg"}],"author":"Redacci\u00f3n","twitter_card":"summary_large_image","twitter_misc":{"Escrito por":"Redacci\u00f3n","Tiempo de lectura":"2 minutos"},"schema":{"@context":"https:\/\/schema.org","@graph":[{"@type":"WebPage","@id":"https:\/\/www.clubdelemprendimiento.com\/blog\/nuestros-emprendedores\/vii-edicion-de-expocoaching\/","url":"https:\/\/www.clubdelemprendimiento.com\/blog\/nuestros-emprendedores\/vii-edicion-de-expocoaching\/","name":"VII edici\u00f3n de ExpoCoaching - Blog Club del Emprendimiento","isPartOf":{"@id":"https:\/\/www.clubdelemprendimiento.com\/blog\/#website"},"primaryImageOfPage":{"@id":"https:\/\/www.clubdelemprendimiento.com\/blog\/nuestros-emprendedores\/vii-edicion-de-expocoaching\/#primaryimage"},"image":{"@id":"https:\/\/www.clubdelemprendimiento.com\/blog\/nuestros-emprendedores\/vii-edicion-de-expocoaching\/#primaryimage"},"thumbnailUrl":"https:\/\/www.clubdelemprendimiento.com\/blog\/wp-content\/uploads\/2020\/02\/IMG_20190207_120437_274-320x202.jpg","datePublished":"2020-02-26T10:00:39+00:00","dateModified":"2020-03-02T12:57:04+00:00","author":{"@id":"https:\/\/www.clubdelemprendimiento.com\/blog\/#\/schema\/person\/f3bdff62b4f619d73474d72247506e1d"},"breadcrumb":{"@id":"https:\/\/www.clubdelemprendimiento.com\/blog\/nuestros-emprendedores\/vii-edicion-de-expocoaching\/#breadcrumb"},"inLanguage":"es","potentialAction":[{"@type":"ReadAction","target":["https:\/\/www.clubdelemprendimiento.com\/blog\/nuestros-emprendedores\/vii-edicion-de-expocoaching\/"]}]},{"@type":"ImageObject","inLanguage":"es","@id":"https:\/\/www.clubdelemprendimiento.com\/blog\/nuestros-emprendedores\/vii-edicion-de-expocoaching\/#primaryimage","url":"https:\/\/www.clubdelemprendimiento.com\/blog\/wp-content\/uploads\/2020\/02\/IMG_20190207_120437_274-320x202.jpg","contentUrl":"https:\/\/www.clubdelemprendimiento.com\/blog\/wp-content\/uploads\/2020\/02\/IMG_20190207_120437_274-320x202.jpg","width":320,"height":202,"caption":"expocoaching 2020"},{"@type":"BreadcrumbList","@id":"https:\/\/www.clubdelemprendimiento.com\/blog\/nuestros-emprendedores\/vii-edicion-de-expocoaching\/#breadcrumb","itemListElement":[{"@type":"ListItem","position":1,"name":"Home","item":"https:\/\/www.clubdelemprendimiento.com\/blog\/"},{"@type":"ListItem","position":2,"name":"VII edici\u00f3n de ExpoCoaching"}]},{"@type":"WebSite","@id":"https:\/\/www.clubdelemprendimiento.com\/blog\/#website","url":"https:\/\/www.clubdelemprendimiento.com\/blog\/","name":"Blog Club del Emprendimiento","description":"","potentialAction":[{"@type":"SearchAction","target":{"@type":"EntryPoint","urlTemplate":"https:\/\/www.clubdelemprendimiento.com\/blog\/?s={search_term_string}"},"query-input":"required name=search_term_string"}],"inLanguage":"es"},{"@type":"Person","@id":"https:\/\/www.clubdelemprendimiento.com\/blog\/#\/schema\/person\/f3bdff62b4f619d73474d72247506e1d","name":"Redacci\u00f3n","image":{"@type":"ImageObject","inLanguage":"es","@id":"https:\/\/www.clubdelemprendimiento.com\/blog\/#\/schema\/person\/image\/","url":"https:\/\/secure.gravatar.com\/avatar\/ec35a673c4f3054fd57b81a822e16040?s=96&d=mm&r=g","contentUrl":"https:\/\/secure.gravatar.com\/avatar\/ec35a673c4f3054fd57b81a822e16040?s=96&d=mm&r=g","caption":"Redacci\u00f3n"},"url":"https:\/\/www.clubdelemprendimiento.com\/blog\/author\/redaccion\/"}]}},"_links":{"self":[{"href":"https:\/\/www.clubdelemprendimiento.com\/blog\/wp-json\/wp\/v2\/posts\/13291"}],"collection":[{"href":"https:\/\/www.clubdelemprendimiento.com\/blog\/wp-json\/wp\/v2\/posts"}],"about":[{"href":"https:\/\/www.clubdelemprendimiento.com\/blog\/wp-json\/wp\/v2\/types\/post"}],"author":[{"embeddable":true,"href":"https:\/\/www.clubdelemprendimiento.com\/blog\/wp-json\/wp\/v2\/users\/4"}],"replies":[{"embeddable":true,"href":"https:\/\/www.clubdelemprendimiento.com\/blog\/wp-json\/wp\/v2\/comments?post=13291"}],"version-history":[{"count":2,"href":"https:\/\/www.clubdelemprendimiento.com\/blog\/wp-json\/wp\/v2\/posts\/13291\/revisions"}],"predecessor-version":[{"id":13294,"href":"https:\/\/www.clubdelemprendimiento.com\/blog\/wp-json\/wp\/v2\/posts\/13291\/revisions\/13294"}],"wp:featuredmedia":[{"embeddable":true,"href":"https:\/\/www.clubdelemprendimiento.com\/blog\/wp-json\/wp\/v2\/media\/13293"}],"wp:attachment":[{"href":"https:\/\/www.clubdelemprendimiento.com\/blog\/wp-json\/wp\/v2\/media?parent=13291"}],"wp:term":[{"taxonomy":"category","embeddable":true,"href":"https:\/\/www.clubdelemprendimiento.com\/blog\/wp-json\/wp\/v2\/categories?post=13291"},{"taxonomy":"post_tag","embeddable":true,"href":"https:\/\/www.clubdelemprendimiento.com\/blog\/wp-json\/wp\/v2\/tags?post=13291"}],"curies":[{"name":"wp","href":"https:\/\/api.w.org\/{rel}","templated":true}]}}