{"id":13284,"date":"2020-02-25T10:00:30","date_gmt":"2020-02-25T10:00:30","guid":{"rendered":"https:\/\/www.clubdelemprendimiento.com\/blog\/?p=13284"},"modified":"2020-02-19T11:41:43","modified_gmt":"2020-02-19T11:41:43","slug":"como-es-el-subsidio-para-autonomos-mayores-de-52-anos-propuesto-por-upta","status":"publish","type":"post","link":"https:\/\/www.clubdelemprendimiento.com\/blog\/autonomos\/como-es-el-subsidio-para-autonomos-mayores-de-52-anos-propuesto-por-upta\/","title":{"rendered":"C\u00f3mo es el subsidio para aut\u00f3nomos mayores de 52 a\u00f1os propuesto por UPTA"},"content":{"rendered":"<p>Los aut\u00f3nomos mayores de 52 a\u00f1os y se enfrenten a un cese de actividad podr\u00e1n acceder a un subsidio especial. As\u00ed lo proponen desde la\u00a0Uni\u00f3n de Profesionales Trabajadores Aut\u00f3nomos (UPTA). En concreto, se pro&#8217;pone que estos trabajadores puedan optar a una ayuda, siempre que hayan agotado\u00a0la prestaci\u00f3n o ayuda para el desempleo y tengan cumplidos los 52 a\u00f1os.<\/p>\n<p>Seg\u00fan UPTA, esta prestaci\u00f3n puede ser compatible con otras, aunque los requisitos que plantea la propuesta es que los\u00a0aut\u00f3nomos que puedan acceder al subsidio, no pueden tener ingresos brutos anuales superiores al 75% del Salario M\u00ednimo Interprofesiona (SMI). Es decir, que no deber\u00e1n superar sus ingresos los 712 euros al mes.<\/p>\n<h2>Requisitos y cuant\u00eda de esta ayuda para aut\u00f3nomos<\/h2>\n<p>Otra de las condiciones que expone UPTA es que los aut\u00f3nomos han de tener un periodo m\u00ednimo de cotizaci\u00f3n. En concreto, se exige tener cotizados a la Seguridad Social al menos 15 a\u00f1os. Adem\u00e1s, dos de ellos han de estar incluidos en los \u00faltimos 15. Tambi\u00e9n, desde la misma asociaci\u00f3n, exponen que es imprescindible tener al menos 6 a\u00f1os cotizados por desempleo en el r\u00e9gimen general durante toda la vida laboral. Asimismo, el profesional aut\u00f3nomo debe estar inscrito como demandante de empleo de manera ininterrumpida desde que finaliz\u00f3 la prestaci\u00f3n, al margen de que est\u00e1n permitidos periodos de actividad inferiores a tres meses.<\/p>\n<p>Tambi\u00e9n es necesario haber cotizado en el sistema espec\u00edfico de protecci\u00f3n por cese de actividad durante un a\u00f1o en el periodo en el RETA. Esto deber\u00e1 ser de 13 meses a partir de diciembre de este a\u00f1o. Desde UPTA ta,bi\u00e9n recogen la necesidad de haber\u00a0sido beneficiarios de la prestaci\u00f3n por cese de actividad al menos durante 4 meses y haberse consumido.<\/p>\n<p>La ayuda para este colectivo es del 80% del IPREM. Es decir, 430,27 euros, y la cotizaci\u00f3n a la seguridad social ser\u00e1 del 125% de la base m\u00ednima establecida en el momento concreto.<\/p>\n<h2>Equivalente a la prestaci\u00f3n de asalariados<\/h2>\n<p>La finalidad de la propuesta de UPTA es que se equipare a la ayuda a los asalariados.\u00a0 Afirman que este subsidio es necesarios porque \u201c<em>en muchos casos estamos hablando de trabajadores por cuenta propia que proceden de los sectores m\u00e1s d\u00e9biles de la econom\u00eda, como el agrario, las actividades del mar o el comercio minorista, que han sufrido con m\u00e1s dureza los efectos de la crisis\u201d<\/em>.<\/p>\n","protected":false},"excerpt":{"rendered":"<p>Los aut\u00f3nomos mayores de 52 a\u00f1os y se enfrenten a un cese de actividad&hellip;<\/p>\n","protected":false},"author":5,"featured_media":13289,"comment_status":"open","ping_status":"open","sticky":false,"template":"","format":"standard","meta":{"_acf_changed":false,"footnotes":""},"categories":[255],"tags":[],"acf":[],"yoast_head":"<!-- This site is optimized with the Yoast SEO plugin v22.7 - https:\/\/yoast.com\/wordpress\/plugins\/seo\/ -->\n<title>C\u00f3mo es el subsidio para aut\u00f3nomos mayores de 52 a\u00f1os propuesto por UPTA - Blog Club del Emprendimiento<\/title>\n<meta name=\"robots\" content=\"index, follow, max-snippet:-1, max-image-preview:large, max-video-preview:-1\" \/>\n<link rel=\"canonical\" href=\"https:\/\/www.clubdelemprendimiento.com\/blog\/autonomos\/como-es-el-subsidio-para-autonomos-mayores-de-52-anos-propuesto-por-upta\/\" \/>\n<meta property=\"og:locale\" content=\"es_ES\" \/>\n<meta property=\"og:type\" content=\"article\" \/>\n<meta property=\"og:title\" content=\"C\u00f3mo es el subsidio para aut\u00f3nomos mayores de 52 a\u00f1os propuesto por UPTA - Blog Club del Emprendimiento\" \/>\n<meta property=\"og:description\" content=\"Los aut\u00f3nomos mayores de 52 a\u00f1os y se enfrenten a un cese de actividad&hellip;\" \/>\n<meta property=\"og:url\" content=\"https:\/\/www.clubdelemprendimiento.com\/blog\/autonomos\/como-es-el-subsidio-para-autonomos-mayores-de-52-anos-propuesto-por-upta\/\" \/>\n<meta property=\"og:site_name\" content=\"Blog Club del Emprendimiento\" \/>\n<meta property=\"article:published_time\" content=\"2020-02-25T10:00:30+00:00\" \/>\n<meta property=\"article:modified_time\" content=\"2020-02-19T11:41:43+00:00\" \/>\n<meta property=\"og:image\" content=\"https:\/\/www.clubdelemprendimiento.com\/blog\/wp-content\/uploads\/2020\/02\/hands-545394_1280.jpg\" \/>\n\t<meta property=\"og:image:width\" content=\"1280\" \/>\n\t<meta property=\"og:image:height\" content=\"853\" \/>\n\t<meta property=\"og:image:type\" content=\"image\/jpeg\" \/>\n<meta name=\"author\" content=\"Luc\u00eda Vera\" \/>\n<meta name=\"twitter:card\" content=\"summary_large_image\" \/>\n<meta name=\"twitter:label1\" content=\"Escrito por\" \/>\n\t<meta name=\"twitter:data1\" content=\"Luc\u00eda Vera\" \/>\n\t<meta name=\"twitter:label2\" content=\"Tiempo de lectura\" \/>\n\t<meta name=\"twitter:data2\" content=\"2 minutos\" \/>\n<script type=\"application\/ld+json\" class=\"yoast-schema-graph\">{\"@context\":\"https:\/\/schema.org\",\"@graph\":[{\"@type\":\"WebPage\",\"@id\":\"https:\/\/www.clubdelemprendimiento.com\/blog\/autonomos\/como-es-el-subsidio-para-autonomos-mayores-de-52-anos-propuesto-por-upta\/\",\"url\":\"https:\/\/www.clubdelemprendimiento.com\/blog\/autonomos\/como-es-el-subsidio-para-autonomos-mayores-de-52-anos-propuesto-por-upta\/\",\"name\":\"C\u00f3mo es el subsidio para aut\u00f3nomos mayores de 52 a\u00f1os propuesto por UPTA - Blog Club del Emprendimiento\",\"isPartOf\":{\"@id\":\"https:\/\/www.clubdelemprendimiento.com\/blog\/#website\"},\"primaryImageOfPage\":{\"@id\":\"https:\/\/www.clubdelemprendimiento.com\/blog\/autonomos\/como-es-el-subsidio-para-autonomos-mayores-de-52-anos-propuesto-por-upta\/#primaryimage\"},\"image\":{\"@id\":\"https:\/\/www.clubdelemprendimiento.com\/blog\/autonomos\/como-es-el-subsidio-para-autonomos-mayores-de-52-anos-propuesto-por-upta\/#primaryimage\"},\"thumbnailUrl\":\"https:\/\/www.clubdelemprendimiento.com\/blog\/wp-content\/uploads\/2020\/02\/hands-545394_1280.jpg\",\"datePublished\":\"2020-02-25T10:00:30+00:00\",\"dateModified\":\"2020-02-19T11:41:43+00:00\",\"author\":{\"@id\":\"https:\/\/www.clubdelemprendimiento.com\/blog\/#\/schema\/person\/fe481a2c767de00924b39ab766936ddf\"},\"breadcrumb\":{\"@id\":\"https:\/\/www.clubdelemprendimiento.com\/blog\/autonomos\/como-es-el-subsidio-para-autonomos-mayores-de-52-anos-propuesto-por-upta\/#breadcrumb\"},\"inLanguage\":\"es\",\"potentialAction\":[{\"@type\":\"ReadAction\",\"target\":[\"https:\/\/www.clubdelemprendimiento.com\/blog\/autonomos\/como-es-el-subsidio-para-autonomos-mayores-de-52-anos-propuesto-por-upta\/\"]}]},{\"@type\":\"ImageObject\",\"inLanguage\":\"es\",\"@id\":\"https:\/\/www.clubdelemprendimiento.com\/blog\/autonomos\/como-es-el-subsidio-para-autonomos-mayores-de-52-anos-propuesto-por-upta\/#primaryimage\",\"url\":\"https:\/\/www.clubdelemprendimiento.com\/blog\/wp-content\/uploads\/2020\/02\/hands-545394_1280.jpg\",\"contentUrl\":\"https:\/\/www.clubdelemprendimiento.com\/blog\/wp-content\/uploads\/2020\/02\/hands-545394_1280.jpg\",\"width\":1280,\"height\":853,\"caption\":\"autonomos mayor\"},{\"@type\":\"BreadcrumbList\",\"@id\":\"https:\/\/www.clubdelemprendimiento.com\/blog\/autonomos\/como-es-el-subsidio-para-autonomos-mayores-de-52-anos-propuesto-por-upta\/#breadcrumb\",\"itemListElement\":[{\"@type\":\"ListItem\",\"position\":1,\"name\":\"Home\",\"item\":\"https:\/\/www.clubdelemprendimiento.com\/blog\/\"},{\"@type\":\"ListItem\",\"position\":2,\"name\":\"C\u00f3mo es el subsidio para aut\u00f3nomos mayores de 52 a\u00f1os propuesto por UPTA\"}]},{\"@type\":\"WebSite\",\"@id\":\"https:\/\/www.clubdelemprendimiento.com\/blog\/#website\",\"url\":\"https:\/\/www.clubdelemprendimiento.com\/blog\/\",\"name\":\"Blog Club del Emprendimiento\",\"description\":\"\",\"potentialAction\":[{\"@type\":\"SearchAction\",\"target\":{\"@type\":\"EntryPoint\",\"urlTemplate\":\"https:\/\/www.clubdelemprendimiento.com\/blog\/?s={search_term_string}\"},\"query-input\":\"required name=search_term_string\"}],\"inLanguage\":\"es\"},{\"@type\":\"Person\",\"@id\":\"https:\/\/www.clubdelemprendimiento.com\/blog\/#\/schema\/person\/fe481a2c767de00924b39ab766936ddf\",\"name\":\"Luc\u00eda Vera\",\"image\":{\"@type\":\"ImageObject\",\"inLanguage\":\"es\",\"@id\":\"https:\/\/www.clubdelemprendimiento.com\/blog\/#\/schema\/person\/image\/\",\"url\":\"https:\/\/secure.gravatar.com\/avatar\/a7985f0a535e8f0be3026ac89e0a79c6?s=96&d=mm&r=g\",\"contentUrl\":\"https:\/\/secure.gravatar.com\/avatar\/a7985f0a535e8f0be3026ac89e0a79c6?s=96&d=mm&r=g\",\"caption\":\"Luc\u00eda Vera\"},\"url\":\"https:\/\/www.clubdelemprendimiento.com\/blog\/author\/luciavera\/\"}]}<\/script>\n<!-- \/ Yoast SEO plugin. -->","yoast_head_json":{"title":"C\u00f3mo es el subsidio para aut\u00f3nomos mayores de 52 a\u00f1os propuesto por UPTA - Blog Club del Emprendimiento","robots":{"index":"index","follow":"follow","max-snippet":"max-snippet:-1","max-image-preview":"max-image-preview:large","max-video-preview":"max-video-preview:-1"},"canonical":"https:\/\/www.clubdelemprendimiento.com\/blog\/autonomos\/como-es-el-subsidio-para-autonomos-mayores-de-52-anos-propuesto-por-upta\/","og_locale":"es_ES","og_type":"article","og_title":"C\u00f3mo es el subsidio para aut\u00f3nomos mayores de 52 a\u00f1os propuesto por UPTA - Blog Club del Emprendimiento","og_description":"Los aut\u00f3nomos mayores de 52 a\u00f1os y se enfrenten a un cese de actividad&hellip;","og_url":"https:\/\/www.clubdelemprendimiento.com\/blog\/autonomos\/como-es-el-subsidio-para-autonomos-mayores-de-52-anos-propuesto-por-upta\/","og_site_name":"Blog Club del Emprendimiento","article_published_time":"2020-02-25T10:00:30+00:00","article_modified_time":"2020-02-19T11:41:43+00:00","og_image":[{"width":1280,"height":853,"url":"https:\/\/www.clubdelemprendimiento.com\/blog\/wp-content\/uploads\/2020\/02\/hands-545394_1280.jpg","type":"image\/jpeg"}],"author":"Luc\u00eda Vera","twitter_card":"summary_large_image","twitter_misc":{"Escrito por":"Luc\u00eda Vera","Tiempo de lectura":"2 minutos"},"schema":{"@context":"https:\/\/schema.org","@graph":[{"@type":"WebPage","@id":"https:\/\/www.clubdelemprendimiento.com\/blog\/autonomos\/como-es-el-subsidio-para-autonomos-mayores-de-52-anos-propuesto-por-upta\/","url":"https:\/\/www.clubdelemprendimiento.com\/blog\/autonomos\/como-es-el-subsidio-para-autonomos-mayores-de-52-anos-propuesto-por-upta\/","name":"C\u00f3mo es el subsidio para aut\u00f3nomos mayores de 52 a\u00f1os propuesto por UPTA - Blog Club del Emprendimiento","isPartOf":{"@id":"https:\/\/www.clubdelemprendimiento.com\/blog\/#website"},"primaryImageOfPage":{"@id":"https:\/\/www.clubdelemprendimiento.com\/blog\/autonomos\/como-es-el-subsidio-para-autonomos-mayores-de-52-anos-propuesto-por-upta\/#primaryimage"},"image":{"@id":"https:\/\/www.clubdelemprendimiento.com\/blog\/autonomos\/como-es-el-subsidio-para-autonomos-mayores-de-52-anos-propuesto-por-upta\/#primaryimage"},"thumbnailUrl":"https:\/\/www.clubdelemprendimiento.com\/blog\/wp-content\/uploads\/2020\/02\/hands-545394_1280.jpg","datePublished":"2020-02-25T10:00:30+00:00","dateModified":"2020-02-19T11:41:43+00:00","author":{"@id":"https:\/\/www.clubdelemprendimiento.com\/blog\/#\/schema\/person\/fe481a2c767de00924b39ab766936ddf"},"breadcrumb":{"@id":"https:\/\/www.clubdelemprendimiento.com\/blog\/autonomos\/como-es-el-subsidio-para-autonomos-mayores-de-52-anos-propuesto-por-upta\/#breadcrumb"},"inLanguage":"es","potentialAction":[{"@type":"ReadAction","target":["https:\/\/www.clubdelemprendimiento.com\/blog\/autonomos\/como-es-el-subsidio-para-autonomos-mayores-de-52-anos-propuesto-por-upta\/"]}]},{"@type":"ImageObject","inLanguage":"es","@id":"https:\/\/www.clubdelemprendimiento.com\/blog\/autonomos\/como-es-el-subsidio-para-autonomos-mayores-de-52-anos-propuesto-por-upta\/#primaryimage","url":"https:\/\/www.clubdelemprendimiento.com\/blog\/wp-content\/uploads\/2020\/02\/hands-545394_1280.jpg","contentUrl":"https:\/\/www.clubdelemprendimiento.com\/blog\/wp-content\/uploads\/2020\/02\/hands-545394_1280.jpg","width":1280,"height":853,"caption":"autonomos mayor"},{"@type":"BreadcrumbList","@id":"https:\/\/www.clubdelemprendimiento.com\/blog\/autonomos\/como-es-el-subsidio-para-autonomos-mayores-de-52-anos-propuesto-por-upta\/#breadcrumb","itemListElement":[{"@type":"ListItem","position":1,"name":"Home","item":"https:\/\/www.clubdelemprendimiento.com\/blog\/"},{"@type":"ListItem","position":2,"name":"C\u00f3mo es el subsidio para aut\u00f3nomos mayores de 52 a\u00f1os propuesto por UPTA"}]},{"@type":"WebSite","@id":"https:\/\/www.clubdelemprendimiento.com\/blog\/#website","url":"https:\/\/www.clubdelemprendimiento.com\/blog\/","name":"Blog Club del Emprendimiento","description":"","potentialAction":[{"@type":"SearchAction","target":{"@type":"EntryPoint","urlTemplate":"https:\/\/www.clubdelemprendimiento.com\/blog\/?s={search_term_string}"},"query-input":"required name=search_term_string"}],"inLanguage":"es"},{"@type":"Person","@id":"https:\/\/www.clubdelemprendimiento.com\/blog\/#\/schema\/person\/fe481a2c767de00924b39ab766936ddf","name":"Luc\u00eda Vera","image":{"@type":"ImageObject","inLanguage":"es","@id":"https:\/\/www.clubdelemprendimiento.com\/blog\/#\/schema\/person\/image\/","url":"https:\/\/secure.gravatar.com\/avatar\/a7985f0a535e8f0be3026ac89e0a79c6?s=96&d=mm&r=g","contentUrl":"https:\/\/secure.gravatar.com\/avatar\/a7985f0a535e8f0be3026ac89e0a79c6?s=96&d=mm&r=g","caption":"Luc\u00eda Vera"},"url":"https:\/\/www.clubdelemprendimiento.com\/blog\/author\/luciavera\/"}]}},"_links":{"self":[{"href":"https:\/\/www.clubdelemprendimiento.com\/blog\/wp-json\/wp\/v2\/posts\/13284"}],"collection":[{"href":"https:\/\/www.clubdelemprendimiento.com\/blog\/wp-json\/wp\/v2\/posts"}],"about":[{"href":"https:\/\/www.clubdelemprendimiento.com\/blog\/wp-json\/wp\/v2\/types\/post"}],"author":[{"embeddable":true,"href":"https:\/\/www.clubdelemprendimiento.com\/blog\/wp-json\/wp\/v2\/users\/5"}],"replies":[{"embeddable":true,"href":"https:\/\/www.clubdelemprendimiento.com\/blog\/wp-json\/wp\/v2\/comments?post=13284"}],"version-history":[{"count":4,"href":"https:\/\/www.clubdelemprendimiento.com\/blog\/wp-json\/wp\/v2\/posts\/13284\/revisions"}],"predecessor-version":[{"id":13288,"href":"https:\/\/www.clubdelemprendimiento.com\/blog\/wp-json\/wp\/v2\/posts\/13284\/revisions\/13288"}],"wp:featuredmedia":[{"embeddable":true,"href":"https:\/\/www.clubdelemprendimiento.com\/blog\/wp-json\/wp\/v2\/media\/13289"}],"wp:attachment":[{"href":"https:\/\/www.clubdelemprendimiento.com\/blog\/wp-json\/wp\/v2\/media?parent=13284"}],"wp:term":[{"taxonomy":"category","embeddable":true,"href":"https:\/\/www.clubdelemprendimiento.com\/blog\/wp-json\/wp\/v2\/categories?post=13284"},{"taxonomy":"post_tag","embeddable":true,"href":"https:\/\/www.clubdelemprendimiento.com\/blog\/wp-json\/wp\/v2\/tags?post=13284"}],"curies":[{"name":"wp","href":"https:\/\/api.w.org\/{rel}","templated":true}]}}