{"id":13006,"date":"2019-12-24T10:00:27","date_gmt":"2019-12-24T10:00:27","guid":{"rendered":"https:\/\/www.clubdelemprendimiento.com\/blog\/?p=13006"},"modified":"2019-12-03T13:04:06","modified_gmt":"2019-12-03T13:04:06","slug":"autonomos-zonas-rurales","status":"publish","type":"post","link":"https:\/\/www.clubdelemprendimiento.com\/blog\/autonomos\/autonomos-zonas-rurales\/","title":{"rendered":"Espa\u00f1a, l\u00edder en aut\u00f3nomos rurales"},"content":{"rendered":"<p><strong>Espa\u00f1a es el tercer pa\u00eds de la Uni\u00f3n Europea con mayor n\u00famero de aut\u00f3nomos trabajando en zonas rurales.<\/strong> Concretamente hay un 18\u20196% de los trabajadores aut\u00f3nomos lo son en zonas rurales. Aun as\u00ed, Espa\u00f1a se sit\u00faa por detr\u00e1s de los Pa\u00edses Bajos, que cuentan con casi un 30% de aut\u00f3nomos en zonas rurales, y Francia, donde se encuentran en zonas poco pobladas el 22% de los aut\u00f3nomos.<\/p>\n<p>Estos datos, proporcionados por la Oficina de Estad\u00edsticas Europeas (<a href=\"https:\/\/ec.europa.eu\/eurostat\/home?\" target=\"_blank\" rel=\"noopener\">Eurostat<\/a>), se han extra\u00eddo de una comparaci\u00f3n entre 16 pa\u00edses europeos sobre el n\u00famero de trabajadores aut\u00f3nomos en zonas poco pobladas. Adem\u00e1s, se\u00a0 extrae de esta encuesta que la tendencia ir\u00e1 en alza. En Espa\u00f1a, para el a\u00f1o 2009, el n\u00famero d<a href=\"https:\/\/www.clubdelemprendimiento.com\/blog\/autonomos\/ciudadanos-autonomos-rurales\/\" target=\"_blank\" rel=\"noopener\">e trabajadores aut\u00f3nomos en zonas rurales<\/a> aumentar\u00e1 en un 3\u20194%.<\/p>\n<p>Varios son los factores que provocan que cada vez m\u00e1s personas decidan trasladarse a zonas menos rurales. Entre ellos, el encarecimiento de la vivienda en las zonas urbanas y las ayudas oficiales por parte del Gobierno, como la tarifa plana extendida para los aut\u00f3nomos que decidan trasladarse a esta zona.<\/p>\n<h2>Los pa\u00edses con menos aut\u00f3nomos rurales<\/h2>\n<p>Los pa\u00edses que cuentan con menor n\u00famero de aut\u00f3nomos en zonas rurales son Noruega, Alemania o Luxemburgo. Es m\u00e1s, ninguno de estos llega a superar el 10% en las zonas rurales. Concretamente, Noruega tiene un 7\u20193%, Alemania un 8\u20191% y Luxemburgo un 9\u20194%.<\/p>\n<p>La media europea se encuentra en 13\u20192%, la cual Espa\u00f1a supera en cinco puntos. Sin embargo, junto con Espa\u00f1a, \u00fanicamente hay tres pa\u00edses m\u00e1s que superen este porcentaje. Son Reino Unido, con el 14\u20197%; Suecia, con el 15\u20198%; y B\u00e9lgica, con el 16\u20198%.<\/p>\n<p>Sin embargo, s\u00ed que hay pa\u00edses que est\u00e1n aumentando el n\u00famero de aut\u00f3nomos en estas zonas por encima de Espa\u00f1a. Irlanda, por ejemplo, ha pasado de un 8% al 13\u20192%. Reino Unido tambi\u00e9n ha ido aumentando el n\u00famero de aut\u00f3nomos en zonas rurales desde 2009. Concretamente, su incremento se ha dado en cinco puntos.<\/p>\n","protected":false},"excerpt":{"rendered":"<p>Espa\u00f1a es el tercer pa\u00eds de la Uni\u00f3n Europea con mayor n\u00famero de aut\u00f3nomos&hellip;<\/p>\n","protected":false},"author":6,"featured_media":13007,"comment_status":"open","ping_status":"open","sticky":false,"template":"","format":"standard","meta":{"_acf_changed":false,"footnotes":""},"categories":[255],"tags":[],"acf":[],"yoast_head":"<!-- This site is optimized with the Yoast SEO plugin v22.7 - https:\/\/yoast.com\/wordpress\/plugins\/seo\/ -->\n<title>Espa\u00f1a, l\u00edder en aut\u00f3nomos rurales - Blog Club del Emprendimiento<\/title>\n<meta name=\"robots\" content=\"index, follow, max-snippet:-1, max-image-preview:large, max-video-preview:-1\" \/>\n<link rel=\"canonical\" href=\"https:\/\/www.clubdelemprendimiento.com\/blog\/autonomos\/autonomos-zonas-rurales\/\" \/>\n<meta property=\"og:locale\" content=\"es_ES\" \/>\n<meta property=\"og:type\" content=\"article\" \/>\n<meta property=\"og:title\" content=\"Espa\u00f1a, l\u00edder en aut\u00f3nomos rurales - Blog Club del Emprendimiento\" \/>\n<meta property=\"og:description\" content=\"Espa\u00f1a es el tercer pa\u00eds de la Uni\u00f3n Europea con mayor n\u00famero de aut\u00f3nomos&hellip;\" \/>\n<meta property=\"og:url\" content=\"https:\/\/www.clubdelemprendimiento.com\/blog\/autonomos\/autonomos-zonas-rurales\/\" \/>\n<meta property=\"og:site_name\" content=\"Blog Club del Emprendimiento\" \/>\n<meta property=\"article:published_time\" content=\"2019-12-24T10:00:27+00:00\" \/>\n<meta property=\"article:modified_time\" content=\"2019-12-03T13:04:06+00:00\" \/>\n<meta property=\"og:image\" content=\"https:\/\/www.clubdelemprendimiento.com\/blog\/wp-content\/uploads\/2019\/10\/farmer-3431359_640.jpg\" \/>\n\t<meta property=\"og:image:width\" content=\"640\" \/>\n\t<meta property=\"og:image:height\" content=\"425\" \/>\n\t<meta property=\"og:image:type\" content=\"image\/jpeg\" \/>\n<meta name=\"author\" content=\"Rebeca Mendoza\" \/>\n<meta name=\"twitter:card\" content=\"summary_large_image\" \/>\n<meta name=\"twitter:label1\" content=\"Escrito por\" \/>\n\t<meta name=\"twitter:data1\" content=\"Rebeca Mendoza\" \/>\n\t<meta name=\"twitter:label2\" content=\"Tiempo de lectura\" \/>\n\t<meta name=\"twitter:data2\" content=\"2 minutos\" \/>\n<script type=\"application\/ld+json\" class=\"yoast-schema-graph\">{\"@context\":\"https:\/\/schema.org\",\"@graph\":[{\"@type\":\"WebPage\",\"@id\":\"https:\/\/www.clubdelemprendimiento.com\/blog\/autonomos\/autonomos-zonas-rurales\/\",\"url\":\"https:\/\/www.clubdelemprendimiento.com\/blog\/autonomos\/autonomos-zonas-rurales\/\",\"name\":\"Espa\u00f1a, l\u00edder en aut\u00f3nomos rurales - Blog Club del Emprendimiento\",\"isPartOf\":{\"@id\":\"https:\/\/www.clubdelemprendimiento.com\/blog\/#website\"},\"primaryImageOfPage\":{\"@id\":\"https:\/\/www.clubdelemprendimiento.com\/blog\/autonomos\/autonomos-zonas-rurales\/#primaryimage\"},\"image\":{\"@id\":\"https:\/\/www.clubdelemprendimiento.com\/blog\/autonomos\/autonomos-zonas-rurales\/#primaryimage\"},\"thumbnailUrl\":\"https:\/\/www.clubdelemprendimiento.com\/blog\/wp-content\/uploads\/2019\/10\/farmer-3431359_640.jpg\",\"datePublished\":\"2019-12-24T10:00:27+00:00\",\"dateModified\":\"2019-12-03T13:04:06+00:00\",\"author\":{\"@id\":\"https:\/\/www.clubdelemprendimiento.com\/blog\/#\/schema\/person\/bc14f3c8dc7b1a05fa1329c67a9f952d\"},\"breadcrumb\":{\"@id\":\"https:\/\/www.clubdelemprendimiento.com\/blog\/autonomos\/autonomos-zonas-rurales\/#breadcrumb\"},\"inLanguage\":\"es\",\"potentialAction\":[{\"@type\":\"ReadAction\",\"target\":[\"https:\/\/www.clubdelemprendimiento.com\/blog\/autonomos\/autonomos-zonas-rurales\/\"]}]},{\"@type\":\"ImageObject\",\"inLanguage\":\"es\",\"@id\":\"https:\/\/www.clubdelemprendimiento.com\/blog\/autonomos\/autonomos-zonas-rurales\/#primaryimage\",\"url\":\"https:\/\/www.clubdelemprendimiento.com\/blog\/wp-content\/uploads\/2019\/10\/farmer-3431359_640.jpg\",\"contentUrl\":\"https:\/\/www.clubdelemprendimiento.com\/blog\/wp-content\/uploads\/2019\/10\/farmer-3431359_640.jpg\",\"width\":640,\"height\":425,\"caption\":\"aut\u00f3nomo zonas rurales\"},{\"@type\":\"BreadcrumbList\",\"@id\":\"https:\/\/www.clubdelemprendimiento.com\/blog\/autonomos\/autonomos-zonas-rurales\/#breadcrumb\",\"itemListElement\":[{\"@type\":\"ListItem\",\"position\":1,\"name\":\"Home\",\"item\":\"https:\/\/www.clubdelemprendimiento.com\/blog\/\"},{\"@type\":\"ListItem\",\"position\":2,\"name\":\"Espa\u00f1a, l\u00edder en aut\u00f3nomos rurales\"}]},{\"@type\":\"WebSite\",\"@id\":\"https:\/\/www.clubdelemprendimiento.com\/blog\/#website\",\"url\":\"https:\/\/www.clubdelemprendimiento.com\/blog\/\",\"name\":\"Blog Club del Emprendimiento\",\"description\":\"\",\"potentialAction\":[{\"@type\":\"SearchAction\",\"target\":{\"@type\":\"EntryPoint\",\"urlTemplate\":\"https:\/\/www.clubdelemprendimiento.com\/blog\/?s={search_term_string}\"},\"query-input\":\"required name=search_term_string\"}],\"inLanguage\":\"es\"},{\"@type\":\"Person\",\"@id\":\"https:\/\/www.clubdelemprendimiento.com\/blog\/#\/schema\/person\/bc14f3c8dc7b1a05fa1329c67a9f952d\",\"name\":\"Rebeca Mendoza\",\"image\":{\"@type\":\"ImageObject\",\"inLanguage\":\"es\",\"@id\":\"https:\/\/www.clubdelemprendimiento.com\/blog\/#\/schema\/person\/image\/\",\"url\":\"https:\/\/secure.gravatar.com\/avatar\/2b09138ffab957c2659b80e1b1501b14?s=96&d=mm&r=g\",\"contentUrl\":\"https:\/\/secure.gravatar.com\/avatar\/2b09138ffab957c2659b80e1b1501b14?s=96&d=mm&r=g\",\"caption\":\"Rebeca Mendoza\"},\"url\":\"https:\/\/www.clubdelemprendimiento.com\/blog\/author\/rebecamendoza\/\"}]}<\/script>\n<!-- \/ Yoast SEO plugin. -->","yoast_head_json":{"title":"Espa\u00f1a, l\u00edder en aut\u00f3nomos rurales - Blog Club del Emprendimiento","robots":{"index":"index","follow":"follow","max-snippet":"max-snippet:-1","max-image-preview":"max-image-preview:large","max-video-preview":"max-video-preview:-1"},"canonical":"https:\/\/www.clubdelemprendimiento.com\/blog\/autonomos\/autonomos-zonas-rurales\/","og_locale":"es_ES","og_type":"article","og_title":"Espa\u00f1a, l\u00edder en aut\u00f3nomos rurales - Blog Club del Emprendimiento","og_description":"Espa\u00f1a es el tercer pa\u00eds de la Uni\u00f3n Europea con mayor n\u00famero de aut\u00f3nomos&hellip;","og_url":"https:\/\/www.clubdelemprendimiento.com\/blog\/autonomos\/autonomos-zonas-rurales\/","og_site_name":"Blog Club del Emprendimiento","article_published_time":"2019-12-24T10:00:27+00:00","article_modified_time":"2019-12-03T13:04:06+00:00","og_image":[{"width":640,"height":425,"url":"https:\/\/www.clubdelemprendimiento.com\/blog\/wp-content\/uploads\/2019\/10\/farmer-3431359_640.jpg","type":"image\/jpeg"}],"author":"Rebeca Mendoza","twitter_card":"summary_large_image","twitter_misc":{"Escrito por":"Rebeca Mendoza","Tiempo de lectura":"2 minutos"},"schema":{"@context":"https:\/\/schema.org","@graph":[{"@type":"WebPage","@id":"https:\/\/www.clubdelemprendimiento.com\/blog\/autonomos\/autonomos-zonas-rurales\/","url":"https:\/\/www.clubdelemprendimiento.com\/blog\/autonomos\/autonomos-zonas-rurales\/","name":"Espa\u00f1a, l\u00edder en aut\u00f3nomos rurales - Blog Club del Emprendimiento","isPartOf":{"@id":"https:\/\/www.clubdelemprendimiento.com\/blog\/#website"},"primaryImageOfPage":{"@id":"https:\/\/www.clubdelemprendimiento.com\/blog\/autonomos\/autonomos-zonas-rurales\/#primaryimage"},"image":{"@id":"https:\/\/www.clubdelemprendimiento.com\/blog\/autonomos\/autonomos-zonas-rurales\/#primaryimage"},"thumbnailUrl":"https:\/\/www.clubdelemprendimiento.com\/blog\/wp-content\/uploads\/2019\/10\/farmer-3431359_640.jpg","datePublished":"2019-12-24T10:00:27+00:00","dateModified":"2019-12-03T13:04:06+00:00","author":{"@id":"https:\/\/www.clubdelemprendimiento.com\/blog\/#\/schema\/person\/bc14f3c8dc7b1a05fa1329c67a9f952d"},"breadcrumb":{"@id":"https:\/\/www.clubdelemprendimiento.com\/blog\/autonomos\/autonomos-zonas-rurales\/#breadcrumb"},"inLanguage":"es","potentialAction":[{"@type":"ReadAction","target":["https:\/\/www.clubdelemprendimiento.com\/blog\/autonomos\/autonomos-zonas-rurales\/"]}]},{"@type":"ImageObject","inLanguage":"es","@id":"https:\/\/www.clubdelemprendimiento.com\/blog\/autonomos\/autonomos-zonas-rurales\/#primaryimage","url":"https:\/\/www.clubdelemprendimiento.com\/blog\/wp-content\/uploads\/2019\/10\/farmer-3431359_640.jpg","contentUrl":"https:\/\/www.clubdelemprendimiento.com\/blog\/wp-content\/uploads\/2019\/10\/farmer-3431359_640.jpg","width":640,"height":425,"caption":"aut\u00f3nomo zonas rurales"},{"@type":"BreadcrumbList","@id":"https:\/\/www.clubdelemprendimiento.com\/blog\/autonomos\/autonomos-zonas-rurales\/#breadcrumb","itemListElement":[{"@type":"ListItem","position":1,"name":"Home","item":"https:\/\/www.clubdelemprendimiento.com\/blog\/"},{"@type":"ListItem","position":2,"name":"Espa\u00f1a, l\u00edder en aut\u00f3nomos rurales"}]},{"@type":"WebSite","@id":"https:\/\/www.clubdelemprendimiento.com\/blog\/#website","url":"https:\/\/www.clubdelemprendimiento.com\/blog\/","name":"Blog Club del Emprendimiento","description":"","potentialAction":[{"@type":"SearchAction","target":{"@type":"EntryPoint","urlTemplate":"https:\/\/www.clubdelemprendimiento.com\/blog\/?s={search_term_string}"},"query-input":"required name=search_term_string"}],"inLanguage":"es"},{"@type":"Person","@id":"https:\/\/www.clubdelemprendimiento.com\/blog\/#\/schema\/person\/bc14f3c8dc7b1a05fa1329c67a9f952d","name":"Rebeca Mendoza","image":{"@type":"ImageObject","inLanguage":"es","@id":"https:\/\/www.clubdelemprendimiento.com\/blog\/#\/schema\/person\/image\/","url":"https:\/\/secure.gravatar.com\/avatar\/2b09138ffab957c2659b80e1b1501b14?s=96&d=mm&r=g","contentUrl":"https:\/\/secure.gravatar.com\/avatar\/2b09138ffab957c2659b80e1b1501b14?s=96&d=mm&r=g","caption":"Rebeca Mendoza"},"url":"https:\/\/www.clubdelemprendimiento.com\/blog\/author\/rebecamendoza\/"}]}},"_links":{"self":[{"href":"https:\/\/www.clubdelemprendimiento.com\/blog\/wp-json\/wp\/v2\/posts\/13006"}],"collection":[{"href":"https:\/\/www.clubdelemprendimiento.com\/blog\/wp-json\/wp\/v2\/posts"}],"about":[{"href":"https:\/\/www.clubdelemprendimiento.com\/blog\/wp-json\/wp\/v2\/types\/post"}],"author":[{"embeddable":true,"href":"https:\/\/www.clubdelemprendimiento.com\/blog\/wp-json\/wp\/v2\/users\/6"}],"replies":[{"embeddable":true,"href":"https:\/\/www.clubdelemprendimiento.com\/blog\/wp-json\/wp\/v2\/comments?post=13006"}],"version-history":[{"count":1,"href":"https:\/\/www.clubdelemprendimiento.com\/blog\/wp-json\/wp\/v2\/posts\/13006\/revisions"}],"predecessor-version":[{"id":13008,"href":"https:\/\/www.clubdelemprendimiento.com\/blog\/wp-json\/wp\/v2\/posts\/13006\/revisions\/13008"}],"wp:featuredmedia":[{"embeddable":true,"href":"https:\/\/www.clubdelemprendimiento.com\/blog\/wp-json\/wp\/v2\/media\/13007"}],"wp:attachment":[{"href":"https:\/\/www.clubdelemprendimiento.com\/blog\/wp-json\/wp\/v2\/media?parent=13006"}],"wp:term":[{"taxonomy":"category","embeddable":true,"href":"https:\/\/www.clubdelemprendimiento.com\/blog\/wp-json\/wp\/v2\/categories?post=13006"},{"taxonomy":"post_tag","embeddable":true,"href":"https:\/\/www.clubdelemprendimiento.com\/blog\/wp-json\/wp\/v2\/tags?post=13006"}],"curies":[{"name":"wp","href":"https:\/\/api.w.org\/{rel}","templated":true}]}}