{"id":12842,"date":"2019-09-26T10:00:59","date_gmt":"2019-09-26T10:00:59","guid":{"rendered":"https:\/\/www.clubdelemprendimiento.com\/blog\/?p=12842"},"modified":"2019-09-26T16:17:29","modified_gmt":"2019-09-26T16:17:29","slug":"nace-la-primera-edicion-de-los-premios-de-emprendimiento-aeen-metxa","status":"publish","type":"post","link":"https:\/\/www.clubdelemprendimiento.com\/blog\/nuestros-emprendedores\/nace-la-primera-edicion-de-los-premios-de-emprendimiento-aeen-metxa\/","title":{"rendered":"Nace la primera edici\u00f3n de los premios de Emprendimiento AEEN\/Metxa"},"content":{"rendered":"<p>La Asociaci\u00f3n Espa\u00f1ola de Escuelas de Negocios (<a href=\"http:\/\/www.aeen.org\/\" target=\"_blank\" rel=\"noopener\">AEEN<\/a>), junto con la Aceleradora de Proyectos para Emprendedores,\u00a0<a href=\"https:\/\/metxa.com\/aeen\/\" target=\"_blank\" rel=\"noopener\">Metxa<\/a>, ponen en marcha esta iniciativa para premiar el emprendimiento. Cuenta con la colaboraci\u00f3n de las escuelas de Negocios asociadas a la AEEN. Esto<strong>s premios nacen con el fin de favorecer y difundir ideas innovadoras.<\/strong> Adem\u00e1s, se quiere apoyar el emprendimiento y ayudar a la creaci\u00f3n de nuevo empleo y desarrollo de negocios nuevos.<\/p>\n<h2>Concurso y premios<\/h2>\n<p>Pueden presentar sus propuestas los <strong>alumnos (actuales y antiguos) de todas las Escuelas de Negocios de AEEN que tengan una actividad emprendedora<\/strong>. \u00c9sta puede estar en una fase inicial, con la idea, o en proceso de validaci\u00f3n. Tambi\u00e9n es requisito indispensable que, al menos, parte de la actividad sea en territorio espa\u00f1ol.<\/p>\n<p>Estos premios cuentan con tres seleccionados. El tercero es una menci\u00f3n especial a la Escuela de Negocios que m\u00e1s se preocupe con fomentar el perfil emprendedor en busca de crear nuevos negocios. En segundo lugar son tres los afortunados que se llevar\u00e1n una beca que consiste en el 50% del coste del programa. Es decir, 2.250 euros para acceder al programa y red de inversores de Metxa. El <strong>primer premio es una plaza para el bootcamp,<\/strong> adem\u00e1s del acceso a la red de inversores. La plaza en bootcamp est\u00e1 valorada en 4.500 euros.<\/p>\n<h2>Programa de aceleraci\u00f3n Bootcamp<\/h2>\n<p>El programa consta de ocho meses y medio. En este tiempo, el programa se divide en dos partes. La primera consta de diez semanas. En ellas, e<strong>l trabajo es intensivo y se consigue que los emprendedores solucionen retos en tiempos determinados.<\/strong> A lo largo de las semanas tiene n tutor\u00edas personalizadas y <em>sprints<\/em> para la resoluci\u00f3n de los retos.<\/p>\n<p>La segunda parte duara seis meses y se basa en el<strong> seguimiento de los proyectos.<\/strong>\u00a0 A lo largo de este tiempo, adem\u00e1s de la optimizaci\u00f3n de su proyecto, los aspirantes contar\u00e1n con webinars \u00a0de diversas tem\u00e1ticas. El programa para los ganadores comienza en enero de 2020.<\/p>\n<p>Las inscripciones est\u00e1n abiertas hasta el lunes 30 de septiembre. Para ello, los interesados han de <strong>registrarse en <a href=\"https:\/\/metxa.com\/aeen\/inscripcion-premios-aeen\/\">este link<\/a>.<\/strong><\/p>\n","protected":false},"excerpt":{"rendered":"<p>La Asociaci\u00f3n Espa\u00f1ola de Escuelas de Negocios (AEEN), junto con la Aceleradora de Proyectos&hellip;<\/p>\n","protected":false},"author":5,"featured_media":12843,"comment_status":"open","ping_status":"open","sticky":false,"template":"","format":"standard","meta":{"_acf_changed":false,"footnotes":""},"categories":[91,104],"tags":[],"acf":[],"yoast_head":"<!-- This site is optimized with the Yoast SEO plugin v22.7 - https:\/\/yoast.com\/wordpress\/plugins\/seo\/ -->\n<title>Nace la primera edici\u00f3n de los premios de Emprendimiento AEEN\/Metxa - Blog Club del Emprendimiento<\/title>\n<meta name=\"robots\" content=\"index, follow, max-snippet:-1, max-image-preview:large, max-video-preview:-1\" \/>\n<link rel=\"canonical\" href=\"https:\/\/www.clubdelemprendimiento.com\/blog\/nuestros-emprendedores\/nace-la-primera-edicion-de-los-premios-de-emprendimiento-aeen-metxa\/\" \/>\n<meta property=\"og:locale\" content=\"es_ES\" \/>\n<meta property=\"og:type\" content=\"article\" \/>\n<meta property=\"og:title\" content=\"Nace la primera edici\u00f3n de los premios de Emprendimiento AEEN\/Metxa - Blog Club del Emprendimiento\" \/>\n<meta property=\"og:description\" content=\"La Asociaci\u00f3n Espa\u00f1ola de Escuelas de Negocios (AEEN), junto con la Aceleradora de Proyectos&hellip;\" \/>\n<meta property=\"og:url\" content=\"https:\/\/www.clubdelemprendimiento.com\/blog\/nuestros-emprendedores\/nace-la-primera-edicion-de-los-premios-de-emprendimiento-aeen-metxa\/\" \/>\n<meta property=\"og:site_name\" content=\"Blog Club del Emprendimiento\" \/>\n<meta property=\"article:published_time\" content=\"2019-09-26T10:00:59+00:00\" \/>\n<meta property=\"article:modified_time\" content=\"2019-09-26T16:17:29+00:00\" \/>\n<meta property=\"og:image\" content=\"https:\/\/www.clubdelemprendimiento.com\/blog\/wp-content\/uploads\/2019\/09\/laptop-2838918_1280.jpg\" \/>\n\t<meta property=\"og:image:width\" content=\"1280\" \/>\n\t<meta property=\"og:image:height\" content=\"916\" \/>\n\t<meta property=\"og:image:type\" content=\"image\/jpeg\" \/>\n<meta name=\"author\" content=\"Luc\u00eda Vera\" \/>\n<meta name=\"twitter:card\" content=\"summary_large_image\" \/>\n<meta name=\"twitter:label1\" content=\"Escrito por\" \/>\n\t<meta name=\"twitter:data1\" content=\"Luc\u00eda Vera\" \/>\n\t<meta name=\"twitter:label2\" content=\"Tiempo de lectura\" \/>\n\t<meta name=\"twitter:data2\" content=\"2 minutos\" \/>\n<script type=\"application\/ld+json\" class=\"yoast-schema-graph\">{\"@context\":\"https:\/\/schema.org\",\"@graph\":[{\"@type\":\"WebPage\",\"@id\":\"https:\/\/www.clubdelemprendimiento.com\/blog\/nuestros-emprendedores\/nace-la-primera-edicion-de-los-premios-de-emprendimiento-aeen-metxa\/\",\"url\":\"https:\/\/www.clubdelemprendimiento.com\/blog\/nuestros-emprendedores\/nace-la-primera-edicion-de-los-premios-de-emprendimiento-aeen-metxa\/\",\"name\":\"Nace la primera edici\u00f3n de los premios de Emprendimiento AEEN\/Metxa - Blog Club del Emprendimiento\",\"isPartOf\":{\"@id\":\"https:\/\/www.clubdelemprendimiento.com\/blog\/#website\"},\"primaryImageOfPage\":{\"@id\":\"https:\/\/www.clubdelemprendimiento.com\/blog\/nuestros-emprendedores\/nace-la-primera-edicion-de-los-premios-de-emprendimiento-aeen-metxa\/#primaryimage\"},\"image\":{\"@id\":\"https:\/\/www.clubdelemprendimiento.com\/blog\/nuestros-emprendedores\/nace-la-primera-edicion-de-los-premios-de-emprendimiento-aeen-metxa\/#primaryimage\"},\"thumbnailUrl\":\"https:\/\/www.clubdelemprendimiento.com\/blog\/wp-content\/uploads\/2019\/09\/laptop-2838918_1280.jpg\",\"datePublished\":\"2019-09-26T10:00:59+00:00\",\"dateModified\":\"2019-09-26T16:17:29+00:00\",\"author\":{\"@id\":\"https:\/\/www.clubdelemprendimiento.com\/blog\/#\/schema\/person\/fe481a2c767de00924b39ab766936ddf\"},\"breadcrumb\":{\"@id\":\"https:\/\/www.clubdelemprendimiento.com\/blog\/nuestros-emprendedores\/nace-la-primera-edicion-de-los-premios-de-emprendimiento-aeen-metxa\/#breadcrumb\"},\"inLanguage\":\"es\",\"potentialAction\":[{\"@type\":\"ReadAction\",\"target\":[\"https:\/\/www.clubdelemprendimiento.com\/blog\/nuestros-emprendedores\/nace-la-primera-edicion-de-los-premios-de-emprendimiento-aeen-metxa\/\"]}]},{\"@type\":\"ImageObject\",\"inLanguage\":\"es\",\"@id\":\"https:\/\/www.clubdelemprendimiento.com\/blog\/nuestros-emprendedores\/nace-la-primera-edicion-de-los-premios-de-emprendimiento-aeen-metxa\/#primaryimage\",\"url\":\"https:\/\/www.clubdelemprendimiento.com\/blog\/wp-content\/uploads\/2019\/09\/laptop-2838918_1280.jpg\",\"contentUrl\":\"https:\/\/www.clubdelemprendimiento.com\/blog\/wp-content\/uploads\/2019\/09\/laptop-2838918_1280.jpg\",\"width\":1280,\"height\":916,\"caption\":\"premios emprendedores\"},{\"@type\":\"BreadcrumbList\",\"@id\":\"https:\/\/www.clubdelemprendimiento.com\/blog\/nuestros-emprendedores\/nace-la-primera-edicion-de-los-premios-de-emprendimiento-aeen-metxa\/#breadcrumb\",\"itemListElement\":[{\"@type\":\"ListItem\",\"position\":1,\"name\":\"Home\",\"item\":\"https:\/\/www.clubdelemprendimiento.com\/blog\/\"},{\"@type\":\"ListItem\",\"position\":2,\"name\":\"Nace la primera edici\u00f3n de los premios de Emprendimiento AEEN\/Metxa\"}]},{\"@type\":\"WebSite\",\"@id\":\"https:\/\/www.clubdelemprendimiento.com\/blog\/#website\",\"url\":\"https:\/\/www.clubdelemprendimiento.com\/blog\/\",\"name\":\"Blog Club del Emprendimiento\",\"description\":\"\",\"potentialAction\":[{\"@type\":\"SearchAction\",\"target\":{\"@type\":\"EntryPoint\",\"urlTemplate\":\"https:\/\/www.clubdelemprendimiento.com\/blog\/?s={search_term_string}\"},\"query-input\":\"required name=search_term_string\"}],\"inLanguage\":\"es\"},{\"@type\":\"Person\",\"@id\":\"https:\/\/www.clubdelemprendimiento.com\/blog\/#\/schema\/person\/fe481a2c767de00924b39ab766936ddf\",\"name\":\"Luc\u00eda Vera\",\"image\":{\"@type\":\"ImageObject\",\"inLanguage\":\"es\",\"@id\":\"https:\/\/www.clubdelemprendimiento.com\/blog\/#\/schema\/person\/image\/\",\"url\":\"https:\/\/secure.gravatar.com\/avatar\/a7985f0a535e8f0be3026ac89e0a79c6?s=96&d=mm&r=g\",\"contentUrl\":\"https:\/\/secure.gravatar.com\/avatar\/a7985f0a535e8f0be3026ac89e0a79c6?s=96&d=mm&r=g\",\"caption\":\"Luc\u00eda Vera\"},\"url\":\"https:\/\/www.clubdelemprendimiento.com\/blog\/author\/luciavera\/\"}]}<\/script>\n<!-- \/ Yoast SEO plugin. -->","yoast_head_json":{"title":"Nace la primera edici\u00f3n de los premios de Emprendimiento AEEN\/Metxa - Blog Club del Emprendimiento","robots":{"index":"index","follow":"follow","max-snippet":"max-snippet:-1","max-image-preview":"max-image-preview:large","max-video-preview":"max-video-preview:-1"},"canonical":"https:\/\/www.clubdelemprendimiento.com\/blog\/nuestros-emprendedores\/nace-la-primera-edicion-de-los-premios-de-emprendimiento-aeen-metxa\/","og_locale":"es_ES","og_type":"article","og_title":"Nace la primera edici\u00f3n de los premios de Emprendimiento AEEN\/Metxa - Blog Club del Emprendimiento","og_description":"La Asociaci\u00f3n Espa\u00f1ola de Escuelas de Negocios (AEEN), junto con la Aceleradora de Proyectos&hellip;","og_url":"https:\/\/www.clubdelemprendimiento.com\/blog\/nuestros-emprendedores\/nace-la-primera-edicion-de-los-premios-de-emprendimiento-aeen-metxa\/","og_site_name":"Blog Club del Emprendimiento","article_published_time":"2019-09-26T10:00:59+00:00","article_modified_time":"2019-09-26T16:17:29+00:00","og_image":[{"width":1280,"height":916,"url":"https:\/\/www.clubdelemprendimiento.com\/blog\/wp-content\/uploads\/2019\/09\/laptop-2838918_1280.jpg","type":"image\/jpeg"}],"author":"Luc\u00eda Vera","twitter_card":"summary_large_image","twitter_misc":{"Escrito por":"Luc\u00eda Vera","Tiempo de lectura":"2 minutos"},"schema":{"@context":"https:\/\/schema.org","@graph":[{"@type":"WebPage","@id":"https:\/\/www.clubdelemprendimiento.com\/blog\/nuestros-emprendedores\/nace-la-primera-edicion-de-los-premios-de-emprendimiento-aeen-metxa\/","url":"https:\/\/www.clubdelemprendimiento.com\/blog\/nuestros-emprendedores\/nace-la-primera-edicion-de-los-premios-de-emprendimiento-aeen-metxa\/","name":"Nace la primera edici\u00f3n de los premios de Emprendimiento AEEN\/Metxa - Blog Club del Emprendimiento","isPartOf":{"@id":"https:\/\/www.clubdelemprendimiento.com\/blog\/#website"},"primaryImageOfPage":{"@id":"https:\/\/www.clubdelemprendimiento.com\/blog\/nuestros-emprendedores\/nace-la-primera-edicion-de-los-premios-de-emprendimiento-aeen-metxa\/#primaryimage"},"image":{"@id":"https:\/\/www.clubdelemprendimiento.com\/blog\/nuestros-emprendedores\/nace-la-primera-edicion-de-los-premios-de-emprendimiento-aeen-metxa\/#primaryimage"},"thumbnailUrl":"https:\/\/www.clubdelemprendimiento.com\/blog\/wp-content\/uploads\/2019\/09\/laptop-2838918_1280.jpg","datePublished":"2019-09-26T10:00:59+00:00","dateModified":"2019-09-26T16:17:29+00:00","author":{"@id":"https:\/\/www.clubdelemprendimiento.com\/blog\/#\/schema\/person\/fe481a2c767de00924b39ab766936ddf"},"breadcrumb":{"@id":"https:\/\/www.clubdelemprendimiento.com\/blog\/nuestros-emprendedores\/nace-la-primera-edicion-de-los-premios-de-emprendimiento-aeen-metxa\/#breadcrumb"},"inLanguage":"es","potentialAction":[{"@type":"ReadAction","target":["https:\/\/www.clubdelemprendimiento.com\/blog\/nuestros-emprendedores\/nace-la-primera-edicion-de-los-premios-de-emprendimiento-aeen-metxa\/"]}]},{"@type":"ImageObject","inLanguage":"es","@id":"https:\/\/www.clubdelemprendimiento.com\/blog\/nuestros-emprendedores\/nace-la-primera-edicion-de-los-premios-de-emprendimiento-aeen-metxa\/#primaryimage","url":"https:\/\/www.clubdelemprendimiento.com\/blog\/wp-content\/uploads\/2019\/09\/laptop-2838918_1280.jpg","contentUrl":"https:\/\/www.clubdelemprendimiento.com\/blog\/wp-content\/uploads\/2019\/09\/laptop-2838918_1280.jpg","width":1280,"height":916,"caption":"premios emprendedores"},{"@type":"BreadcrumbList","@id":"https:\/\/www.clubdelemprendimiento.com\/blog\/nuestros-emprendedores\/nace-la-primera-edicion-de-los-premios-de-emprendimiento-aeen-metxa\/#breadcrumb","itemListElement":[{"@type":"ListItem","position":1,"name":"Home","item":"https:\/\/www.clubdelemprendimiento.com\/blog\/"},{"@type":"ListItem","position":2,"name":"Nace la primera edici\u00f3n de los premios de Emprendimiento AEEN\/Metxa"}]},{"@type":"WebSite","@id":"https:\/\/www.clubdelemprendimiento.com\/blog\/#website","url":"https:\/\/www.clubdelemprendimiento.com\/blog\/","name":"Blog Club del Emprendimiento","description":"","potentialAction":[{"@type":"SearchAction","target":{"@type":"EntryPoint","urlTemplate":"https:\/\/www.clubdelemprendimiento.com\/blog\/?s={search_term_string}"},"query-input":"required name=search_term_string"}],"inLanguage":"es"},{"@type":"Person","@id":"https:\/\/www.clubdelemprendimiento.com\/blog\/#\/schema\/person\/fe481a2c767de00924b39ab766936ddf","name":"Luc\u00eda Vera","image":{"@type":"ImageObject","inLanguage":"es","@id":"https:\/\/www.clubdelemprendimiento.com\/blog\/#\/schema\/person\/image\/","url":"https:\/\/secure.gravatar.com\/avatar\/a7985f0a535e8f0be3026ac89e0a79c6?s=96&d=mm&r=g","contentUrl":"https:\/\/secure.gravatar.com\/avatar\/a7985f0a535e8f0be3026ac89e0a79c6?s=96&d=mm&r=g","caption":"Luc\u00eda Vera"},"url":"https:\/\/www.clubdelemprendimiento.com\/blog\/author\/luciavera\/"}]}},"_links":{"self":[{"href":"https:\/\/www.clubdelemprendimiento.com\/blog\/wp-json\/wp\/v2\/posts\/12842"}],"collection":[{"href":"https:\/\/www.clubdelemprendimiento.com\/blog\/wp-json\/wp\/v2\/posts"}],"about":[{"href":"https:\/\/www.clubdelemprendimiento.com\/blog\/wp-json\/wp\/v2\/types\/post"}],"author":[{"embeddable":true,"href":"https:\/\/www.clubdelemprendimiento.com\/blog\/wp-json\/wp\/v2\/users\/5"}],"replies":[{"embeddable":true,"href":"https:\/\/www.clubdelemprendimiento.com\/blog\/wp-json\/wp\/v2\/comments?post=12842"}],"version-history":[{"count":4,"href":"https:\/\/www.clubdelemprendimiento.com\/blog\/wp-json\/wp\/v2\/posts\/12842\/revisions"}],"predecessor-version":[{"id":12860,"href":"https:\/\/www.clubdelemprendimiento.com\/blog\/wp-json\/wp\/v2\/posts\/12842\/revisions\/12860"}],"wp:featuredmedia":[{"embeddable":true,"href":"https:\/\/www.clubdelemprendimiento.com\/blog\/wp-json\/wp\/v2\/media\/12843"}],"wp:attachment":[{"href":"https:\/\/www.clubdelemprendimiento.com\/blog\/wp-json\/wp\/v2\/media?parent=12842"}],"wp:term":[{"taxonomy":"category","embeddable":true,"href":"https:\/\/www.clubdelemprendimiento.com\/blog\/wp-json\/wp\/v2\/categories?post=12842"},{"taxonomy":"post_tag","embeddable":true,"href":"https:\/\/www.clubdelemprendimiento.com\/blog\/wp-json\/wp\/v2\/tags?post=12842"}],"curies":[{"name":"wp","href":"https:\/\/api.w.org\/{rel}","templated":true}]}}