{"id":12773,"date":"2019-09-30T10:00:41","date_gmt":"2019-09-30T10:00:41","guid":{"rendered":"https:\/\/www.clubdelemprendimiento.com\/blog\/?p=12773"},"modified":"2019-09-12T08:58:22","modified_gmt":"2019-09-12T08:58:22","slug":"calcular-iva-repercutido-soportado","status":"publish","type":"post","link":"https:\/\/www.clubdelemprendimiento.com\/blog\/autonomos\/calcular-iva-repercutido-soportado\/","title":{"rendered":"Se puede calcular lo que se va apagar de IVA"},"content":{"rendered":"<p>El pago peri\u00f3dico de impuestos es una obligaci\u00f3n fiscal que deben\u00a0 cumplir tanto los aut\u00f3nomos como las pymes. Los tipos m\u00e1s comunes y conocidos de impuestos son el IVA y el IRPF. Sin embargo, todav\u00eda hay profesionales que tienen serias dudas acerca de cu\u00e1nto hay que pagar. <strong>\u00bfSe puede estimar lo que se paga de IVA por adelantado?<\/strong> Resolvemos las dudas acerca de estos impuestos.<\/p>\n<p>Tanto el IVA como el IRPF se presentan, en la mayor\u00eda de los casos, de forma trimestral. Se deben incluir los ingresos obtenidos y los gastos deducidos en el periodo. El Impuesto de Valor A\u00f1adido (IVA) grava el consumo. Este <strong>puede ser soportado o repercutido y puede salir a pagar o a devolver.<\/strong> Por decirlo de una forma sencilla, las empresas funcionan como un intermediario, un recaudador, entre el consumidor y la <a href=\"https:\/\/www.agenciatributaria.es\/\" target=\"_blank\" rel=\"noopener\">Agencia Tributaria.<\/a> Por ello, todas las actividades econ\u00f3micas tienen que ir acompa\u00f1as del IVA correspondiente. Sin embargo, no todos los productos o servicios tienen el mismo porcentaje de IVA. Existen tres tipos diferentes: el general, que es del 21%; el reducido, que es del 10% y el superreducido, que es del 4%.<\/p>\n<h2>\u00bfSe puede calcular el IVA que se va a pagar?<\/h2>\n<p>Es posible conocer m\u00e1s o menos la cantidad de IVA que va a pagar un aut\u00f3nomo o una pyme en un determinado periodo de tiempo. Sin embargo, para saber calcularlo, primero hay que conocer la diferencia entre el IVA repercutido y el IVA soportado.<\/p>\n<p>El<strong> IVA repercutido, el cual tambi\u00e9n se conoce como devengado, es el que corresponde al precio final del producto comprado o de un servicio prestado<\/strong>. En este caso, el destinatario puede ser un consumidor final o una empresa. El IVA soportado es aquel que se paga cuando hemos adquirido un bien o un servicio para el desarrollo de una actividad. Por ejemplo, si compramos ordenadores para la empresa.<\/p>\n<p>Para calcular lo que se va a pagar de<a href=\"https:\/\/www.clubdelemprendimiento.com\/blog\/autonomos\/algunos-autonomos-se-libran-de-pagar-iva\/\" target=\"_blank\" rel=\"noopener\"> IVA como aut\u00f3nomo<\/a> o empresa, es necesario calcular tanto el IVA repercutido como el soportado. El IVA repercutido se obtiene cuando multiplicas el precio del producto por el IVA que le corresponda. Si el IVA de ese producto es el general, habr\u00e1 que multiplicar el precio del producto por 0,21%. Si como tienda vendes un producto por 1000 euros y lo multiplicas por el IVA (1.000 x 0\u201921) el resultado es 210, que es el IVA repercutido.<\/p>\n<p>El IVA soportado es el que resulta de las compras que est\u00e1n destinadas a un negocio. Imaginemos que compramos una m\u00e1quina que necesitamos para trabajar. Esta cuesta 5.000 euros, al multiplicarlo por 0\u201921 obtenemos que la m\u00e1quina nos cuesta 6.050, por lo que 1.050 es el IVA soportado.<\/p>\n<p>Por tanto, hemos obtenido 210 del IVA repercutido y 1.050 de soportado (ventas y compras). Al ser el repercutido menor que el soportado, Hacienda tiene que devolverte la diferencia entre ambos: 840 euros. Si fuera a la inversa ser\u00eda el aut\u00f3nomo o la pyme quien tendr\u00eda que abonar esa cantidad a Hacienda.<\/p>\n<p>Es decir, que si quieres saber cu\u00e1nto vas a pagar de IVA, necesitas saber las ventas y las compras. Aunque no tengas las cifras exactas, podr\u00e1s hacerte una idea.<\/p>\n","protected":false},"excerpt":{"rendered":"<p>El pago peri\u00f3dico de impuestos es una obligaci\u00f3n fiscal que deben\u00a0 cumplir tanto los&hellip;<\/p>\n","protected":false},"author":6,"featured_media":12774,"comment_status":"open","ping_status":"open","sticky":false,"template":"","format":"standard","meta":{"_acf_changed":false,"footnotes":""},"categories":[255],"tags":[],"acf":[],"yoast_head":"<!-- This site is optimized with the Yoast SEO plugin v22.7 - https:\/\/yoast.com\/wordpress\/plugins\/seo\/ -->\n<title>Se puede calcular lo que se va apagar de IVA - Blog Club del Emprendimiento<\/title>\n<meta name=\"robots\" content=\"index, follow, max-snippet:-1, max-image-preview:large, max-video-preview:-1\" \/>\n<link rel=\"canonical\" href=\"https:\/\/www.clubdelemprendimiento.com\/blog\/autonomos\/calcular-iva-repercutido-soportado\/\" \/>\n<meta property=\"og:locale\" content=\"es_ES\" \/>\n<meta property=\"og:type\" content=\"article\" \/>\n<meta property=\"og:title\" content=\"Se puede calcular lo que se va apagar de IVA - Blog Club del Emprendimiento\" \/>\n<meta property=\"og:description\" content=\"El pago peri\u00f3dico de impuestos es una obligaci\u00f3n fiscal que deben\u00a0 cumplir tanto los&hellip;\" \/>\n<meta property=\"og:url\" content=\"https:\/\/www.clubdelemprendimiento.com\/blog\/autonomos\/calcular-iva-repercutido-soportado\/\" \/>\n<meta property=\"og:site_name\" content=\"Blog Club del Emprendimiento\" \/>\n<meta property=\"article:published_time\" content=\"2019-09-30T10:00:41+00:00\" \/>\n<meta property=\"article:modified_time\" content=\"2019-09-12T08:58:22+00:00\" \/>\n<meta property=\"og:image\" content=\"https:\/\/www.clubdelemprendimiento.com\/blog\/wp-content\/uploads\/2019\/09\/tax-468440_640.jpg\" \/>\n\t<meta property=\"og:image:width\" content=\"640\" \/>\n\t<meta property=\"og:image:height\" content=\"426\" \/>\n\t<meta property=\"og:image:type\" content=\"image\/jpeg\" \/>\n<meta name=\"author\" content=\"Rebeca Mendoza\" \/>\n<meta name=\"twitter:card\" content=\"summary_large_image\" \/>\n<meta name=\"twitter:label1\" content=\"Escrito por\" \/>\n\t<meta name=\"twitter:data1\" content=\"Rebeca Mendoza\" \/>\n\t<meta name=\"twitter:label2\" content=\"Tiempo de lectura\" \/>\n\t<meta name=\"twitter:data2\" content=\"3 minutos\" \/>\n<script type=\"application\/ld+json\" class=\"yoast-schema-graph\">{\"@context\":\"https:\/\/schema.org\",\"@graph\":[{\"@type\":\"WebPage\",\"@id\":\"https:\/\/www.clubdelemprendimiento.com\/blog\/autonomos\/calcular-iva-repercutido-soportado\/\",\"url\":\"https:\/\/www.clubdelemprendimiento.com\/blog\/autonomos\/calcular-iva-repercutido-soportado\/\",\"name\":\"Se puede calcular lo que se va apagar de IVA - Blog Club del Emprendimiento\",\"isPartOf\":{\"@id\":\"https:\/\/www.clubdelemprendimiento.com\/blog\/#website\"},\"primaryImageOfPage\":{\"@id\":\"https:\/\/www.clubdelemprendimiento.com\/blog\/autonomos\/calcular-iva-repercutido-soportado\/#primaryimage\"},\"image\":{\"@id\":\"https:\/\/www.clubdelemprendimiento.com\/blog\/autonomos\/calcular-iva-repercutido-soportado\/#primaryimage\"},\"thumbnailUrl\":\"https:\/\/www.clubdelemprendimiento.com\/blog\/wp-content\/uploads\/2019\/09\/tax-468440_640.jpg\",\"datePublished\":\"2019-09-30T10:00:41+00:00\",\"dateModified\":\"2019-09-12T08:58:22+00:00\",\"author\":{\"@id\":\"https:\/\/www.clubdelemprendimiento.com\/blog\/#\/schema\/person\/bc14f3c8dc7b1a05fa1329c67a9f952d\"},\"breadcrumb\":{\"@id\":\"https:\/\/www.clubdelemprendimiento.com\/blog\/autonomos\/calcular-iva-repercutido-soportado\/#breadcrumb\"},\"inLanguage\":\"es\",\"potentialAction\":[{\"@type\":\"ReadAction\",\"target\":[\"https:\/\/www.clubdelemprendimiento.com\/blog\/autonomos\/calcular-iva-repercutido-soportado\/\"]}]},{\"@type\":\"ImageObject\",\"inLanguage\":\"es\",\"@id\":\"https:\/\/www.clubdelemprendimiento.com\/blog\/autonomos\/calcular-iva-repercutido-soportado\/#primaryimage\",\"url\":\"https:\/\/www.clubdelemprendimiento.com\/blog\/wp-content\/uploads\/2019\/09\/tax-468440_640.jpg\",\"contentUrl\":\"https:\/\/www.clubdelemprendimiento.com\/blog\/wp-content\/uploads\/2019\/09\/tax-468440_640.jpg\",\"width\":640,\"height\":426,\"caption\":\"calcular IVA aut\u00f3nomos\"},{\"@type\":\"BreadcrumbList\",\"@id\":\"https:\/\/www.clubdelemprendimiento.com\/blog\/autonomos\/calcular-iva-repercutido-soportado\/#breadcrumb\",\"itemListElement\":[{\"@type\":\"ListItem\",\"position\":1,\"name\":\"Home\",\"item\":\"https:\/\/www.clubdelemprendimiento.com\/blog\/\"},{\"@type\":\"ListItem\",\"position\":2,\"name\":\"Se puede calcular lo que se va apagar de IVA\"}]},{\"@type\":\"WebSite\",\"@id\":\"https:\/\/www.clubdelemprendimiento.com\/blog\/#website\",\"url\":\"https:\/\/www.clubdelemprendimiento.com\/blog\/\",\"name\":\"Blog Club del Emprendimiento\",\"description\":\"\",\"potentialAction\":[{\"@type\":\"SearchAction\",\"target\":{\"@type\":\"EntryPoint\",\"urlTemplate\":\"https:\/\/www.clubdelemprendimiento.com\/blog\/?s={search_term_string}\"},\"query-input\":\"required name=search_term_string\"}],\"inLanguage\":\"es\"},{\"@type\":\"Person\",\"@id\":\"https:\/\/www.clubdelemprendimiento.com\/blog\/#\/schema\/person\/bc14f3c8dc7b1a05fa1329c67a9f952d\",\"name\":\"Rebeca Mendoza\",\"image\":{\"@type\":\"ImageObject\",\"inLanguage\":\"es\",\"@id\":\"https:\/\/www.clubdelemprendimiento.com\/blog\/#\/schema\/person\/image\/\",\"url\":\"https:\/\/secure.gravatar.com\/avatar\/2b09138ffab957c2659b80e1b1501b14?s=96&d=mm&r=g\",\"contentUrl\":\"https:\/\/secure.gravatar.com\/avatar\/2b09138ffab957c2659b80e1b1501b14?s=96&d=mm&r=g\",\"caption\":\"Rebeca Mendoza\"},\"url\":\"https:\/\/www.clubdelemprendimiento.com\/blog\/author\/rebecamendoza\/\"}]}<\/script>\n<!-- \/ Yoast SEO plugin. -->","yoast_head_json":{"title":"Se puede calcular lo que se va apagar de IVA - Blog Club del Emprendimiento","robots":{"index":"index","follow":"follow","max-snippet":"max-snippet:-1","max-image-preview":"max-image-preview:large","max-video-preview":"max-video-preview:-1"},"canonical":"https:\/\/www.clubdelemprendimiento.com\/blog\/autonomos\/calcular-iva-repercutido-soportado\/","og_locale":"es_ES","og_type":"article","og_title":"Se puede calcular lo que se va apagar de IVA - Blog Club del Emprendimiento","og_description":"El pago peri\u00f3dico de impuestos es una obligaci\u00f3n fiscal que deben\u00a0 cumplir tanto los&hellip;","og_url":"https:\/\/www.clubdelemprendimiento.com\/blog\/autonomos\/calcular-iva-repercutido-soportado\/","og_site_name":"Blog Club del Emprendimiento","article_published_time":"2019-09-30T10:00:41+00:00","article_modified_time":"2019-09-12T08:58:22+00:00","og_image":[{"width":640,"height":426,"url":"https:\/\/www.clubdelemprendimiento.com\/blog\/wp-content\/uploads\/2019\/09\/tax-468440_640.jpg","type":"image\/jpeg"}],"author":"Rebeca Mendoza","twitter_card":"summary_large_image","twitter_misc":{"Escrito por":"Rebeca Mendoza","Tiempo de lectura":"3 minutos"},"schema":{"@context":"https:\/\/schema.org","@graph":[{"@type":"WebPage","@id":"https:\/\/www.clubdelemprendimiento.com\/blog\/autonomos\/calcular-iva-repercutido-soportado\/","url":"https:\/\/www.clubdelemprendimiento.com\/blog\/autonomos\/calcular-iva-repercutido-soportado\/","name":"Se puede calcular lo que se va apagar de IVA - Blog Club del Emprendimiento","isPartOf":{"@id":"https:\/\/www.clubdelemprendimiento.com\/blog\/#website"},"primaryImageOfPage":{"@id":"https:\/\/www.clubdelemprendimiento.com\/blog\/autonomos\/calcular-iva-repercutido-soportado\/#primaryimage"},"image":{"@id":"https:\/\/www.clubdelemprendimiento.com\/blog\/autonomos\/calcular-iva-repercutido-soportado\/#primaryimage"},"thumbnailUrl":"https:\/\/www.clubdelemprendimiento.com\/blog\/wp-content\/uploads\/2019\/09\/tax-468440_640.jpg","datePublished":"2019-09-30T10:00:41+00:00","dateModified":"2019-09-12T08:58:22+00:00","author":{"@id":"https:\/\/www.clubdelemprendimiento.com\/blog\/#\/schema\/person\/bc14f3c8dc7b1a05fa1329c67a9f952d"},"breadcrumb":{"@id":"https:\/\/www.clubdelemprendimiento.com\/blog\/autonomos\/calcular-iva-repercutido-soportado\/#breadcrumb"},"inLanguage":"es","potentialAction":[{"@type":"ReadAction","target":["https:\/\/www.clubdelemprendimiento.com\/blog\/autonomos\/calcular-iva-repercutido-soportado\/"]}]},{"@type":"ImageObject","inLanguage":"es","@id":"https:\/\/www.clubdelemprendimiento.com\/blog\/autonomos\/calcular-iva-repercutido-soportado\/#primaryimage","url":"https:\/\/www.clubdelemprendimiento.com\/blog\/wp-content\/uploads\/2019\/09\/tax-468440_640.jpg","contentUrl":"https:\/\/www.clubdelemprendimiento.com\/blog\/wp-content\/uploads\/2019\/09\/tax-468440_640.jpg","width":640,"height":426,"caption":"calcular IVA aut\u00f3nomos"},{"@type":"BreadcrumbList","@id":"https:\/\/www.clubdelemprendimiento.com\/blog\/autonomos\/calcular-iva-repercutido-soportado\/#breadcrumb","itemListElement":[{"@type":"ListItem","position":1,"name":"Home","item":"https:\/\/www.clubdelemprendimiento.com\/blog\/"},{"@type":"ListItem","position":2,"name":"Se puede calcular lo que se va apagar de IVA"}]},{"@type":"WebSite","@id":"https:\/\/www.clubdelemprendimiento.com\/blog\/#website","url":"https:\/\/www.clubdelemprendimiento.com\/blog\/","name":"Blog Club del Emprendimiento","description":"","potentialAction":[{"@type":"SearchAction","target":{"@type":"EntryPoint","urlTemplate":"https:\/\/www.clubdelemprendimiento.com\/blog\/?s={search_term_string}"},"query-input":"required name=search_term_string"}],"inLanguage":"es"},{"@type":"Person","@id":"https:\/\/www.clubdelemprendimiento.com\/blog\/#\/schema\/person\/bc14f3c8dc7b1a05fa1329c67a9f952d","name":"Rebeca Mendoza","image":{"@type":"ImageObject","inLanguage":"es","@id":"https:\/\/www.clubdelemprendimiento.com\/blog\/#\/schema\/person\/image\/","url":"https:\/\/secure.gravatar.com\/avatar\/2b09138ffab957c2659b80e1b1501b14?s=96&d=mm&r=g","contentUrl":"https:\/\/secure.gravatar.com\/avatar\/2b09138ffab957c2659b80e1b1501b14?s=96&d=mm&r=g","caption":"Rebeca Mendoza"},"url":"https:\/\/www.clubdelemprendimiento.com\/blog\/author\/rebecamendoza\/"}]}},"_links":{"self":[{"href":"https:\/\/www.clubdelemprendimiento.com\/blog\/wp-json\/wp\/v2\/posts\/12773"}],"collection":[{"href":"https:\/\/www.clubdelemprendimiento.com\/blog\/wp-json\/wp\/v2\/posts"}],"about":[{"href":"https:\/\/www.clubdelemprendimiento.com\/blog\/wp-json\/wp\/v2\/types\/post"}],"author":[{"embeddable":true,"href":"https:\/\/www.clubdelemprendimiento.com\/blog\/wp-json\/wp\/v2\/users\/6"}],"replies":[{"embeddable":true,"href":"https:\/\/www.clubdelemprendimiento.com\/blog\/wp-json\/wp\/v2\/comments?post=12773"}],"version-history":[{"count":3,"href":"https:\/\/www.clubdelemprendimiento.com\/blog\/wp-json\/wp\/v2\/posts\/12773\/revisions"}],"predecessor-version":[{"id":12777,"href":"https:\/\/www.clubdelemprendimiento.com\/blog\/wp-json\/wp\/v2\/posts\/12773\/revisions\/12777"}],"wp:featuredmedia":[{"embeddable":true,"href":"https:\/\/www.clubdelemprendimiento.com\/blog\/wp-json\/wp\/v2\/media\/12774"}],"wp:attachment":[{"href":"https:\/\/www.clubdelemprendimiento.com\/blog\/wp-json\/wp\/v2\/media?parent=12773"}],"wp:term":[{"taxonomy":"category","embeddable":true,"href":"https:\/\/www.clubdelemprendimiento.com\/blog\/wp-json\/wp\/v2\/categories?post=12773"},{"taxonomy":"post_tag","embeddable":true,"href":"https:\/\/www.clubdelemprendimiento.com\/blog\/wp-json\/wp\/v2\/tags?post=12773"}],"curies":[{"name":"wp","href":"https:\/\/api.w.org\/{rel}","templated":true}]}}