{"id":12762,"date":"2019-09-17T10:00:38","date_gmt":"2019-09-17T10:00:38","guid":{"rendered":"https:\/\/www.clubdelemprendimiento.com\/blog\/?p=12762"},"modified":"2019-09-10T07:42:43","modified_gmt":"2019-09-10T07:42:43","slug":"autonomos-sin-actividad-han-de-presentar-modelos","status":"publish","type":"post","link":"https:\/\/www.clubdelemprendimiento.com\/blog\/financiacion-noticias\/autonomos-sin-actividad-han-de-presentar-modelos\/","title":{"rendered":"Aut\u00f3nomos sin actividad: \u00bfhan de presentar modelos?"},"content":{"rendered":"<p>Los profesionales aut\u00f3nomos deben presentar sus declaraciones peri\u00f3dicamente. De manera mensual o trimestral los trabajadores por cuenta propia han de presentar los modelos que le correspondan a la <a href=\"https:\/\/www.agenciatributaria.es\/\" target=\"_blank\" rel=\"noopener\">Agencia Tributaria.<\/a><\/p>\n<p>Sin embargo, \u00bfy si un periodo no ha tenido actividad? \u00bfQu\u00e9 pasa si un trimestre, por ejemplo, no se ha facturado nada? <strong>\u00bfDeben presentar los modelos igualmente?<\/strong> La respuesta es que s\u00ed. Hacienda puede sancionar a un aut\u00f3nomo por no presentar sus obligaciones tributarias incluso si no ha tenido actividad.<\/p>\n<p>Cuando un trabajador por cuenta propia haya estado sin actividad durante un periodo<strong>, deber\u00e1 presentar su modelo 303, correspondiente al IVA, a cero.<\/strong> Es decir, marcando la casilla \u201csin actividad\u201d, ya que no se pueden presentar ingresos. Igualmente, deber\u00e1 hacer lo propio con el modelo 390. El resultado ser\u00e1 cero, a menos que haya pendiente alguna cuota por compensar. La \u00fanica manera de no tener que presentar estos modelos en caso de inactividad es darse de baja como aut\u00f3nomo y en el<a href=\"https:\/\/www.clubdelemprendimiento.com\/blog\/nuestros-emprendedores\/epigrafe-del-iae-escoger-autonomo\/\" target=\"_blank\" rel=\"noopener\"> IAE<\/a> y darse de alta de nuevo una vez se vuelva a tener actividad.<\/p>\n<h2>Desgravar gastos en periodos de inactividad<\/h2>\n<p>Tambi\u00e9n se debe tener en cuenta que <strong>no se podr\u00e1n desgravar gastos en el modelo 130<\/strong>, \u00a0ya que no ha habido ingresos. Pero tambi\u00e9n hay que presentarlo si se han recibido facturas. Eso s\u00ed, por importe cero.<\/p>\n<p>Sin embargo, s\u00ed existen casos en los que, aunque no haya habido actividad hay desgravaciones. Es el caso de las facturas de los proveedores, por ejemplo. En casos como este, no hay que marcar la casilla \u201csin actividad\u201d, ya que Hacienda puede reembolsar el IVA o el propio profesional podr\u00e1 compensarlo en otro trimestre con actividad.<\/p>\n<p>Si no se han emitido ni recibido facturas ni se tienen contratados empleados, s\u00ed hay dos modelos exentos de presentaci\u00f3n. <strong>Son el modelo 111 y 190<\/strong>. \u00c9stos no tienen por qu\u00e9 presentarse en caso de un periodo sin actividad (y si no se cuenta con trabajadores al cargo).<\/p>\n","protected":false},"excerpt":{"rendered":"<p>Los profesionales aut\u00f3nomos deben presentar sus declaraciones peri\u00f3dicamente. De manera mensual o trimestral los&hellip;<\/p>\n","protected":false},"author":5,"featured_media":12763,"comment_status":"open","ping_status":"open","sticky":false,"template":"","format":"standard","meta":{"_acf_changed":false,"footnotes":""},"categories":[255,104],"tags":[],"acf":[],"yoast_head":"<!-- This site is optimized with the Yoast SEO plugin v22.7 - https:\/\/yoast.com\/wordpress\/plugins\/seo\/ -->\n<title>Aut\u00f3nomos sin actividad: \u00bfhan de presentar modelos? - Blog Club del Emprendimiento<\/title>\n<meta name=\"robots\" content=\"index, follow, max-snippet:-1, max-image-preview:large, max-video-preview:-1\" \/>\n<link rel=\"canonical\" href=\"https:\/\/www.clubdelemprendimiento.com\/blog\/financiacion-noticias\/autonomos-sin-actividad-han-de-presentar-modelos\/\" \/>\n<meta property=\"og:locale\" content=\"es_ES\" \/>\n<meta property=\"og:type\" content=\"article\" \/>\n<meta property=\"og:title\" content=\"Aut\u00f3nomos sin actividad: \u00bfhan de presentar modelos? - Blog Club del Emprendimiento\" \/>\n<meta property=\"og:description\" content=\"Los profesionales aut\u00f3nomos deben presentar sus declaraciones peri\u00f3dicamente. De manera mensual o trimestral los&hellip;\" \/>\n<meta property=\"og:url\" content=\"https:\/\/www.clubdelemprendimiento.com\/blog\/financiacion-noticias\/autonomos-sin-actividad-han-de-presentar-modelos\/\" \/>\n<meta property=\"og:site_name\" content=\"Blog Club del Emprendimiento\" \/>\n<meta property=\"article:published_time\" content=\"2019-09-17T10:00:38+00:00\" \/>\n<meta property=\"article:modified_time\" content=\"2019-09-10T07:42:43+00:00\" \/>\n<meta property=\"og:image\" content=\"https:\/\/www.clubdelemprendimiento.com\/blog\/wp-content\/uploads\/2019\/09\/Depositphotos_57480341_l-2015.jpg\" \/>\n\t<meta property=\"og:image:width\" content=\"1999\" \/>\n\t<meta property=\"og:image:height\" content=\"1333\" \/>\n\t<meta property=\"og:image:type\" content=\"image\/jpeg\" \/>\n<meta name=\"author\" content=\"Luc\u00eda Vera\" \/>\n<meta name=\"twitter:card\" content=\"summary_large_image\" \/>\n<meta name=\"twitter:label1\" content=\"Escrito por\" \/>\n\t<meta name=\"twitter:data1\" content=\"Luc\u00eda Vera\" \/>\n\t<meta name=\"twitter:label2\" content=\"Tiempo de lectura\" \/>\n\t<meta name=\"twitter:data2\" content=\"2 minutos\" \/>\n<script type=\"application\/ld+json\" class=\"yoast-schema-graph\">{\"@context\":\"https:\/\/schema.org\",\"@graph\":[{\"@type\":\"WebPage\",\"@id\":\"https:\/\/www.clubdelemprendimiento.com\/blog\/financiacion-noticias\/autonomos-sin-actividad-han-de-presentar-modelos\/\",\"url\":\"https:\/\/www.clubdelemprendimiento.com\/blog\/financiacion-noticias\/autonomos-sin-actividad-han-de-presentar-modelos\/\",\"name\":\"Aut\u00f3nomos sin actividad: \u00bfhan de presentar modelos? - Blog Club del Emprendimiento\",\"isPartOf\":{\"@id\":\"https:\/\/www.clubdelemprendimiento.com\/blog\/#website\"},\"primaryImageOfPage\":{\"@id\":\"https:\/\/www.clubdelemprendimiento.com\/blog\/financiacion-noticias\/autonomos-sin-actividad-han-de-presentar-modelos\/#primaryimage\"},\"image\":{\"@id\":\"https:\/\/www.clubdelemprendimiento.com\/blog\/financiacion-noticias\/autonomos-sin-actividad-han-de-presentar-modelos\/#primaryimage\"},\"thumbnailUrl\":\"https:\/\/www.clubdelemprendimiento.com\/blog\/wp-content\/uploads\/2019\/09\/Depositphotos_57480341_l-2015.jpg\",\"datePublished\":\"2019-09-17T10:00:38+00:00\",\"dateModified\":\"2019-09-10T07:42:43+00:00\",\"author\":{\"@id\":\"https:\/\/www.clubdelemprendimiento.com\/blog\/#\/schema\/person\/fe481a2c767de00924b39ab766936ddf\"},\"breadcrumb\":{\"@id\":\"https:\/\/www.clubdelemprendimiento.com\/blog\/financiacion-noticias\/autonomos-sin-actividad-han-de-presentar-modelos\/#breadcrumb\"},\"inLanguage\":\"es\",\"potentialAction\":[{\"@type\":\"ReadAction\",\"target\":[\"https:\/\/www.clubdelemprendimiento.com\/blog\/financiacion-noticias\/autonomos-sin-actividad-han-de-presentar-modelos\/\"]}]},{\"@type\":\"ImageObject\",\"inLanguage\":\"es\",\"@id\":\"https:\/\/www.clubdelemprendimiento.com\/blog\/financiacion-noticias\/autonomos-sin-actividad-han-de-presentar-modelos\/#primaryimage\",\"url\":\"https:\/\/www.clubdelemprendimiento.com\/blog\/wp-content\/uploads\/2019\/09\/Depositphotos_57480341_l-2015.jpg\",\"contentUrl\":\"https:\/\/www.clubdelemprendimiento.com\/blog\/wp-content\/uploads\/2019\/09\/Depositphotos_57480341_l-2015.jpg\",\"width\":1999,\"height\":1333,\"caption\":\"invoice book with open blank page and pen\"},{\"@type\":\"BreadcrumbList\",\"@id\":\"https:\/\/www.clubdelemprendimiento.com\/blog\/financiacion-noticias\/autonomos-sin-actividad-han-de-presentar-modelos\/#breadcrumb\",\"itemListElement\":[{\"@type\":\"ListItem\",\"position\":1,\"name\":\"Home\",\"item\":\"https:\/\/www.clubdelemprendimiento.com\/blog\/\"},{\"@type\":\"ListItem\",\"position\":2,\"name\":\"Aut\u00f3nomos sin actividad: \u00bfhan de presentar modelos?\"}]},{\"@type\":\"WebSite\",\"@id\":\"https:\/\/www.clubdelemprendimiento.com\/blog\/#website\",\"url\":\"https:\/\/www.clubdelemprendimiento.com\/blog\/\",\"name\":\"Blog Club del Emprendimiento\",\"description\":\"\",\"potentialAction\":[{\"@type\":\"SearchAction\",\"target\":{\"@type\":\"EntryPoint\",\"urlTemplate\":\"https:\/\/www.clubdelemprendimiento.com\/blog\/?s={search_term_string}\"},\"query-input\":\"required name=search_term_string\"}],\"inLanguage\":\"es\"},{\"@type\":\"Person\",\"@id\":\"https:\/\/www.clubdelemprendimiento.com\/blog\/#\/schema\/person\/fe481a2c767de00924b39ab766936ddf\",\"name\":\"Luc\u00eda Vera\",\"image\":{\"@type\":\"ImageObject\",\"inLanguage\":\"es\",\"@id\":\"https:\/\/www.clubdelemprendimiento.com\/blog\/#\/schema\/person\/image\/\",\"url\":\"https:\/\/secure.gravatar.com\/avatar\/a7985f0a535e8f0be3026ac89e0a79c6?s=96&d=mm&r=g\",\"contentUrl\":\"https:\/\/secure.gravatar.com\/avatar\/a7985f0a535e8f0be3026ac89e0a79c6?s=96&d=mm&r=g\",\"caption\":\"Luc\u00eda Vera\"},\"url\":\"https:\/\/www.clubdelemprendimiento.com\/blog\/author\/luciavera\/\"}]}<\/script>\n<!-- \/ Yoast SEO plugin. -->","yoast_head_json":{"title":"Aut\u00f3nomos sin actividad: \u00bfhan de presentar modelos? - Blog Club del Emprendimiento","robots":{"index":"index","follow":"follow","max-snippet":"max-snippet:-1","max-image-preview":"max-image-preview:large","max-video-preview":"max-video-preview:-1"},"canonical":"https:\/\/www.clubdelemprendimiento.com\/blog\/financiacion-noticias\/autonomos-sin-actividad-han-de-presentar-modelos\/","og_locale":"es_ES","og_type":"article","og_title":"Aut\u00f3nomos sin actividad: \u00bfhan de presentar modelos? - Blog Club del Emprendimiento","og_description":"Los profesionales aut\u00f3nomos deben presentar sus declaraciones peri\u00f3dicamente. De manera mensual o trimestral los&hellip;","og_url":"https:\/\/www.clubdelemprendimiento.com\/blog\/financiacion-noticias\/autonomos-sin-actividad-han-de-presentar-modelos\/","og_site_name":"Blog Club del Emprendimiento","article_published_time":"2019-09-17T10:00:38+00:00","article_modified_time":"2019-09-10T07:42:43+00:00","og_image":[{"width":1999,"height":1333,"url":"https:\/\/www.clubdelemprendimiento.com\/blog\/wp-content\/uploads\/2019\/09\/Depositphotos_57480341_l-2015.jpg","type":"image\/jpeg"}],"author":"Luc\u00eda Vera","twitter_card":"summary_large_image","twitter_misc":{"Escrito por":"Luc\u00eda Vera","Tiempo de lectura":"2 minutos"},"schema":{"@context":"https:\/\/schema.org","@graph":[{"@type":"WebPage","@id":"https:\/\/www.clubdelemprendimiento.com\/blog\/financiacion-noticias\/autonomos-sin-actividad-han-de-presentar-modelos\/","url":"https:\/\/www.clubdelemprendimiento.com\/blog\/financiacion-noticias\/autonomos-sin-actividad-han-de-presentar-modelos\/","name":"Aut\u00f3nomos sin actividad: \u00bfhan de presentar modelos? - Blog Club del Emprendimiento","isPartOf":{"@id":"https:\/\/www.clubdelemprendimiento.com\/blog\/#website"},"primaryImageOfPage":{"@id":"https:\/\/www.clubdelemprendimiento.com\/blog\/financiacion-noticias\/autonomos-sin-actividad-han-de-presentar-modelos\/#primaryimage"},"image":{"@id":"https:\/\/www.clubdelemprendimiento.com\/blog\/financiacion-noticias\/autonomos-sin-actividad-han-de-presentar-modelos\/#primaryimage"},"thumbnailUrl":"https:\/\/www.clubdelemprendimiento.com\/blog\/wp-content\/uploads\/2019\/09\/Depositphotos_57480341_l-2015.jpg","datePublished":"2019-09-17T10:00:38+00:00","dateModified":"2019-09-10T07:42:43+00:00","author":{"@id":"https:\/\/www.clubdelemprendimiento.com\/blog\/#\/schema\/person\/fe481a2c767de00924b39ab766936ddf"},"breadcrumb":{"@id":"https:\/\/www.clubdelemprendimiento.com\/blog\/financiacion-noticias\/autonomos-sin-actividad-han-de-presentar-modelos\/#breadcrumb"},"inLanguage":"es","potentialAction":[{"@type":"ReadAction","target":["https:\/\/www.clubdelemprendimiento.com\/blog\/financiacion-noticias\/autonomos-sin-actividad-han-de-presentar-modelos\/"]}]},{"@type":"ImageObject","inLanguage":"es","@id":"https:\/\/www.clubdelemprendimiento.com\/blog\/financiacion-noticias\/autonomos-sin-actividad-han-de-presentar-modelos\/#primaryimage","url":"https:\/\/www.clubdelemprendimiento.com\/blog\/wp-content\/uploads\/2019\/09\/Depositphotos_57480341_l-2015.jpg","contentUrl":"https:\/\/www.clubdelemprendimiento.com\/blog\/wp-content\/uploads\/2019\/09\/Depositphotos_57480341_l-2015.jpg","width":1999,"height":1333,"caption":"invoice book with open blank page and pen"},{"@type":"BreadcrumbList","@id":"https:\/\/www.clubdelemprendimiento.com\/blog\/financiacion-noticias\/autonomos-sin-actividad-han-de-presentar-modelos\/#breadcrumb","itemListElement":[{"@type":"ListItem","position":1,"name":"Home","item":"https:\/\/www.clubdelemprendimiento.com\/blog\/"},{"@type":"ListItem","position":2,"name":"Aut\u00f3nomos sin actividad: \u00bfhan de presentar modelos?"}]},{"@type":"WebSite","@id":"https:\/\/www.clubdelemprendimiento.com\/blog\/#website","url":"https:\/\/www.clubdelemprendimiento.com\/blog\/","name":"Blog Club del Emprendimiento","description":"","potentialAction":[{"@type":"SearchAction","target":{"@type":"EntryPoint","urlTemplate":"https:\/\/www.clubdelemprendimiento.com\/blog\/?s={search_term_string}"},"query-input":"required name=search_term_string"}],"inLanguage":"es"},{"@type":"Person","@id":"https:\/\/www.clubdelemprendimiento.com\/blog\/#\/schema\/person\/fe481a2c767de00924b39ab766936ddf","name":"Luc\u00eda Vera","image":{"@type":"ImageObject","inLanguage":"es","@id":"https:\/\/www.clubdelemprendimiento.com\/blog\/#\/schema\/person\/image\/","url":"https:\/\/secure.gravatar.com\/avatar\/a7985f0a535e8f0be3026ac89e0a79c6?s=96&d=mm&r=g","contentUrl":"https:\/\/secure.gravatar.com\/avatar\/a7985f0a535e8f0be3026ac89e0a79c6?s=96&d=mm&r=g","caption":"Luc\u00eda Vera"},"url":"https:\/\/www.clubdelemprendimiento.com\/blog\/author\/luciavera\/"}]}},"_links":{"self":[{"href":"https:\/\/www.clubdelemprendimiento.com\/blog\/wp-json\/wp\/v2\/posts\/12762"}],"collection":[{"href":"https:\/\/www.clubdelemprendimiento.com\/blog\/wp-json\/wp\/v2\/posts"}],"about":[{"href":"https:\/\/www.clubdelemprendimiento.com\/blog\/wp-json\/wp\/v2\/types\/post"}],"author":[{"embeddable":true,"href":"https:\/\/www.clubdelemprendimiento.com\/blog\/wp-json\/wp\/v2\/users\/5"}],"replies":[{"embeddable":true,"href":"https:\/\/www.clubdelemprendimiento.com\/blog\/wp-json\/wp\/v2\/comments?post=12762"}],"version-history":[{"count":1,"href":"https:\/\/www.clubdelemprendimiento.com\/blog\/wp-json\/wp\/v2\/posts\/12762\/revisions"}],"predecessor-version":[{"id":12764,"href":"https:\/\/www.clubdelemprendimiento.com\/blog\/wp-json\/wp\/v2\/posts\/12762\/revisions\/12764"}],"wp:featuredmedia":[{"embeddable":true,"href":"https:\/\/www.clubdelemprendimiento.com\/blog\/wp-json\/wp\/v2\/media\/12763"}],"wp:attachment":[{"href":"https:\/\/www.clubdelemprendimiento.com\/blog\/wp-json\/wp\/v2\/media?parent=12762"}],"wp:term":[{"taxonomy":"category","embeddable":true,"href":"https:\/\/www.clubdelemprendimiento.com\/blog\/wp-json\/wp\/v2\/categories?post=12762"},{"taxonomy":"post_tag","embeddable":true,"href":"https:\/\/www.clubdelemprendimiento.com\/blog\/wp-json\/wp\/v2\/tags?post=12762"}],"curies":[{"name":"wp","href":"https:\/\/api.w.org\/{rel}","templated":true}]}}