{"id":12647,"date":"2019-08-07T10:00:54","date_gmt":"2019-08-07T10:00:54","guid":{"rendered":"https:\/\/www.clubdelemprendimiento.com\/blog\/?p=12647"},"modified":"2019-07-18T11:50:49","modified_gmt":"2019-07-18T11:50:49","slug":"riesgos-autonomos-trade","status":"publish","type":"post","link":"https:\/\/www.clubdelemprendimiento.com\/blog\/autonomos\/riesgos-autonomos-trade\/","title":{"rendered":"Los riesgos de los TRADE"},"content":{"rendered":"<p>Uno de los \u00faltimos acuerdos alcanzados entre ATA Madrid y la Comunidad de Madrid es la creaci\u00f3n de una iniciativa con la finalidad de p<strong>revenir riesgos laborales de los Trabajadores Aut\u00f3nomos Econ\u00f3micamente Dependientes (TRADE)<\/strong>.<\/p>\n<p>Esta iniciativa busca promover el conocimiento de los riesgos psicosociales derivados de la excesiva carga de trabajo. Esta es muy elevada en un colectivo que se caracteriza por realizar su actividad de manera habitual en el \u00e1mbito de las reparaciones del hogar e industria. Todo ello, con su respectivo cargo a las empresas aseguradoras.<\/p>\n<h2>Campa\u00f1a sobre Riesgos Laborales<\/h2>\n<p>Desde <a href=\"https:\/\/ata.es\/\" target=\"_blank\" rel=\"noopener\">ATA Madrid<\/a> han anunciado que la idea es \u201cdar a conocer la situaci\u00f3n actual del <a href=\"https:\/\/www.clubdelemprendimiento.com\/blog\/nuestros-emprendedores\/trade-vs-falso-autonomo\/\" target=\"_blank\" rel=\"noopener\">TRADE<\/a> en la Comunidad de Madrid\u201d. Por ello, se proporcionar\u00e1 informaci\u00f3n acerca del marco normativo que se refiere a la protecci\u00f3n del aut\u00f3nomo econ\u00f3micamente dependiente. Los TRADE son aquellos cuya facturaci\u00f3n depende en un 75% de un \u00fanico cliente.<\/p>\n<p>Adem\u00e1s, en esta campa\u00f1a informativa tambi\u00e9n se busca hablar sobre la prevenci\u00f3n de riesgos laborales. Es necesario que los profesionales conozcan tambi\u00e9n los incentivos y bonificaciones estatales aprobadas por el colectivo. La campa\u00f1a llevar\u00e1 consigo un v\u00eddeo informativo en el que se mostrar\u00e1n las medidas m\u00e1s importantes acerca de la prevenci\u00f3n de riesgos en el d\u00eda a d\u00eda de su actividad. Tambi\u00e9n se har\u00e1 difusi\u00f3n de las tareas que se est\u00e1n llevando a cabo en el Instituto Regional de Seguridad y Salud en el Trabajo.<\/p>\n<h2>Jornadas formativas por ATA Madrid<\/h2>\n<p>Adem\u00e1s, desde Ata han comunicado que van a colaborar con una jornada formativa para todos los TRADE. En ella se tratar\u00e1n asuntos como el lugar que ocupa el colectivo aut\u00f3nomo en la Comunidad de Madrid. Incluir\u00e1 informaci\u00f3n sobre el marco legal en el que se encuentran y la distribuci\u00f3n de los TRADE seg\u00fan los sectores.<\/p>\n<p>Tambi\u00e9n se hablar\u00e1 con m\u00e1s hincapi\u00e9 sobre la particularidad de los TRADE en el \u00e1mbito de las reparaciones que se realizan en el hogar y la industria. Incluso se hablar\u00e1 sobre las necesidades en materia de seguridad y salud que se encuentran en el colectivo.<\/p>\n","protected":false},"excerpt":{"rendered":"<p>Uno de los \u00faltimos acuerdos alcanzados entre ATA Madrid y la Comunidad de Madrid&hellip;<\/p>\n","protected":false},"author":6,"featured_media":12648,"comment_status":"open","ping_status":"open","sticky":false,"template":"","format":"standard","meta":{"_acf_changed":false,"footnotes":""},"categories":[255],"tags":[],"acf":[],"yoast_head":"<!-- This site is optimized with the Yoast SEO plugin v22.7 - https:\/\/yoast.com\/wordpress\/plugins\/seo\/ -->\n<title>Los riesgos de los TRADE a nivel emocional y econ\u00f3mico<\/title>\n<meta name=\"description\" content=\"La Comunidad de Madrid y ATA Madrid han creado una jornada formativa acerca de los Trabajadores Aut\u00f3nomos Econ\u00f3micamente Dependientes (TRADE).\" \/>\n<meta name=\"robots\" content=\"index, follow, max-snippet:-1, max-image-preview:large, max-video-preview:-1\" \/>\n<link rel=\"canonical\" href=\"https:\/\/www.clubdelemprendimiento.com\/blog\/autonomos\/riesgos-autonomos-trade\/\" \/>\n<meta property=\"og:locale\" content=\"es_ES\" \/>\n<meta property=\"og:type\" content=\"article\" \/>\n<meta property=\"og:title\" content=\"Los riesgos de los TRADE a nivel emocional y econ\u00f3mico\" \/>\n<meta property=\"og:description\" content=\"La Comunidad de Madrid y ATA Madrid han creado una jornada formativa acerca de los Trabajadores Aut\u00f3nomos Econ\u00f3micamente Dependientes (TRADE).\" \/>\n<meta property=\"og:url\" content=\"https:\/\/www.clubdelemprendimiento.com\/blog\/autonomos\/riesgos-autonomos-trade\/\" \/>\n<meta property=\"og:site_name\" content=\"Blog Club del Emprendimiento\" \/>\n<meta property=\"article:published_time\" content=\"2019-08-07T10:00:54+00:00\" \/>\n<meta property=\"article:modified_time\" content=\"2019-07-18T11:50:49+00:00\" \/>\n<meta property=\"og:image\" content=\"https:\/\/www.clubdelemprendimiento.com\/blog\/wp-content\/uploads\/2019\/07\/plumber-228010_640.jpg\" \/>\n\t<meta property=\"og:image:width\" content=\"640\" \/>\n\t<meta property=\"og:image:height\" content=\"425\" \/>\n\t<meta property=\"og:image:type\" content=\"image\/jpeg\" \/>\n<meta name=\"author\" content=\"Rebeca Mendoza\" \/>\n<meta name=\"twitter:card\" content=\"summary_large_image\" \/>\n<meta name=\"twitter:label1\" content=\"Escrito por\" \/>\n\t<meta name=\"twitter:data1\" content=\"Rebeca Mendoza\" \/>\n\t<meta name=\"twitter:label2\" content=\"Tiempo de lectura\" \/>\n\t<meta name=\"twitter:data2\" content=\"2 minutos\" \/>\n<script type=\"application\/ld+json\" class=\"yoast-schema-graph\">{\"@context\":\"https:\/\/schema.org\",\"@graph\":[{\"@type\":\"WebPage\",\"@id\":\"https:\/\/www.clubdelemprendimiento.com\/blog\/autonomos\/riesgos-autonomos-trade\/\",\"url\":\"https:\/\/www.clubdelemprendimiento.com\/blog\/autonomos\/riesgos-autonomos-trade\/\",\"name\":\"Los riesgos de los TRADE a nivel emocional y econ\u00f3mico\",\"isPartOf\":{\"@id\":\"https:\/\/www.clubdelemprendimiento.com\/blog\/#website\"},\"primaryImageOfPage\":{\"@id\":\"https:\/\/www.clubdelemprendimiento.com\/blog\/autonomos\/riesgos-autonomos-trade\/#primaryimage\"},\"image\":{\"@id\":\"https:\/\/www.clubdelemprendimiento.com\/blog\/autonomos\/riesgos-autonomos-trade\/#primaryimage\"},\"thumbnailUrl\":\"https:\/\/www.clubdelemprendimiento.com\/blog\/wp-content\/uploads\/2019\/07\/plumber-228010_640.jpg\",\"datePublished\":\"2019-08-07T10:00:54+00:00\",\"dateModified\":\"2019-07-18T11:50:49+00:00\",\"author\":{\"@id\":\"https:\/\/www.clubdelemprendimiento.com\/blog\/#\/schema\/person\/bc14f3c8dc7b1a05fa1329c67a9f952d\"},\"description\":\"La Comunidad de Madrid y ATA Madrid han creado una jornada formativa acerca de los Trabajadores Aut\u00f3nomos Econ\u00f3micamente Dependientes (TRADE).\",\"breadcrumb\":{\"@id\":\"https:\/\/www.clubdelemprendimiento.com\/blog\/autonomos\/riesgos-autonomos-trade\/#breadcrumb\"},\"inLanguage\":\"es\",\"potentialAction\":[{\"@type\":\"ReadAction\",\"target\":[\"https:\/\/www.clubdelemprendimiento.com\/blog\/autonomos\/riesgos-autonomos-trade\/\"]}]},{\"@type\":\"ImageObject\",\"inLanguage\":\"es\",\"@id\":\"https:\/\/www.clubdelemprendimiento.com\/blog\/autonomos\/riesgos-autonomos-trade\/#primaryimage\",\"url\":\"https:\/\/www.clubdelemprendimiento.com\/blog\/wp-content\/uploads\/2019\/07\/plumber-228010_640.jpg\",\"contentUrl\":\"https:\/\/www.clubdelemprendimiento.com\/blog\/wp-content\/uploads\/2019\/07\/plumber-228010_640.jpg\",\"width\":640,\"height\":425,\"caption\":\"aut\u00f3nomos TRADE\"},{\"@type\":\"BreadcrumbList\",\"@id\":\"https:\/\/www.clubdelemprendimiento.com\/blog\/autonomos\/riesgos-autonomos-trade\/#breadcrumb\",\"itemListElement\":[{\"@type\":\"ListItem\",\"position\":1,\"name\":\"Home\",\"item\":\"https:\/\/www.clubdelemprendimiento.com\/blog\/\"},{\"@type\":\"ListItem\",\"position\":2,\"name\":\"Los riesgos de los TRADE\"}]},{\"@type\":\"WebSite\",\"@id\":\"https:\/\/www.clubdelemprendimiento.com\/blog\/#website\",\"url\":\"https:\/\/www.clubdelemprendimiento.com\/blog\/\",\"name\":\"Blog Club del Emprendimiento\",\"description\":\"\",\"potentialAction\":[{\"@type\":\"SearchAction\",\"target\":{\"@type\":\"EntryPoint\",\"urlTemplate\":\"https:\/\/www.clubdelemprendimiento.com\/blog\/?s={search_term_string}\"},\"query-input\":\"required name=search_term_string\"}],\"inLanguage\":\"es\"},{\"@type\":\"Person\",\"@id\":\"https:\/\/www.clubdelemprendimiento.com\/blog\/#\/schema\/person\/bc14f3c8dc7b1a05fa1329c67a9f952d\",\"name\":\"Rebeca Mendoza\",\"image\":{\"@type\":\"ImageObject\",\"inLanguage\":\"es\",\"@id\":\"https:\/\/www.clubdelemprendimiento.com\/blog\/#\/schema\/person\/image\/\",\"url\":\"https:\/\/secure.gravatar.com\/avatar\/2b09138ffab957c2659b80e1b1501b14?s=96&d=mm&r=g\",\"contentUrl\":\"https:\/\/secure.gravatar.com\/avatar\/2b09138ffab957c2659b80e1b1501b14?s=96&d=mm&r=g\",\"caption\":\"Rebeca Mendoza\"},\"url\":\"https:\/\/www.clubdelemprendimiento.com\/blog\/author\/rebecamendoza\/\"}]}<\/script>\n<!-- \/ Yoast SEO plugin. -->","yoast_head_json":{"title":"Los riesgos de los TRADE a nivel emocional y econ\u00f3mico","description":"La Comunidad de Madrid y ATA Madrid han creado una jornada formativa acerca de los Trabajadores Aut\u00f3nomos Econ\u00f3micamente Dependientes (TRADE).","robots":{"index":"index","follow":"follow","max-snippet":"max-snippet:-1","max-image-preview":"max-image-preview:large","max-video-preview":"max-video-preview:-1"},"canonical":"https:\/\/www.clubdelemprendimiento.com\/blog\/autonomos\/riesgos-autonomos-trade\/","og_locale":"es_ES","og_type":"article","og_title":"Los riesgos de los TRADE a nivel emocional y econ\u00f3mico","og_description":"La Comunidad de Madrid y ATA Madrid han creado una jornada formativa acerca de los Trabajadores Aut\u00f3nomos Econ\u00f3micamente Dependientes (TRADE).","og_url":"https:\/\/www.clubdelemprendimiento.com\/blog\/autonomos\/riesgos-autonomos-trade\/","og_site_name":"Blog Club del Emprendimiento","article_published_time":"2019-08-07T10:00:54+00:00","article_modified_time":"2019-07-18T11:50:49+00:00","og_image":[{"width":640,"height":425,"url":"https:\/\/www.clubdelemprendimiento.com\/blog\/wp-content\/uploads\/2019\/07\/plumber-228010_640.jpg","type":"image\/jpeg"}],"author":"Rebeca Mendoza","twitter_card":"summary_large_image","twitter_misc":{"Escrito por":"Rebeca Mendoza","Tiempo de lectura":"2 minutos"},"schema":{"@context":"https:\/\/schema.org","@graph":[{"@type":"WebPage","@id":"https:\/\/www.clubdelemprendimiento.com\/blog\/autonomos\/riesgos-autonomos-trade\/","url":"https:\/\/www.clubdelemprendimiento.com\/blog\/autonomos\/riesgos-autonomos-trade\/","name":"Los riesgos de los TRADE a nivel emocional y econ\u00f3mico","isPartOf":{"@id":"https:\/\/www.clubdelemprendimiento.com\/blog\/#website"},"primaryImageOfPage":{"@id":"https:\/\/www.clubdelemprendimiento.com\/blog\/autonomos\/riesgos-autonomos-trade\/#primaryimage"},"image":{"@id":"https:\/\/www.clubdelemprendimiento.com\/blog\/autonomos\/riesgos-autonomos-trade\/#primaryimage"},"thumbnailUrl":"https:\/\/www.clubdelemprendimiento.com\/blog\/wp-content\/uploads\/2019\/07\/plumber-228010_640.jpg","datePublished":"2019-08-07T10:00:54+00:00","dateModified":"2019-07-18T11:50:49+00:00","author":{"@id":"https:\/\/www.clubdelemprendimiento.com\/blog\/#\/schema\/person\/bc14f3c8dc7b1a05fa1329c67a9f952d"},"description":"La Comunidad de Madrid y ATA Madrid han creado una jornada formativa acerca de los Trabajadores Aut\u00f3nomos Econ\u00f3micamente Dependientes (TRADE).","breadcrumb":{"@id":"https:\/\/www.clubdelemprendimiento.com\/blog\/autonomos\/riesgos-autonomos-trade\/#breadcrumb"},"inLanguage":"es","potentialAction":[{"@type":"ReadAction","target":["https:\/\/www.clubdelemprendimiento.com\/blog\/autonomos\/riesgos-autonomos-trade\/"]}]},{"@type":"ImageObject","inLanguage":"es","@id":"https:\/\/www.clubdelemprendimiento.com\/blog\/autonomos\/riesgos-autonomos-trade\/#primaryimage","url":"https:\/\/www.clubdelemprendimiento.com\/blog\/wp-content\/uploads\/2019\/07\/plumber-228010_640.jpg","contentUrl":"https:\/\/www.clubdelemprendimiento.com\/blog\/wp-content\/uploads\/2019\/07\/plumber-228010_640.jpg","width":640,"height":425,"caption":"aut\u00f3nomos TRADE"},{"@type":"BreadcrumbList","@id":"https:\/\/www.clubdelemprendimiento.com\/blog\/autonomos\/riesgos-autonomos-trade\/#breadcrumb","itemListElement":[{"@type":"ListItem","position":1,"name":"Home","item":"https:\/\/www.clubdelemprendimiento.com\/blog\/"},{"@type":"ListItem","position":2,"name":"Los riesgos de los TRADE"}]},{"@type":"WebSite","@id":"https:\/\/www.clubdelemprendimiento.com\/blog\/#website","url":"https:\/\/www.clubdelemprendimiento.com\/blog\/","name":"Blog Club del Emprendimiento","description":"","potentialAction":[{"@type":"SearchAction","target":{"@type":"EntryPoint","urlTemplate":"https:\/\/www.clubdelemprendimiento.com\/blog\/?s={search_term_string}"},"query-input":"required name=search_term_string"}],"inLanguage":"es"},{"@type":"Person","@id":"https:\/\/www.clubdelemprendimiento.com\/blog\/#\/schema\/person\/bc14f3c8dc7b1a05fa1329c67a9f952d","name":"Rebeca Mendoza","image":{"@type":"ImageObject","inLanguage":"es","@id":"https:\/\/www.clubdelemprendimiento.com\/blog\/#\/schema\/person\/image\/","url":"https:\/\/secure.gravatar.com\/avatar\/2b09138ffab957c2659b80e1b1501b14?s=96&d=mm&r=g","contentUrl":"https:\/\/secure.gravatar.com\/avatar\/2b09138ffab957c2659b80e1b1501b14?s=96&d=mm&r=g","caption":"Rebeca Mendoza"},"url":"https:\/\/www.clubdelemprendimiento.com\/blog\/author\/rebecamendoza\/"}]}},"_links":{"self":[{"href":"https:\/\/www.clubdelemprendimiento.com\/blog\/wp-json\/wp\/v2\/posts\/12647"}],"collection":[{"href":"https:\/\/www.clubdelemprendimiento.com\/blog\/wp-json\/wp\/v2\/posts"}],"about":[{"href":"https:\/\/www.clubdelemprendimiento.com\/blog\/wp-json\/wp\/v2\/types\/post"}],"author":[{"embeddable":true,"href":"https:\/\/www.clubdelemprendimiento.com\/blog\/wp-json\/wp\/v2\/users\/6"}],"replies":[{"embeddable":true,"href":"https:\/\/www.clubdelemprendimiento.com\/blog\/wp-json\/wp\/v2\/comments?post=12647"}],"version-history":[{"count":1,"href":"https:\/\/www.clubdelemprendimiento.com\/blog\/wp-json\/wp\/v2\/posts\/12647\/revisions"}],"predecessor-version":[{"id":12649,"href":"https:\/\/www.clubdelemprendimiento.com\/blog\/wp-json\/wp\/v2\/posts\/12647\/revisions\/12649"}],"wp:featuredmedia":[{"embeddable":true,"href":"https:\/\/www.clubdelemprendimiento.com\/blog\/wp-json\/wp\/v2\/media\/12648"}],"wp:attachment":[{"href":"https:\/\/www.clubdelemprendimiento.com\/blog\/wp-json\/wp\/v2\/media?parent=12647"}],"wp:term":[{"taxonomy":"category","embeddable":true,"href":"https:\/\/www.clubdelemprendimiento.com\/blog\/wp-json\/wp\/v2\/categories?post=12647"},{"taxonomy":"post_tag","embeddable":true,"href":"https:\/\/www.clubdelemprendimiento.com\/blog\/wp-json\/wp\/v2\/tags?post=12647"}],"curies":[{"name":"wp","href":"https:\/\/api.w.org\/{rel}","templated":true}]}}