{"id":12566,"date":"2019-07-02T10:00:29","date_gmt":"2019-07-02T10:00:29","guid":{"rendered":"https:\/\/www.clubdelemprendimiento.com\/blog\/?p=12566"},"modified":"2019-07-02T07:32:04","modified_gmt":"2019-07-02T07:32:04","slug":"espana-invitada-de-honor-en-la-13o-edicion-de-la-feria-internacional-de-negocios-y-franquicias","status":"publish","type":"post","link":"https:\/\/www.clubdelemprendimiento.com\/blog\/franquicia\/espana-invitada-de-honor-en-la-13o-edicion-de-la-feria-internacional-de-negocios-y-franquicias\/","title":{"rendered":"Espa\u00f1a, invitada de honor en la 13\u00ba edici\u00f3n de la Feria Internacional de Negocios y Franquicias"},"content":{"rendered":"<p>Los pr\u00f3ximos d\u00edas 3 y 4 de julio tendr\u00e1 lugar en Bogot\u00e1 (Colombia) <strong>la 13\u00aa edici\u00f3n de la Feria Internacional de Negocios y Franquicias <a href=\"https:\/\/www.fanyf.com\/feria\/\" target=\"_blank\" rel=\"noopener\">Fanyf<\/a>.<\/strong> La pasada edici\u00f3n, esta feria reuni\u00f3 a 104 ense\u00f1as y la visitaron m\u00e1s de 5.000 emprendedores.<\/p>\n<p>Como representaci\u00f3n espa\u00f1ola estar\u00e1 <a href=\"http:\/\/www.franquiciadores.com\/\" target=\"_blank\" rel=\"noopener\">Asociaci\u00f3n Espa\u00f1ola de Franquiciadores<\/a> (AEF), junto a cinco empresas en un stand de m\u00e1s de 60 metros cuadrados. Es <strong>especialmente significativa la presencia espa\u00f1ola, ya que somos el invitado de honor en el evento<\/strong>. La AEF estar\u00e1 \u00a0presente en la capital colombiana junto a\u00a0 franquicias como Ciencia Divertida (franquicia dedicada a actividades cient\u00edficas para ni\u00f1os), Codere (del sector de casinos y juegos de azar), Pans Coffee (panader\u00eda y restaurante), Zafiro Tours (agencias de viajes) y Caracol Radio-Grupo Prisa (que es adem\u00e1s el medio de comunicaci\u00f3n partner de la feria, y tiene presencia en Colombia).<\/p>\n<h2>Las franquicias espa\u00f1olas en Colombia<\/h2>\n<p><em>\u00abColombia es uno de los pa\u00edses iberoamericanos preferidos por las ense\u00f1as espa\u00f1olas a la hora de implantarse en mercados de Am\u00e9rica del Sur, por lo que es importante y necesario que estemos exponiendo en esta 13\u00aa edici\u00f3n de Fanyf, y m\u00e1s cuando Espa\u00f1a es el pa\u00eds invitado de honor y tenemos que asumir nuestro papel de representar a la franquicia espa\u00f1ola tambi\u00e9n en el exterior<\/em>\u201d, seg\u00fan ha asegurado Luisa Masuet, presidenta de la AEF. Y es que <strong>Espa\u00f1a cuenta ya con 45 franquicias operando en Colombia<\/strong>. El pa\u00eds sudamericano es el sexto pa\u00eds con m\u00e1s ense\u00f1as espa\u00f1olas a nivel mundial. Son ya 320 establecimientos pertenecientes a 13 sectores diferentes.<\/p>\n<p>Por ello, la presencia de la AEF en la feria adquiere una gran importancia. La representaci\u00f3n de nuestro pa\u00eds por una asociaci\u00f3n con 25 a\u00f1os de historia.<strong> El 62% de la facturaci\u00f3n de las franquicias en Espa\u00f1a pertenecen a esta organizaci\u00f3n<\/strong>. La AEF actuar\u00e1 como intermediario entre el sistema de franquicias espa\u00f1ol y Colombia, y velar\u00e1 por sus intereses. Se ocupar\u00e1 de dar a conocer las <a href=\"https:\/\/www.clubdelemprendimiento.com\/blog\/franquicia\/crecimiento-franquicias-panaderias\/\" target=\"_blank\" rel=\"noopener\">ense\u00f1as<\/a> espa\u00f1olas, para que puedan expandirse a otros mercados internacionales.<\/p>\n","protected":false},"excerpt":{"rendered":"<p>Los pr\u00f3ximos d\u00edas 3 y 4 de julio tendr\u00e1 lugar en Bogot\u00e1 (Colombia) la&hellip;<\/p>\n","protected":false},"author":5,"featured_media":12567,"comment_status":"open","ping_status":"open","sticky":false,"template":"","format":"standard","meta":{"_acf_changed":false,"footnotes":""},"categories":[121],"tags":[],"acf":[],"yoast_head":"<!-- This site is optimized with the Yoast SEO plugin v22.7 - https:\/\/yoast.com\/wordpress\/plugins\/seo\/ -->\n<title>Espa\u00f1a ser\u00e1 invitada de honor de la feria de franquicias en Colombia<\/title>\n<meta name=\"description\" content=\"La AEF ser\u00e1 la encargada, junto a otras 5 franqcuicias, de representar a Espa\u00f1a en la feria internacional de franquicia en Colombia\" \/>\n<meta name=\"robots\" content=\"index, follow, max-snippet:-1, max-image-preview:large, max-video-preview:-1\" \/>\n<link rel=\"canonical\" href=\"https:\/\/www.clubdelemprendimiento.com\/blog\/franquicia\/espana-invitada-de-honor-en-la-13o-edicion-de-la-feria-internacional-de-negocios-y-franquicias\/\" \/>\n<meta property=\"og:locale\" content=\"es_ES\" \/>\n<meta property=\"og:type\" content=\"article\" \/>\n<meta property=\"og:title\" content=\"Espa\u00f1a ser\u00e1 invitada de honor de la feria de franquicias en Colombia\" \/>\n<meta property=\"og:description\" content=\"La AEF ser\u00e1 la encargada, junto a otras 5 franqcuicias, de representar a Espa\u00f1a en la feria internacional de franquicia en Colombia\" \/>\n<meta property=\"og:url\" content=\"https:\/\/www.clubdelemprendimiento.com\/blog\/franquicia\/espana-invitada-de-honor-en-la-13o-edicion-de-la-feria-internacional-de-negocios-y-franquicias\/\" \/>\n<meta property=\"og:site_name\" content=\"Blog Club del Emprendimiento\" \/>\n<meta property=\"article:published_time\" content=\"2019-07-02T10:00:29+00:00\" \/>\n<meta property=\"article:modified_time\" content=\"2019-07-02T07:32:04+00:00\" \/>\n<meta property=\"og:image\" content=\"https:\/\/www.clubdelemprendimiento.com\/blog\/wp-content\/uploads\/2019\/07\/franquicias-colombia.jpg\" \/>\n\t<meta property=\"og:image:width\" content=\"1920\" \/>\n\t<meta property=\"og:image:height\" content=\"800\" \/>\n\t<meta property=\"og:image:type\" content=\"image\/jpeg\" \/>\n<meta name=\"author\" content=\"Luc\u00eda Vera\" \/>\n<meta name=\"twitter:card\" content=\"summary_large_image\" \/>\n<meta name=\"twitter:label1\" content=\"Escrito por\" \/>\n\t<meta name=\"twitter:data1\" content=\"Luc\u00eda Vera\" \/>\n\t<meta name=\"twitter:label2\" content=\"Tiempo de lectura\" \/>\n\t<meta name=\"twitter:data2\" content=\"2 minutos\" \/>\n<script type=\"application\/ld+json\" class=\"yoast-schema-graph\">{\"@context\":\"https:\/\/schema.org\",\"@graph\":[{\"@type\":\"WebPage\",\"@id\":\"https:\/\/www.clubdelemprendimiento.com\/blog\/franquicia\/espana-invitada-de-honor-en-la-13o-edicion-de-la-feria-internacional-de-negocios-y-franquicias\/\",\"url\":\"https:\/\/www.clubdelemprendimiento.com\/blog\/franquicia\/espana-invitada-de-honor-en-la-13o-edicion-de-la-feria-internacional-de-negocios-y-franquicias\/\",\"name\":\"Espa\u00f1a ser\u00e1 invitada de honor de la feria de franquicias en Colombia\",\"isPartOf\":{\"@id\":\"https:\/\/www.clubdelemprendimiento.com\/blog\/#website\"},\"primaryImageOfPage\":{\"@id\":\"https:\/\/www.clubdelemprendimiento.com\/blog\/franquicia\/espana-invitada-de-honor-en-la-13o-edicion-de-la-feria-internacional-de-negocios-y-franquicias\/#primaryimage\"},\"image\":{\"@id\":\"https:\/\/www.clubdelemprendimiento.com\/blog\/franquicia\/espana-invitada-de-honor-en-la-13o-edicion-de-la-feria-internacional-de-negocios-y-franquicias\/#primaryimage\"},\"thumbnailUrl\":\"https:\/\/www.clubdelemprendimiento.com\/blog\/wp-content\/uploads\/2019\/07\/franquicias-colombia.jpg\",\"datePublished\":\"2019-07-02T10:00:29+00:00\",\"dateModified\":\"2019-07-02T07:32:04+00:00\",\"author\":{\"@id\":\"https:\/\/www.clubdelemprendimiento.com\/blog\/#\/schema\/person\/fe481a2c767de00924b39ab766936ddf\"},\"description\":\"La AEF ser\u00e1 la encargada, junto a otras 5 franqcuicias, de representar a Espa\u00f1a en la feria internacional de franquicia en Colombia\",\"breadcrumb\":{\"@id\":\"https:\/\/www.clubdelemprendimiento.com\/blog\/franquicia\/espana-invitada-de-honor-en-la-13o-edicion-de-la-feria-internacional-de-negocios-y-franquicias\/#breadcrumb\"},\"inLanguage\":\"es\",\"potentialAction\":[{\"@type\":\"ReadAction\",\"target\":[\"https:\/\/www.clubdelemprendimiento.com\/blog\/franquicia\/espana-invitada-de-honor-en-la-13o-edicion-de-la-feria-internacional-de-negocios-y-franquicias\/\"]}]},{\"@type\":\"ImageObject\",\"inLanguage\":\"es\",\"@id\":\"https:\/\/www.clubdelemprendimiento.com\/blog\/franquicia\/espana-invitada-de-honor-en-la-13o-edicion-de-la-feria-internacional-de-negocios-y-franquicias\/#primaryimage\",\"url\":\"https:\/\/www.clubdelemprendimiento.com\/blog\/wp-content\/uploads\/2019\/07\/franquicias-colombia.jpg\",\"contentUrl\":\"https:\/\/www.clubdelemprendimiento.com\/blog\/wp-content\/uploads\/2019\/07\/franquicias-colombia.jpg\",\"width\":1920,\"height\":800,\"caption\":\"franquicias\"},{\"@type\":\"BreadcrumbList\",\"@id\":\"https:\/\/www.clubdelemprendimiento.com\/blog\/franquicia\/espana-invitada-de-honor-en-la-13o-edicion-de-la-feria-internacional-de-negocios-y-franquicias\/#breadcrumb\",\"itemListElement\":[{\"@type\":\"ListItem\",\"position\":1,\"name\":\"Home\",\"item\":\"https:\/\/www.clubdelemprendimiento.com\/blog\/\"},{\"@type\":\"ListItem\",\"position\":2,\"name\":\"Espa\u00f1a, invitada de honor en la 13\u00ba edici\u00f3n de la Feria Internacional de Negocios y Franquicias\"}]},{\"@type\":\"WebSite\",\"@id\":\"https:\/\/www.clubdelemprendimiento.com\/blog\/#website\",\"url\":\"https:\/\/www.clubdelemprendimiento.com\/blog\/\",\"name\":\"Blog Club del Emprendimiento\",\"description\":\"\",\"potentialAction\":[{\"@type\":\"SearchAction\",\"target\":{\"@type\":\"EntryPoint\",\"urlTemplate\":\"https:\/\/www.clubdelemprendimiento.com\/blog\/?s={search_term_string}\"},\"query-input\":\"required name=search_term_string\"}],\"inLanguage\":\"es\"},{\"@type\":\"Person\",\"@id\":\"https:\/\/www.clubdelemprendimiento.com\/blog\/#\/schema\/person\/fe481a2c767de00924b39ab766936ddf\",\"name\":\"Luc\u00eda Vera\",\"image\":{\"@type\":\"ImageObject\",\"inLanguage\":\"es\",\"@id\":\"https:\/\/www.clubdelemprendimiento.com\/blog\/#\/schema\/person\/image\/\",\"url\":\"https:\/\/secure.gravatar.com\/avatar\/a7985f0a535e8f0be3026ac89e0a79c6?s=96&d=mm&r=g\",\"contentUrl\":\"https:\/\/secure.gravatar.com\/avatar\/a7985f0a535e8f0be3026ac89e0a79c6?s=96&d=mm&r=g\",\"caption\":\"Luc\u00eda Vera\"},\"url\":\"https:\/\/www.clubdelemprendimiento.com\/blog\/author\/luciavera\/\"}]}<\/script>\n<!-- \/ Yoast SEO plugin. -->","yoast_head_json":{"title":"Espa\u00f1a ser\u00e1 invitada de honor de la feria de franquicias en Colombia","description":"La AEF ser\u00e1 la encargada, junto a otras 5 franqcuicias, de representar a Espa\u00f1a en la feria internacional de franquicia en Colombia","robots":{"index":"index","follow":"follow","max-snippet":"max-snippet:-1","max-image-preview":"max-image-preview:large","max-video-preview":"max-video-preview:-1"},"canonical":"https:\/\/www.clubdelemprendimiento.com\/blog\/franquicia\/espana-invitada-de-honor-en-la-13o-edicion-de-la-feria-internacional-de-negocios-y-franquicias\/","og_locale":"es_ES","og_type":"article","og_title":"Espa\u00f1a ser\u00e1 invitada de honor de la feria de franquicias en Colombia","og_description":"La AEF ser\u00e1 la encargada, junto a otras 5 franqcuicias, de representar a Espa\u00f1a en la feria internacional de franquicia en Colombia","og_url":"https:\/\/www.clubdelemprendimiento.com\/blog\/franquicia\/espana-invitada-de-honor-en-la-13o-edicion-de-la-feria-internacional-de-negocios-y-franquicias\/","og_site_name":"Blog Club del Emprendimiento","article_published_time":"2019-07-02T10:00:29+00:00","article_modified_time":"2019-07-02T07:32:04+00:00","og_image":[{"width":1920,"height":800,"url":"https:\/\/www.clubdelemprendimiento.com\/blog\/wp-content\/uploads\/2019\/07\/franquicias-colombia.jpg","type":"image\/jpeg"}],"author":"Luc\u00eda Vera","twitter_card":"summary_large_image","twitter_misc":{"Escrito por":"Luc\u00eda Vera","Tiempo de lectura":"2 minutos"},"schema":{"@context":"https:\/\/schema.org","@graph":[{"@type":"WebPage","@id":"https:\/\/www.clubdelemprendimiento.com\/blog\/franquicia\/espana-invitada-de-honor-en-la-13o-edicion-de-la-feria-internacional-de-negocios-y-franquicias\/","url":"https:\/\/www.clubdelemprendimiento.com\/blog\/franquicia\/espana-invitada-de-honor-en-la-13o-edicion-de-la-feria-internacional-de-negocios-y-franquicias\/","name":"Espa\u00f1a ser\u00e1 invitada de honor de la feria de franquicias en Colombia","isPartOf":{"@id":"https:\/\/www.clubdelemprendimiento.com\/blog\/#website"},"primaryImageOfPage":{"@id":"https:\/\/www.clubdelemprendimiento.com\/blog\/franquicia\/espana-invitada-de-honor-en-la-13o-edicion-de-la-feria-internacional-de-negocios-y-franquicias\/#primaryimage"},"image":{"@id":"https:\/\/www.clubdelemprendimiento.com\/blog\/franquicia\/espana-invitada-de-honor-en-la-13o-edicion-de-la-feria-internacional-de-negocios-y-franquicias\/#primaryimage"},"thumbnailUrl":"https:\/\/www.clubdelemprendimiento.com\/blog\/wp-content\/uploads\/2019\/07\/franquicias-colombia.jpg","datePublished":"2019-07-02T10:00:29+00:00","dateModified":"2019-07-02T07:32:04+00:00","author":{"@id":"https:\/\/www.clubdelemprendimiento.com\/blog\/#\/schema\/person\/fe481a2c767de00924b39ab766936ddf"},"description":"La AEF ser\u00e1 la encargada, junto a otras 5 franqcuicias, de representar a Espa\u00f1a en la feria internacional de franquicia en Colombia","breadcrumb":{"@id":"https:\/\/www.clubdelemprendimiento.com\/blog\/franquicia\/espana-invitada-de-honor-en-la-13o-edicion-de-la-feria-internacional-de-negocios-y-franquicias\/#breadcrumb"},"inLanguage":"es","potentialAction":[{"@type":"ReadAction","target":["https:\/\/www.clubdelemprendimiento.com\/blog\/franquicia\/espana-invitada-de-honor-en-la-13o-edicion-de-la-feria-internacional-de-negocios-y-franquicias\/"]}]},{"@type":"ImageObject","inLanguage":"es","@id":"https:\/\/www.clubdelemprendimiento.com\/blog\/franquicia\/espana-invitada-de-honor-en-la-13o-edicion-de-la-feria-internacional-de-negocios-y-franquicias\/#primaryimage","url":"https:\/\/www.clubdelemprendimiento.com\/blog\/wp-content\/uploads\/2019\/07\/franquicias-colombia.jpg","contentUrl":"https:\/\/www.clubdelemprendimiento.com\/blog\/wp-content\/uploads\/2019\/07\/franquicias-colombia.jpg","width":1920,"height":800,"caption":"franquicias"},{"@type":"BreadcrumbList","@id":"https:\/\/www.clubdelemprendimiento.com\/blog\/franquicia\/espana-invitada-de-honor-en-la-13o-edicion-de-la-feria-internacional-de-negocios-y-franquicias\/#breadcrumb","itemListElement":[{"@type":"ListItem","position":1,"name":"Home","item":"https:\/\/www.clubdelemprendimiento.com\/blog\/"},{"@type":"ListItem","position":2,"name":"Espa\u00f1a, invitada de honor en la 13\u00ba edici\u00f3n de la Feria Internacional de Negocios y Franquicias"}]},{"@type":"WebSite","@id":"https:\/\/www.clubdelemprendimiento.com\/blog\/#website","url":"https:\/\/www.clubdelemprendimiento.com\/blog\/","name":"Blog Club del Emprendimiento","description":"","potentialAction":[{"@type":"SearchAction","target":{"@type":"EntryPoint","urlTemplate":"https:\/\/www.clubdelemprendimiento.com\/blog\/?s={search_term_string}"},"query-input":"required name=search_term_string"}],"inLanguage":"es"},{"@type":"Person","@id":"https:\/\/www.clubdelemprendimiento.com\/blog\/#\/schema\/person\/fe481a2c767de00924b39ab766936ddf","name":"Luc\u00eda Vera","image":{"@type":"ImageObject","inLanguage":"es","@id":"https:\/\/www.clubdelemprendimiento.com\/blog\/#\/schema\/person\/image\/","url":"https:\/\/secure.gravatar.com\/avatar\/a7985f0a535e8f0be3026ac89e0a79c6?s=96&d=mm&r=g","contentUrl":"https:\/\/secure.gravatar.com\/avatar\/a7985f0a535e8f0be3026ac89e0a79c6?s=96&d=mm&r=g","caption":"Luc\u00eda Vera"},"url":"https:\/\/www.clubdelemprendimiento.com\/blog\/author\/luciavera\/"}]}},"_links":{"self":[{"href":"https:\/\/www.clubdelemprendimiento.com\/blog\/wp-json\/wp\/v2\/posts\/12566"}],"collection":[{"href":"https:\/\/www.clubdelemprendimiento.com\/blog\/wp-json\/wp\/v2\/posts"}],"about":[{"href":"https:\/\/www.clubdelemprendimiento.com\/blog\/wp-json\/wp\/v2\/types\/post"}],"author":[{"embeddable":true,"href":"https:\/\/www.clubdelemprendimiento.com\/blog\/wp-json\/wp\/v2\/users\/5"}],"replies":[{"embeddable":true,"href":"https:\/\/www.clubdelemprendimiento.com\/blog\/wp-json\/wp\/v2\/comments?post=12566"}],"version-history":[{"count":1,"href":"https:\/\/www.clubdelemprendimiento.com\/blog\/wp-json\/wp\/v2\/posts\/12566\/revisions"}],"predecessor-version":[{"id":12568,"href":"https:\/\/www.clubdelemprendimiento.com\/blog\/wp-json\/wp\/v2\/posts\/12566\/revisions\/12568"}],"wp:featuredmedia":[{"embeddable":true,"href":"https:\/\/www.clubdelemprendimiento.com\/blog\/wp-json\/wp\/v2\/media\/12567"}],"wp:attachment":[{"href":"https:\/\/www.clubdelemprendimiento.com\/blog\/wp-json\/wp\/v2\/media?parent=12566"}],"wp:term":[{"taxonomy":"category","embeddable":true,"href":"https:\/\/www.clubdelemprendimiento.com\/blog\/wp-json\/wp\/v2\/categories?post=12566"},{"taxonomy":"post_tag","embeddable":true,"href":"https:\/\/www.clubdelemprendimiento.com\/blog\/wp-json\/wp\/v2\/tags?post=12566"}],"curies":[{"name":"wp","href":"https:\/\/api.w.org\/{rel}","templated":true}]}}