{"id":12523,"date":"2019-06-27T10:00:12","date_gmt":"2019-06-27T10:00:12","guid":{"rendered":"https:\/\/www.clubdelemprendimiento.com\/blog\/?p=12523"},"modified":"2019-06-20T07:22:22","modified_gmt":"2019-06-20T07:22:22","slug":"autonomos-tienen-cubierto-el-accidente-in-itinere","status":"publish","type":"post","link":"https:\/\/www.clubdelemprendimiento.com\/blog\/autonomos\/autonomos-tienen-cubierto-el-accidente-in-itinere\/","title":{"rendered":"Aut\u00f3nomos: \u00bftienen cubierto el accidente in itinere?"},"content":{"rendered":"<p>Un <strong>accidente in itinere es aquel que se produce cuando se acude al lugar de trabajo o cuando se est\u00e1 regresando<\/strong>. Un accidente de tr\u00e1fico cuando se est\u00e1 de camino a trabajar, por ejemplo, ser\u00eda un caso claro de accidente in itinere. Como es normal, los trabajadores por cuenta propia no est\u00e1n exentos de sufrir este tipo de accidentes cuando van a desempe\u00f1ar su labor profesional. Sin embargo, hasta el a\u00f1o 2017, los aut\u00f3nomos no ten\u00edan contemplada esta cobertura. Las principales <a href=\"https:\/\/cincodias.elpais.com\/cincodias\/2015\/06\/02\/autonomos\/1433247181_907130.html\" target=\"_blank\" rel=\"noopener\">asociaciones del colectivo<\/a> reclamaron al Gobierno que los accidentes in itinere estuvieran cubiertos por la seguridad Social en el caso de los aut\u00f3nomos y hoy en d\u00eda, as\u00ed se considera.<\/p>\n<h2>Accidente in itinere o accidente laboral<\/h2>\n<p>Pero es necesario tener en cuenta que no todo se considera accidente in itinere, s\u00ed que hay casos en los que se estipula como accidente laboral. Por ello, es muy recomendable tenerlo en cuenta para poder saber c\u00f3mo se determinar\u00e1.<\/p>\n<p>Para saber si un <strong>accidente ser\u00e1 considerado como accidente laboral o in itinere,<\/strong> lo primero es ver el lugar d\u00f3nde se ha producido. Por ejemplo, un accidente en unas escaleras o en un parking puede considerarse dentro de un in itinere. Pero, por el contrario, en casos como un accidente en una parada para realizar alg\u00fan tr\u00e1mite personal, no entrar\u00eda en el mismo marco. De igual manera, si se produce fuera del horario laboral.<\/p>\n<p>En segundo lugar, el medio de transporte es importante. Adem\u00e1s de un coche personal o una bici, el autob\u00fas, el metro o, incluso, un patinete pueden ser lugares en los que se produzca el accidente de camino a trabajar. Sin embargo, si no es un medio habitual, no tendr\u00e1n cobertura.<\/p>\n<h2>Qu\u00e9 se cubre en caso de accidente in itinere<\/h2>\n<p>Si se considera accidente in itinere ser\u00e1 catalogado como <strong>contingencia profesional y no com\u00fan<\/strong>. Esto significa que la <a href=\"https:\/\/www.clubdelemprendimiento.com\/blog\/autonomos\/cambios-cotizaciones-mutuas-autonomos\/\" target=\"_blank\" rel=\"noopener\">mutua aseguradora<\/a> de la Seguridad Social dar\u00e1 una asistencia m\u00e9dica total al aut\u00f3nomo. Adem\u00e1s, recibir\u00e1 una prestaci\u00f3n del 75% de su base de cotizaci\u00f3n durante el periodo en el que tenga que estar de baja. Si hubiera secuelas se puede acceder a una prestaci\u00f3n por incapacidad permanente.<\/p>\n","protected":false},"excerpt":{"rendered":"<p>Un accidente in itinere es aquel que se produce cuando se acude al lugar&hellip;<\/p>\n","protected":false},"author":5,"featured_media":12524,"comment_status":"open","ping_status":"open","sticky":false,"template":"","format":"standard","meta":{"_acf_changed":false,"footnotes":""},"categories":[255],"tags":[],"acf":[],"yoast_head":"<!-- This site is optimized with the Yoast SEO plugin v22.7 - https:\/\/yoast.com\/wordpress\/plugins\/seo\/ -->\n<title>Qu\u00e9 se considera accidente in itinere y qu\u00e9 cubre a los aut\u00f3nomos<\/title>\n<meta name=\"description\" content=\"Cu\u00e1ndo se considera un accidente como in itinere en caso de ser aut\u00f3nomo y qu\u00e9 cobertura tienen durante el periodo de baja\" \/>\n<meta name=\"robots\" content=\"index, follow, max-snippet:-1, max-image-preview:large, max-video-preview:-1\" \/>\n<link rel=\"canonical\" href=\"https:\/\/www.clubdelemprendimiento.com\/blog\/autonomos\/autonomos-tienen-cubierto-el-accidente-in-itinere\/\" \/>\n<meta property=\"og:locale\" content=\"es_ES\" \/>\n<meta property=\"og:type\" content=\"article\" \/>\n<meta property=\"og:title\" content=\"Qu\u00e9 se considera accidente in itinere y qu\u00e9 cubre a los aut\u00f3nomos\" \/>\n<meta property=\"og:description\" content=\"Cu\u00e1ndo se considera un accidente como in itinere en caso de ser aut\u00f3nomo y qu\u00e9 cobertura tienen durante el periodo de baja\" \/>\n<meta property=\"og:url\" content=\"https:\/\/www.clubdelemprendimiento.com\/blog\/autonomos\/autonomos-tienen-cubierto-el-accidente-in-itinere\/\" \/>\n<meta property=\"og:site_name\" content=\"Blog Club del Emprendimiento\" \/>\n<meta property=\"article:published_time\" content=\"2019-06-27T10:00:12+00:00\" \/>\n<meta property=\"article:modified_time\" content=\"2019-06-20T07:22:22+00:00\" \/>\n<meta property=\"og:image\" content=\"https:\/\/www.clubdelemprendimiento.com\/blog\/wp-content\/uploads\/2019\/06\/Depositphotos_203800330_l-2015-1030x688.jpg\" \/>\n\t<meta property=\"og:image:width\" content=\"1030\" \/>\n\t<meta property=\"og:image:height\" content=\"688\" \/>\n\t<meta property=\"og:image:type\" content=\"image\/jpeg\" \/>\n<meta name=\"author\" content=\"Luc\u00eda Vera\" \/>\n<meta name=\"twitter:card\" content=\"summary_large_image\" \/>\n<meta name=\"twitter:label1\" content=\"Escrito por\" \/>\n\t<meta name=\"twitter:data1\" content=\"Luc\u00eda Vera\" \/>\n\t<meta name=\"twitter:label2\" content=\"Tiempo de lectura\" \/>\n\t<meta name=\"twitter:data2\" content=\"2 minutos\" \/>\n<script type=\"application\/ld+json\" class=\"yoast-schema-graph\">{\"@context\":\"https:\/\/schema.org\",\"@graph\":[{\"@type\":\"WebPage\",\"@id\":\"https:\/\/www.clubdelemprendimiento.com\/blog\/autonomos\/autonomos-tienen-cubierto-el-accidente-in-itinere\/\",\"url\":\"https:\/\/www.clubdelemprendimiento.com\/blog\/autonomos\/autonomos-tienen-cubierto-el-accidente-in-itinere\/\",\"name\":\"Qu\u00e9 se considera accidente in itinere y qu\u00e9 cubre a los aut\u00f3nomos\",\"isPartOf\":{\"@id\":\"https:\/\/www.clubdelemprendimiento.com\/blog\/#website\"},\"primaryImageOfPage\":{\"@id\":\"https:\/\/www.clubdelemprendimiento.com\/blog\/autonomos\/autonomos-tienen-cubierto-el-accidente-in-itinere\/#primaryimage\"},\"image\":{\"@id\":\"https:\/\/www.clubdelemprendimiento.com\/blog\/autonomos\/autonomos-tienen-cubierto-el-accidente-in-itinere\/#primaryimage\"},\"thumbnailUrl\":\"https:\/\/www.clubdelemprendimiento.com\/blog\/wp-content\/uploads\/2019\/06\/Depositphotos_203800330_l-2015.jpg\",\"datePublished\":\"2019-06-27T10:00:12+00:00\",\"dateModified\":\"2019-06-20T07:22:22+00:00\",\"author\":{\"@id\":\"https:\/\/www.clubdelemprendimiento.com\/blog\/#\/schema\/person\/fe481a2c767de00924b39ab766936ddf\"},\"description\":\"Cu\u00e1ndo se considera un accidente como in itinere en caso de ser aut\u00f3nomo y qu\u00e9 cobertura tienen durante el periodo de baja\",\"breadcrumb\":{\"@id\":\"https:\/\/www.clubdelemprendimiento.com\/blog\/autonomos\/autonomos-tienen-cubierto-el-accidente-in-itinere\/#breadcrumb\"},\"inLanguage\":\"es\",\"potentialAction\":[{\"@type\":\"ReadAction\",\"target\":[\"https:\/\/www.clubdelemprendimiento.com\/blog\/autonomos\/autonomos-tienen-cubierto-el-accidente-in-itinere\/\"]}]},{\"@type\":\"ImageObject\",\"inLanguage\":\"es\",\"@id\":\"https:\/\/www.clubdelemprendimiento.com\/blog\/autonomos\/autonomos-tienen-cubierto-el-accidente-in-itinere\/#primaryimage\",\"url\":\"https:\/\/www.clubdelemprendimiento.com\/blog\/wp-content\/uploads\/2019\/06\/Depositphotos_203800330_l-2015.jpg\",\"contentUrl\":\"https:\/\/www.clubdelemprendimiento.com\/blog\/wp-content\/uploads\/2019\/06\/Depositphotos_203800330_l-2015.jpg\",\"width\":2000,\"height\":1335,\"caption\":\"accidente in itinere\"},{\"@type\":\"BreadcrumbList\",\"@id\":\"https:\/\/www.clubdelemprendimiento.com\/blog\/autonomos\/autonomos-tienen-cubierto-el-accidente-in-itinere\/#breadcrumb\",\"itemListElement\":[{\"@type\":\"ListItem\",\"position\":1,\"name\":\"Home\",\"item\":\"https:\/\/www.clubdelemprendimiento.com\/blog\/\"},{\"@type\":\"ListItem\",\"position\":2,\"name\":\"Aut\u00f3nomos: \u00bftienen cubierto el accidente in itinere?\"}]},{\"@type\":\"WebSite\",\"@id\":\"https:\/\/www.clubdelemprendimiento.com\/blog\/#website\",\"url\":\"https:\/\/www.clubdelemprendimiento.com\/blog\/\",\"name\":\"Blog Club del Emprendimiento\",\"description\":\"\",\"potentialAction\":[{\"@type\":\"SearchAction\",\"target\":{\"@type\":\"EntryPoint\",\"urlTemplate\":\"https:\/\/www.clubdelemprendimiento.com\/blog\/?s={search_term_string}\"},\"query-input\":\"required name=search_term_string\"}],\"inLanguage\":\"es\"},{\"@type\":\"Person\",\"@id\":\"https:\/\/www.clubdelemprendimiento.com\/blog\/#\/schema\/person\/fe481a2c767de00924b39ab766936ddf\",\"name\":\"Luc\u00eda Vera\",\"image\":{\"@type\":\"ImageObject\",\"inLanguage\":\"es\",\"@id\":\"https:\/\/www.clubdelemprendimiento.com\/blog\/#\/schema\/person\/image\/\",\"url\":\"https:\/\/secure.gravatar.com\/avatar\/a7985f0a535e8f0be3026ac89e0a79c6?s=96&d=mm&r=g\",\"contentUrl\":\"https:\/\/secure.gravatar.com\/avatar\/a7985f0a535e8f0be3026ac89e0a79c6?s=96&d=mm&r=g\",\"caption\":\"Luc\u00eda Vera\"},\"url\":\"https:\/\/www.clubdelemprendimiento.com\/blog\/author\/luciavera\/\"}]}<\/script>\n<!-- \/ Yoast SEO plugin. -->","yoast_head_json":{"title":"Qu\u00e9 se considera accidente in itinere y qu\u00e9 cubre a los aut\u00f3nomos","description":"Cu\u00e1ndo se considera un accidente como in itinere en caso de ser aut\u00f3nomo y qu\u00e9 cobertura tienen durante el periodo de baja","robots":{"index":"index","follow":"follow","max-snippet":"max-snippet:-1","max-image-preview":"max-image-preview:large","max-video-preview":"max-video-preview:-1"},"canonical":"https:\/\/www.clubdelemprendimiento.com\/blog\/autonomos\/autonomos-tienen-cubierto-el-accidente-in-itinere\/","og_locale":"es_ES","og_type":"article","og_title":"Qu\u00e9 se considera accidente in itinere y qu\u00e9 cubre a los aut\u00f3nomos","og_description":"Cu\u00e1ndo se considera un accidente como in itinere en caso de ser aut\u00f3nomo y qu\u00e9 cobertura tienen durante el periodo de baja","og_url":"https:\/\/www.clubdelemprendimiento.com\/blog\/autonomos\/autonomos-tienen-cubierto-el-accidente-in-itinere\/","og_site_name":"Blog Club del Emprendimiento","article_published_time":"2019-06-27T10:00:12+00:00","article_modified_time":"2019-06-20T07:22:22+00:00","og_image":[{"width":1030,"height":688,"url":"https:\/\/www.clubdelemprendimiento.com\/blog\/wp-content\/uploads\/2019\/06\/Depositphotos_203800330_l-2015-1030x688.jpg","type":"image\/jpeg"}],"author":"Luc\u00eda Vera","twitter_card":"summary_large_image","twitter_misc":{"Escrito por":"Luc\u00eda Vera","Tiempo de lectura":"2 minutos"},"schema":{"@context":"https:\/\/schema.org","@graph":[{"@type":"WebPage","@id":"https:\/\/www.clubdelemprendimiento.com\/blog\/autonomos\/autonomos-tienen-cubierto-el-accidente-in-itinere\/","url":"https:\/\/www.clubdelemprendimiento.com\/blog\/autonomos\/autonomos-tienen-cubierto-el-accidente-in-itinere\/","name":"Qu\u00e9 se considera accidente in itinere y qu\u00e9 cubre a los aut\u00f3nomos","isPartOf":{"@id":"https:\/\/www.clubdelemprendimiento.com\/blog\/#website"},"primaryImageOfPage":{"@id":"https:\/\/www.clubdelemprendimiento.com\/blog\/autonomos\/autonomos-tienen-cubierto-el-accidente-in-itinere\/#primaryimage"},"image":{"@id":"https:\/\/www.clubdelemprendimiento.com\/blog\/autonomos\/autonomos-tienen-cubierto-el-accidente-in-itinere\/#primaryimage"},"thumbnailUrl":"https:\/\/www.clubdelemprendimiento.com\/blog\/wp-content\/uploads\/2019\/06\/Depositphotos_203800330_l-2015.jpg","datePublished":"2019-06-27T10:00:12+00:00","dateModified":"2019-06-20T07:22:22+00:00","author":{"@id":"https:\/\/www.clubdelemprendimiento.com\/blog\/#\/schema\/person\/fe481a2c767de00924b39ab766936ddf"},"description":"Cu\u00e1ndo se considera un accidente como in itinere en caso de ser aut\u00f3nomo y qu\u00e9 cobertura tienen durante el periodo de baja","breadcrumb":{"@id":"https:\/\/www.clubdelemprendimiento.com\/blog\/autonomos\/autonomos-tienen-cubierto-el-accidente-in-itinere\/#breadcrumb"},"inLanguage":"es","potentialAction":[{"@type":"ReadAction","target":["https:\/\/www.clubdelemprendimiento.com\/blog\/autonomos\/autonomos-tienen-cubierto-el-accidente-in-itinere\/"]}]},{"@type":"ImageObject","inLanguage":"es","@id":"https:\/\/www.clubdelemprendimiento.com\/blog\/autonomos\/autonomos-tienen-cubierto-el-accidente-in-itinere\/#primaryimage","url":"https:\/\/www.clubdelemprendimiento.com\/blog\/wp-content\/uploads\/2019\/06\/Depositphotos_203800330_l-2015.jpg","contentUrl":"https:\/\/www.clubdelemprendimiento.com\/blog\/wp-content\/uploads\/2019\/06\/Depositphotos_203800330_l-2015.jpg","width":2000,"height":1335,"caption":"accidente in itinere"},{"@type":"BreadcrumbList","@id":"https:\/\/www.clubdelemprendimiento.com\/blog\/autonomos\/autonomos-tienen-cubierto-el-accidente-in-itinere\/#breadcrumb","itemListElement":[{"@type":"ListItem","position":1,"name":"Home","item":"https:\/\/www.clubdelemprendimiento.com\/blog\/"},{"@type":"ListItem","position":2,"name":"Aut\u00f3nomos: \u00bftienen cubierto el accidente in itinere?"}]},{"@type":"WebSite","@id":"https:\/\/www.clubdelemprendimiento.com\/blog\/#website","url":"https:\/\/www.clubdelemprendimiento.com\/blog\/","name":"Blog Club del Emprendimiento","description":"","potentialAction":[{"@type":"SearchAction","target":{"@type":"EntryPoint","urlTemplate":"https:\/\/www.clubdelemprendimiento.com\/blog\/?s={search_term_string}"},"query-input":"required name=search_term_string"}],"inLanguage":"es"},{"@type":"Person","@id":"https:\/\/www.clubdelemprendimiento.com\/blog\/#\/schema\/person\/fe481a2c767de00924b39ab766936ddf","name":"Luc\u00eda Vera","image":{"@type":"ImageObject","inLanguage":"es","@id":"https:\/\/www.clubdelemprendimiento.com\/blog\/#\/schema\/person\/image\/","url":"https:\/\/secure.gravatar.com\/avatar\/a7985f0a535e8f0be3026ac89e0a79c6?s=96&d=mm&r=g","contentUrl":"https:\/\/secure.gravatar.com\/avatar\/a7985f0a535e8f0be3026ac89e0a79c6?s=96&d=mm&r=g","caption":"Luc\u00eda Vera"},"url":"https:\/\/www.clubdelemprendimiento.com\/blog\/author\/luciavera\/"}]}},"_links":{"self":[{"href":"https:\/\/www.clubdelemprendimiento.com\/blog\/wp-json\/wp\/v2\/posts\/12523"}],"collection":[{"href":"https:\/\/www.clubdelemprendimiento.com\/blog\/wp-json\/wp\/v2\/posts"}],"about":[{"href":"https:\/\/www.clubdelemprendimiento.com\/blog\/wp-json\/wp\/v2\/types\/post"}],"author":[{"embeddable":true,"href":"https:\/\/www.clubdelemprendimiento.com\/blog\/wp-json\/wp\/v2\/users\/5"}],"replies":[{"embeddable":true,"href":"https:\/\/www.clubdelemprendimiento.com\/blog\/wp-json\/wp\/v2\/comments?post=12523"}],"version-history":[{"count":1,"href":"https:\/\/www.clubdelemprendimiento.com\/blog\/wp-json\/wp\/v2\/posts\/12523\/revisions"}],"predecessor-version":[{"id":12525,"href":"https:\/\/www.clubdelemprendimiento.com\/blog\/wp-json\/wp\/v2\/posts\/12523\/revisions\/12525"}],"wp:featuredmedia":[{"embeddable":true,"href":"https:\/\/www.clubdelemprendimiento.com\/blog\/wp-json\/wp\/v2\/media\/12524"}],"wp:attachment":[{"href":"https:\/\/www.clubdelemprendimiento.com\/blog\/wp-json\/wp\/v2\/media?parent=12523"}],"wp:term":[{"taxonomy":"category","embeddable":true,"href":"https:\/\/www.clubdelemprendimiento.com\/blog\/wp-json\/wp\/v2\/categories?post=12523"},{"taxonomy":"post_tag","embeddable":true,"href":"https:\/\/www.clubdelemprendimiento.com\/blog\/wp-json\/wp\/v2\/tags?post=12523"}],"curies":[{"name":"wp","href":"https:\/\/api.w.org\/{rel}","templated":true}]}}