{"id":12448,"date":"2019-05-29T10:00:11","date_gmt":"2019-05-29T10:00:11","guid":{"rendered":"https:\/\/www.clubdelemprendimiento.com\/blog\/?p=12448"},"modified":"2019-05-27T08:27:16","modified_gmt":"2019-05-27T08:27:16","slug":"iva-mensual-e-iva-trimestral","status":"publish","type":"post","link":"https:\/\/www.clubdelemprendimiento.com\/blog\/autonomos\/iva-mensual-e-iva-trimestral\/","title":{"rendered":"IVA mensual e IVA trimestral"},"content":{"rendered":"<p>Todo empresario o aut\u00f3nomo que ejerza una actividad profesional ha de <strong>presentar peri\u00f3dicamente el Impuesto sobre el Valor A\u00f1adido (IVA).<\/strong> Este impuesto grava el consumo y los trabajadores por cuenta propia o los empresarios son recaudadores pasivos. Es decir, al vender un producto o un servicio, recauda el IVA al consumidor y m\u00e1s tarde se paga a Hacienda.<\/p>\n<p>Para pagar el IVA a Hacienda se <strong>presenta el modelo correspondiente cada mes o cada tres meses.<\/strong> Esta declaraci\u00f3n del IVA mensual o trimestral viene determinada por dos criterios. Seg\u00fan se recoge en <a href=\"https:\/\/www.holded.com\/es?keyword=holded&amp;gclid=EAIaIQobChMInu6FtaO74gIVBp3VCh1iGAdzEAAYASAAEgJt7_D_BwE\">Holded<\/a>, el aut\u00f3nomo o empresario debe recoger todas las operaciones que se hayan facturado en un periodo de tiempo, si se tiene en cuenta el criterio de devengo. En caso de aplicar el criterio de caja, se recopilar\u00e1n las facturas cobradas y pagadas. Lo habitual es que el periodo a considerar sea el trimestre. De manera que se presente el modelo 303 de autoliquidaci\u00f3n de IVA cada tres meses. La declaraci\u00f3n mensual est\u00e1<strong> recomendada \u00fanicamente en casos en los que el tipo de IVA que se aplica en las ventas es menor que el soportado<\/strong> cuando se adquieren los productos o servicios que se necesitan para la actividad empresarial. En este caso, el resultad De la declaraci\u00f3n ser\u00eda negativo. Lo que significa que, al recuperar cada mes el impuesto, la empresa o el aut\u00f3nomo tendr\u00e1 una mejor liquidez. Es por ello que es el \u00fanico caso en\u00a0 el que el IVA se declara de manera mensual.<\/p>\n<h2>Alta en la declaraci\u00f3n mensual de IVA<\/h2>\n<p>En este caso es necesario darse de alta en el Registro de Devoluci\u00f3n Mensual. En lugar del modelo 303, cada mes el empresario o <a href=\"https:\/\/www.clubdelemprendimiento.com\/blog\/autonomos\/los-autonomos-cobran-su-exceso-de-cuotas\/\" target=\"_blank\" rel=\"noopener\">aut\u00f3nomo<\/a> ha de presentar el modelo 036\u00a0 mediante la v\u00eda telem\u00e1tica. El documento ha de tener marcada la casilla 129. Adem\u00e1s, es preciso tambi\u00e9n presentar el modelo 340 de Declaraci\u00f3n Informativa de operaciones en libros de registro.<\/p>\n<p>En cualquiera de los dos casos, IVA mensual o trimestral, eso s\u00ed, se deber\u00e1 presentar el modelo 390 de Resumen Anual de IVA al final de cada ejercicio.<\/p>\n","protected":false},"excerpt":{"rendered":"<p>Todo empresario o aut\u00f3nomo que ejerza una actividad profesional ha de presentar peri\u00f3dicamente el&hellip;<\/p>\n","protected":false},"author":5,"featured_media":12449,"comment_status":"open","ping_status":"open","sticky":false,"template":"","format":"standard","meta":{"_acf_changed":false,"footnotes":""},"categories":[255,104,256],"tags":[],"acf":[],"yoast_head":"<!-- This site is optimized with the Yoast SEO plugin v22.7 - https:\/\/yoast.com\/wordpress\/plugins\/seo\/ -->\n<title>Diferencias entre el IVA mensual y el IVA trimestral: cuando presentar<\/title>\n<meta name=\"description\" content=\"Cuando se recomienda presentar el IVA mensual y cuando el trimestral. Qu\u00e9 modelo es cada uno y cu\u00e1ndo es mejor uno u otro.\" \/>\n<meta name=\"robots\" content=\"index, follow, max-snippet:-1, max-image-preview:large, max-video-preview:-1\" \/>\n<link rel=\"canonical\" href=\"https:\/\/www.clubdelemprendimiento.com\/blog\/autonomos\/iva-mensual-e-iva-trimestral\/\" \/>\n<meta property=\"og:locale\" content=\"es_ES\" \/>\n<meta property=\"og:type\" content=\"article\" \/>\n<meta property=\"og:title\" content=\"Diferencias entre el IVA mensual y el IVA trimestral: cuando presentar\" \/>\n<meta property=\"og:description\" content=\"Cuando se recomienda presentar el IVA mensual y cuando el trimestral. Qu\u00e9 modelo es cada uno y cu\u00e1ndo es mejor uno u otro.\" \/>\n<meta property=\"og:url\" content=\"https:\/\/www.clubdelemprendimiento.com\/blog\/autonomos\/iva-mensual-e-iva-trimestral\/\" \/>\n<meta property=\"og:site_name\" content=\"Blog Club del Emprendimiento\" \/>\n<meta property=\"article:published_time\" content=\"2019-05-29T10:00:11+00:00\" \/>\n<meta property=\"article:modified_time\" content=\"2019-05-27T08:27:16+00:00\" \/>\n<meta property=\"og:image\" content=\"https:\/\/www.clubdelemprendimiento.com\/blog\/wp-content\/uploads\/2019\/05\/bookkeeping-615384_1280.jpg\" \/>\n\t<meta property=\"og:image:width\" content=\"1280\" \/>\n\t<meta property=\"og:image:height\" content=\"850\" \/>\n\t<meta property=\"og:image:type\" content=\"image\/jpeg\" \/>\n<meta name=\"author\" content=\"Luc\u00eda Vera\" \/>\n<meta name=\"twitter:card\" content=\"summary_large_image\" \/>\n<meta name=\"twitter:label1\" content=\"Escrito por\" \/>\n\t<meta name=\"twitter:data1\" content=\"Luc\u00eda Vera\" \/>\n\t<meta name=\"twitter:label2\" content=\"Tiempo de lectura\" \/>\n\t<meta name=\"twitter:data2\" content=\"2 minutos\" \/>\n<script type=\"application\/ld+json\" class=\"yoast-schema-graph\">{\"@context\":\"https:\/\/schema.org\",\"@graph\":[{\"@type\":\"WebPage\",\"@id\":\"https:\/\/www.clubdelemprendimiento.com\/blog\/autonomos\/iva-mensual-e-iva-trimestral\/\",\"url\":\"https:\/\/www.clubdelemprendimiento.com\/blog\/autonomos\/iva-mensual-e-iva-trimestral\/\",\"name\":\"Diferencias entre el IVA mensual y el IVA trimestral: cuando presentar\",\"isPartOf\":{\"@id\":\"https:\/\/www.clubdelemprendimiento.com\/blog\/#website\"},\"primaryImageOfPage\":{\"@id\":\"https:\/\/www.clubdelemprendimiento.com\/blog\/autonomos\/iva-mensual-e-iva-trimestral\/#primaryimage\"},\"image\":{\"@id\":\"https:\/\/www.clubdelemprendimiento.com\/blog\/autonomos\/iva-mensual-e-iva-trimestral\/#primaryimage\"},\"thumbnailUrl\":\"https:\/\/www.clubdelemprendimiento.com\/blog\/wp-content\/uploads\/2019\/05\/bookkeeping-615384_1280.jpg\",\"datePublished\":\"2019-05-29T10:00:11+00:00\",\"dateModified\":\"2019-05-27T08:27:16+00:00\",\"author\":{\"@id\":\"https:\/\/www.clubdelemprendimiento.com\/blog\/#\/schema\/person\/fe481a2c767de00924b39ab766936ddf\"},\"description\":\"Cuando se recomienda presentar el IVA mensual y cuando el trimestral. Qu\u00e9 modelo es cada uno y cu\u00e1ndo es mejor uno u otro.\",\"breadcrumb\":{\"@id\":\"https:\/\/www.clubdelemprendimiento.com\/blog\/autonomos\/iva-mensual-e-iva-trimestral\/#breadcrumb\"},\"inLanguage\":\"es\",\"potentialAction\":[{\"@type\":\"ReadAction\",\"target\":[\"https:\/\/www.clubdelemprendimiento.com\/blog\/autonomos\/iva-mensual-e-iva-trimestral\/\"]}]},{\"@type\":\"ImageObject\",\"inLanguage\":\"es\",\"@id\":\"https:\/\/www.clubdelemprendimiento.com\/blog\/autonomos\/iva-mensual-e-iva-trimestral\/#primaryimage\",\"url\":\"https:\/\/www.clubdelemprendimiento.com\/blog\/wp-content\/uploads\/2019\/05\/bookkeeping-615384_1280.jpg\",\"contentUrl\":\"https:\/\/www.clubdelemprendimiento.com\/blog\/wp-content\/uploads\/2019\/05\/bookkeeping-615384_1280.jpg\",\"width\":1280,\"height\":850,\"caption\":\"IVA mensual\"},{\"@type\":\"BreadcrumbList\",\"@id\":\"https:\/\/www.clubdelemprendimiento.com\/blog\/autonomos\/iva-mensual-e-iva-trimestral\/#breadcrumb\",\"itemListElement\":[{\"@type\":\"ListItem\",\"position\":1,\"name\":\"Home\",\"item\":\"https:\/\/www.clubdelemprendimiento.com\/blog\/\"},{\"@type\":\"ListItem\",\"position\":2,\"name\":\"IVA mensual e IVA trimestral\"}]},{\"@type\":\"WebSite\",\"@id\":\"https:\/\/www.clubdelemprendimiento.com\/blog\/#website\",\"url\":\"https:\/\/www.clubdelemprendimiento.com\/blog\/\",\"name\":\"Blog Club del Emprendimiento\",\"description\":\"\",\"potentialAction\":[{\"@type\":\"SearchAction\",\"target\":{\"@type\":\"EntryPoint\",\"urlTemplate\":\"https:\/\/www.clubdelemprendimiento.com\/blog\/?s={search_term_string}\"},\"query-input\":\"required name=search_term_string\"}],\"inLanguage\":\"es\"},{\"@type\":\"Person\",\"@id\":\"https:\/\/www.clubdelemprendimiento.com\/blog\/#\/schema\/person\/fe481a2c767de00924b39ab766936ddf\",\"name\":\"Luc\u00eda Vera\",\"image\":{\"@type\":\"ImageObject\",\"inLanguage\":\"es\",\"@id\":\"https:\/\/www.clubdelemprendimiento.com\/blog\/#\/schema\/person\/image\/\",\"url\":\"https:\/\/secure.gravatar.com\/avatar\/a7985f0a535e8f0be3026ac89e0a79c6?s=96&d=mm&r=g\",\"contentUrl\":\"https:\/\/secure.gravatar.com\/avatar\/a7985f0a535e8f0be3026ac89e0a79c6?s=96&d=mm&r=g\",\"caption\":\"Luc\u00eda Vera\"},\"url\":\"https:\/\/www.clubdelemprendimiento.com\/blog\/author\/luciavera\/\"}]}<\/script>\n<!-- \/ Yoast SEO plugin. -->","yoast_head_json":{"title":"Diferencias entre el IVA mensual y el IVA trimestral: cuando presentar","description":"Cuando se recomienda presentar el IVA mensual y cuando el trimestral. Qu\u00e9 modelo es cada uno y cu\u00e1ndo es mejor uno u otro.","robots":{"index":"index","follow":"follow","max-snippet":"max-snippet:-1","max-image-preview":"max-image-preview:large","max-video-preview":"max-video-preview:-1"},"canonical":"https:\/\/www.clubdelemprendimiento.com\/blog\/autonomos\/iva-mensual-e-iva-trimestral\/","og_locale":"es_ES","og_type":"article","og_title":"Diferencias entre el IVA mensual y el IVA trimestral: cuando presentar","og_description":"Cuando se recomienda presentar el IVA mensual y cuando el trimestral. Qu\u00e9 modelo es cada uno y cu\u00e1ndo es mejor uno u otro.","og_url":"https:\/\/www.clubdelemprendimiento.com\/blog\/autonomos\/iva-mensual-e-iva-trimestral\/","og_site_name":"Blog Club del Emprendimiento","article_published_time":"2019-05-29T10:00:11+00:00","article_modified_time":"2019-05-27T08:27:16+00:00","og_image":[{"width":1280,"height":850,"url":"https:\/\/www.clubdelemprendimiento.com\/blog\/wp-content\/uploads\/2019\/05\/bookkeeping-615384_1280.jpg","type":"image\/jpeg"}],"author":"Luc\u00eda Vera","twitter_card":"summary_large_image","twitter_misc":{"Escrito por":"Luc\u00eda Vera","Tiempo de lectura":"2 minutos"},"schema":{"@context":"https:\/\/schema.org","@graph":[{"@type":"WebPage","@id":"https:\/\/www.clubdelemprendimiento.com\/blog\/autonomos\/iva-mensual-e-iva-trimestral\/","url":"https:\/\/www.clubdelemprendimiento.com\/blog\/autonomos\/iva-mensual-e-iva-trimestral\/","name":"Diferencias entre el IVA mensual y el IVA trimestral: cuando presentar","isPartOf":{"@id":"https:\/\/www.clubdelemprendimiento.com\/blog\/#website"},"primaryImageOfPage":{"@id":"https:\/\/www.clubdelemprendimiento.com\/blog\/autonomos\/iva-mensual-e-iva-trimestral\/#primaryimage"},"image":{"@id":"https:\/\/www.clubdelemprendimiento.com\/blog\/autonomos\/iva-mensual-e-iva-trimestral\/#primaryimage"},"thumbnailUrl":"https:\/\/www.clubdelemprendimiento.com\/blog\/wp-content\/uploads\/2019\/05\/bookkeeping-615384_1280.jpg","datePublished":"2019-05-29T10:00:11+00:00","dateModified":"2019-05-27T08:27:16+00:00","author":{"@id":"https:\/\/www.clubdelemprendimiento.com\/blog\/#\/schema\/person\/fe481a2c767de00924b39ab766936ddf"},"description":"Cuando se recomienda presentar el IVA mensual y cuando el trimestral. Qu\u00e9 modelo es cada uno y cu\u00e1ndo es mejor uno u otro.","breadcrumb":{"@id":"https:\/\/www.clubdelemprendimiento.com\/blog\/autonomos\/iva-mensual-e-iva-trimestral\/#breadcrumb"},"inLanguage":"es","potentialAction":[{"@type":"ReadAction","target":["https:\/\/www.clubdelemprendimiento.com\/blog\/autonomos\/iva-mensual-e-iva-trimestral\/"]}]},{"@type":"ImageObject","inLanguage":"es","@id":"https:\/\/www.clubdelemprendimiento.com\/blog\/autonomos\/iva-mensual-e-iva-trimestral\/#primaryimage","url":"https:\/\/www.clubdelemprendimiento.com\/blog\/wp-content\/uploads\/2019\/05\/bookkeeping-615384_1280.jpg","contentUrl":"https:\/\/www.clubdelemprendimiento.com\/blog\/wp-content\/uploads\/2019\/05\/bookkeeping-615384_1280.jpg","width":1280,"height":850,"caption":"IVA mensual"},{"@type":"BreadcrumbList","@id":"https:\/\/www.clubdelemprendimiento.com\/blog\/autonomos\/iva-mensual-e-iva-trimestral\/#breadcrumb","itemListElement":[{"@type":"ListItem","position":1,"name":"Home","item":"https:\/\/www.clubdelemprendimiento.com\/blog\/"},{"@type":"ListItem","position":2,"name":"IVA mensual e IVA trimestral"}]},{"@type":"WebSite","@id":"https:\/\/www.clubdelemprendimiento.com\/blog\/#website","url":"https:\/\/www.clubdelemprendimiento.com\/blog\/","name":"Blog Club del Emprendimiento","description":"","potentialAction":[{"@type":"SearchAction","target":{"@type":"EntryPoint","urlTemplate":"https:\/\/www.clubdelemprendimiento.com\/blog\/?s={search_term_string}"},"query-input":"required name=search_term_string"}],"inLanguage":"es"},{"@type":"Person","@id":"https:\/\/www.clubdelemprendimiento.com\/blog\/#\/schema\/person\/fe481a2c767de00924b39ab766936ddf","name":"Luc\u00eda Vera","image":{"@type":"ImageObject","inLanguage":"es","@id":"https:\/\/www.clubdelemprendimiento.com\/blog\/#\/schema\/person\/image\/","url":"https:\/\/secure.gravatar.com\/avatar\/a7985f0a535e8f0be3026ac89e0a79c6?s=96&d=mm&r=g","contentUrl":"https:\/\/secure.gravatar.com\/avatar\/a7985f0a535e8f0be3026ac89e0a79c6?s=96&d=mm&r=g","caption":"Luc\u00eda Vera"},"url":"https:\/\/www.clubdelemprendimiento.com\/blog\/author\/luciavera\/"}]}},"_links":{"self":[{"href":"https:\/\/www.clubdelemprendimiento.com\/blog\/wp-json\/wp\/v2\/posts\/12448"}],"collection":[{"href":"https:\/\/www.clubdelemprendimiento.com\/blog\/wp-json\/wp\/v2\/posts"}],"about":[{"href":"https:\/\/www.clubdelemprendimiento.com\/blog\/wp-json\/wp\/v2\/types\/post"}],"author":[{"embeddable":true,"href":"https:\/\/www.clubdelemprendimiento.com\/blog\/wp-json\/wp\/v2\/users\/5"}],"replies":[{"embeddable":true,"href":"https:\/\/www.clubdelemprendimiento.com\/blog\/wp-json\/wp\/v2\/comments?post=12448"}],"version-history":[{"count":1,"href":"https:\/\/www.clubdelemprendimiento.com\/blog\/wp-json\/wp\/v2\/posts\/12448\/revisions"}],"predecessor-version":[{"id":12450,"href":"https:\/\/www.clubdelemprendimiento.com\/blog\/wp-json\/wp\/v2\/posts\/12448\/revisions\/12450"}],"wp:featuredmedia":[{"embeddable":true,"href":"https:\/\/www.clubdelemprendimiento.com\/blog\/wp-json\/wp\/v2\/media\/12449"}],"wp:attachment":[{"href":"https:\/\/www.clubdelemprendimiento.com\/blog\/wp-json\/wp\/v2\/media?parent=12448"}],"wp:term":[{"taxonomy":"category","embeddable":true,"href":"https:\/\/www.clubdelemprendimiento.com\/blog\/wp-json\/wp\/v2\/categories?post=12448"},{"taxonomy":"post_tag","embeddable":true,"href":"https:\/\/www.clubdelemprendimiento.com\/blog\/wp-json\/wp\/v2\/tags?post=12448"}],"curies":[{"name":"wp","href":"https:\/\/api.w.org\/{rel}","templated":true}]}}