{"id":12157,"date":"2019-02-21T10:54:18","date_gmt":"2019-02-21T10:54:18","guid":{"rendered":"https:\/\/www.clubdelemprendimiento.com\/blog\/?p=12157"},"modified":"2019-02-19T09:48:04","modified_gmt":"2019-02-19T09:48:04","slug":"indefension-autonomo-cancer","status":"publish","type":"post","link":"https:\/\/www.clubdelemprendimiento.com\/blog\/autonomos\/indefension-autonomo-cancer\/","title":{"rendered":"La indefensi\u00f3n de un aut\u00f3nomo con c\u00e1ncer"},"content":{"rendered":"<p>Cuando un profesional se pone enfermo, sea cual sea la enfermedad, esta termina afectando a la vida laboral del mismo. Pero, adem\u00e1s, cuando se trata de un<strong> trabajador aut\u00f3nomo y la enfermedad en cuesti\u00f3n es c\u00e1ncer, la situaci\u00f3n se vuelve mucho m\u00e1s compleja<\/strong>. Este perfil profesional se encuentra completamente desprotegido. Las ayudas que reciben son m\u00ednimas y, por tanto, su negocio se encuentra en riesgo de desaparecer. As\u00ed lo han denunciado desde la Asociaci\u00f3n Espa\u00f1ola Contra el C\u00e1ncer (AECC).<\/p>\n<p>Seg\u00fan un informe elaborado por AECC, en 2017 se diagnosticaron 10.986 casos de c\u00e1ncer en personas aut\u00f3nomas. \u00a0Para la realizaci\u00f3n del informe contribuy\u00f3 el Comit\u00e9 de Participaci\u00f3n de Pacientes de la <a href=\"https:\/\/www.aecc.es\/es\" target=\"_blank\" rel=\"noopener\">AECC<\/a> y la colaboraci\u00f3n de la Asociaci\u00f3n Profesional de M\u00e9dicos Evaluadores de la Seguridad Social (APROMESS) y la Sociedad Espa\u00f1ola de Medicina de Familia y Comunitaria.<\/p>\n<h2>Los ingresos durante la enfermedad<\/h2>\n<p>Un aut\u00f3nomo que se encuentre de baja pasa a cobrar entre el cuarto d\u00eda y el vig\u00e9simo, el 60% de la base reguladora. A partir del vig\u00e9simo primer d\u00eda, esta cifra es del 75%. \u00bfD\u00f3nde est\u00e1 el problema? La AECC denuncia que el 80% de los profesionales cotiza por el m\u00ednimo. Por lo tanto, estas cuant\u00edas pasan a ser m\u00ednimas. Esta situaci\u00f3n es precisamente la que compromete la capacidad econ\u00f3mica del aut\u00f3nomo si sufre un <a href=\"https:\/\/www.clubdelemprendimiento.com\/blog\/autonomos\/autonomos-discapacidad-ayudas\/\" target=\"_blank\" rel=\"noopener\">periodo de enfermedad prolongado.<\/a><\/p>\n<p>La principal fuente de ingresos de un aut\u00f3nomo suele ser su negocio. Durante la baja, se encuentran desprotegidos ya que pierden precisamente la atenci\u00f3n de su negocio. Muchas veces, se encuentran en la tesitura de tener que cerrar, desatender o dejar en manos de otra persona su negocio. Este es el principal motivo por lo que suelen ver c\u00f3mo sus ingresos van mermando.<\/p>\n<p>Hablando en cifras reales, la prestaci\u00f3n econ\u00f3mica durante una baja por c\u00e1ncer es de 670 euros al mes. Esto, para el 80% de los aut\u00f3nomos que cotizan por la m\u00ednima.<\/p>\n<h2>Cambios a partir de 2019<\/h2>\n<p>El 2019, sin embargo, viene acompa\u00f1ado de algunos cambios. A partir de ahora, siempre y cuando el profesional lleve, por lo menos, 2 meses de baja, no tendr\u00e1 por qu\u00e9 pagar las cuotas de aut\u00f3nomos. Esta medida supondr\u00e1 todo un alivio para todos aquellos profesionales que se encuentren en esta situaci\u00f3n.<\/p>\n<p>Si bien es cierto que los ingresos durante la baja eran de 670, esta cifra era bruta, ya que hab\u00eda que restarle los 275 euros mensuales que pagaban en cuotas. Por lo tanto, hasta ahora, el profesional que estuviera de baja recib\u00eda 395 euros netos. Por lo tanto, esta nueva medida supondr\u00e1 un alivio de casi 300 euros.<\/p>\n<p>Casi el 72% de los aut\u00f3nomos que son diagnosticados de c\u00e1ncer son hombres entre los 55 y los 64 a\u00f1os.<\/p>\n","protected":false},"excerpt":{"rendered":"<p>Cuando un profesional se pone enfermo, sea cual sea la enfermedad, esta termina afectando&hellip;<\/p>\n","protected":false},"author":6,"featured_media":12158,"comment_status":"open","ping_status":"open","sticky":false,"template":"","format":"standard","meta":{"_acf_changed":false,"footnotes":""},"categories":[255],"tags":[],"acf":[],"yoast_head":"<!-- This site is optimized with the Yoast SEO plugin v22.7 - https:\/\/yoast.com\/wordpress\/plugins\/seo\/ -->\n<title>La indefensi\u00f3n que sufre un aut\u00f3nomo con c\u00e1ncer de baja<\/title>\n<meta name=\"description\" content=\"Los aut\u00f3nomos con c\u00e1ncer son los m\u00e1s desprotegidos al estar de baja. A partir de 2019, las ayudas mejoran un poco para evitar esta situaci\u00f3n.\" \/>\n<meta name=\"robots\" content=\"index, follow, max-snippet:-1, max-image-preview:large, max-video-preview:-1\" \/>\n<link rel=\"canonical\" href=\"https:\/\/www.clubdelemprendimiento.com\/blog\/autonomos\/indefension-autonomo-cancer\/\" \/>\n<meta property=\"og:locale\" content=\"es_ES\" \/>\n<meta property=\"og:type\" content=\"article\" \/>\n<meta property=\"og:title\" content=\"La indefensi\u00f3n que sufre un aut\u00f3nomo con c\u00e1ncer de baja\" \/>\n<meta property=\"og:description\" content=\"Los aut\u00f3nomos con c\u00e1ncer son los m\u00e1s desprotegidos al estar de baja. A partir de 2019, las ayudas mejoran un poco para evitar esta situaci\u00f3n.\" \/>\n<meta property=\"og:url\" content=\"https:\/\/www.clubdelemprendimiento.com\/blog\/autonomos\/indefension-autonomo-cancer\/\" \/>\n<meta property=\"og:site_name\" content=\"Blog Club del Emprendimiento\" \/>\n<meta property=\"article:published_time\" content=\"2019-02-21T10:54:18+00:00\" \/>\n<meta property=\"article:modified_time\" content=\"2019-02-19T09:48:04+00:00\" \/>\n<meta property=\"og:image\" content=\"https:\/\/www.clubdelemprendimiento.com\/blog\/wp-content\/uploads\/2019\/02\/Depositphotos_149154058_l-2015.jpg\" \/>\n\t<meta property=\"og:image:width\" content=\"2000\" \/>\n\t<meta property=\"og:image:height\" content=\"1335\" \/>\n\t<meta property=\"og:image:type\" content=\"image\/jpeg\" \/>\n<meta name=\"author\" content=\"Rebeca Mendoza\" \/>\n<meta name=\"twitter:card\" content=\"summary_large_image\" \/>\n<meta name=\"twitter:label1\" content=\"Escrito por\" \/>\n\t<meta name=\"twitter:data1\" content=\"Rebeca Mendoza\" \/>\n\t<meta name=\"twitter:label2\" content=\"Tiempo de lectura\" \/>\n\t<meta name=\"twitter:data2\" content=\"2 minutos\" \/>\n<script type=\"application\/ld+json\" class=\"yoast-schema-graph\">{\"@context\":\"https:\/\/schema.org\",\"@graph\":[{\"@type\":\"WebPage\",\"@id\":\"https:\/\/www.clubdelemprendimiento.com\/blog\/autonomos\/indefension-autonomo-cancer\/\",\"url\":\"https:\/\/www.clubdelemprendimiento.com\/blog\/autonomos\/indefension-autonomo-cancer\/\",\"name\":\"La indefensi\u00f3n que sufre un aut\u00f3nomo con c\u00e1ncer de baja\",\"isPartOf\":{\"@id\":\"https:\/\/www.clubdelemprendimiento.com\/blog\/#website\"},\"primaryImageOfPage\":{\"@id\":\"https:\/\/www.clubdelemprendimiento.com\/blog\/autonomos\/indefension-autonomo-cancer\/#primaryimage\"},\"image\":{\"@id\":\"https:\/\/www.clubdelemprendimiento.com\/blog\/autonomos\/indefension-autonomo-cancer\/#primaryimage\"},\"thumbnailUrl\":\"https:\/\/www.clubdelemprendimiento.com\/blog\/wp-content\/uploads\/2019\/02\/Depositphotos_149154058_l-2015.jpg\",\"datePublished\":\"2019-02-21T10:54:18+00:00\",\"dateModified\":\"2019-02-19T09:48:04+00:00\",\"author\":{\"@id\":\"https:\/\/www.clubdelemprendimiento.com\/blog\/#\/schema\/person\/bc14f3c8dc7b1a05fa1329c67a9f952d\"},\"description\":\"Los aut\u00f3nomos con c\u00e1ncer son los m\u00e1s desprotegidos al estar de baja. A partir de 2019, las ayudas mejoran un poco para evitar esta situaci\u00f3n.\",\"breadcrumb\":{\"@id\":\"https:\/\/www.clubdelemprendimiento.com\/blog\/autonomos\/indefension-autonomo-cancer\/#breadcrumb\"},\"inLanguage\":\"es\",\"potentialAction\":[{\"@type\":\"ReadAction\",\"target\":[\"https:\/\/www.clubdelemprendimiento.com\/blog\/autonomos\/indefension-autonomo-cancer\/\"]}]},{\"@type\":\"ImageObject\",\"inLanguage\":\"es\",\"@id\":\"https:\/\/www.clubdelemprendimiento.com\/blog\/autonomos\/indefension-autonomo-cancer\/#primaryimage\",\"url\":\"https:\/\/www.clubdelemprendimiento.com\/blog\/wp-content\/uploads\/2019\/02\/Depositphotos_149154058_l-2015.jpg\",\"contentUrl\":\"https:\/\/www.clubdelemprendimiento.com\/blog\/wp-content\/uploads\/2019\/02\/Depositphotos_149154058_l-2015.jpg\",\"width\":2000,\"height\":1335,\"caption\":\"La indefensi\u00f3n de un aut\u00f3nomo con c\u00e1ncer\"},{\"@type\":\"BreadcrumbList\",\"@id\":\"https:\/\/www.clubdelemprendimiento.com\/blog\/autonomos\/indefension-autonomo-cancer\/#breadcrumb\",\"itemListElement\":[{\"@type\":\"ListItem\",\"position\":1,\"name\":\"Home\",\"item\":\"https:\/\/www.clubdelemprendimiento.com\/blog\/\"},{\"@type\":\"ListItem\",\"position\":2,\"name\":\"La indefensi\u00f3n de un aut\u00f3nomo con c\u00e1ncer\"}]},{\"@type\":\"WebSite\",\"@id\":\"https:\/\/www.clubdelemprendimiento.com\/blog\/#website\",\"url\":\"https:\/\/www.clubdelemprendimiento.com\/blog\/\",\"name\":\"Blog Club del Emprendimiento\",\"description\":\"\",\"potentialAction\":[{\"@type\":\"SearchAction\",\"target\":{\"@type\":\"EntryPoint\",\"urlTemplate\":\"https:\/\/www.clubdelemprendimiento.com\/blog\/?s={search_term_string}\"},\"query-input\":\"required name=search_term_string\"}],\"inLanguage\":\"es\"},{\"@type\":\"Person\",\"@id\":\"https:\/\/www.clubdelemprendimiento.com\/blog\/#\/schema\/person\/bc14f3c8dc7b1a05fa1329c67a9f952d\",\"name\":\"Rebeca Mendoza\",\"image\":{\"@type\":\"ImageObject\",\"inLanguage\":\"es\",\"@id\":\"https:\/\/www.clubdelemprendimiento.com\/blog\/#\/schema\/person\/image\/\",\"url\":\"https:\/\/secure.gravatar.com\/avatar\/2b09138ffab957c2659b80e1b1501b14?s=96&d=mm&r=g\",\"contentUrl\":\"https:\/\/secure.gravatar.com\/avatar\/2b09138ffab957c2659b80e1b1501b14?s=96&d=mm&r=g\",\"caption\":\"Rebeca Mendoza\"},\"url\":\"https:\/\/www.clubdelemprendimiento.com\/blog\/author\/rebecamendoza\/\"}]}<\/script>\n<!-- \/ Yoast SEO plugin. -->","yoast_head_json":{"title":"La indefensi\u00f3n que sufre un aut\u00f3nomo con c\u00e1ncer de baja","description":"Los aut\u00f3nomos con c\u00e1ncer son los m\u00e1s desprotegidos al estar de baja. A partir de 2019, las ayudas mejoran un poco para evitar esta situaci\u00f3n.","robots":{"index":"index","follow":"follow","max-snippet":"max-snippet:-1","max-image-preview":"max-image-preview:large","max-video-preview":"max-video-preview:-1"},"canonical":"https:\/\/www.clubdelemprendimiento.com\/blog\/autonomos\/indefension-autonomo-cancer\/","og_locale":"es_ES","og_type":"article","og_title":"La indefensi\u00f3n que sufre un aut\u00f3nomo con c\u00e1ncer de baja","og_description":"Los aut\u00f3nomos con c\u00e1ncer son los m\u00e1s desprotegidos al estar de baja. A partir de 2019, las ayudas mejoran un poco para evitar esta situaci\u00f3n.","og_url":"https:\/\/www.clubdelemprendimiento.com\/blog\/autonomos\/indefension-autonomo-cancer\/","og_site_name":"Blog Club del Emprendimiento","article_published_time":"2019-02-21T10:54:18+00:00","article_modified_time":"2019-02-19T09:48:04+00:00","og_image":[{"width":2000,"height":1335,"url":"https:\/\/www.clubdelemprendimiento.com\/blog\/wp-content\/uploads\/2019\/02\/Depositphotos_149154058_l-2015.jpg","type":"image\/jpeg"}],"author":"Rebeca Mendoza","twitter_card":"summary_large_image","twitter_misc":{"Escrito por":"Rebeca Mendoza","Tiempo de lectura":"2 minutos"},"schema":{"@context":"https:\/\/schema.org","@graph":[{"@type":"WebPage","@id":"https:\/\/www.clubdelemprendimiento.com\/blog\/autonomos\/indefension-autonomo-cancer\/","url":"https:\/\/www.clubdelemprendimiento.com\/blog\/autonomos\/indefension-autonomo-cancer\/","name":"La indefensi\u00f3n que sufre un aut\u00f3nomo con c\u00e1ncer de baja","isPartOf":{"@id":"https:\/\/www.clubdelemprendimiento.com\/blog\/#website"},"primaryImageOfPage":{"@id":"https:\/\/www.clubdelemprendimiento.com\/blog\/autonomos\/indefension-autonomo-cancer\/#primaryimage"},"image":{"@id":"https:\/\/www.clubdelemprendimiento.com\/blog\/autonomos\/indefension-autonomo-cancer\/#primaryimage"},"thumbnailUrl":"https:\/\/www.clubdelemprendimiento.com\/blog\/wp-content\/uploads\/2019\/02\/Depositphotos_149154058_l-2015.jpg","datePublished":"2019-02-21T10:54:18+00:00","dateModified":"2019-02-19T09:48:04+00:00","author":{"@id":"https:\/\/www.clubdelemprendimiento.com\/blog\/#\/schema\/person\/bc14f3c8dc7b1a05fa1329c67a9f952d"},"description":"Los aut\u00f3nomos con c\u00e1ncer son los m\u00e1s desprotegidos al estar de baja. A partir de 2019, las ayudas mejoran un poco para evitar esta situaci\u00f3n.","breadcrumb":{"@id":"https:\/\/www.clubdelemprendimiento.com\/blog\/autonomos\/indefension-autonomo-cancer\/#breadcrumb"},"inLanguage":"es","potentialAction":[{"@type":"ReadAction","target":["https:\/\/www.clubdelemprendimiento.com\/blog\/autonomos\/indefension-autonomo-cancer\/"]}]},{"@type":"ImageObject","inLanguage":"es","@id":"https:\/\/www.clubdelemprendimiento.com\/blog\/autonomos\/indefension-autonomo-cancer\/#primaryimage","url":"https:\/\/www.clubdelemprendimiento.com\/blog\/wp-content\/uploads\/2019\/02\/Depositphotos_149154058_l-2015.jpg","contentUrl":"https:\/\/www.clubdelemprendimiento.com\/blog\/wp-content\/uploads\/2019\/02\/Depositphotos_149154058_l-2015.jpg","width":2000,"height":1335,"caption":"La indefensi\u00f3n de un aut\u00f3nomo con c\u00e1ncer"},{"@type":"BreadcrumbList","@id":"https:\/\/www.clubdelemprendimiento.com\/blog\/autonomos\/indefension-autonomo-cancer\/#breadcrumb","itemListElement":[{"@type":"ListItem","position":1,"name":"Home","item":"https:\/\/www.clubdelemprendimiento.com\/blog\/"},{"@type":"ListItem","position":2,"name":"La indefensi\u00f3n de un aut\u00f3nomo con c\u00e1ncer"}]},{"@type":"WebSite","@id":"https:\/\/www.clubdelemprendimiento.com\/blog\/#website","url":"https:\/\/www.clubdelemprendimiento.com\/blog\/","name":"Blog Club del Emprendimiento","description":"","potentialAction":[{"@type":"SearchAction","target":{"@type":"EntryPoint","urlTemplate":"https:\/\/www.clubdelemprendimiento.com\/blog\/?s={search_term_string}"},"query-input":"required name=search_term_string"}],"inLanguage":"es"},{"@type":"Person","@id":"https:\/\/www.clubdelemprendimiento.com\/blog\/#\/schema\/person\/bc14f3c8dc7b1a05fa1329c67a9f952d","name":"Rebeca Mendoza","image":{"@type":"ImageObject","inLanguage":"es","@id":"https:\/\/www.clubdelemprendimiento.com\/blog\/#\/schema\/person\/image\/","url":"https:\/\/secure.gravatar.com\/avatar\/2b09138ffab957c2659b80e1b1501b14?s=96&d=mm&r=g","contentUrl":"https:\/\/secure.gravatar.com\/avatar\/2b09138ffab957c2659b80e1b1501b14?s=96&d=mm&r=g","caption":"Rebeca Mendoza"},"url":"https:\/\/www.clubdelemprendimiento.com\/blog\/author\/rebecamendoza\/"}]}},"_links":{"self":[{"href":"https:\/\/www.clubdelemprendimiento.com\/blog\/wp-json\/wp\/v2\/posts\/12157"}],"collection":[{"href":"https:\/\/www.clubdelemprendimiento.com\/blog\/wp-json\/wp\/v2\/posts"}],"about":[{"href":"https:\/\/www.clubdelemprendimiento.com\/blog\/wp-json\/wp\/v2\/types\/post"}],"author":[{"embeddable":true,"href":"https:\/\/www.clubdelemprendimiento.com\/blog\/wp-json\/wp\/v2\/users\/6"}],"replies":[{"embeddable":true,"href":"https:\/\/www.clubdelemprendimiento.com\/blog\/wp-json\/wp\/v2\/comments?post=12157"}],"version-history":[{"count":2,"href":"https:\/\/www.clubdelemprendimiento.com\/blog\/wp-json\/wp\/v2\/posts\/12157\/revisions"}],"predecessor-version":[{"id":12173,"href":"https:\/\/www.clubdelemprendimiento.com\/blog\/wp-json\/wp\/v2\/posts\/12157\/revisions\/12173"}],"wp:featuredmedia":[{"embeddable":true,"href":"https:\/\/www.clubdelemprendimiento.com\/blog\/wp-json\/wp\/v2\/media\/12158"}],"wp:attachment":[{"href":"https:\/\/www.clubdelemprendimiento.com\/blog\/wp-json\/wp\/v2\/media?parent=12157"}],"wp:term":[{"taxonomy":"category","embeddable":true,"href":"https:\/\/www.clubdelemprendimiento.com\/blog\/wp-json\/wp\/v2\/categories?post=12157"},{"taxonomy":"post_tag","embeddable":true,"href":"https:\/\/www.clubdelemprendimiento.com\/blog\/wp-json\/wp\/v2\/tags?post=12157"}],"curies":[{"name":"wp","href":"https:\/\/api.w.org\/{rel}","templated":true}]}}