{"id":12057,"date":"2019-01-22T09:54:50","date_gmt":"2019-01-22T09:54:50","guid":{"rendered":"https:\/\/www.clubdelemprendimiento.com\/blog\/?p=12057"},"modified":"2019-01-15T09:59:40","modified_gmt":"2019-01-15T09:59:40","slug":"las-autonomas-crecen-el-doble-que-los-autonomos","status":"publish","type":"post","link":"https:\/\/www.clubdelemprendimiento.com\/blog\/autonomos\/las-autonomas-crecen-el-doble-que-los-autonomos\/","title":{"rendered":"Las aut\u00f3nomas crecen el doble que los aut\u00f3nomos"},"content":{"rendered":"<p>El pasado a\u00f1o el<strong> n\u00famero de aut\u00f3nomos ha crecido en nuestro pa\u00eds.<\/strong> Pero han sido las mujeres las que han registrado el mayor aumento. El ritmo de crecimiento de las <a href=\"https:\/\/www.clubdelemprendimiento.com\/blog\/nuestros-emprendedores\/mujeres-que-cambian-el-mundo\/\" target=\"_blank\" rel=\"noopener\">aut\u00f3nomas<\/a> ha sido del 2,4%. Si lo comparamos con el de los hombres, supone m\u00e1s del doble, ya que ellos han aumentado a un ritmo del 1,1%.<\/p>\n<p>El ritmo ha aumentado en todos los casos, ya que el a\u00f1o anterior, los hombres aut\u00f3nomos crec\u00edan un 0,3%, y ellas un 0,4%. Por tanto, ya son dos a\u00f1os consecutivos en los que la mujer aut\u00f3noma crece m\u00e1s que el hombre. Especialmente este a\u00f1o se tiene la \u201c<em>certeza de que el emprendimiento femenino y su impulso para crear empleo ha llegado para quedarse y es una realidad que facilita la incorporaci\u00f3n al mundo laboral a la mujer<\/em>\u201d, seg\u00fan ha querido destacar Lorenzo Amor, presidente de la Asociaci\u00f3n de Trabajadores Aut\u00f3nomos (<a href=\"https:\/\/ata.es\/\" target=\"_blank\" rel=\"noopener\">ATA<\/a>).<\/p>\n<h2>An\u00e1lisis cuantitativo del aumento de los aut\u00f3nomos<\/h2>\n<p>En l\u00edneas generales, el pasado 2018 se sumaron 49.986 nuevos aut\u00f3nomos al RETA. De ellos,<strong> el 55,3% (27.680) han sido mujeres. El resto, 22.306, han sido hombres.<\/strong><\/p>\n<p>Si tenemos en cuenta la actividad que se ha desarrollado, es importante se\u00f1alar que solo tres sectores han perdido aut\u00f3nomos en 2018. Concretamente, el peor parado ha sido la Industria, con el mayor descenso: 3.546 aut\u00f3nomos menos, o el 1,5%. Comercio y hosteler\u00eda han sido los otros dos sectores que han registrado p\u00e9rdidas, del 1% y el 0,2%, respectivamente.<\/p>\n<p>En cuanto a las regiones, en 2017 fueron nueve las que perdieron profesionales aut\u00f3nomos, mientras que en 2018 han sido solo cuatro.<strong> Castilla y Le\u00f3n la que m\u00e1s lo ha notado, con 1.881 trabajadores por cuenta propia menos<\/strong>. Ya lider\u00f3 este ranking en 2016 y el a\u00f1o anterior fue la segunda que m\u00e1s perdi\u00f3.<\/p>\n<p>En cualquier caso, las cifras son positivas. Se puede hablar de un aumento de aut\u00f3nomos cinco veces superior al a\u00f1o anterior. Adem\u00e1s, es el sexto a\u00f1o consecutivo en el que el aumento de aut\u00f3nomos es real y sostenible. Actualmente son 3.254.663 trabajadores por cuenta propia los que forman el colectivo de aut\u00f3nomos.<\/p>\n","protected":false},"excerpt":{"rendered":"<p>El pasado a\u00f1o el n\u00famero de aut\u00f3nomos ha crecido en nuestro pa\u00eds. Pero han&hellip;<\/p>\n","protected":false},"author":5,"featured_media":12058,"comment_status":"open","ping_status":"open","sticky":false,"template":"","format":"standard","meta":{"_acf_changed":false,"footnotes":""},"categories":[255],"tags":[],"acf":[],"yoast_head":"<!-- This site is optimized with the Yoast SEO plugin v22.7 - https:\/\/yoast.com\/wordpress\/plugins\/seo\/ -->\n<title>C\u00f3mo se ha dado el aumento de aut\u00f3nomos y aut\u00f3nomas en 2018<\/title>\n<meta name=\"description\" content=\"An\u00e1lisis del aumento del aut\u00f3nomos en 2018. Distribuci\u00f3n por sexo, por sectores de actividad, regiones, etc. Las mujeres muy importantes en el colectivo.\" \/>\n<meta name=\"robots\" content=\"index, follow, max-snippet:-1, max-image-preview:large, max-video-preview:-1\" \/>\n<link rel=\"canonical\" href=\"https:\/\/www.clubdelemprendimiento.com\/blog\/autonomos\/las-autonomas-crecen-el-doble-que-los-autonomos\/\" \/>\n<meta property=\"og:locale\" content=\"es_ES\" \/>\n<meta property=\"og:type\" content=\"article\" \/>\n<meta property=\"og:title\" content=\"C\u00f3mo se ha dado el aumento de aut\u00f3nomos y aut\u00f3nomas en 2018\" \/>\n<meta property=\"og:description\" content=\"An\u00e1lisis del aumento del aut\u00f3nomos en 2018. Distribuci\u00f3n por sexo, por sectores de actividad, regiones, etc. Las mujeres muy importantes en el colectivo.\" \/>\n<meta property=\"og:url\" content=\"https:\/\/www.clubdelemprendimiento.com\/blog\/autonomos\/las-autonomas-crecen-el-doble-que-los-autonomos\/\" \/>\n<meta property=\"og:site_name\" content=\"Blog Club del Emprendimiento\" \/>\n<meta property=\"article:published_time\" content=\"2019-01-22T09:54:50+00:00\" \/>\n<meta property=\"article:modified_time\" content=\"2019-01-15T09:59:40+00:00\" \/>\n<meta property=\"og:image\" content=\"https:\/\/www.clubdelemprendimiento.com\/blog\/wp-content\/uploads\/2019\/01\/Depositphotos_108871482_l-2015.jpg\" \/>\n\t<meta property=\"og:image:width\" content=\"2000\" \/>\n\t<meta property=\"og:image:height\" content=\"1335\" \/>\n\t<meta property=\"og:image:type\" content=\"image\/jpeg\" \/>\n<meta name=\"author\" content=\"Luc\u00eda Vera\" \/>\n<meta name=\"twitter:card\" content=\"summary_large_image\" \/>\n<meta name=\"twitter:label1\" content=\"Escrito por\" \/>\n\t<meta name=\"twitter:data1\" content=\"Luc\u00eda Vera\" \/>\n\t<meta name=\"twitter:label2\" content=\"Tiempo de lectura\" \/>\n\t<meta name=\"twitter:data2\" content=\"2 minutos\" \/>\n<script type=\"application\/ld+json\" class=\"yoast-schema-graph\">{\"@context\":\"https:\/\/schema.org\",\"@graph\":[{\"@type\":\"WebPage\",\"@id\":\"https:\/\/www.clubdelemprendimiento.com\/blog\/autonomos\/las-autonomas-crecen-el-doble-que-los-autonomos\/\",\"url\":\"https:\/\/www.clubdelemprendimiento.com\/blog\/autonomos\/las-autonomas-crecen-el-doble-que-los-autonomos\/\",\"name\":\"C\u00f3mo se ha dado el aumento de aut\u00f3nomos y aut\u00f3nomas en 2018\",\"isPartOf\":{\"@id\":\"https:\/\/www.clubdelemprendimiento.com\/blog\/#website\"},\"primaryImageOfPage\":{\"@id\":\"https:\/\/www.clubdelemprendimiento.com\/blog\/autonomos\/las-autonomas-crecen-el-doble-que-los-autonomos\/#primaryimage\"},\"image\":{\"@id\":\"https:\/\/www.clubdelemprendimiento.com\/blog\/autonomos\/las-autonomas-crecen-el-doble-que-los-autonomos\/#primaryimage\"},\"thumbnailUrl\":\"https:\/\/www.clubdelemprendimiento.com\/blog\/wp-content\/uploads\/2019\/01\/Depositphotos_108871482_l-2015.jpg\",\"datePublished\":\"2019-01-22T09:54:50+00:00\",\"dateModified\":\"2019-01-15T09:59:40+00:00\",\"author\":{\"@id\":\"https:\/\/www.clubdelemprendimiento.com\/blog\/#\/schema\/person\/fe481a2c767de00924b39ab766936ddf\"},\"description\":\"An\u00e1lisis del aumento del aut\u00f3nomos en 2018. Distribuci\u00f3n por sexo, por sectores de actividad, regiones, etc. Las mujeres muy importantes en el colectivo.\",\"breadcrumb\":{\"@id\":\"https:\/\/www.clubdelemprendimiento.com\/blog\/autonomos\/las-autonomas-crecen-el-doble-que-los-autonomos\/#breadcrumb\"},\"inLanguage\":\"es\",\"potentialAction\":[{\"@type\":\"ReadAction\",\"target\":[\"https:\/\/www.clubdelemprendimiento.com\/blog\/autonomos\/las-autonomas-crecen-el-doble-que-los-autonomos\/\"]}]},{\"@type\":\"ImageObject\",\"inLanguage\":\"es\",\"@id\":\"https:\/\/www.clubdelemprendimiento.com\/blog\/autonomos\/las-autonomas-crecen-el-doble-que-los-autonomos\/#primaryimage\",\"url\":\"https:\/\/www.clubdelemprendimiento.com\/blog\/wp-content\/uploads\/2019\/01\/Depositphotos_108871482_l-2015.jpg\",\"contentUrl\":\"https:\/\/www.clubdelemprendimiento.com\/blog\/wp-content\/uploads\/2019\/01\/Depositphotos_108871482_l-2015.jpg\",\"width\":2000,\"height\":1335,\"caption\":\"Work day of busy office manager, writing business plan in her notebook, working at work table\"},{\"@type\":\"BreadcrumbList\",\"@id\":\"https:\/\/www.clubdelemprendimiento.com\/blog\/autonomos\/las-autonomas-crecen-el-doble-que-los-autonomos\/#breadcrumb\",\"itemListElement\":[{\"@type\":\"ListItem\",\"position\":1,\"name\":\"Home\",\"item\":\"https:\/\/www.clubdelemprendimiento.com\/blog\/\"},{\"@type\":\"ListItem\",\"position\":2,\"name\":\"Las aut\u00f3nomas crecen el doble que los aut\u00f3nomos\"}]},{\"@type\":\"WebSite\",\"@id\":\"https:\/\/www.clubdelemprendimiento.com\/blog\/#website\",\"url\":\"https:\/\/www.clubdelemprendimiento.com\/blog\/\",\"name\":\"Blog Club del Emprendimiento\",\"description\":\"\",\"potentialAction\":[{\"@type\":\"SearchAction\",\"target\":{\"@type\":\"EntryPoint\",\"urlTemplate\":\"https:\/\/www.clubdelemprendimiento.com\/blog\/?s={search_term_string}\"},\"query-input\":\"required name=search_term_string\"}],\"inLanguage\":\"es\"},{\"@type\":\"Person\",\"@id\":\"https:\/\/www.clubdelemprendimiento.com\/blog\/#\/schema\/person\/fe481a2c767de00924b39ab766936ddf\",\"name\":\"Luc\u00eda Vera\",\"image\":{\"@type\":\"ImageObject\",\"inLanguage\":\"es\",\"@id\":\"https:\/\/www.clubdelemprendimiento.com\/blog\/#\/schema\/person\/image\/\",\"url\":\"https:\/\/secure.gravatar.com\/avatar\/a7985f0a535e8f0be3026ac89e0a79c6?s=96&d=mm&r=g\",\"contentUrl\":\"https:\/\/secure.gravatar.com\/avatar\/a7985f0a535e8f0be3026ac89e0a79c6?s=96&d=mm&r=g\",\"caption\":\"Luc\u00eda Vera\"},\"url\":\"https:\/\/www.clubdelemprendimiento.com\/blog\/author\/luciavera\/\"}]}<\/script>\n<!-- \/ Yoast SEO plugin. -->","yoast_head_json":{"title":"C\u00f3mo se ha dado el aumento de aut\u00f3nomos y aut\u00f3nomas en 2018","description":"An\u00e1lisis del aumento del aut\u00f3nomos en 2018. Distribuci\u00f3n por sexo, por sectores de actividad, regiones, etc. Las mujeres muy importantes en el colectivo.","robots":{"index":"index","follow":"follow","max-snippet":"max-snippet:-1","max-image-preview":"max-image-preview:large","max-video-preview":"max-video-preview:-1"},"canonical":"https:\/\/www.clubdelemprendimiento.com\/blog\/autonomos\/las-autonomas-crecen-el-doble-que-los-autonomos\/","og_locale":"es_ES","og_type":"article","og_title":"C\u00f3mo se ha dado el aumento de aut\u00f3nomos y aut\u00f3nomas en 2018","og_description":"An\u00e1lisis del aumento del aut\u00f3nomos en 2018. Distribuci\u00f3n por sexo, por sectores de actividad, regiones, etc. Las mujeres muy importantes en el colectivo.","og_url":"https:\/\/www.clubdelemprendimiento.com\/blog\/autonomos\/las-autonomas-crecen-el-doble-que-los-autonomos\/","og_site_name":"Blog Club del Emprendimiento","article_published_time":"2019-01-22T09:54:50+00:00","article_modified_time":"2019-01-15T09:59:40+00:00","og_image":[{"width":2000,"height":1335,"url":"https:\/\/www.clubdelemprendimiento.com\/blog\/wp-content\/uploads\/2019\/01\/Depositphotos_108871482_l-2015.jpg","type":"image\/jpeg"}],"author":"Luc\u00eda Vera","twitter_card":"summary_large_image","twitter_misc":{"Escrito por":"Luc\u00eda Vera","Tiempo de lectura":"2 minutos"},"schema":{"@context":"https:\/\/schema.org","@graph":[{"@type":"WebPage","@id":"https:\/\/www.clubdelemprendimiento.com\/blog\/autonomos\/las-autonomas-crecen-el-doble-que-los-autonomos\/","url":"https:\/\/www.clubdelemprendimiento.com\/blog\/autonomos\/las-autonomas-crecen-el-doble-que-los-autonomos\/","name":"C\u00f3mo se ha dado el aumento de aut\u00f3nomos y aut\u00f3nomas en 2018","isPartOf":{"@id":"https:\/\/www.clubdelemprendimiento.com\/blog\/#website"},"primaryImageOfPage":{"@id":"https:\/\/www.clubdelemprendimiento.com\/blog\/autonomos\/las-autonomas-crecen-el-doble-que-los-autonomos\/#primaryimage"},"image":{"@id":"https:\/\/www.clubdelemprendimiento.com\/blog\/autonomos\/las-autonomas-crecen-el-doble-que-los-autonomos\/#primaryimage"},"thumbnailUrl":"https:\/\/www.clubdelemprendimiento.com\/blog\/wp-content\/uploads\/2019\/01\/Depositphotos_108871482_l-2015.jpg","datePublished":"2019-01-22T09:54:50+00:00","dateModified":"2019-01-15T09:59:40+00:00","author":{"@id":"https:\/\/www.clubdelemprendimiento.com\/blog\/#\/schema\/person\/fe481a2c767de00924b39ab766936ddf"},"description":"An\u00e1lisis del aumento del aut\u00f3nomos en 2018. Distribuci\u00f3n por sexo, por sectores de actividad, regiones, etc. Las mujeres muy importantes en el colectivo.","breadcrumb":{"@id":"https:\/\/www.clubdelemprendimiento.com\/blog\/autonomos\/las-autonomas-crecen-el-doble-que-los-autonomos\/#breadcrumb"},"inLanguage":"es","potentialAction":[{"@type":"ReadAction","target":["https:\/\/www.clubdelemprendimiento.com\/blog\/autonomos\/las-autonomas-crecen-el-doble-que-los-autonomos\/"]}]},{"@type":"ImageObject","inLanguage":"es","@id":"https:\/\/www.clubdelemprendimiento.com\/blog\/autonomos\/las-autonomas-crecen-el-doble-que-los-autonomos\/#primaryimage","url":"https:\/\/www.clubdelemprendimiento.com\/blog\/wp-content\/uploads\/2019\/01\/Depositphotos_108871482_l-2015.jpg","contentUrl":"https:\/\/www.clubdelemprendimiento.com\/blog\/wp-content\/uploads\/2019\/01\/Depositphotos_108871482_l-2015.jpg","width":2000,"height":1335,"caption":"Work day of busy office manager, writing business plan in her notebook, working at work table"},{"@type":"BreadcrumbList","@id":"https:\/\/www.clubdelemprendimiento.com\/blog\/autonomos\/las-autonomas-crecen-el-doble-que-los-autonomos\/#breadcrumb","itemListElement":[{"@type":"ListItem","position":1,"name":"Home","item":"https:\/\/www.clubdelemprendimiento.com\/blog\/"},{"@type":"ListItem","position":2,"name":"Las aut\u00f3nomas crecen el doble que los aut\u00f3nomos"}]},{"@type":"WebSite","@id":"https:\/\/www.clubdelemprendimiento.com\/blog\/#website","url":"https:\/\/www.clubdelemprendimiento.com\/blog\/","name":"Blog Club del Emprendimiento","description":"","potentialAction":[{"@type":"SearchAction","target":{"@type":"EntryPoint","urlTemplate":"https:\/\/www.clubdelemprendimiento.com\/blog\/?s={search_term_string}"},"query-input":"required name=search_term_string"}],"inLanguage":"es"},{"@type":"Person","@id":"https:\/\/www.clubdelemprendimiento.com\/blog\/#\/schema\/person\/fe481a2c767de00924b39ab766936ddf","name":"Luc\u00eda Vera","image":{"@type":"ImageObject","inLanguage":"es","@id":"https:\/\/www.clubdelemprendimiento.com\/blog\/#\/schema\/person\/image\/","url":"https:\/\/secure.gravatar.com\/avatar\/a7985f0a535e8f0be3026ac89e0a79c6?s=96&d=mm&r=g","contentUrl":"https:\/\/secure.gravatar.com\/avatar\/a7985f0a535e8f0be3026ac89e0a79c6?s=96&d=mm&r=g","caption":"Luc\u00eda Vera"},"url":"https:\/\/www.clubdelemprendimiento.com\/blog\/author\/luciavera\/"}]}},"_links":{"self":[{"href":"https:\/\/www.clubdelemprendimiento.com\/blog\/wp-json\/wp\/v2\/posts\/12057"}],"collection":[{"href":"https:\/\/www.clubdelemprendimiento.com\/blog\/wp-json\/wp\/v2\/posts"}],"about":[{"href":"https:\/\/www.clubdelemprendimiento.com\/blog\/wp-json\/wp\/v2\/types\/post"}],"author":[{"embeddable":true,"href":"https:\/\/www.clubdelemprendimiento.com\/blog\/wp-json\/wp\/v2\/users\/5"}],"replies":[{"embeddable":true,"href":"https:\/\/www.clubdelemprendimiento.com\/blog\/wp-json\/wp\/v2\/comments?post=12057"}],"version-history":[{"count":1,"href":"https:\/\/www.clubdelemprendimiento.com\/blog\/wp-json\/wp\/v2\/posts\/12057\/revisions"}],"predecessor-version":[{"id":12059,"href":"https:\/\/www.clubdelemprendimiento.com\/blog\/wp-json\/wp\/v2\/posts\/12057\/revisions\/12059"}],"wp:featuredmedia":[{"embeddable":true,"href":"https:\/\/www.clubdelemprendimiento.com\/blog\/wp-json\/wp\/v2\/media\/12058"}],"wp:attachment":[{"href":"https:\/\/www.clubdelemprendimiento.com\/blog\/wp-json\/wp\/v2\/media?parent=12057"}],"wp:term":[{"taxonomy":"category","embeddable":true,"href":"https:\/\/www.clubdelemprendimiento.com\/blog\/wp-json\/wp\/v2\/categories?post=12057"},{"taxonomy":"post_tag","embeddable":true,"href":"https:\/\/www.clubdelemprendimiento.com\/blog\/wp-json\/wp\/v2\/tags?post=12057"}],"curies":[{"name":"wp","href":"https:\/\/api.w.org\/{rel}","templated":true}]}}