{"id":12049,"date":"2019-01-15T10:21:06","date_gmt":"2019-01-15T10:21:06","guid":{"rendered":"https:\/\/www.clubdelemprendimiento.com\/blog\/?p=12049"},"modified":"2022-03-11T10:34:08","modified_gmt":"2022-03-11T10:34:08","slug":"desglose-de-la-cuota-de-autonomos","status":"publish","type":"post","link":"https:\/\/www.clubdelemprendimiento.com\/blog\/autonomos\/desglose-de-la-cuota-de-autonomos\/","title":{"rendered":"Desglose de la cuota de aut\u00f3nomos"},"content":{"rendered":"<p>Todos los profesionales por cuenta propia han de pagar su cuota de aut\u00f3nomos. Esta cuota incluye diferentes coberturas por las que cotizar, que son las que fijan las prestaciones de los aut\u00f3nomos. A continuaci\u00f3n vamos a desgranar la cuota de aut\u00f3nomos, para conocer <strong>lo que se destina a cada tipo de cobertura y qu\u00e9 cubre en cada caso<\/strong>. Tambi\u00e9n repasaremos las principales novedades que 2019 ha tra\u00eddo consigo en materia de aut\u00f3nomos.<\/p>\n<ul>\n<li>La cuota de aut\u00f3nomos<\/li>\n<li><a href=\"#novedades\">Novedades en 2019<\/a><\/li>\n<li><a href=\"#coberturas\">Coberturas sociales de los aut\u00f3nomos<\/a><\/li>\n<li><a href=\"#comunes\">Contingencias comunes<\/a><\/li>\n<li><a href=\"#profesionales\">Contingencias profesionales<\/a><\/li>\n<li><a href=\"#cese\">Cese de actividad<\/a><\/li>\n<li><a href=\"#formaci\u00f3n\">Formaci\u00f3n<\/a><\/li>\n<li><a href=\"#exenciones\">Exenciones de cotizaciones en determinados grupos de aut\u00f3nomos<\/a><\/li>\n<\/ul>\n<h2>La cuota de aut\u00f3nomos<\/h2>\n<p>Cuando un emprendedor pone en marcha un negocio, ha de darse de<a href=\"https:\/\/www.clubdelemprendimiento.com\/blog\/guias\/alta-autonomos\/\" target=\"_blank\" rel=\"noopener\"> alta como aut\u00f3nomo.<\/a> Desde el primer momento en el que se comienza la actividad, el aut\u00f3nomo debe cotizar. Es por ello, <strong>que deber\u00e1 darse de alta como profesional aut\u00f3nomo en el R\u00e9gimen Especial de Trabajadores Aut\u00f3nomos (RETA).<a name=\"novedades\"><\/a><\/strong><\/p>\n<p>Cada mes, <strong>el trabajador aut\u00f3nomo paga una cuota por su cotizaci\u00f3n.<\/strong> \u00c9sta tiene unas bases m\u00ednimas y m\u00e1ximas, que se fijan cada a\u00f1o en los Presupuestos Generales del Estado. El importe de las bases de cotizaci\u00f3n influyen directamente en las prestaciones del aut\u00f3nomo: desempleo, bajas por enfermedad, accidentes, jubilaci\u00f3n, etc.<\/p>\n<h2>Novedades para aut\u00f3nomos en 2019<\/h2>\n<p>El 28 de diciembre de 2018 se aprob\u00f3 un Real Decreto mediante el cual se han modificado las bases m\u00ednimas de cotizaci\u00f3n de los aut\u00f3nomos. Ahora, desde el 1 de enero, han aumentado un 1,25% la base m\u00ednima y el tipo ha pasado del 29,8% al 30%. Por tanto, actualmente la base m\u00ednima de cotizaci\u00f3n es de 944,35 euros, y la cuota de aut\u00f3nomos se sit\u00faa en 283,3 euros.<a name=\"coberturas\"><\/a><\/p>\n<p>Por su parte, <strong>el aumento del tipo hasta el 30% trae consigo una serie de prestaciones para los aut\u00f3nomos<\/strong> que han pasado a ser obligatorias, y todos los trabajadores por cuenta propia deben cotizar por ellas.<\/p>\n<p>Para calcular la cuota de un aut\u00f3nomo se debe multiplicar la base de cotizaci\u00f3n por el porcentaje del tipo de cotizaci\u00f3n y dividirlo entre 100. As\u00ed se obtendr\u00e1n la cantidad exacta que pagar\u00e1 un trabajador como cuota de aut\u00f3nomo.<\/p>\n<h2>Las coberturas sociales de los aut\u00f3nomos<\/h2>\n<p>Desde el 1 de enero de 2019, todas las coberturas sociales de los aut\u00f3nomos son obligatorias. Es decir, el aut\u00f3nomo ya no decide por cu\u00e1l de ellas cotiza, sino que ha de hacerlo por todas. El tipo de cotizaci\u00f3n es ahora del 30% sobre la base elegida. \u00c9sta a\u00fan puede escogerla el aut\u00f3nomo dentro de los par\u00e1metros establecidos.<\/p>\n<p>El documento del nuevo Real Decreto se especifica que el <a href=\"http:\/\/tramites.administracion.gob.es\/comunidad\/tramites\/recurso\/alta-en-regimen-especial-de-autonomos-reta\/74816b5c-f99c-4bfa-ad50-a85a998dd047\" target=\"_blank\" rel=\"noopener\">RETA<\/a> de la Seguridad Social ha de desarrollar una acci\u00f3n protectora en la que se incluyen las siguientes prestaciones:<\/p>\n<ul>\n<li style=\"list-style-type: none\">\n<ul>\n<li>Asistencia sanitaria para enfermedad com\u00fan, profesional o accidentes (sean o no derivados del trabajo), y maternidad.<\/li>\n<li>Prestaciones econ\u00f3micas para las bajas por maternidad o riesgo en el embarazo y\/o la lactancia, paternidad, incapacidad temporal, cuidado de menores con c\u00e1ncer o enfermedades graves, jubilaci\u00f3n, incapacidad permanente, muerte y supervivencia y familiares por tener hijos al cargo.<\/li>\n<\/ul>\n<\/li>\n<\/ul>\n<p><a name=\"comunes\"><\/a><\/p>\n<ul>\n<li>Accidentes de trabajo y enfermedades profesionales.<\/li>\n<\/ul>\n<p>\u00bfC\u00f3mo se desglosan las coberturas en la cuota de aut\u00f3nomos? Desde el 1 de enero, las coberturas de los aut\u00f3nomos se distribuyen en: contingencias comunes, contingencias profesionales, cese de actividad y formaci\u00f3n. A continuaci\u00f3n, vamos a exponer y explicar cada una de ellas.<\/p>\n<h2>Contingencias comunes<\/h2>\n<p>Este tipo de cobertura es (y era ya antes del Real Decreto) <strong>obligatorio para todos los profesionales aut\u00f3nomos<\/strong>. Representa el 28,3% de la base de cotizaci\u00f3n en la cuota del aut\u00f3nomo. \u00danicamente los aut\u00f3nomos en situaci\u00f3n de pluriactividad pueden excluir esta cobertura, al estar dados de alta en el R\u00e9gimen general, adem\u00e1s de en el RETA.<a name=\"profesionales\"><\/a><\/p>\n<p>Esta cobertura es la que se encarga de cubrir las bajas laborales por enfermedad com\u00fan o por accidentes no laborales. Es decir, cuando un aut\u00f3nomo se ve obligado a tener una baja por estar incapacitado para trabajar durante un periodo, las contingencias comunes que aparecen en la cuota de aut\u00f3nomo es la encargada de cubrir esta situaci\u00f3n. Durante la prestaci\u00f3n de incapacidad temporal por contingencias comunes el ingreso de las cotizaciones se realiza por la Administraci\u00f3n de la Seguridad Social a partir del segundo mes de la baja. Estas cuotas se abonar\u00e1n con cargo a los ingresos por cuotas percibidos en concepto de cese de actividad.<\/p>\n<h2>Contingencias profesionales<\/h2>\n<p>Este tipo de cobertura es la que<strong> cubre el accidente de trabajo o la enfermedad profesional.<\/strong> Las contingencia profesionales representan el 0.9% de la cuota de aut\u00f3nomo. En concreto, se distribuye de la siguiente manera:<\/p>\n<ul>\n<li>El 0,46% est\u00e1 destinado a la incapacidad temporal.<\/li>\n<li>El 0,44% se destina a la incapacidad permanente, muerte y supervivencia. Es lo que se conoce como IMS.<\/li>\n<\/ul>\n<p>Esta cobertura est\u00e1 previsto que aumente hasta alcanzar el 1,1% el pr\u00f3ximo a\u00f1o, y hasta el 1,3% en 2021.<\/p>\n<p>Es obligatoria para todos los aut\u00f3nomos. Supone una cobertura social incluida en la cuota de los aut\u00f3nomos a trav\u00e9s de la cual, el aut\u00f3nomo pueden cobrar m\u00e1s a la hora de tener una baja laboral. Cuando un profesional aut\u00f3nomo tiene una enfermedad derivada de la actividad empresarial o sufre un accidente en el trabajo, es la mutua elegida como aut\u00f3nomo la que gestiona la baja laboral, as\u00ed como la prestaci\u00f3n que recibir\u00e1. Para conocer en profundidad esta cobertura, la Seguridad Social especifica exactamente lo que es un accidente de trabajo y una enfermedad profesional, as\u00ed como los aspectos a considerar:<\/p>\n<ul>\n<li>Accidente de trabajo. Debe ser consecuencia directa del trabajo realizado por el profesional aut\u00f3nomo. Desde el a\u00f1o pasado, adem\u00e1s, <strong>se reconoce tambi\u00e9n el \u00a0accidente <\/strong><em><strong>in itinere<\/strong>, <\/em>que es el que ocurre al ir o al volver del lugar de trabajo, donde se desempe\u00f1a la actividad. Eso s\u00ed, siempre que no sea el domicilio particular del trabajador por cuenta propia.<\/li>\n<li>Enfermedad profesional. Aquella que el aut\u00f3nomo padece como consecuencia del desempe\u00f1o de la actividad profesional. Cuando manipula elementos qu\u00edmicos, biol\u00f3gicos, f\u00edsicos, etc. que deriven en una enfermedad. \u00c9sta tiene que estar debidamente representada en el listado de enfermedades de la Seguridad Social, que se actualiza anualmente.<\/li>\n<\/ul>\n<p><a name=\"cese\"><\/a><br \/>\nGracias al \u00faltimo real Decreto del 28 de diciembre de 2018, los aut\u00f3nomos pueden empezar a cobrar la baja por r accidente de trabajo o enfermedad profesional desde el primer d\u00eda. Adem\u00e1s, una vez pasen 60 d\u00edas desde que se cobra la prestaci\u00f3n por incapacidad temporal, la cuota de aut\u00f3nomo con todas las coberturas la empezar\u00e1 a abonar la mutua o entidad gestora correspondiente.<\/p>\n<h2>Cese de actividad<\/h2>\n<p>El cese de actividad o tambi\u00e9n conocido como \u201c<strong>paro de los aut\u00f3nomos<\/strong>\u201d ha empezado a ser obligatoria desde el pasado 1 de enero. Supone el 0,7% de la cotizaci\u00f3n.<\/p>\n<p>La gesti\u00f3n y el pago de esta cobertura recae en las mutuas, aunque hay algunas asociaciones de aut\u00f3nomos que quieren modificarlo para que sea la seguridad Social la que lo gestione.<a name=\"formaci\u00f3n\"><\/a><\/p>\n<p>La cobertura por cese actividad permite que los aut\u00f3nomos cobren prestaci\u00f3n por desempleo durante dos a\u00f1os. Est\u00e1 pendiente la aprobaci\u00f3n de un comit\u00e9 de expertos que sean los que decidan en cada caso si se concede, o no, esta prestaci\u00f3n. Es una de las m\u00e1s cuestionadas. Sobre todo por las bajas concesiones otorgadas. Tambi\u00e9n por el super\u00e1vit existente por los <a name=\"exenciones\"><\/a>aut\u00f3nomos que cotizaban de manera voluntaria por esta cobertura hasta el pasado a\u00f1o.<\/p>\n<h2><strong>Formaci\u00f3n<\/strong><\/h2>\n<p>Esta cobertura incluye medidas de formaci\u00f3n, orientaci\u00f3n profesional y promoci\u00f3n de la actividad emprendedora. Es obligatoria para todos, y supone el 0,1% de la cotizaci\u00f3n en la cuota de aut\u00f3nomos.<\/p>\n<h2><strong>Exenciones de cotizaciones en determinados grupos de aut\u00f3nomos<\/strong><\/h2>\n<p>Algunos grupos de trabajadores por cuenta propia est\u00e1n <strong>exentos de cotizar por todas las coberturas sociales<\/strong> incluidas en la cuota de aut\u00f3nomos. Son los siguientes:<\/p>\n<ul>\n<li>Los incluidos en el Sistema Especial de Trabajadores por Cuenta Propia Agrarios (SETA).<\/li>\n<li>Los que sean socios de cooperativas con un sistema intercooperativo de prestaciones sociales, complementario al Sistema P\u00fablico. La cooperativa deber\u00e1 colaborar en la gesti\u00f3n de la prestaci\u00f3n econ\u00f3mica de incapacidad temporal del aut\u00f3nomo. Adem\u00e1s, le deber\u00e1 proteger por las contingencias, con un alcance equivalente al del RETA.<\/li>\n<li>Religiosos de la Iglesia Cat\u00f3lica.<\/li>\n<li>Los que est\u00e9n en una jubilaci\u00f3n parcial o hayan accedido a la tarifa plana. Estos dos grupos no tienen que cotizar ni por cese de actividad ni por formaci\u00f3n.<\/li>\n<li>Los trabajadores aut\u00f3nomos econ\u00f3micamente dependientes (TRADE).<\/li>\n<\/ul>\n","protected":false},"excerpt":{"rendered":"<p>Todos los profesionales por cuenta propia han de pagar su cuota de aut\u00f3nomos. Esta&hellip;<\/p>\n","protected":false},"author":5,"featured_media":12050,"comment_status":"open","ping_status":"open","sticky":false,"template":"","format":"standard","meta":{"_acf_changed":false,"footnotes":""},"categories":[255,257],"tags":[],"acf":[],"yoast_head":"<!-- This site is optimized with the Yoast SEO plugin v22.7 - https:\/\/yoast.com\/wordpress\/plugins\/seo\/ -->\n<title>Cuota Aut\u00f3nomo - Los Mejores Servicios de Cuota Aut\u00f3nomo!<\/title>\n<meta name=\"description\" content=\"cuota aut\u00f3nomo - Est\u00e1 buscando los mejores servicios de cuota aut\u00f3nomo de calidad? clubdelemprendimiento.com te ofrecemos servicios a un precio accessible.\" \/>\n<meta name=\"robots\" content=\"index, follow, max-snippet:-1, max-image-preview:large, max-video-preview:-1\" \/>\n<link rel=\"canonical\" href=\"https:\/\/www.clubdelemprendimiento.com\/blog\/autonomos\/desglose-de-la-cuota-de-autonomos\/\" \/>\n<meta property=\"og:locale\" content=\"es_ES\" \/>\n<meta property=\"og:type\" content=\"article\" \/>\n<meta property=\"og:title\" content=\"Cuota Aut\u00f3nomo - Los Mejores Servicios de Cuota Aut\u00f3nomo!\" \/>\n<meta property=\"og:description\" content=\"cuota aut\u00f3nomo - Est\u00e1 buscando los mejores servicios de cuota aut\u00f3nomo de calidad? clubdelemprendimiento.com te ofrecemos servicios a un precio accessible.\" \/>\n<meta property=\"og:url\" content=\"https:\/\/www.clubdelemprendimiento.com\/blog\/autonomos\/desglose-de-la-cuota-de-autonomos\/\" \/>\n<meta property=\"og:site_name\" content=\"Blog Club del Emprendimiento\" \/>\n<meta property=\"article:published_time\" content=\"2019-01-15T10:21:06+00:00\" \/>\n<meta property=\"article:modified_time\" content=\"2022-03-11T10:34:08+00:00\" \/>\n<meta property=\"og:image\" content=\"https:\/\/www.clubdelemprendimiento.com\/blog\/wp-content\/uploads\/2019\/01\/Depositphotos_25616881_l-2015.jpg\" \/>\n\t<meta property=\"og:image:width\" content=\"1999\" \/>\n\t<meta property=\"og:image:height\" content=\"1255\" \/>\n\t<meta property=\"og:image:type\" content=\"image\/jpeg\" \/>\n<meta name=\"author\" content=\"Luc\u00eda Vera\" \/>\n<meta name=\"twitter:card\" content=\"summary_large_image\" \/>\n<meta name=\"twitter:label1\" content=\"Escrito por\" \/>\n\t<meta name=\"twitter:data1\" content=\"Luc\u00eda Vera\" \/>\n\t<meta name=\"twitter:label2\" content=\"Tiempo de lectura\" \/>\n\t<meta name=\"twitter:data2\" content=\"7 minutos\" \/>\n<script type=\"application\/ld+json\" class=\"yoast-schema-graph\">{\"@context\":\"https:\/\/schema.org\",\"@graph\":[{\"@type\":\"WebPage\",\"@id\":\"https:\/\/www.clubdelemprendimiento.com\/blog\/autonomos\/desglose-de-la-cuota-de-autonomos\/\",\"url\":\"https:\/\/www.clubdelemprendimiento.com\/blog\/autonomos\/desglose-de-la-cuota-de-autonomos\/\",\"name\":\"Cuota Aut\u00f3nomo - Los Mejores Servicios de Cuota Aut\u00f3nomo!\",\"isPartOf\":{\"@id\":\"https:\/\/www.clubdelemprendimiento.com\/blog\/#website\"},\"primaryImageOfPage\":{\"@id\":\"https:\/\/www.clubdelemprendimiento.com\/blog\/autonomos\/desglose-de-la-cuota-de-autonomos\/#primaryimage\"},\"image\":{\"@id\":\"https:\/\/www.clubdelemprendimiento.com\/blog\/autonomos\/desglose-de-la-cuota-de-autonomos\/#primaryimage\"},\"thumbnailUrl\":\"https:\/\/www.clubdelemprendimiento.com\/blog\/wp-content\/uploads\/2019\/01\/Depositphotos_25616881_l-2015.jpg\",\"datePublished\":\"2019-01-15T10:21:06+00:00\",\"dateModified\":\"2022-03-11T10:34:08+00:00\",\"author\":{\"@id\":\"https:\/\/www.clubdelemprendimiento.com\/blog\/#\/schema\/person\/fe481a2c767de00924b39ab766936ddf\"},\"description\":\"cuota aut\u00f3nomo - Est\u00e1 buscando los mejores servicios de cuota aut\u00f3nomo de calidad? clubdelemprendimiento.com te ofrecemos servicios a un precio accessible.\",\"breadcrumb\":{\"@id\":\"https:\/\/www.clubdelemprendimiento.com\/blog\/autonomos\/desglose-de-la-cuota-de-autonomos\/#breadcrumb\"},\"inLanguage\":\"es\",\"potentialAction\":[{\"@type\":\"ReadAction\",\"target\":[\"https:\/\/www.clubdelemprendimiento.com\/blog\/autonomos\/desglose-de-la-cuota-de-autonomos\/\"]}]},{\"@type\":\"ImageObject\",\"inLanguage\":\"es\",\"@id\":\"https:\/\/www.clubdelemprendimiento.com\/blog\/autonomos\/desglose-de-la-cuota-de-autonomos\/#primaryimage\",\"url\":\"https:\/\/www.clubdelemprendimiento.com\/blog\/wp-content\/uploads\/2019\/01\/Depositphotos_25616881_l-2015.jpg\",\"contentUrl\":\"https:\/\/www.clubdelemprendimiento.com\/blog\/wp-content\/uploads\/2019\/01\/Depositphotos_25616881_l-2015.jpg\",\"width\":1999,\"height\":1255,\"caption\":\"Business person wearing in casual shirt sitting at desk and check documents with the help of digital tablet in the office\"},{\"@type\":\"BreadcrumbList\",\"@id\":\"https:\/\/www.clubdelemprendimiento.com\/blog\/autonomos\/desglose-de-la-cuota-de-autonomos\/#breadcrumb\",\"itemListElement\":[{\"@type\":\"ListItem\",\"position\":1,\"name\":\"Home\",\"item\":\"https:\/\/www.clubdelemprendimiento.com\/blog\/\"},{\"@type\":\"ListItem\",\"position\":2,\"name\":\"Desglose de la cuota de aut\u00f3nomos\"}]},{\"@type\":\"WebSite\",\"@id\":\"https:\/\/www.clubdelemprendimiento.com\/blog\/#website\",\"url\":\"https:\/\/www.clubdelemprendimiento.com\/blog\/\",\"name\":\"Blog Club del Emprendimiento\",\"description\":\"\",\"potentialAction\":[{\"@type\":\"SearchAction\",\"target\":{\"@type\":\"EntryPoint\",\"urlTemplate\":\"https:\/\/www.clubdelemprendimiento.com\/blog\/?s={search_term_string}\"},\"query-input\":\"required name=search_term_string\"}],\"inLanguage\":\"es\"},{\"@type\":\"Person\",\"@id\":\"https:\/\/www.clubdelemprendimiento.com\/blog\/#\/schema\/person\/fe481a2c767de00924b39ab766936ddf\",\"name\":\"Luc\u00eda Vera\",\"image\":{\"@type\":\"ImageObject\",\"inLanguage\":\"es\",\"@id\":\"https:\/\/www.clubdelemprendimiento.com\/blog\/#\/schema\/person\/image\/\",\"url\":\"https:\/\/secure.gravatar.com\/avatar\/a7985f0a535e8f0be3026ac89e0a79c6?s=96&d=mm&r=g\",\"contentUrl\":\"https:\/\/secure.gravatar.com\/avatar\/a7985f0a535e8f0be3026ac89e0a79c6?s=96&d=mm&r=g\",\"caption\":\"Luc\u00eda Vera\"},\"url\":\"https:\/\/www.clubdelemprendimiento.com\/blog\/author\/luciavera\/\"}]}<\/script>\n<!-- \/ Yoast SEO plugin. -->","yoast_head_json":{"title":"Cuota Aut\u00f3nomo - Los Mejores Servicios de Cuota Aut\u00f3nomo!","description":"cuota aut\u00f3nomo - Est\u00e1 buscando los mejores servicios de cuota aut\u00f3nomo de calidad? clubdelemprendimiento.com te ofrecemos servicios a un precio accessible.","robots":{"index":"index","follow":"follow","max-snippet":"max-snippet:-1","max-image-preview":"max-image-preview:large","max-video-preview":"max-video-preview:-1"},"canonical":"https:\/\/www.clubdelemprendimiento.com\/blog\/autonomos\/desglose-de-la-cuota-de-autonomos\/","og_locale":"es_ES","og_type":"article","og_title":"Cuota Aut\u00f3nomo - Los Mejores Servicios de Cuota Aut\u00f3nomo!","og_description":"cuota aut\u00f3nomo - Est\u00e1 buscando los mejores servicios de cuota aut\u00f3nomo de calidad? clubdelemprendimiento.com te ofrecemos servicios a un precio accessible.","og_url":"https:\/\/www.clubdelemprendimiento.com\/blog\/autonomos\/desglose-de-la-cuota-de-autonomos\/","og_site_name":"Blog Club del Emprendimiento","article_published_time":"2019-01-15T10:21:06+00:00","article_modified_time":"2022-03-11T10:34:08+00:00","og_image":[{"width":1999,"height":1255,"url":"https:\/\/www.clubdelemprendimiento.com\/blog\/wp-content\/uploads\/2019\/01\/Depositphotos_25616881_l-2015.jpg","type":"image\/jpeg"}],"author":"Luc\u00eda Vera","twitter_card":"summary_large_image","twitter_misc":{"Escrito por":"Luc\u00eda Vera","Tiempo de lectura":"7 minutos"},"schema":{"@context":"https:\/\/schema.org","@graph":[{"@type":"WebPage","@id":"https:\/\/www.clubdelemprendimiento.com\/blog\/autonomos\/desglose-de-la-cuota-de-autonomos\/","url":"https:\/\/www.clubdelemprendimiento.com\/blog\/autonomos\/desglose-de-la-cuota-de-autonomos\/","name":"Cuota Aut\u00f3nomo - Los Mejores Servicios de Cuota Aut\u00f3nomo!","isPartOf":{"@id":"https:\/\/www.clubdelemprendimiento.com\/blog\/#website"},"primaryImageOfPage":{"@id":"https:\/\/www.clubdelemprendimiento.com\/blog\/autonomos\/desglose-de-la-cuota-de-autonomos\/#primaryimage"},"image":{"@id":"https:\/\/www.clubdelemprendimiento.com\/blog\/autonomos\/desglose-de-la-cuota-de-autonomos\/#primaryimage"},"thumbnailUrl":"https:\/\/www.clubdelemprendimiento.com\/blog\/wp-content\/uploads\/2019\/01\/Depositphotos_25616881_l-2015.jpg","datePublished":"2019-01-15T10:21:06+00:00","dateModified":"2022-03-11T10:34:08+00:00","author":{"@id":"https:\/\/www.clubdelemprendimiento.com\/blog\/#\/schema\/person\/fe481a2c767de00924b39ab766936ddf"},"description":"cuota aut\u00f3nomo - Est\u00e1 buscando los mejores servicios de cuota aut\u00f3nomo de calidad? clubdelemprendimiento.com te ofrecemos servicios a un precio accessible.","breadcrumb":{"@id":"https:\/\/www.clubdelemprendimiento.com\/blog\/autonomos\/desglose-de-la-cuota-de-autonomos\/#breadcrumb"},"inLanguage":"es","potentialAction":[{"@type":"ReadAction","target":["https:\/\/www.clubdelemprendimiento.com\/blog\/autonomos\/desglose-de-la-cuota-de-autonomos\/"]}]},{"@type":"ImageObject","inLanguage":"es","@id":"https:\/\/www.clubdelemprendimiento.com\/blog\/autonomos\/desglose-de-la-cuota-de-autonomos\/#primaryimage","url":"https:\/\/www.clubdelemprendimiento.com\/blog\/wp-content\/uploads\/2019\/01\/Depositphotos_25616881_l-2015.jpg","contentUrl":"https:\/\/www.clubdelemprendimiento.com\/blog\/wp-content\/uploads\/2019\/01\/Depositphotos_25616881_l-2015.jpg","width":1999,"height":1255,"caption":"Business person wearing in casual shirt sitting at desk and check documents with the help of digital tablet in the office"},{"@type":"BreadcrumbList","@id":"https:\/\/www.clubdelemprendimiento.com\/blog\/autonomos\/desglose-de-la-cuota-de-autonomos\/#breadcrumb","itemListElement":[{"@type":"ListItem","position":1,"name":"Home","item":"https:\/\/www.clubdelemprendimiento.com\/blog\/"},{"@type":"ListItem","position":2,"name":"Desglose de la cuota de aut\u00f3nomos"}]},{"@type":"WebSite","@id":"https:\/\/www.clubdelemprendimiento.com\/blog\/#website","url":"https:\/\/www.clubdelemprendimiento.com\/blog\/","name":"Blog Club del Emprendimiento","description":"","potentialAction":[{"@type":"SearchAction","target":{"@type":"EntryPoint","urlTemplate":"https:\/\/www.clubdelemprendimiento.com\/blog\/?s={search_term_string}"},"query-input":"required name=search_term_string"}],"inLanguage":"es"},{"@type":"Person","@id":"https:\/\/www.clubdelemprendimiento.com\/blog\/#\/schema\/person\/fe481a2c767de00924b39ab766936ddf","name":"Luc\u00eda Vera","image":{"@type":"ImageObject","inLanguage":"es","@id":"https:\/\/www.clubdelemprendimiento.com\/blog\/#\/schema\/person\/image\/","url":"https:\/\/secure.gravatar.com\/avatar\/a7985f0a535e8f0be3026ac89e0a79c6?s=96&d=mm&r=g","contentUrl":"https:\/\/secure.gravatar.com\/avatar\/a7985f0a535e8f0be3026ac89e0a79c6?s=96&d=mm&r=g","caption":"Luc\u00eda Vera"},"url":"https:\/\/www.clubdelemprendimiento.com\/blog\/author\/luciavera\/"}]}},"_links":{"self":[{"href":"https:\/\/www.clubdelemprendimiento.com\/blog\/wp-json\/wp\/v2\/posts\/12049"}],"collection":[{"href":"https:\/\/www.clubdelemprendimiento.com\/blog\/wp-json\/wp\/v2\/posts"}],"about":[{"href":"https:\/\/www.clubdelemprendimiento.com\/blog\/wp-json\/wp\/v2\/types\/post"}],"author":[{"embeddable":true,"href":"https:\/\/www.clubdelemprendimiento.com\/blog\/wp-json\/wp\/v2\/users\/5"}],"replies":[{"embeddable":true,"href":"https:\/\/www.clubdelemprendimiento.com\/blog\/wp-json\/wp\/v2\/comments?post=12049"}],"version-history":[{"count":7,"href":"https:\/\/www.clubdelemprendimiento.com\/blog\/wp-json\/wp\/v2\/posts\/12049\/revisions"}],"predecessor-version":[{"id":15656,"href":"https:\/\/www.clubdelemprendimiento.com\/blog\/wp-json\/wp\/v2\/posts\/12049\/revisions\/15656"}],"wp:featuredmedia":[{"embeddable":true,"href":"https:\/\/www.clubdelemprendimiento.com\/blog\/wp-json\/wp\/v2\/media\/12050"}],"wp:attachment":[{"href":"https:\/\/www.clubdelemprendimiento.com\/blog\/wp-json\/wp\/v2\/media?parent=12049"}],"wp:term":[{"taxonomy":"category","embeddable":true,"href":"https:\/\/www.clubdelemprendimiento.com\/blog\/wp-json\/wp\/v2\/categories?post=12049"},{"taxonomy":"post_tag","embeddable":true,"href":"https:\/\/www.clubdelemprendimiento.com\/blog\/wp-json\/wp\/v2\/tags?post=12049"}],"curies":[{"name":"wp","href":"https:\/\/api.w.org\/{rel}","templated":true}]}}