{"id":11982,"date":"2018-12-19T10:00:25","date_gmt":"2018-12-19T10:00:25","guid":{"rendered":"https:\/\/www.clubdelemprendimiento.com\/blog\/?p=11982"},"modified":"2018-12-18T09:15:19","modified_gmt":"2018-12-18T09:15:19","slug":"autonomos-y-pymes-debe-cerrar-el-ejercicio-fiscal","status":"publish","type":"post","link":"https:\/\/www.clubdelemprendimiento.com\/blog\/autonomos\/autonomos-y-pymes-debe-cerrar-el-ejercicio-fiscal\/","title":{"rendered":"Aut\u00f3nomos y pymes: as\u00ed se debe cerrar el ejercicio fiscal"},"content":{"rendered":"<p>Se acerca el final del a\u00f1o, y con \u00e9l, el <strong>cierre del ejercicio fiscal.<\/strong> La Navidad es una \u00e9poca que puede ser preciosa en lo personal, pero en lo profesional supone un <strong>momento delicado para los aut\u00f3nomos y las peque\u00f1as y medianas empresas.<\/strong> El cierre del ejercicio fiscal es un momento crucial en un negocio. Es el cierre del cuarto trimestre, pero es el momento en el que se deben dejar tambi\u00e9n preparadas las declaraciones anuales que se presentan en enero. Esta gesti\u00f3n, adem\u00e1s, marcar\u00e1 la siguiente declaraci\u00f3n de la Renta.<\/p>\n<h2>Consejos para el cierre del ejercicio fiscal<\/h2>\n<p>El momento del cierre del ejercicio fiscal es muy importante para cualquier trabajador por cuenta propia o empresario. Para poder realizarlo de la mejor manera posible es<strong> muy recomendable tener las facturas al d\u00eda, localizar las que est\u00e9n pendientes y revisar todos los gastos del a\u00f1o.<\/strong> Adem\u00e1s, es importante detectar los gastos deducibles para poder presentarlos correctamente.<\/p>\n<p>Desde la asesor\u00eda <a href=\"https:\/\/www.txerpa.com\/\">Txerpa<\/a> aconsejan, adem\u00e1s, revisar si todos los gastos del a\u00f1o han sido incluidos en la contabilidad de la empresa. El Libro de Registro debe estar perfectamente completado antes del 31 de diciembre. Tambi\u00e9n <strong>considerar los gastos deducible<\/strong>s que m\u00e1s suelen olvidarse: la cuota de aut\u00f3nomos, los seguros sanitarios o las donaciones.<\/p>\n<p>Es tambi\u00e9n muy recomendable estar al d\u00eda de las \u00faltimas medidas aprobadas. De esta manera, el cierre del ejercicio fiscal se har\u00e1 de la manera m\u00e1s efectiva posible y el aut\u00f3nomo se podr\u00e1 beneficiar de las ayudas que est\u00e9n disponible. Por ejemplo, este a\u00f1o, los trabajadores por cuenta propia pueden incluir la prestaci\u00f3n de maternidad o paternidad para la devoluci\u00f3n del IRPF. Eso s\u00ed, con la salvedad de que ha debido recibirse entre el a\u00f1o 2014 y 2018. Adem\u00e1s, <strong>se prev\u00e9n cambios a principios de a\u00f1o<\/strong>, tras el <a href=\"https:\/\/www.clubdelemprendimiento.com\/blog\/autonomos\/autonomos-con-ingresos-bajos-pagaran-mas\/\" target=\"_blank\" rel=\"noopener\">acuerdo<\/a> al que llegaron el gobierno y las asociaciones de aut\u00f3nomos semanas atr\u00e1s. Por tanto, conviene tener cerrado todo antes de final de a\u00f1o, para facilitar la adaptaci\u00f3n a las nuevas medidas que se pongan en marcha.<\/p>\n","protected":false},"excerpt":{"rendered":"<p>Se acerca el final del a\u00f1o, y con \u00e9l, el cierre del ejercicio fiscal.&hellip;<\/p>\n","protected":false},"author":5,"featured_media":11983,"comment_status":"open","ping_status":"open","sticky":false,"template":"","format":"standard","meta":{"_acf_changed":false,"footnotes":""},"categories":[255,256],"tags":[],"acf":[],"yoast_head":"<!-- This site is optimized with the Yoast SEO plugin v22.7 - https:\/\/yoast.com\/wordpress\/plugins\/seo\/ -->\n<title>Consejos para el cierre del ejercicio fiscal de los aut\u00f3nomos<\/title>\n<meta name=\"description\" content=\"Estos son algunos consejos y aspectos a considerar para que un aut\u00f3nomo realice un buen cierre del ejercicio fiscal de este 2019\" \/>\n<meta name=\"robots\" content=\"index, follow, max-snippet:-1, max-image-preview:large, max-video-preview:-1\" \/>\n<link rel=\"canonical\" href=\"https:\/\/www.clubdelemprendimiento.com\/blog\/autonomos\/autonomos-y-pymes-debe-cerrar-el-ejercicio-fiscal\/\" \/>\n<meta property=\"og:locale\" content=\"es_ES\" \/>\n<meta property=\"og:type\" content=\"article\" \/>\n<meta property=\"og:title\" content=\"Consejos para el cierre del ejercicio fiscal de los aut\u00f3nomos\" \/>\n<meta property=\"og:description\" content=\"Estos son algunos consejos y aspectos a considerar para que un aut\u00f3nomo realice un buen cierre del ejercicio fiscal de este 2019\" \/>\n<meta property=\"og:url\" content=\"https:\/\/www.clubdelemprendimiento.com\/blog\/autonomos\/autonomos-y-pymes-debe-cerrar-el-ejercicio-fiscal\/\" \/>\n<meta property=\"og:site_name\" content=\"Blog Club del Emprendimiento\" \/>\n<meta property=\"article:published_time\" content=\"2018-12-19T10:00:25+00:00\" \/>\n<meta property=\"article:modified_time\" content=\"2018-12-18T09:15:19+00:00\" \/>\n<meta property=\"og:image\" content=\"https:\/\/www.clubdelemprendimiento.com\/blog\/wp-content\/uploads\/2018\/12\/Depositphotos_200926168_l-2015.jpg\" \/>\n\t<meta property=\"og:image:width\" content=\"2000\" \/>\n\t<meta property=\"og:image:height\" content=\"1333\" \/>\n\t<meta property=\"og:image:type\" content=\"image\/jpeg\" \/>\n<meta name=\"author\" content=\"Luc\u00eda Vera\" \/>\n<meta name=\"twitter:card\" content=\"summary_large_image\" \/>\n<meta name=\"twitter:label1\" content=\"Escrito por\" \/>\n\t<meta name=\"twitter:data1\" content=\"Luc\u00eda Vera\" \/>\n\t<meta name=\"twitter:label2\" content=\"Tiempo de lectura\" \/>\n\t<meta name=\"twitter:data2\" content=\"2 minutos\" \/>\n<script type=\"application\/ld+json\" class=\"yoast-schema-graph\">{\"@context\":\"https:\/\/schema.org\",\"@graph\":[{\"@type\":\"WebPage\",\"@id\":\"https:\/\/www.clubdelemprendimiento.com\/blog\/autonomos\/autonomos-y-pymes-debe-cerrar-el-ejercicio-fiscal\/\",\"url\":\"https:\/\/www.clubdelemprendimiento.com\/blog\/autonomos\/autonomos-y-pymes-debe-cerrar-el-ejercicio-fiscal\/\",\"name\":\"Consejos para el cierre del ejercicio fiscal de los aut\u00f3nomos\",\"isPartOf\":{\"@id\":\"https:\/\/www.clubdelemprendimiento.com\/blog\/#website\"},\"primaryImageOfPage\":{\"@id\":\"https:\/\/www.clubdelemprendimiento.com\/blog\/autonomos\/autonomos-y-pymes-debe-cerrar-el-ejercicio-fiscal\/#primaryimage\"},\"image\":{\"@id\":\"https:\/\/www.clubdelemprendimiento.com\/blog\/autonomos\/autonomos-y-pymes-debe-cerrar-el-ejercicio-fiscal\/#primaryimage\"},\"thumbnailUrl\":\"https:\/\/www.clubdelemprendimiento.com\/blog\/wp-content\/uploads\/2018\/12\/Depositphotos_200926168_l-2015.jpg\",\"datePublished\":\"2018-12-19T10:00:25+00:00\",\"dateModified\":\"2018-12-18T09:15:19+00:00\",\"author\":{\"@id\":\"https:\/\/www.clubdelemprendimiento.com\/blog\/#\/schema\/person\/fe481a2c767de00924b39ab766936ddf\"},\"description\":\"Estos son algunos consejos y aspectos a considerar para que un aut\u00f3nomo realice un buen cierre del ejercicio fiscal de este 2019\",\"breadcrumb\":{\"@id\":\"https:\/\/www.clubdelemprendimiento.com\/blog\/autonomos\/autonomos-y-pymes-debe-cerrar-el-ejercicio-fiscal\/#breadcrumb\"},\"inLanguage\":\"es\",\"potentialAction\":[{\"@type\":\"ReadAction\",\"target\":[\"https:\/\/www.clubdelemprendimiento.com\/blog\/autonomos\/autonomos-y-pymes-debe-cerrar-el-ejercicio-fiscal\/\"]}]},{\"@type\":\"ImageObject\",\"inLanguage\":\"es\",\"@id\":\"https:\/\/www.clubdelemprendimiento.com\/blog\/autonomos\/autonomos-y-pymes-debe-cerrar-el-ejercicio-fiscal\/#primaryimage\",\"url\":\"https:\/\/www.clubdelemprendimiento.com\/blog\/wp-content\/uploads\/2018\/12\/Depositphotos_200926168_l-2015.jpg\",\"contentUrl\":\"https:\/\/www.clubdelemprendimiento.com\/blog\/wp-content\/uploads\/2018\/12\/Depositphotos_200926168_l-2015.jpg\",\"width\":2000,\"height\":1333,\"caption\":\"Young Businesswoman Calculating Bill With Calculator In Office\"},{\"@type\":\"BreadcrumbList\",\"@id\":\"https:\/\/www.clubdelemprendimiento.com\/blog\/autonomos\/autonomos-y-pymes-debe-cerrar-el-ejercicio-fiscal\/#breadcrumb\",\"itemListElement\":[{\"@type\":\"ListItem\",\"position\":1,\"name\":\"Home\",\"item\":\"https:\/\/www.clubdelemprendimiento.com\/blog\/\"},{\"@type\":\"ListItem\",\"position\":2,\"name\":\"Aut\u00f3nomos y pymes: as\u00ed se debe cerrar el ejercicio fiscal\"}]},{\"@type\":\"WebSite\",\"@id\":\"https:\/\/www.clubdelemprendimiento.com\/blog\/#website\",\"url\":\"https:\/\/www.clubdelemprendimiento.com\/blog\/\",\"name\":\"Blog Club del Emprendimiento\",\"description\":\"\",\"potentialAction\":[{\"@type\":\"SearchAction\",\"target\":{\"@type\":\"EntryPoint\",\"urlTemplate\":\"https:\/\/www.clubdelemprendimiento.com\/blog\/?s={search_term_string}\"},\"query-input\":\"required name=search_term_string\"}],\"inLanguage\":\"es\"},{\"@type\":\"Person\",\"@id\":\"https:\/\/www.clubdelemprendimiento.com\/blog\/#\/schema\/person\/fe481a2c767de00924b39ab766936ddf\",\"name\":\"Luc\u00eda Vera\",\"image\":{\"@type\":\"ImageObject\",\"inLanguage\":\"es\",\"@id\":\"https:\/\/www.clubdelemprendimiento.com\/blog\/#\/schema\/person\/image\/\",\"url\":\"https:\/\/secure.gravatar.com\/avatar\/a7985f0a535e8f0be3026ac89e0a79c6?s=96&d=mm&r=g\",\"contentUrl\":\"https:\/\/secure.gravatar.com\/avatar\/a7985f0a535e8f0be3026ac89e0a79c6?s=96&d=mm&r=g\",\"caption\":\"Luc\u00eda Vera\"},\"url\":\"https:\/\/www.clubdelemprendimiento.com\/blog\/author\/luciavera\/\"}]}<\/script>\n<!-- \/ Yoast SEO plugin. -->","yoast_head_json":{"title":"Consejos para el cierre del ejercicio fiscal de los aut\u00f3nomos","description":"Estos son algunos consejos y aspectos a considerar para que un aut\u00f3nomo realice un buen cierre del ejercicio fiscal de este 2019","robots":{"index":"index","follow":"follow","max-snippet":"max-snippet:-1","max-image-preview":"max-image-preview:large","max-video-preview":"max-video-preview:-1"},"canonical":"https:\/\/www.clubdelemprendimiento.com\/blog\/autonomos\/autonomos-y-pymes-debe-cerrar-el-ejercicio-fiscal\/","og_locale":"es_ES","og_type":"article","og_title":"Consejos para el cierre del ejercicio fiscal de los aut\u00f3nomos","og_description":"Estos son algunos consejos y aspectos a considerar para que un aut\u00f3nomo realice un buen cierre del ejercicio fiscal de este 2019","og_url":"https:\/\/www.clubdelemprendimiento.com\/blog\/autonomos\/autonomos-y-pymes-debe-cerrar-el-ejercicio-fiscal\/","og_site_name":"Blog Club del Emprendimiento","article_published_time":"2018-12-19T10:00:25+00:00","article_modified_time":"2018-12-18T09:15:19+00:00","og_image":[{"width":2000,"height":1333,"url":"https:\/\/www.clubdelemprendimiento.com\/blog\/wp-content\/uploads\/2018\/12\/Depositphotos_200926168_l-2015.jpg","type":"image\/jpeg"}],"author":"Luc\u00eda Vera","twitter_card":"summary_large_image","twitter_misc":{"Escrito por":"Luc\u00eda Vera","Tiempo de lectura":"2 minutos"},"schema":{"@context":"https:\/\/schema.org","@graph":[{"@type":"WebPage","@id":"https:\/\/www.clubdelemprendimiento.com\/blog\/autonomos\/autonomos-y-pymes-debe-cerrar-el-ejercicio-fiscal\/","url":"https:\/\/www.clubdelemprendimiento.com\/blog\/autonomos\/autonomos-y-pymes-debe-cerrar-el-ejercicio-fiscal\/","name":"Consejos para el cierre del ejercicio fiscal de los aut\u00f3nomos","isPartOf":{"@id":"https:\/\/www.clubdelemprendimiento.com\/blog\/#website"},"primaryImageOfPage":{"@id":"https:\/\/www.clubdelemprendimiento.com\/blog\/autonomos\/autonomos-y-pymes-debe-cerrar-el-ejercicio-fiscal\/#primaryimage"},"image":{"@id":"https:\/\/www.clubdelemprendimiento.com\/blog\/autonomos\/autonomos-y-pymes-debe-cerrar-el-ejercicio-fiscal\/#primaryimage"},"thumbnailUrl":"https:\/\/www.clubdelemprendimiento.com\/blog\/wp-content\/uploads\/2018\/12\/Depositphotos_200926168_l-2015.jpg","datePublished":"2018-12-19T10:00:25+00:00","dateModified":"2018-12-18T09:15:19+00:00","author":{"@id":"https:\/\/www.clubdelemprendimiento.com\/blog\/#\/schema\/person\/fe481a2c767de00924b39ab766936ddf"},"description":"Estos son algunos consejos y aspectos a considerar para que un aut\u00f3nomo realice un buen cierre del ejercicio fiscal de este 2019","breadcrumb":{"@id":"https:\/\/www.clubdelemprendimiento.com\/blog\/autonomos\/autonomos-y-pymes-debe-cerrar-el-ejercicio-fiscal\/#breadcrumb"},"inLanguage":"es","potentialAction":[{"@type":"ReadAction","target":["https:\/\/www.clubdelemprendimiento.com\/blog\/autonomos\/autonomos-y-pymes-debe-cerrar-el-ejercicio-fiscal\/"]}]},{"@type":"ImageObject","inLanguage":"es","@id":"https:\/\/www.clubdelemprendimiento.com\/blog\/autonomos\/autonomos-y-pymes-debe-cerrar-el-ejercicio-fiscal\/#primaryimage","url":"https:\/\/www.clubdelemprendimiento.com\/blog\/wp-content\/uploads\/2018\/12\/Depositphotos_200926168_l-2015.jpg","contentUrl":"https:\/\/www.clubdelemprendimiento.com\/blog\/wp-content\/uploads\/2018\/12\/Depositphotos_200926168_l-2015.jpg","width":2000,"height":1333,"caption":"Young Businesswoman Calculating Bill With Calculator In Office"},{"@type":"BreadcrumbList","@id":"https:\/\/www.clubdelemprendimiento.com\/blog\/autonomos\/autonomos-y-pymes-debe-cerrar-el-ejercicio-fiscal\/#breadcrumb","itemListElement":[{"@type":"ListItem","position":1,"name":"Home","item":"https:\/\/www.clubdelemprendimiento.com\/blog\/"},{"@type":"ListItem","position":2,"name":"Aut\u00f3nomos y pymes: as\u00ed se debe cerrar el ejercicio fiscal"}]},{"@type":"WebSite","@id":"https:\/\/www.clubdelemprendimiento.com\/blog\/#website","url":"https:\/\/www.clubdelemprendimiento.com\/blog\/","name":"Blog Club del Emprendimiento","description":"","potentialAction":[{"@type":"SearchAction","target":{"@type":"EntryPoint","urlTemplate":"https:\/\/www.clubdelemprendimiento.com\/blog\/?s={search_term_string}"},"query-input":"required name=search_term_string"}],"inLanguage":"es"},{"@type":"Person","@id":"https:\/\/www.clubdelemprendimiento.com\/blog\/#\/schema\/person\/fe481a2c767de00924b39ab766936ddf","name":"Luc\u00eda Vera","image":{"@type":"ImageObject","inLanguage":"es","@id":"https:\/\/www.clubdelemprendimiento.com\/blog\/#\/schema\/person\/image\/","url":"https:\/\/secure.gravatar.com\/avatar\/a7985f0a535e8f0be3026ac89e0a79c6?s=96&d=mm&r=g","contentUrl":"https:\/\/secure.gravatar.com\/avatar\/a7985f0a535e8f0be3026ac89e0a79c6?s=96&d=mm&r=g","caption":"Luc\u00eda Vera"},"url":"https:\/\/www.clubdelemprendimiento.com\/blog\/author\/luciavera\/"}]}},"_links":{"self":[{"href":"https:\/\/www.clubdelemprendimiento.com\/blog\/wp-json\/wp\/v2\/posts\/11982"}],"collection":[{"href":"https:\/\/www.clubdelemprendimiento.com\/blog\/wp-json\/wp\/v2\/posts"}],"about":[{"href":"https:\/\/www.clubdelemprendimiento.com\/blog\/wp-json\/wp\/v2\/types\/post"}],"author":[{"embeddable":true,"href":"https:\/\/www.clubdelemprendimiento.com\/blog\/wp-json\/wp\/v2\/users\/5"}],"replies":[{"embeddable":true,"href":"https:\/\/www.clubdelemprendimiento.com\/blog\/wp-json\/wp\/v2\/comments?post=11982"}],"version-history":[{"count":1,"href":"https:\/\/www.clubdelemprendimiento.com\/blog\/wp-json\/wp\/v2\/posts\/11982\/revisions"}],"predecessor-version":[{"id":11984,"href":"https:\/\/www.clubdelemprendimiento.com\/blog\/wp-json\/wp\/v2\/posts\/11982\/revisions\/11984"}],"wp:featuredmedia":[{"embeddable":true,"href":"https:\/\/www.clubdelemprendimiento.com\/blog\/wp-json\/wp\/v2\/media\/11983"}],"wp:attachment":[{"href":"https:\/\/www.clubdelemprendimiento.com\/blog\/wp-json\/wp\/v2\/media?parent=11982"}],"wp:term":[{"taxonomy":"category","embeddable":true,"href":"https:\/\/www.clubdelemprendimiento.com\/blog\/wp-json\/wp\/v2\/categories?post=11982"},{"taxonomy":"post_tag","embeddable":true,"href":"https:\/\/www.clubdelemprendimiento.com\/blog\/wp-json\/wp\/v2\/tags?post=11982"}],"curies":[{"name":"wp","href":"https:\/\/api.w.org\/{rel}","templated":true}]}}