{"id":11835,"date":"2018-12-05T12:53:20","date_gmt":"2018-12-05T12:53:20","guid":{"rendered":"http:\/\/www.clubdelemprendimiento.com\/blog\/?p=11835"},"modified":"2018-12-05T11:41:44","modified_gmt":"2018-12-05T11:41:44","slug":"como-empiezan-los-autonomos-2019","status":"publish","type":"post","link":"https:\/\/www.clubdelemprendimiento.com\/blog\/autonomos\/como-empiezan-los-autonomos-2019\/","title":{"rendered":"C\u00f3mo empiezan los aut\u00f3nomos 2019"},"content":{"rendered":"<p>Los profesionales<strong> aut\u00f3nomos representan el 17,25% del total de trabajadores dados de alta en la Seguridad Social. <\/strong>Los 3,2 millones de trabajadores por cuenta propia de nuestro pa\u00eds han contribuido a la recuperaci\u00f3n econ\u00f3mica, especialmente generando empleo. Uno de cada cinco aut\u00f3nomos en Espa\u00f1a tiene, al menos, un trabajador a su cargo.<\/p>\n<p>A pesar de la importancia que tiene el colectivo en el sistema econ\u00f3mico y, sobre todo, laboral, no se terminan de aprobar todas las medidas que se deber\u00edan para favorecer su desarrollo. S\u00ed es verdad que hace un a\u00f1o se aprob\u00f3 la nueva ley de Reformas urgentes del Trabajo Aut\u00f3nomo. \u00c9sta trajo consigo algunas mejoras para estos trabajadores, pero no son suficientes para equipararse con los asalariados. Adem\u00e1s, algunas de las propuestas no han terminado de ponerse en marcha.<\/p>\n<h2>Cambios en la cotizaci\u00f3n de los aut\u00f3nomos<\/h2>\n<p>En las \u00faltimas semanas ha habido diferentes idas y venidas en cuanto al sistema de cotizaci\u00f3n del colectivo. Las <a href=\"http:\/\/www.clubdelemprendimiento.com\/blog\/autonomos\/asociaciones-autonomos-discrepan-en-el-smi\/\" target=\"_blank\" rel=\"noopener\">asociaciones principales de aut\u00f3nomos<\/a> se han reunido con el gobierno para llegar a un acuerdo. Tras varios supuestos, ATA, UPTA, UATAE y CEAT y el gobierno anunciaban las nuevas bases de cotizaci\u00f3n. Desde el 1 de enero <strong>los aut\u00f3nomos aumentar\u00e1n su cotizaci\u00f3n un 1,25%<\/strong>, es decir, con una base de 944,35 euros mensuales. Esto significa que deber\u00e1n pagar 5,36 euros m\u00e1s al mes.<\/p>\n<p>Pero el<strong> aumento de cotizaci\u00f3n viene acompa\u00f1ado de algunas mejoras en la situaci\u00f3n de los profesionales aut\u00f3nomos.<\/strong> Para empezar, los trabajadores por cuenta propia ya podr\u00e1n cobrar una prestaci\u00f3n por accidente de trabajo o por enfermedad desde el primer d\u00eda. Por otro lado, no pagar\u00e1n cuota a la Seguridad Social durante el periodo de baja o incapacidad temporal. Todos los aut\u00f3nomos, adem\u00e1s, acceder\u00e1n a una formaci\u00f3n continua y de reciclaje.<\/p>\n<p>Las mujeres aut\u00f3nomas, por su parte, acceder\u00e1n a una tarifa plana de 60 euros al mes. Una vez se incorpore tras su periodo de baja por maternidad (hasta dos a\u00f1os despu\u00e9s) podr\u00e1 tener esta bonificaci\u00f3n un a\u00f1o.<\/p>\n<p>Sin embargo, algunas de las medidas sobre la mesa se han quedado pendientes. Uno de ellos es, precisamente, la cotizaci\u00f3n por ingresos reales. Aquellos aut\u00f3nomos con rentas bajas tambi\u00e9n deber\u00e1n pagar m\u00e1s desde enero. Es por ello que se plantea este cambio en su cotizaci\u00f3n. El fomento de los aut\u00f3nomos, especialmente de la mujer es tambi\u00e9n un tema pendiente. Tambi\u00e9n las ayudas para la transformaci\u00f3n digital. Veremos en 2019 los que se cumplen y los que no.<\/p>\n","protected":false},"excerpt":{"rendered":"<p>Los profesionales aut\u00f3nomos representan el 17,25% del total de trabajadores dados de alta en&hellip;<\/p>\n","protected":false},"author":5,"featured_media":11836,"comment_status":"open","ping_status":"open","sticky":false,"template":"","format":"standard","meta":{"_acf_changed":false,"footnotes":""},"categories":[255],"tags":[],"acf":[],"yoast_head":"<!-- This site is optimized with the Yoast SEO plugin v22.7 - https:\/\/yoast.com\/wordpress\/plugins\/seo\/ -->\n<title>Sistema de cotizaci\u00f3n de aut\u00f3nomos c\u00f3mo empiezan el a\u00f1o<\/title>\n<meta name=\"description\" content=\"As\u00ed es como ha quedado al cotizaci\u00f3n de los aut\u00f3nomos y as\u00ed empiezan el a\u00f1o con lo aprobado ylo que se qued\u00f3 en el camino\" \/>\n<meta name=\"robots\" content=\"index, follow, max-snippet:-1, max-image-preview:large, max-video-preview:-1\" \/>\n<link rel=\"canonical\" href=\"https:\/\/www.clubdelemprendimiento.com\/blog\/autonomos\/como-empiezan-los-autonomos-2019\/\" \/>\n<meta property=\"og:locale\" content=\"es_ES\" \/>\n<meta property=\"og:type\" content=\"article\" \/>\n<meta property=\"og:title\" content=\"Sistema de cotizaci\u00f3n de aut\u00f3nomos c\u00f3mo empiezan el a\u00f1o\" \/>\n<meta property=\"og:description\" content=\"As\u00ed es como ha quedado al cotizaci\u00f3n de los aut\u00f3nomos y as\u00ed empiezan el a\u00f1o con lo aprobado ylo que se qued\u00f3 en el camino\" \/>\n<meta property=\"og:url\" content=\"https:\/\/www.clubdelemprendimiento.com\/blog\/autonomos\/como-empiezan-los-autonomos-2019\/\" \/>\n<meta property=\"og:site_name\" content=\"Blog Club del Emprendimiento\" \/>\n<meta property=\"article:published_time\" content=\"2018-12-05T12:53:20+00:00\" \/>\n<meta property=\"article:modified_time\" content=\"2018-12-05T11:41:44+00:00\" \/>\n<meta property=\"og:image\" content=\"https:\/\/www.clubdelemprendimiento.com\/blog\/wp-content\/uploads\/2018\/12\/Depositphotos_97016520_l-2015-1030x686.jpg\" \/>\n\t<meta property=\"og:image:width\" content=\"1030\" \/>\n\t<meta property=\"og:image:height\" content=\"686\" \/>\n\t<meta property=\"og:image:type\" content=\"image\/jpeg\" \/>\n<meta name=\"author\" content=\"Luc\u00eda Vera\" \/>\n<meta name=\"twitter:card\" content=\"summary_large_image\" \/>\n<meta name=\"twitter:label1\" content=\"Escrito por\" \/>\n\t<meta name=\"twitter:data1\" content=\"Luc\u00eda Vera\" \/>\n\t<meta name=\"twitter:label2\" content=\"Tiempo de lectura\" \/>\n\t<meta name=\"twitter:data2\" content=\"2 minutos\" \/>\n<script type=\"application\/ld+json\" class=\"yoast-schema-graph\">{\"@context\":\"https:\/\/schema.org\",\"@graph\":[{\"@type\":\"WebPage\",\"@id\":\"https:\/\/www.clubdelemprendimiento.com\/blog\/autonomos\/como-empiezan-los-autonomos-2019\/\",\"url\":\"https:\/\/www.clubdelemprendimiento.com\/blog\/autonomos\/como-empiezan-los-autonomos-2019\/\",\"name\":\"Sistema de cotizaci\u00f3n de aut\u00f3nomos c\u00f3mo empiezan el a\u00f1o\",\"isPartOf\":{\"@id\":\"https:\/\/www.clubdelemprendimiento.com\/blog\/#website\"},\"primaryImageOfPage\":{\"@id\":\"https:\/\/www.clubdelemprendimiento.com\/blog\/autonomos\/como-empiezan-los-autonomos-2019\/#primaryimage\"},\"image\":{\"@id\":\"https:\/\/www.clubdelemprendimiento.com\/blog\/autonomos\/como-empiezan-los-autonomos-2019\/#primaryimage\"},\"thumbnailUrl\":\"https:\/\/www.clubdelemprendimiento.com\/blog\/wp-content\/uploads\/2018\/12\/Depositphotos_97016520_l-2015.jpg\",\"datePublished\":\"2018-12-05T12:53:20+00:00\",\"dateModified\":\"2018-12-05T11:41:44+00:00\",\"author\":{\"@id\":\"https:\/\/www.clubdelemprendimiento.com\/blog\/#\/schema\/person\/fe481a2c767de00924b39ab766936ddf\"},\"description\":\"As\u00ed es como ha quedado al cotizaci\u00f3n de los aut\u00f3nomos y as\u00ed empiezan el a\u00f1o con lo aprobado ylo que se qued\u00f3 en el camino\",\"breadcrumb\":{\"@id\":\"https:\/\/www.clubdelemprendimiento.com\/blog\/autonomos\/como-empiezan-los-autonomos-2019\/#breadcrumb\"},\"inLanguage\":\"es\",\"potentialAction\":[{\"@type\":\"ReadAction\",\"target\":[\"https:\/\/www.clubdelemprendimiento.com\/blog\/autonomos\/como-empiezan-los-autonomos-2019\/\"]}]},{\"@type\":\"ImageObject\",\"inLanguage\":\"es\",\"@id\":\"https:\/\/www.clubdelemprendimiento.com\/blog\/autonomos\/como-empiezan-los-autonomos-2019\/#primaryimage\",\"url\":\"https:\/\/www.clubdelemprendimiento.com\/blog\/wp-content\/uploads\/2018\/12\/Depositphotos_97016520_l-2015.jpg\",\"contentUrl\":\"https:\/\/www.clubdelemprendimiento.com\/blog\/wp-content\/uploads\/2018\/12\/Depositphotos_97016520_l-2015.jpg\",\"width\":2000,\"height\":1333,\"caption\":\"Handsome young business owner with a subtle hipster style working seriously on a lsptop with his bright and neat modern work space behind him\"},{\"@type\":\"BreadcrumbList\",\"@id\":\"https:\/\/www.clubdelemprendimiento.com\/blog\/autonomos\/como-empiezan-los-autonomos-2019\/#breadcrumb\",\"itemListElement\":[{\"@type\":\"ListItem\",\"position\":1,\"name\":\"Home\",\"item\":\"https:\/\/www.clubdelemprendimiento.com\/blog\/\"},{\"@type\":\"ListItem\",\"position\":2,\"name\":\"C\u00f3mo empiezan los aut\u00f3nomos 2019\"}]},{\"@type\":\"WebSite\",\"@id\":\"https:\/\/www.clubdelemprendimiento.com\/blog\/#website\",\"url\":\"https:\/\/www.clubdelemprendimiento.com\/blog\/\",\"name\":\"Blog Club del Emprendimiento\",\"description\":\"\",\"potentialAction\":[{\"@type\":\"SearchAction\",\"target\":{\"@type\":\"EntryPoint\",\"urlTemplate\":\"https:\/\/www.clubdelemprendimiento.com\/blog\/?s={search_term_string}\"},\"query-input\":\"required name=search_term_string\"}],\"inLanguage\":\"es\"},{\"@type\":\"Person\",\"@id\":\"https:\/\/www.clubdelemprendimiento.com\/blog\/#\/schema\/person\/fe481a2c767de00924b39ab766936ddf\",\"name\":\"Luc\u00eda Vera\",\"image\":{\"@type\":\"ImageObject\",\"inLanguage\":\"es\",\"@id\":\"https:\/\/www.clubdelemprendimiento.com\/blog\/#\/schema\/person\/image\/\",\"url\":\"https:\/\/secure.gravatar.com\/avatar\/a7985f0a535e8f0be3026ac89e0a79c6?s=96&d=mm&r=g\",\"contentUrl\":\"https:\/\/secure.gravatar.com\/avatar\/a7985f0a535e8f0be3026ac89e0a79c6?s=96&d=mm&r=g\",\"caption\":\"Luc\u00eda Vera\"},\"url\":\"https:\/\/www.clubdelemprendimiento.com\/blog\/author\/luciavera\/\"}]}<\/script>\n<!-- \/ Yoast SEO plugin. -->","yoast_head_json":{"title":"Sistema de cotizaci\u00f3n de aut\u00f3nomos c\u00f3mo empiezan el a\u00f1o","description":"As\u00ed es como ha quedado al cotizaci\u00f3n de los aut\u00f3nomos y as\u00ed empiezan el a\u00f1o con lo aprobado ylo que se qued\u00f3 en el camino","robots":{"index":"index","follow":"follow","max-snippet":"max-snippet:-1","max-image-preview":"max-image-preview:large","max-video-preview":"max-video-preview:-1"},"canonical":"https:\/\/www.clubdelemprendimiento.com\/blog\/autonomos\/como-empiezan-los-autonomos-2019\/","og_locale":"es_ES","og_type":"article","og_title":"Sistema de cotizaci\u00f3n de aut\u00f3nomos c\u00f3mo empiezan el a\u00f1o","og_description":"As\u00ed es como ha quedado al cotizaci\u00f3n de los aut\u00f3nomos y as\u00ed empiezan el a\u00f1o con lo aprobado ylo que se qued\u00f3 en el camino","og_url":"https:\/\/www.clubdelemprendimiento.com\/blog\/autonomos\/como-empiezan-los-autonomos-2019\/","og_site_name":"Blog Club del Emprendimiento","article_published_time":"2018-12-05T12:53:20+00:00","article_modified_time":"2018-12-05T11:41:44+00:00","og_image":[{"width":1030,"height":686,"url":"https:\/\/www.clubdelemprendimiento.com\/blog\/wp-content\/uploads\/2018\/12\/Depositphotos_97016520_l-2015-1030x686.jpg","type":"image\/jpeg"}],"author":"Luc\u00eda Vera","twitter_card":"summary_large_image","twitter_misc":{"Escrito por":"Luc\u00eda Vera","Tiempo de lectura":"2 minutos"},"schema":{"@context":"https:\/\/schema.org","@graph":[{"@type":"WebPage","@id":"https:\/\/www.clubdelemprendimiento.com\/blog\/autonomos\/como-empiezan-los-autonomos-2019\/","url":"https:\/\/www.clubdelemprendimiento.com\/blog\/autonomos\/como-empiezan-los-autonomos-2019\/","name":"Sistema de cotizaci\u00f3n de aut\u00f3nomos c\u00f3mo empiezan el a\u00f1o","isPartOf":{"@id":"https:\/\/www.clubdelemprendimiento.com\/blog\/#website"},"primaryImageOfPage":{"@id":"https:\/\/www.clubdelemprendimiento.com\/blog\/autonomos\/como-empiezan-los-autonomos-2019\/#primaryimage"},"image":{"@id":"https:\/\/www.clubdelemprendimiento.com\/blog\/autonomos\/como-empiezan-los-autonomos-2019\/#primaryimage"},"thumbnailUrl":"https:\/\/www.clubdelemprendimiento.com\/blog\/wp-content\/uploads\/2018\/12\/Depositphotos_97016520_l-2015.jpg","datePublished":"2018-12-05T12:53:20+00:00","dateModified":"2018-12-05T11:41:44+00:00","author":{"@id":"https:\/\/www.clubdelemprendimiento.com\/blog\/#\/schema\/person\/fe481a2c767de00924b39ab766936ddf"},"description":"As\u00ed es como ha quedado al cotizaci\u00f3n de los aut\u00f3nomos y as\u00ed empiezan el a\u00f1o con lo aprobado ylo que se qued\u00f3 en el camino","breadcrumb":{"@id":"https:\/\/www.clubdelemprendimiento.com\/blog\/autonomos\/como-empiezan-los-autonomos-2019\/#breadcrumb"},"inLanguage":"es","potentialAction":[{"@type":"ReadAction","target":["https:\/\/www.clubdelemprendimiento.com\/blog\/autonomos\/como-empiezan-los-autonomos-2019\/"]}]},{"@type":"ImageObject","inLanguage":"es","@id":"https:\/\/www.clubdelemprendimiento.com\/blog\/autonomos\/como-empiezan-los-autonomos-2019\/#primaryimage","url":"https:\/\/www.clubdelemprendimiento.com\/blog\/wp-content\/uploads\/2018\/12\/Depositphotos_97016520_l-2015.jpg","contentUrl":"https:\/\/www.clubdelemprendimiento.com\/blog\/wp-content\/uploads\/2018\/12\/Depositphotos_97016520_l-2015.jpg","width":2000,"height":1333,"caption":"Handsome young business owner with a subtle hipster style working seriously on a lsptop with his bright and neat modern work space behind him"},{"@type":"BreadcrumbList","@id":"https:\/\/www.clubdelemprendimiento.com\/blog\/autonomos\/como-empiezan-los-autonomos-2019\/#breadcrumb","itemListElement":[{"@type":"ListItem","position":1,"name":"Home","item":"https:\/\/www.clubdelemprendimiento.com\/blog\/"},{"@type":"ListItem","position":2,"name":"C\u00f3mo empiezan los aut\u00f3nomos 2019"}]},{"@type":"WebSite","@id":"https:\/\/www.clubdelemprendimiento.com\/blog\/#website","url":"https:\/\/www.clubdelemprendimiento.com\/blog\/","name":"Blog Club del Emprendimiento","description":"","potentialAction":[{"@type":"SearchAction","target":{"@type":"EntryPoint","urlTemplate":"https:\/\/www.clubdelemprendimiento.com\/blog\/?s={search_term_string}"},"query-input":"required name=search_term_string"}],"inLanguage":"es"},{"@type":"Person","@id":"https:\/\/www.clubdelemprendimiento.com\/blog\/#\/schema\/person\/fe481a2c767de00924b39ab766936ddf","name":"Luc\u00eda Vera","image":{"@type":"ImageObject","inLanguage":"es","@id":"https:\/\/www.clubdelemprendimiento.com\/blog\/#\/schema\/person\/image\/","url":"https:\/\/secure.gravatar.com\/avatar\/a7985f0a535e8f0be3026ac89e0a79c6?s=96&d=mm&r=g","contentUrl":"https:\/\/secure.gravatar.com\/avatar\/a7985f0a535e8f0be3026ac89e0a79c6?s=96&d=mm&r=g","caption":"Luc\u00eda Vera"},"url":"https:\/\/www.clubdelemprendimiento.com\/blog\/author\/luciavera\/"}]}},"_links":{"self":[{"href":"https:\/\/www.clubdelemprendimiento.com\/blog\/wp-json\/wp\/v2\/posts\/11835"}],"collection":[{"href":"https:\/\/www.clubdelemprendimiento.com\/blog\/wp-json\/wp\/v2\/posts"}],"about":[{"href":"https:\/\/www.clubdelemprendimiento.com\/blog\/wp-json\/wp\/v2\/types\/post"}],"author":[{"embeddable":true,"href":"https:\/\/www.clubdelemprendimiento.com\/blog\/wp-json\/wp\/v2\/users\/5"}],"replies":[{"embeddable":true,"href":"https:\/\/www.clubdelemprendimiento.com\/blog\/wp-json\/wp\/v2\/comments?post=11835"}],"version-history":[{"count":2,"href":"https:\/\/www.clubdelemprendimiento.com\/blog\/wp-json\/wp\/v2\/posts\/11835\/revisions"}],"predecessor-version":[{"id":11883,"href":"https:\/\/www.clubdelemprendimiento.com\/blog\/wp-json\/wp\/v2\/posts\/11835\/revisions\/11883"}],"wp:featuredmedia":[{"embeddable":true,"href":"https:\/\/www.clubdelemprendimiento.com\/blog\/wp-json\/wp\/v2\/media\/11836"}],"wp:attachment":[{"href":"https:\/\/www.clubdelemprendimiento.com\/blog\/wp-json\/wp\/v2\/media?parent=11835"}],"wp:term":[{"taxonomy":"category","embeddable":true,"href":"https:\/\/www.clubdelemprendimiento.com\/blog\/wp-json\/wp\/v2\/categories?post=11835"},{"taxonomy":"post_tag","embeddable":true,"href":"https:\/\/www.clubdelemprendimiento.com\/blog\/wp-json\/wp\/v2\/tags?post=11835"}],"curies":[{"name":"wp","href":"https:\/\/api.w.org\/{rel}","templated":true}]}}