{"id":11491,"date":"2018-04-19T11:26:00","date_gmt":"2018-04-19T10:26:00","guid":{"rendered":"http:\/\/clubdelemprendimiento.programacionweb.pro\/?p=11491"},"modified":"2018-04-19T11:26:00","modified_gmt":"2018-04-19T10:26:00","slug":"posible-cobrar-paro-autonomo","status":"publish","type":"post","link":"https:\/\/www.clubdelemprendimiento.com\/blog\/nuestros-emprendedores\/posible-cobrar-paro-autonomo\/","title":{"rendered":"\u00bfEs posible cobrar el paro a la vez que se es aut\u00f3nomo?"},"content":{"rendered":"<p>La respuesta es s\u00ed. <strong>Es posible compatibilizar la prestaci\u00f3n por desempleo y ser trabajador por cuenta propia<\/strong>. Seg\u00fan se informa en el <a href=\"https:\/\/www.sepe.es\/\">Servicio P\u00fablico de Empleo Estatal (SEPE)<\/a>, en caso de estar cobrando el paro, y has cesado tu actividad laboral para darte de alta como profesional aut\u00f3nomo, es posible seguir cobrando la prestaci\u00f3n, siempre que sigas dado de alta. Para ello, es preciso enviar la solicitud en los siguientes 15 d\u00edas al inicio de la actividad por cuenta propia. El m\u00e1ximo para compatibilizar ambas situaciones es de 270 d\u00edas.<\/p>\n<p><!--more--><\/p>\n<h2>Cu\u00e1ndo no se puede cobrar prestaci\u00f3n por desempleo y ser aut\u00f3nomo<\/h2>\n<p>Sin embargo, esto no siempre es posible. Existen <strong>determinados casos o situaciones en los que no se puede solicitar el paro siendo aut\u00f3nomo.<\/strong> Estos son los que exponemos a continuaci\u00f3n.<\/p>\n<ul>\n<li>Cuando te incorporas a una cooperativa de trabajo de asociado o de nueva creaci\u00f3n sin darte de alta como aut\u00f3nomo en la Seguridad Social.<\/li>\n<li>En caso de haberte beneficiado de la prestaci\u00f3n de pago \u00fanico por desempleo en los \u00faltimos dos a\u00f1os.<\/li>\n<li>Si ya te has beneficiado de esta ayuda en los \u00faltimos dos a\u00f1os.<\/li>\n<li>En caso de darte de alta como trabajador por cuenta propia para ser socio de una \u00a0sociedad mercantil.<\/li>\n<li>Si tu \u00faltima actividad profesional ha sido como aut\u00f3nomo.<\/li>\n<li>Si firmas un contrato como profesional aut\u00f3nomo para trabajar como empleado de una empresa a quien le hayas prestado tus servicios como trabajador por cuenta ajena justo con anterioridad a este inicio de actividad. Igualmente si la empresa pertenece al mismo grupo de \u00e9sta.<\/li>\n<li>En caso de que la actividad profesional vaya a desarrollarse en una sociedad laboral o cooperativa de nueva creaci\u00f3n.<\/li>\n<li>Por \u00faltimo, en caso de que inicies una actividad como trabajador por cuenta propia o te incorpores a una cooperativa de trabajo asociado o sociedad laboral que ya estuvieran constituidas,\u00a0 d\u00e1ndote de alta como aut\u00f3nomo en algunos reg\u00edmenes de la Seguridad Social.<\/li>\n<\/ul>\n<p>Si no te encuentras en ninguna de estas situaciones, puedes solicitar la prestaci\u00f3n para poder compatibilizar desempleo y actividad por cuenta propia.<\/p>\n","protected":false},"excerpt":{"rendered":"<p>Requisitos para cobrar el paro y ser aut\u00f3nomo<\/p>\n","protected":false},"author":2,"featured_media":11492,"comment_status":"open","ping_status":"open","sticky":false,"template":"","format":"standard","meta":{"_acf_changed":false,"footnotes":""},"categories":[91],"tags":[],"acf":[],"yoast_head":"<!-- This site is optimized with the Yoast SEO plugin v22.7 - https:\/\/yoast.com\/wordpress\/plugins\/seo\/ -->\n<title>Cobrar el paro y ser profesional aut\u00f3nomo a la vez<\/title>\n<meta name=\"description\" content=\"Casos en los que se puede y casos en los que no, ser aut\u00f3nomo y cobrar la prestaci\u00f3n por desempleo al mismo tiempo. Requisitos y tiempo m\u00e1ximo.\" \/>\n<meta name=\"robots\" content=\"index, follow, max-snippet:-1, max-image-preview:large, max-video-preview:-1\" \/>\n<link rel=\"canonical\" href=\"https:\/\/www.clubdelemprendimiento.com\/blog\/nuestros-emprendedores\/posible-cobrar-paro-autonomo\/\" \/>\n<meta property=\"og:locale\" content=\"es_ES\" \/>\n<meta property=\"og:type\" content=\"article\" \/>\n<meta property=\"og:title\" content=\"Cobrar el paro y ser profesional aut\u00f3nomo a la vez\" \/>\n<meta property=\"og:description\" content=\"Casos en los que se puede y casos en los que no, ser aut\u00f3nomo y cobrar la prestaci\u00f3n por desempleo al mismo tiempo. Requisitos y tiempo m\u00e1ximo.\" \/>\n<meta property=\"og:url\" content=\"https:\/\/www.clubdelemprendimiento.com\/blog\/nuestros-emprendedores\/posible-cobrar-paro-autonomo\/\" \/>\n<meta property=\"og:site_name\" content=\"Blog Club del Emprendimiento\" \/>\n<meta property=\"article:published_time\" content=\"2018-04-19T10:26:00+00:00\" \/>\n<meta property=\"og:image\" content=\"https:\/\/www.clubdelemprendimiento.com\/blog\/wp-content\/uploads\/2018\/04\/Depositphotos_144704653_l-2015.jpg\" \/>\n\t<meta property=\"og:image:width\" content=\"2000\" \/>\n\t<meta property=\"og:image:height\" content=\"1335\" \/>\n\t<meta property=\"og:image:type\" content=\"image\/jpeg\" \/>\n<meta name=\"author\" content=\"clubadmin\" \/>\n<meta name=\"twitter:card\" content=\"summary_large_image\" \/>\n<meta name=\"twitter:label1\" content=\"Escrito por\" \/>\n\t<meta name=\"twitter:data1\" content=\"clubadmin\" \/>\n\t<meta name=\"twitter:label2\" content=\"Tiempo de lectura\" \/>\n\t<meta name=\"twitter:data2\" content=\"2 minutos\" \/>\n<script type=\"application\/ld+json\" class=\"yoast-schema-graph\">{\"@context\":\"https:\/\/schema.org\",\"@graph\":[{\"@type\":\"WebPage\",\"@id\":\"https:\/\/www.clubdelemprendimiento.com\/blog\/nuestros-emprendedores\/posible-cobrar-paro-autonomo\/\",\"url\":\"https:\/\/www.clubdelemprendimiento.com\/blog\/nuestros-emprendedores\/posible-cobrar-paro-autonomo\/\",\"name\":\"Cobrar el paro y ser profesional aut\u00f3nomo a la vez\",\"isPartOf\":{\"@id\":\"https:\/\/www.clubdelemprendimiento.com\/blog\/#website\"},\"primaryImageOfPage\":{\"@id\":\"https:\/\/www.clubdelemprendimiento.com\/blog\/nuestros-emprendedores\/posible-cobrar-paro-autonomo\/#primaryimage\"},\"image\":{\"@id\":\"https:\/\/www.clubdelemprendimiento.com\/blog\/nuestros-emprendedores\/posible-cobrar-paro-autonomo\/#primaryimage\"},\"thumbnailUrl\":\"https:\/\/www.clubdelemprendimiento.com\/blog\/wp-content\/uploads\/2018\/04\/Depositphotos_144704653_l-2015.jpg\",\"datePublished\":\"2018-04-19T10:26:00+00:00\",\"dateModified\":\"2018-04-19T10:26:00+00:00\",\"author\":{\"@id\":\"https:\/\/www.clubdelemprendimiento.com\/blog\/#\/schema\/person\/21e5750dea72f584831ea4d5ec2e64c1\"},\"description\":\"Casos en los que se puede y casos en los que no, ser aut\u00f3nomo y cobrar la prestaci\u00f3n por desempleo al mismo tiempo. Requisitos y tiempo m\u00e1ximo.\",\"breadcrumb\":{\"@id\":\"https:\/\/www.clubdelemprendimiento.com\/blog\/nuestros-emprendedores\/posible-cobrar-paro-autonomo\/#breadcrumb\"},\"inLanguage\":\"es\",\"potentialAction\":[{\"@type\":\"ReadAction\",\"target\":[\"https:\/\/www.clubdelemprendimiento.com\/blog\/nuestros-emprendedores\/posible-cobrar-paro-autonomo\/\"]}]},{\"@type\":\"ImageObject\",\"inLanguage\":\"es\",\"@id\":\"https:\/\/www.clubdelemprendimiento.com\/blog\/nuestros-emprendedores\/posible-cobrar-paro-autonomo\/#primaryimage\",\"url\":\"https:\/\/www.clubdelemprendimiento.com\/blog\/wp-content\/uploads\/2018\/04\/Depositphotos_144704653_l-2015.jpg\",\"contentUrl\":\"https:\/\/www.clubdelemprendimiento.com\/blog\/wp-content\/uploads\/2018\/04\/Depositphotos_144704653_l-2015.jpg\",\"width\":2000,\"height\":1335},{\"@type\":\"BreadcrumbList\",\"@id\":\"https:\/\/www.clubdelemprendimiento.com\/blog\/nuestros-emprendedores\/posible-cobrar-paro-autonomo\/#breadcrumb\",\"itemListElement\":[{\"@type\":\"ListItem\",\"position\":1,\"name\":\"Home\",\"item\":\"https:\/\/www.clubdelemprendimiento.com\/blog\/\"},{\"@type\":\"ListItem\",\"position\":2,\"name\":\"\u00bfEs posible cobrar el paro a la vez que se es aut\u00f3nomo?\"}]},{\"@type\":\"WebSite\",\"@id\":\"https:\/\/www.clubdelemprendimiento.com\/blog\/#website\",\"url\":\"https:\/\/www.clubdelemprendimiento.com\/blog\/\",\"name\":\"Blog Club del Emprendimiento\",\"description\":\"\",\"potentialAction\":[{\"@type\":\"SearchAction\",\"target\":{\"@type\":\"EntryPoint\",\"urlTemplate\":\"https:\/\/www.clubdelemprendimiento.com\/blog\/?s={search_term_string}\"},\"query-input\":\"required name=search_term_string\"}],\"inLanguage\":\"es\"},{\"@type\":\"Person\",\"@id\":\"https:\/\/www.clubdelemprendimiento.com\/blog\/#\/schema\/person\/21e5750dea72f584831ea4d5ec2e64c1\",\"name\":\"clubadmin\",\"image\":{\"@type\":\"ImageObject\",\"inLanguage\":\"es\",\"@id\":\"https:\/\/www.clubdelemprendimiento.com\/blog\/#\/schema\/person\/image\/\",\"url\":\"https:\/\/secure.gravatar.com\/avatar\/ceaae6e14ce9f8cd508c0bceda3a4cd0?s=96&d=mm&r=g\",\"contentUrl\":\"https:\/\/secure.gravatar.com\/avatar\/ceaae6e14ce9f8cd508c0bceda3a4cd0?s=96&d=mm&r=g\",\"caption\":\"clubadmin\"},\"url\":\"https:\/\/www.clubdelemprendimiento.com\/blog\/author\/clubadmin\/\"}]}<\/script>\n<!-- \/ Yoast SEO plugin. -->","yoast_head_json":{"title":"Cobrar el paro y ser profesional aut\u00f3nomo a la vez","description":"Casos en los que se puede y casos en los que no, ser aut\u00f3nomo y cobrar la prestaci\u00f3n por desempleo al mismo tiempo. Requisitos y tiempo m\u00e1ximo.","robots":{"index":"index","follow":"follow","max-snippet":"max-snippet:-1","max-image-preview":"max-image-preview:large","max-video-preview":"max-video-preview:-1"},"canonical":"https:\/\/www.clubdelemprendimiento.com\/blog\/nuestros-emprendedores\/posible-cobrar-paro-autonomo\/","og_locale":"es_ES","og_type":"article","og_title":"Cobrar el paro y ser profesional aut\u00f3nomo a la vez","og_description":"Casos en los que se puede y casos en los que no, ser aut\u00f3nomo y cobrar la prestaci\u00f3n por desempleo al mismo tiempo. Requisitos y tiempo m\u00e1ximo.","og_url":"https:\/\/www.clubdelemprendimiento.com\/blog\/nuestros-emprendedores\/posible-cobrar-paro-autonomo\/","og_site_name":"Blog Club del Emprendimiento","article_published_time":"2018-04-19T10:26:00+00:00","og_image":[{"width":2000,"height":1335,"url":"https:\/\/www.clubdelemprendimiento.com\/blog\/wp-content\/uploads\/2018\/04\/Depositphotos_144704653_l-2015.jpg","type":"image\/jpeg"}],"author":"clubadmin","twitter_card":"summary_large_image","twitter_misc":{"Escrito por":"clubadmin","Tiempo de lectura":"2 minutos"},"schema":{"@context":"https:\/\/schema.org","@graph":[{"@type":"WebPage","@id":"https:\/\/www.clubdelemprendimiento.com\/blog\/nuestros-emprendedores\/posible-cobrar-paro-autonomo\/","url":"https:\/\/www.clubdelemprendimiento.com\/blog\/nuestros-emprendedores\/posible-cobrar-paro-autonomo\/","name":"Cobrar el paro y ser profesional aut\u00f3nomo a la vez","isPartOf":{"@id":"https:\/\/www.clubdelemprendimiento.com\/blog\/#website"},"primaryImageOfPage":{"@id":"https:\/\/www.clubdelemprendimiento.com\/blog\/nuestros-emprendedores\/posible-cobrar-paro-autonomo\/#primaryimage"},"image":{"@id":"https:\/\/www.clubdelemprendimiento.com\/blog\/nuestros-emprendedores\/posible-cobrar-paro-autonomo\/#primaryimage"},"thumbnailUrl":"https:\/\/www.clubdelemprendimiento.com\/blog\/wp-content\/uploads\/2018\/04\/Depositphotos_144704653_l-2015.jpg","datePublished":"2018-04-19T10:26:00+00:00","dateModified":"2018-04-19T10:26:00+00:00","author":{"@id":"https:\/\/www.clubdelemprendimiento.com\/blog\/#\/schema\/person\/21e5750dea72f584831ea4d5ec2e64c1"},"description":"Casos en los que se puede y casos en los que no, ser aut\u00f3nomo y cobrar la prestaci\u00f3n por desempleo al mismo tiempo. Requisitos y tiempo m\u00e1ximo.","breadcrumb":{"@id":"https:\/\/www.clubdelemprendimiento.com\/blog\/nuestros-emprendedores\/posible-cobrar-paro-autonomo\/#breadcrumb"},"inLanguage":"es","potentialAction":[{"@type":"ReadAction","target":["https:\/\/www.clubdelemprendimiento.com\/blog\/nuestros-emprendedores\/posible-cobrar-paro-autonomo\/"]}]},{"@type":"ImageObject","inLanguage":"es","@id":"https:\/\/www.clubdelemprendimiento.com\/blog\/nuestros-emprendedores\/posible-cobrar-paro-autonomo\/#primaryimage","url":"https:\/\/www.clubdelemprendimiento.com\/blog\/wp-content\/uploads\/2018\/04\/Depositphotos_144704653_l-2015.jpg","contentUrl":"https:\/\/www.clubdelemprendimiento.com\/blog\/wp-content\/uploads\/2018\/04\/Depositphotos_144704653_l-2015.jpg","width":2000,"height":1335},{"@type":"BreadcrumbList","@id":"https:\/\/www.clubdelemprendimiento.com\/blog\/nuestros-emprendedores\/posible-cobrar-paro-autonomo\/#breadcrumb","itemListElement":[{"@type":"ListItem","position":1,"name":"Home","item":"https:\/\/www.clubdelemprendimiento.com\/blog\/"},{"@type":"ListItem","position":2,"name":"\u00bfEs posible cobrar el paro a la vez que se es aut\u00f3nomo?"}]},{"@type":"WebSite","@id":"https:\/\/www.clubdelemprendimiento.com\/blog\/#website","url":"https:\/\/www.clubdelemprendimiento.com\/blog\/","name":"Blog Club del Emprendimiento","description":"","potentialAction":[{"@type":"SearchAction","target":{"@type":"EntryPoint","urlTemplate":"https:\/\/www.clubdelemprendimiento.com\/blog\/?s={search_term_string}"},"query-input":"required name=search_term_string"}],"inLanguage":"es"},{"@type":"Person","@id":"https:\/\/www.clubdelemprendimiento.com\/blog\/#\/schema\/person\/21e5750dea72f584831ea4d5ec2e64c1","name":"clubadmin","image":{"@type":"ImageObject","inLanguage":"es","@id":"https:\/\/www.clubdelemprendimiento.com\/blog\/#\/schema\/person\/image\/","url":"https:\/\/secure.gravatar.com\/avatar\/ceaae6e14ce9f8cd508c0bceda3a4cd0?s=96&d=mm&r=g","contentUrl":"https:\/\/secure.gravatar.com\/avatar\/ceaae6e14ce9f8cd508c0bceda3a4cd0?s=96&d=mm&r=g","caption":"clubadmin"},"url":"https:\/\/www.clubdelemprendimiento.com\/blog\/author\/clubadmin\/"}]}},"_links":{"self":[{"href":"https:\/\/www.clubdelemprendimiento.com\/blog\/wp-json\/wp\/v2\/posts\/11491"}],"collection":[{"href":"https:\/\/www.clubdelemprendimiento.com\/blog\/wp-json\/wp\/v2\/posts"}],"about":[{"href":"https:\/\/www.clubdelemprendimiento.com\/blog\/wp-json\/wp\/v2\/types\/post"}],"author":[{"embeddable":true,"href":"https:\/\/www.clubdelemprendimiento.com\/blog\/wp-json\/wp\/v2\/users\/2"}],"replies":[{"embeddable":true,"href":"https:\/\/www.clubdelemprendimiento.com\/blog\/wp-json\/wp\/v2\/comments?post=11491"}],"version-history":[{"count":0,"href":"https:\/\/www.clubdelemprendimiento.com\/blog\/wp-json\/wp\/v2\/posts\/11491\/revisions"}],"wp:featuredmedia":[{"embeddable":true,"href":"https:\/\/www.clubdelemprendimiento.com\/blog\/wp-json\/wp\/v2\/media\/11492"}],"wp:attachment":[{"href":"https:\/\/www.clubdelemprendimiento.com\/blog\/wp-json\/wp\/v2\/media?parent=11491"}],"wp:term":[{"taxonomy":"category","embeddable":true,"href":"https:\/\/www.clubdelemprendimiento.com\/blog\/wp-json\/wp\/v2\/categories?post=11491"},{"taxonomy":"post_tag","embeddable":true,"href":"https:\/\/www.clubdelemprendimiento.com\/blog\/wp-json\/wp\/v2\/tags?post=11491"}],"curies":[{"name":"wp","href":"https:\/\/api.w.org\/{rel}","templated":true}]}}