{"id":11327,"date":"2016-08-02T07:52:26","date_gmt":"2016-08-02T06:52:26","guid":{"rendered":"http:\/\/clubdelemprendimiento.programacionweb.pro\/?p=11327"},"modified":"2016-08-02T07:52:26","modified_gmt":"2016-08-02T06:52:26","slug":"espana-registra-indice-emprendimiento-social","status":"publish","type":"post","link":"https:\/\/www.clubdelemprendimiento.com\/blog\/nuestros-emprendedores\/espana-registra-indice-emprendimiento-social\/","title":{"rendered":"Espa\u00f1a registra un bajo \u00edndice de emprendimiento social"},"content":{"rendered":"<p>En Espa\u00f1a, \u00fanicamente el 0,9% de las iniciativas emprendedoras se dedican a la labor social. Seg\u00fan indica el \u00faltimo Informe Especial GEM sobre emprendimiento social, Espa\u00f1a se sit\u00faa muy por debajo de la media europea, que alcanza una tasa del 2,98%.\u00a0<!--more--><\/p>\n<p>Una situaci\u00f3n similar se produce en lo relativo a la tasa que mide la actividad de las iniciativas sociales en activo, cuyo \u00edndice ronda el 1% frente al 3,7% de media en todo el mundo.<\/p>\n<p>Del documento destaca, no obstante, la participaci\u00f3n de los j\u00f3venes y las mujeres en las iniciativas emprendedoras de corte social. En este sentido, el informe GEM revela que los j\u00f3venes de entre 18 y 34 a\u00f1os est\u00e1n m\u00e1s dispuestos a embaucarse en organizaciones con fines sociales.<\/p>\n<p>De hecho, los j\u00f3venes se decantan por estos proyectos porque son idealistas por naturaleza. Por sexo y a nivel mundial el 55% de los emprendedores sociales son hombres y el 45% mujeres.<\/p>\n<p>Por otra parte, de las iniciativas emprendedoras sociales que se ponen en marcha cada a\u00f1o, el 0,7% son estables puesto que el resto terminan disolvi\u00e9ndose. Esta situaci\u00f3n es resultado de la falta de herramientas de financiaci\u00f3n para este tipo de proyectos, que requieren otro tipo de mecanismos distintos a la inversi\u00f3n tradicional.<\/p>\n<p>A d\u00eda de hoy, el pa\u00eds que registra un \u00edndice m\u00e1s alto de proyectos sociales en fases iniciales es Per\u00fa, con un 10,1%. En el lado opuesto se encuentra Corea del Sur con un 0,3%. Aunque el \u00edndice espa\u00f1ol a\u00fan es muy bajo, se sit\u00faa por encima del de pa\u00edses como Alemania y Noruega.<\/p>\n","protected":false},"excerpt":{"rendered":"<p>En Espa\u00f1a, \u00fanicamente el 0,9% de las iniciativas emprendedoras se dedican a la labor&hellip;<\/p>\n","protected":false},"author":2,"featured_media":11328,"comment_status":"open","ping_status":"open","sticky":false,"template":"","format":"standard","meta":{"_acf_changed":false,"footnotes":""},"categories":[91],"tags":[22,198,44,63],"acf":[],"yoast_head":"<!-- This site is optimized with the Yoast SEO plugin v22.7 - https:\/\/yoast.com\/wordpress\/plugins\/seo\/ -->\n<title>Espa\u00f1a registra un bajo \u00edndice de emprendimiento social - Blog Club del Emprendimiento<\/title>\n<meta name=\"robots\" content=\"index, follow, max-snippet:-1, max-image-preview:large, max-video-preview:-1\" \/>\n<link rel=\"canonical\" href=\"https:\/\/www.clubdelemprendimiento.com\/blog\/nuestros-emprendedores\/espana-registra-indice-emprendimiento-social\/\" \/>\n<meta property=\"og:locale\" content=\"es_ES\" \/>\n<meta property=\"og:type\" content=\"article\" \/>\n<meta property=\"og:title\" content=\"Espa\u00f1a registra un bajo \u00edndice de emprendimiento social - Blog Club del Emprendimiento\" \/>\n<meta property=\"og:description\" content=\"En Espa\u00f1a, \u00fanicamente el 0,9% de las iniciativas emprendedoras se dedican a la labor&hellip;\" \/>\n<meta property=\"og:url\" content=\"https:\/\/www.clubdelemprendimiento.com\/blog\/nuestros-emprendedores\/espana-registra-indice-emprendimiento-social\/\" \/>\n<meta property=\"og:site_name\" content=\"Blog Club del Emprendimiento\" \/>\n<meta property=\"article:published_time\" content=\"2016-08-02T06:52:26+00:00\" \/>\n<meta property=\"og:image\" content=\"https:\/\/www.clubdelemprendimiento.com\/blog\/wp-content\/uploads\/2016\/08\/Depositphotos_89399464_m-2015.jpg\" \/>\n\t<meta property=\"og:image:width\" content=\"1000\" \/>\n\t<meta property=\"og:image:height\" content=\"667\" \/>\n\t<meta property=\"og:image:type\" content=\"image\/jpeg\" \/>\n<meta name=\"author\" content=\"clubadmin\" \/>\n<meta name=\"twitter:card\" content=\"summary_large_image\" \/>\n<meta name=\"twitter:label1\" content=\"Escrito por\" \/>\n\t<meta name=\"twitter:data1\" content=\"clubadmin\" \/>\n\t<meta name=\"twitter:label2\" content=\"Tiempo de lectura\" \/>\n\t<meta name=\"twitter:data2\" content=\"1 minuto\" \/>\n<script type=\"application\/ld+json\" class=\"yoast-schema-graph\">{\"@context\":\"https:\/\/schema.org\",\"@graph\":[{\"@type\":\"WebPage\",\"@id\":\"https:\/\/www.clubdelemprendimiento.com\/blog\/nuestros-emprendedores\/espana-registra-indice-emprendimiento-social\/\",\"url\":\"https:\/\/www.clubdelemprendimiento.com\/blog\/nuestros-emprendedores\/espana-registra-indice-emprendimiento-social\/\",\"name\":\"Espa\u00f1a registra un bajo \u00edndice de emprendimiento social - Blog Club del Emprendimiento\",\"isPartOf\":{\"@id\":\"https:\/\/www.clubdelemprendimiento.com\/blog\/#website\"},\"primaryImageOfPage\":{\"@id\":\"https:\/\/www.clubdelemprendimiento.com\/blog\/nuestros-emprendedores\/espana-registra-indice-emprendimiento-social\/#primaryimage\"},\"image\":{\"@id\":\"https:\/\/www.clubdelemprendimiento.com\/blog\/nuestros-emprendedores\/espana-registra-indice-emprendimiento-social\/#primaryimage\"},\"thumbnailUrl\":\"https:\/\/www.clubdelemprendimiento.com\/blog\/wp-content\/uploads\/2016\/08\/Depositphotos_89399464_m-2015.jpg\",\"datePublished\":\"2016-08-02T06:52:26+00:00\",\"dateModified\":\"2016-08-02T06:52:26+00:00\",\"author\":{\"@id\":\"https:\/\/www.clubdelemprendimiento.com\/blog\/#\/schema\/person\/21e5750dea72f584831ea4d5ec2e64c1\"},\"breadcrumb\":{\"@id\":\"https:\/\/www.clubdelemprendimiento.com\/blog\/nuestros-emprendedores\/espana-registra-indice-emprendimiento-social\/#breadcrumb\"},\"inLanguage\":\"es\",\"potentialAction\":[{\"@type\":\"ReadAction\",\"target\":[\"https:\/\/www.clubdelemprendimiento.com\/blog\/nuestros-emprendedores\/espana-registra-indice-emprendimiento-social\/\"]}]},{\"@type\":\"ImageObject\",\"inLanguage\":\"es\",\"@id\":\"https:\/\/www.clubdelemprendimiento.com\/blog\/nuestros-emprendedores\/espana-registra-indice-emprendimiento-social\/#primaryimage\",\"url\":\"https:\/\/www.clubdelemprendimiento.com\/blog\/wp-content\/uploads\/2016\/08\/Depositphotos_89399464_m-2015.jpg\",\"contentUrl\":\"https:\/\/www.clubdelemprendimiento.com\/blog\/wp-content\/uploads\/2016\/08\/Depositphotos_89399464_m-2015.jpg\",\"width\":1000,\"height\":667},{\"@type\":\"BreadcrumbList\",\"@id\":\"https:\/\/www.clubdelemprendimiento.com\/blog\/nuestros-emprendedores\/espana-registra-indice-emprendimiento-social\/#breadcrumb\",\"itemListElement\":[{\"@type\":\"ListItem\",\"position\":1,\"name\":\"Home\",\"item\":\"https:\/\/www.clubdelemprendimiento.com\/blog\/\"},{\"@type\":\"ListItem\",\"position\":2,\"name\":\"Espa\u00f1a registra un bajo \u00edndice de emprendimiento social\"}]},{\"@type\":\"WebSite\",\"@id\":\"https:\/\/www.clubdelemprendimiento.com\/blog\/#website\",\"url\":\"https:\/\/www.clubdelemprendimiento.com\/blog\/\",\"name\":\"Blog Club del Emprendimiento\",\"description\":\"\",\"potentialAction\":[{\"@type\":\"SearchAction\",\"target\":{\"@type\":\"EntryPoint\",\"urlTemplate\":\"https:\/\/www.clubdelemprendimiento.com\/blog\/?s={search_term_string}\"},\"query-input\":\"required name=search_term_string\"}],\"inLanguage\":\"es\"},{\"@type\":\"Person\",\"@id\":\"https:\/\/www.clubdelemprendimiento.com\/blog\/#\/schema\/person\/21e5750dea72f584831ea4d5ec2e64c1\",\"name\":\"clubadmin\",\"image\":{\"@type\":\"ImageObject\",\"inLanguage\":\"es\",\"@id\":\"https:\/\/www.clubdelemprendimiento.com\/blog\/#\/schema\/person\/image\/\",\"url\":\"https:\/\/secure.gravatar.com\/avatar\/ceaae6e14ce9f8cd508c0bceda3a4cd0?s=96&d=mm&r=g\",\"contentUrl\":\"https:\/\/secure.gravatar.com\/avatar\/ceaae6e14ce9f8cd508c0bceda3a4cd0?s=96&d=mm&r=g\",\"caption\":\"clubadmin\"},\"url\":\"https:\/\/www.clubdelemprendimiento.com\/blog\/author\/clubadmin\/\"}]}<\/script>\n<!-- \/ Yoast SEO plugin. -->","yoast_head_json":{"title":"Espa\u00f1a registra un bajo \u00edndice de emprendimiento social - Blog Club del Emprendimiento","robots":{"index":"index","follow":"follow","max-snippet":"max-snippet:-1","max-image-preview":"max-image-preview:large","max-video-preview":"max-video-preview:-1"},"canonical":"https:\/\/www.clubdelemprendimiento.com\/blog\/nuestros-emprendedores\/espana-registra-indice-emprendimiento-social\/","og_locale":"es_ES","og_type":"article","og_title":"Espa\u00f1a registra un bajo \u00edndice de emprendimiento social - Blog Club del Emprendimiento","og_description":"En Espa\u00f1a, \u00fanicamente el 0,9% de las iniciativas emprendedoras se dedican a la labor&hellip;","og_url":"https:\/\/www.clubdelemprendimiento.com\/blog\/nuestros-emprendedores\/espana-registra-indice-emprendimiento-social\/","og_site_name":"Blog Club del Emprendimiento","article_published_time":"2016-08-02T06:52:26+00:00","og_image":[{"width":1000,"height":667,"url":"https:\/\/www.clubdelemprendimiento.com\/blog\/wp-content\/uploads\/2016\/08\/Depositphotos_89399464_m-2015.jpg","type":"image\/jpeg"}],"author":"clubadmin","twitter_card":"summary_large_image","twitter_misc":{"Escrito por":"clubadmin","Tiempo de lectura":"1 minuto"},"schema":{"@context":"https:\/\/schema.org","@graph":[{"@type":"WebPage","@id":"https:\/\/www.clubdelemprendimiento.com\/blog\/nuestros-emprendedores\/espana-registra-indice-emprendimiento-social\/","url":"https:\/\/www.clubdelemprendimiento.com\/blog\/nuestros-emprendedores\/espana-registra-indice-emprendimiento-social\/","name":"Espa\u00f1a registra un bajo \u00edndice de emprendimiento social - Blog Club del Emprendimiento","isPartOf":{"@id":"https:\/\/www.clubdelemprendimiento.com\/blog\/#website"},"primaryImageOfPage":{"@id":"https:\/\/www.clubdelemprendimiento.com\/blog\/nuestros-emprendedores\/espana-registra-indice-emprendimiento-social\/#primaryimage"},"image":{"@id":"https:\/\/www.clubdelemprendimiento.com\/blog\/nuestros-emprendedores\/espana-registra-indice-emprendimiento-social\/#primaryimage"},"thumbnailUrl":"https:\/\/www.clubdelemprendimiento.com\/blog\/wp-content\/uploads\/2016\/08\/Depositphotos_89399464_m-2015.jpg","datePublished":"2016-08-02T06:52:26+00:00","dateModified":"2016-08-02T06:52:26+00:00","author":{"@id":"https:\/\/www.clubdelemprendimiento.com\/blog\/#\/schema\/person\/21e5750dea72f584831ea4d5ec2e64c1"},"breadcrumb":{"@id":"https:\/\/www.clubdelemprendimiento.com\/blog\/nuestros-emprendedores\/espana-registra-indice-emprendimiento-social\/#breadcrumb"},"inLanguage":"es","potentialAction":[{"@type":"ReadAction","target":["https:\/\/www.clubdelemprendimiento.com\/blog\/nuestros-emprendedores\/espana-registra-indice-emprendimiento-social\/"]}]},{"@type":"ImageObject","inLanguage":"es","@id":"https:\/\/www.clubdelemprendimiento.com\/blog\/nuestros-emprendedores\/espana-registra-indice-emprendimiento-social\/#primaryimage","url":"https:\/\/www.clubdelemprendimiento.com\/blog\/wp-content\/uploads\/2016\/08\/Depositphotos_89399464_m-2015.jpg","contentUrl":"https:\/\/www.clubdelemprendimiento.com\/blog\/wp-content\/uploads\/2016\/08\/Depositphotos_89399464_m-2015.jpg","width":1000,"height":667},{"@type":"BreadcrumbList","@id":"https:\/\/www.clubdelemprendimiento.com\/blog\/nuestros-emprendedores\/espana-registra-indice-emprendimiento-social\/#breadcrumb","itemListElement":[{"@type":"ListItem","position":1,"name":"Home","item":"https:\/\/www.clubdelemprendimiento.com\/blog\/"},{"@type":"ListItem","position":2,"name":"Espa\u00f1a registra un bajo \u00edndice de emprendimiento social"}]},{"@type":"WebSite","@id":"https:\/\/www.clubdelemprendimiento.com\/blog\/#website","url":"https:\/\/www.clubdelemprendimiento.com\/blog\/","name":"Blog Club del Emprendimiento","description":"","potentialAction":[{"@type":"SearchAction","target":{"@type":"EntryPoint","urlTemplate":"https:\/\/www.clubdelemprendimiento.com\/blog\/?s={search_term_string}"},"query-input":"required name=search_term_string"}],"inLanguage":"es"},{"@type":"Person","@id":"https:\/\/www.clubdelemprendimiento.com\/blog\/#\/schema\/person\/21e5750dea72f584831ea4d5ec2e64c1","name":"clubadmin","image":{"@type":"ImageObject","inLanguage":"es","@id":"https:\/\/www.clubdelemprendimiento.com\/blog\/#\/schema\/person\/image\/","url":"https:\/\/secure.gravatar.com\/avatar\/ceaae6e14ce9f8cd508c0bceda3a4cd0?s=96&d=mm&r=g","contentUrl":"https:\/\/secure.gravatar.com\/avatar\/ceaae6e14ce9f8cd508c0bceda3a4cd0?s=96&d=mm&r=g","caption":"clubadmin"},"url":"https:\/\/www.clubdelemprendimiento.com\/blog\/author\/clubadmin\/"}]}},"_links":{"self":[{"href":"https:\/\/www.clubdelemprendimiento.com\/blog\/wp-json\/wp\/v2\/posts\/11327"}],"collection":[{"href":"https:\/\/www.clubdelemprendimiento.com\/blog\/wp-json\/wp\/v2\/posts"}],"about":[{"href":"https:\/\/www.clubdelemprendimiento.com\/blog\/wp-json\/wp\/v2\/types\/post"}],"author":[{"embeddable":true,"href":"https:\/\/www.clubdelemprendimiento.com\/blog\/wp-json\/wp\/v2\/users\/2"}],"replies":[{"embeddable":true,"href":"https:\/\/www.clubdelemprendimiento.com\/blog\/wp-json\/wp\/v2\/comments?post=11327"}],"version-history":[{"count":0,"href":"https:\/\/www.clubdelemprendimiento.com\/blog\/wp-json\/wp\/v2\/posts\/11327\/revisions"}],"wp:featuredmedia":[{"embeddable":true,"href":"https:\/\/www.clubdelemprendimiento.com\/blog\/wp-json\/wp\/v2\/media\/11328"}],"wp:attachment":[{"href":"https:\/\/www.clubdelemprendimiento.com\/blog\/wp-json\/wp\/v2\/media?parent=11327"}],"wp:term":[{"taxonomy":"category","embeddable":true,"href":"https:\/\/www.clubdelemprendimiento.com\/blog\/wp-json\/wp\/v2\/categories?post=11327"},{"taxonomy":"post_tag","embeddable":true,"href":"https:\/\/www.clubdelemprendimiento.com\/blog\/wp-json\/wp\/v2\/tags?post=11327"}],"curies":[{"name":"wp","href":"https:\/\/api.w.org\/{rel}","templated":true}]}}