{"id":11292,"date":"2016-06-30T10:16:19","date_gmt":"2016-06-30T09:16:19","guid":{"rendered":"http:\/\/clubdelemprendimiento.programacionweb.pro\/?p=11292"},"modified":"2016-06-30T10:16:19","modified_gmt":"2016-06-30T09:16:19","slug":"20-los-resfriados-culpa-del-aire-acondicionado-la-oficina","status":"publish","type":"post","link":"https:\/\/www.clubdelemprendimiento.com\/blog\/nuestros-emprendedores\/20-los-resfriados-culpa-del-aire-acondicionado-la-oficina\/","title":{"rendered":"El 20% de los resfriados son culpa del aire acondicionado en la oficina"},"content":{"rendered":"<p style=\"text-align: justify;\"><strong>En verano tienen lugar el 20% de los resfriados que se producen en todo el a\u00f1o<\/strong>. El origen de esto se encuentra principalmente en las diferencias de temperatura entre el interior de las oficinas y otros lugares de trabajo con el exterior, como recoge un estudio de <a href=\"http:\/\/www.unipresalud.com\/\" target=\"_blank\">Unipresalud<\/a>.<!--more--><\/p>\n<p style=\"text-align: justify;\">La mayor\u00eda de infecciones <strong>respiratorias, dolores de cabeza, lumbalgias, faringitis e irritaciones en los ojos<\/strong> se producen adem\u00e1s por las temperaturas demasiado bajas y los ambientes muy secos.<\/p>\n<p style=\"text-align: justify;\">El principal responsable de todas estas patolog\u00edas es <strong>el aire acondicionado que hay en los centros de trabajo<\/strong>. Adem\u00e1s de los resfriados, tambi\u00e9n provoca que la calidad del aire que se respira no sea la m\u00e1s adecuada. En muchas ocasiones las estancias se llegan a resecar por debajo del 30% de humedad, provocando entre otras cosas mucosas de la nariz cuando se da de manera muy seguida.<\/p>\n<p style=\"text-align: justify;\">El aire de estos espacios se vuelve m\u00e1s seco convirti\u00e9ndolos en sitios propicios para infecciones, como faringitis, rinitis, bronquitis, neumon\u00edas, laringitis, irritaci\u00f3n de los ojos, dermatitis o dolores de cabeza, entre otras cosas.<\/p>\n<p style=\"text-align: justify;\">El director de Actividad T\u00e9cnica de Unipresalud, Jos\u00e9 Vicente M\u00e1\u00f1ez, explica que <strong>estos trastornos son evitables <\/strong>si se consigue \u201cmantener la humedad relativa entre el 45 y el 65% para temperaturas comprendidas entre los 23 y 26 grados. En el caso de encontrarse en un ambiente reseco, lo aconsejable ser\u00eda respirar por la nariz, ya que de esa forma el aire se introducir\u00e1 en los pulmones a la temperatura del cuerpo y con el grado de humedad adecuado para \u201cevitar la sequedad de las v\u00edas respiratorias\u201d.<\/p>\n<p style=\"text-align: justify;\">Otro aspecto a tener en cuenta para prevenir las infecciones vinculadas con la calidad del aire es la <strong>velocidad de los aparatos de aire acondicionado<\/strong>, que debe tener como m\u00e1ximo unos 0,19 m\/s.<\/p>\n<p style=\"text-align: justify;\">La temperatura <strong>adecuada depender\u00e1 de varios factores como la edad, sexo, peso, vestuario o actividad que se lleve a cabo<\/strong>. Es dif\u00edcil que todo el mundo se contente con los mismos grados. En Unipresalud aconsejan poner el aire acondicionado a 25 grados. Y es que la llegada del calor y del verano implica una \u2018guerra\u2019 entre los empleados por el mando del termostato.<\/p>\n","protected":false},"excerpt":{"rendered":"<p>En verano tienen lugar el 20% de los resfriados que se producen en todo&hellip;<\/p>\n","protected":false},"author":2,"featured_media":11293,"comment_status":"open","ping_status":"open","sticky":false,"template":"","format":"standard","meta":{"_acf_changed":false,"footnotes":""},"categories":[91],"tags":[189,190,191],"acf":[],"yoast_head":"<!-- This site is optimized with the Yoast SEO plugin v22.7 - https:\/\/yoast.com\/wordpress\/plugins\/seo\/ -->\n<title>Aire acondicionado: causante del 20% de los resfriados en oficina<\/title>\n<meta name=\"description\" content=\"En verano los resfriados tienen su origen en la diferencia de temperatura entre el interior y el exterior de las oficinas por el aire acondicionado.\" \/>\n<meta name=\"robots\" content=\"index, follow, max-snippet:-1, max-image-preview:large, max-video-preview:-1\" \/>\n<link rel=\"canonical\" href=\"https:\/\/www.clubdelemprendimiento.com\/blog\/nuestros-emprendedores\/20-los-resfriados-culpa-del-aire-acondicionado-la-oficina\/\" \/>\n<meta property=\"og:locale\" content=\"es_ES\" \/>\n<meta property=\"og:type\" content=\"article\" \/>\n<meta property=\"og:title\" content=\"Aire acondicionado: causante del 20% de los resfriados en oficina\" \/>\n<meta property=\"og:description\" content=\"En verano los resfriados tienen su origen en la diferencia de temperatura entre el interior y el exterior de las oficinas por el aire acondicionado.\" \/>\n<meta property=\"og:url\" content=\"https:\/\/www.clubdelemprendimiento.com\/blog\/nuestros-emprendedores\/20-los-resfriados-culpa-del-aire-acondicionado-la-oficina\/\" \/>\n<meta property=\"og:site_name\" content=\"Blog Club del Emprendimiento\" \/>\n<meta property=\"article:published_time\" content=\"2016-06-30T09:16:19+00:00\" \/>\n<meta property=\"og:image\" content=\"https:\/\/www.clubdelemprendimiento.com\/blog\/wp-content\/uploads\/2016\/06\/resfriado.jpg\" \/>\n\t<meta property=\"og:image:width\" content=\"1110\" \/>\n\t<meta property=\"og:image:height\" content=\"1280\" \/>\n\t<meta property=\"og:image:type\" content=\"image\/jpeg\" \/>\n<meta name=\"author\" content=\"clubadmin\" \/>\n<meta name=\"twitter:card\" content=\"summary_large_image\" \/>\n<meta name=\"twitter:label1\" content=\"Escrito por\" \/>\n\t<meta name=\"twitter:data1\" content=\"clubadmin\" \/>\n\t<meta name=\"twitter:label2\" content=\"Tiempo de lectura\" \/>\n\t<meta name=\"twitter:data2\" content=\"2 minutos\" \/>\n<script type=\"application\/ld+json\" class=\"yoast-schema-graph\">{\"@context\":\"https:\/\/schema.org\",\"@graph\":[{\"@type\":\"WebPage\",\"@id\":\"https:\/\/www.clubdelemprendimiento.com\/blog\/nuestros-emprendedores\/20-los-resfriados-culpa-del-aire-acondicionado-la-oficina\/\",\"url\":\"https:\/\/www.clubdelemprendimiento.com\/blog\/nuestros-emprendedores\/20-los-resfriados-culpa-del-aire-acondicionado-la-oficina\/\",\"name\":\"Aire acondicionado: causante del 20% de los resfriados en oficina\",\"isPartOf\":{\"@id\":\"https:\/\/www.clubdelemprendimiento.com\/blog\/#website\"},\"primaryImageOfPage\":{\"@id\":\"https:\/\/www.clubdelemprendimiento.com\/blog\/nuestros-emprendedores\/20-los-resfriados-culpa-del-aire-acondicionado-la-oficina\/#primaryimage\"},\"image\":{\"@id\":\"https:\/\/www.clubdelemprendimiento.com\/blog\/nuestros-emprendedores\/20-los-resfriados-culpa-del-aire-acondicionado-la-oficina\/#primaryimage\"},\"thumbnailUrl\":\"https:\/\/www.clubdelemprendimiento.com\/blog\/wp-content\/uploads\/2016\/06\/resfriado.jpg\",\"datePublished\":\"2016-06-30T09:16:19+00:00\",\"dateModified\":\"2016-06-30T09:16:19+00:00\",\"author\":{\"@id\":\"https:\/\/www.clubdelemprendimiento.com\/blog\/#\/schema\/person\/21e5750dea72f584831ea4d5ec2e64c1\"},\"description\":\"En verano los resfriados tienen su origen en la diferencia de temperatura entre el interior y el exterior de las oficinas por el aire acondicionado.\",\"breadcrumb\":{\"@id\":\"https:\/\/www.clubdelemprendimiento.com\/blog\/nuestros-emprendedores\/20-los-resfriados-culpa-del-aire-acondicionado-la-oficina\/#breadcrumb\"},\"inLanguage\":\"es\",\"potentialAction\":[{\"@type\":\"ReadAction\",\"target\":[\"https:\/\/www.clubdelemprendimiento.com\/blog\/nuestros-emprendedores\/20-los-resfriados-culpa-del-aire-acondicionado-la-oficina\/\"]}]},{\"@type\":\"ImageObject\",\"inLanguage\":\"es\",\"@id\":\"https:\/\/www.clubdelemprendimiento.com\/blog\/nuestros-emprendedores\/20-los-resfriados-culpa-del-aire-acondicionado-la-oficina\/#primaryimage\",\"url\":\"https:\/\/www.clubdelemprendimiento.com\/blog\/wp-content\/uploads\/2016\/06\/resfriado.jpg\",\"contentUrl\":\"https:\/\/www.clubdelemprendimiento.com\/blog\/wp-content\/uploads\/2016\/06\/resfriado.jpg\",\"width\":1110,\"height\":1280},{\"@type\":\"BreadcrumbList\",\"@id\":\"https:\/\/www.clubdelemprendimiento.com\/blog\/nuestros-emprendedores\/20-los-resfriados-culpa-del-aire-acondicionado-la-oficina\/#breadcrumb\",\"itemListElement\":[{\"@type\":\"ListItem\",\"position\":1,\"name\":\"Home\",\"item\":\"https:\/\/www.clubdelemprendimiento.com\/blog\/\"},{\"@type\":\"ListItem\",\"position\":2,\"name\":\"El 20% de los resfriados son culpa del aire acondicionado en la oficina\"}]},{\"@type\":\"WebSite\",\"@id\":\"https:\/\/www.clubdelemprendimiento.com\/blog\/#website\",\"url\":\"https:\/\/www.clubdelemprendimiento.com\/blog\/\",\"name\":\"Blog Club del Emprendimiento\",\"description\":\"\",\"potentialAction\":[{\"@type\":\"SearchAction\",\"target\":{\"@type\":\"EntryPoint\",\"urlTemplate\":\"https:\/\/www.clubdelemprendimiento.com\/blog\/?s={search_term_string}\"},\"query-input\":\"required name=search_term_string\"}],\"inLanguage\":\"es\"},{\"@type\":\"Person\",\"@id\":\"https:\/\/www.clubdelemprendimiento.com\/blog\/#\/schema\/person\/21e5750dea72f584831ea4d5ec2e64c1\",\"name\":\"clubadmin\",\"image\":{\"@type\":\"ImageObject\",\"inLanguage\":\"es\",\"@id\":\"https:\/\/www.clubdelemprendimiento.com\/blog\/#\/schema\/person\/image\/\",\"url\":\"https:\/\/secure.gravatar.com\/avatar\/ceaae6e14ce9f8cd508c0bceda3a4cd0?s=96&d=mm&r=g\",\"contentUrl\":\"https:\/\/secure.gravatar.com\/avatar\/ceaae6e14ce9f8cd508c0bceda3a4cd0?s=96&d=mm&r=g\",\"caption\":\"clubadmin\"},\"url\":\"https:\/\/www.clubdelemprendimiento.com\/blog\/author\/clubadmin\/\"}]}<\/script>\n<!-- \/ Yoast SEO plugin. -->","yoast_head_json":{"title":"Aire acondicionado: causante del 20% de los resfriados en oficina","description":"En verano los resfriados tienen su origen en la diferencia de temperatura entre el interior y el exterior de las oficinas por el aire acondicionado.","robots":{"index":"index","follow":"follow","max-snippet":"max-snippet:-1","max-image-preview":"max-image-preview:large","max-video-preview":"max-video-preview:-1"},"canonical":"https:\/\/www.clubdelemprendimiento.com\/blog\/nuestros-emprendedores\/20-los-resfriados-culpa-del-aire-acondicionado-la-oficina\/","og_locale":"es_ES","og_type":"article","og_title":"Aire acondicionado: causante del 20% de los resfriados en oficina","og_description":"En verano los resfriados tienen su origen en la diferencia de temperatura entre el interior y el exterior de las oficinas por el aire acondicionado.","og_url":"https:\/\/www.clubdelemprendimiento.com\/blog\/nuestros-emprendedores\/20-los-resfriados-culpa-del-aire-acondicionado-la-oficina\/","og_site_name":"Blog Club del Emprendimiento","article_published_time":"2016-06-30T09:16:19+00:00","og_image":[{"width":1110,"height":1280,"url":"https:\/\/www.clubdelemprendimiento.com\/blog\/wp-content\/uploads\/2016\/06\/resfriado.jpg","type":"image\/jpeg"}],"author":"clubadmin","twitter_card":"summary_large_image","twitter_misc":{"Escrito por":"clubadmin","Tiempo de lectura":"2 minutos"},"schema":{"@context":"https:\/\/schema.org","@graph":[{"@type":"WebPage","@id":"https:\/\/www.clubdelemprendimiento.com\/blog\/nuestros-emprendedores\/20-los-resfriados-culpa-del-aire-acondicionado-la-oficina\/","url":"https:\/\/www.clubdelemprendimiento.com\/blog\/nuestros-emprendedores\/20-los-resfriados-culpa-del-aire-acondicionado-la-oficina\/","name":"Aire acondicionado: causante del 20% de los resfriados en oficina","isPartOf":{"@id":"https:\/\/www.clubdelemprendimiento.com\/blog\/#website"},"primaryImageOfPage":{"@id":"https:\/\/www.clubdelemprendimiento.com\/blog\/nuestros-emprendedores\/20-los-resfriados-culpa-del-aire-acondicionado-la-oficina\/#primaryimage"},"image":{"@id":"https:\/\/www.clubdelemprendimiento.com\/blog\/nuestros-emprendedores\/20-los-resfriados-culpa-del-aire-acondicionado-la-oficina\/#primaryimage"},"thumbnailUrl":"https:\/\/www.clubdelemprendimiento.com\/blog\/wp-content\/uploads\/2016\/06\/resfriado.jpg","datePublished":"2016-06-30T09:16:19+00:00","dateModified":"2016-06-30T09:16:19+00:00","author":{"@id":"https:\/\/www.clubdelemprendimiento.com\/blog\/#\/schema\/person\/21e5750dea72f584831ea4d5ec2e64c1"},"description":"En verano los resfriados tienen su origen en la diferencia de temperatura entre el interior y el exterior de las oficinas por el aire acondicionado.","breadcrumb":{"@id":"https:\/\/www.clubdelemprendimiento.com\/blog\/nuestros-emprendedores\/20-los-resfriados-culpa-del-aire-acondicionado-la-oficina\/#breadcrumb"},"inLanguage":"es","potentialAction":[{"@type":"ReadAction","target":["https:\/\/www.clubdelemprendimiento.com\/blog\/nuestros-emprendedores\/20-los-resfriados-culpa-del-aire-acondicionado-la-oficina\/"]}]},{"@type":"ImageObject","inLanguage":"es","@id":"https:\/\/www.clubdelemprendimiento.com\/blog\/nuestros-emprendedores\/20-los-resfriados-culpa-del-aire-acondicionado-la-oficina\/#primaryimage","url":"https:\/\/www.clubdelemprendimiento.com\/blog\/wp-content\/uploads\/2016\/06\/resfriado.jpg","contentUrl":"https:\/\/www.clubdelemprendimiento.com\/blog\/wp-content\/uploads\/2016\/06\/resfriado.jpg","width":1110,"height":1280},{"@type":"BreadcrumbList","@id":"https:\/\/www.clubdelemprendimiento.com\/blog\/nuestros-emprendedores\/20-los-resfriados-culpa-del-aire-acondicionado-la-oficina\/#breadcrumb","itemListElement":[{"@type":"ListItem","position":1,"name":"Home","item":"https:\/\/www.clubdelemprendimiento.com\/blog\/"},{"@type":"ListItem","position":2,"name":"El 20% de los resfriados son culpa del aire acondicionado en la oficina"}]},{"@type":"WebSite","@id":"https:\/\/www.clubdelemprendimiento.com\/blog\/#website","url":"https:\/\/www.clubdelemprendimiento.com\/blog\/","name":"Blog Club del Emprendimiento","description":"","potentialAction":[{"@type":"SearchAction","target":{"@type":"EntryPoint","urlTemplate":"https:\/\/www.clubdelemprendimiento.com\/blog\/?s={search_term_string}"},"query-input":"required name=search_term_string"}],"inLanguage":"es"},{"@type":"Person","@id":"https:\/\/www.clubdelemprendimiento.com\/blog\/#\/schema\/person\/21e5750dea72f584831ea4d5ec2e64c1","name":"clubadmin","image":{"@type":"ImageObject","inLanguage":"es","@id":"https:\/\/www.clubdelemprendimiento.com\/blog\/#\/schema\/person\/image\/","url":"https:\/\/secure.gravatar.com\/avatar\/ceaae6e14ce9f8cd508c0bceda3a4cd0?s=96&d=mm&r=g","contentUrl":"https:\/\/secure.gravatar.com\/avatar\/ceaae6e14ce9f8cd508c0bceda3a4cd0?s=96&d=mm&r=g","caption":"clubadmin"},"url":"https:\/\/www.clubdelemprendimiento.com\/blog\/author\/clubadmin\/"}]}},"_links":{"self":[{"href":"https:\/\/www.clubdelemprendimiento.com\/blog\/wp-json\/wp\/v2\/posts\/11292"}],"collection":[{"href":"https:\/\/www.clubdelemprendimiento.com\/blog\/wp-json\/wp\/v2\/posts"}],"about":[{"href":"https:\/\/www.clubdelemprendimiento.com\/blog\/wp-json\/wp\/v2\/types\/post"}],"author":[{"embeddable":true,"href":"https:\/\/www.clubdelemprendimiento.com\/blog\/wp-json\/wp\/v2\/users\/2"}],"replies":[{"embeddable":true,"href":"https:\/\/www.clubdelemprendimiento.com\/blog\/wp-json\/wp\/v2\/comments?post=11292"}],"version-history":[{"count":0,"href":"https:\/\/www.clubdelemprendimiento.com\/blog\/wp-json\/wp\/v2\/posts\/11292\/revisions"}],"wp:featuredmedia":[{"embeddable":true,"href":"https:\/\/www.clubdelemprendimiento.com\/blog\/wp-json\/wp\/v2\/media\/11293"}],"wp:attachment":[{"href":"https:\/\/www.clubdelemprendimiento.com\/blog\/wp-json\/wp\/v2\/media?parent=11292"}],"wp:term":[{"taxonomy":"category","embeddable":true,"href":"https:\/\/www.clubdelemprendimiento.com\/blog\/wp-json\/wp\/v2\/categories?post=11292"},{"taxonomy":"post_tag","embeddable":true,"href":"https:\/\/www.clubdelemprendimiento.com\/blog\/wp-json\/wp\/v2\/tags?post=11292"}],"curies":[{"name":"wp","href":"https:\/\/api.w.org\/{rel}","templated":true}]}}