{"id":28463,"date":"2026-04-22T17:04:44","date_gmt":"2026-04-22T17:04:44","guid":{"rendered":"https:\/\/www.clubdelemprendimiento.com\/blog\/noticia-corporativa\/javier-perez-de-leza-la-falta-de-foco-frena-mas-que-la-falta-de-capital\/"},"modified":"2026-04-22T17:04:44","modified_gmt":"2026-04-22T17:04:44","slug":"javier-perez-de-leza-la-falta-de-foco-frena-mas-que-la-falta-de-capital","status":"publish","type":"noticia-corporativa","link":"https:\/\/www.clubdelemprendimiento.com\/blog\/noticia-corporativa\/javier-perez-de-leza-la-falta-de-foco-frena-mas-que-la-falta-de-capital\/","title":{"rendered":"Javier P\u00e9rez de Leza: la falta de foco frena m\u00e1s que la falta de capital"},"content":{"rendered":"<div>\n<p><a href=\"https:\/\/www.clubdelemprendimiento.com\/blog\/wp-content\/uploads\/2026\/04\/2.jpg\" target=\"_blank\" class=\"fotonota\" rel=\"noopener\"> <img decoding=\"async\" src=\"https:\/\/www.clubdelemprendimiento.com\/blog\/wp-content\/uploads\/2026\/04\/2.jpg\" style=\"max-width:600px;\" border=\"0\" class=\"postImage\" alt=\"\"><\/a><\/p>\n<p>Javier P\u00e9rez de Leza Eguiguren, consejero independiente con 39 a\u00f1os en retail y gran consumo internacional, publica su diagn\u00f3stico sobre por qu\u00e9 las empresas bajo presi\u00f3n financiera no fallan por falta de ideas sino por falta de claridad y capacidad de ejecuci\u00f3n<\/p>\n<p><\/p>\n<p>Las empresas espa\u00f1olas operan bajo una presi\u00f3n que no tiene precedente reciente: mayor coste financiero, m\u00e1rgenes comprimidos, volatilidad en la demanda y dificultad creciente para ejecutar cambios con rapidez. En ese contexto, Javier P\u00e9rez de Leza Eguiguren, consejero y asesor independiente con 39 a\u00f1os de carrera en retail y gran consumo, sostiene que el problema de fondo no suele ser la falta de ideas. Es la falta de claridad y tracci\u00f3n.<\/p>\n<p>\u00abMuchas compa\u00f1\u00edas saben, en teor\u00eda, qu\u00e9 deber\u00edan hacer. Pero no consiguen ordenar los frentes cr\u00edticos, alinear al equipo directivo y sostener la ejecuci\u00f3n con disciplina\u00bb, se\u00f1ala.<\/p>\n<p>Su diagn\u00f3stico no parte de la teor\u00eda. P\u00e9rez de Leza ha gestionado equipos de hasta 20.000 personas y negocios de hasta 6.000 millones de euros en ventas y 350 millones de EBITDA a lo largo de una trayectoria que incluye Makro, Price Club, Costco, Walmart y METRO, con presencia en 11 pa\u00edses. De esos 39 a\u00f1os de carrera, 25 transcurrieron en multinacionales y 14 como asesor, consejero y empresario.<\/p>\n<p>Dos hitos de su trayectoria ilustran el alcance de su experiencia. En METRO Rep\u00fablica Checa y Eslovaquia dirigi\u00f3 un negocio que part\u00eda de 750 millones de euros en ventas y logr\u00f3 un crecimiento acumulado del 37 % en cuatro a\u00f1os, con el EBIT pasando de 21 millones a 89 millones de euros. Como vicepresidente ejecutivo de METRO Cash &amp; Carry International asumi\u00f3 responsabilidad sobre ocho pa\u00edses, 105 centros y 15.800 personas.<\/p>\n<p>El segundo hito es Dinosol, donde asumi\u00f3 el rol de CEO y accionista en una situaci\u00f3n de tensi\u00f3n financiera extrema. Al incorporarse, la compa\u00f1\u00eda acumulaba una deuda de 430,4 millones de euros, equivalente a 13,7 veces EBITDA. Entre 2009 y 2012 se ejecutaron reestructuraciones y operaciones corporativas que permitieron reducir esa deuda hasta 65 millones de euros.<\/p>\n<p>\u00abCuando una empresa tiene tensi\u00f3n financiera, la velocidad, el realismo y la calidad de la ejecuci\u00f3n son decisivos\u00bb, afirma.<\/p>\n<p>Desde 2012 opera como fundador de Future Retail y consejero principal para propietarios, CEOs, accionistas y acreedores. Ha acompa\u00f1ado proyectos en compa\u00f1\u00edas como Naviera Armas, Forus, Catral Garden y Abai Group, y ha trabajado con firmas como JP Morgan, Permira, Rothschild, Houlihan Lokey, Merrill Lynch y PJT Partners.<\/p>\n<p>Su tesis de fondo es que las empresas mejoran cuando consiguen unir visi\u00f3n estrat\u00e9gica, disciplina financiera y ejecuci\u00f3n operativa. Y que la estrategia solo crea valor cuando se convierte en decisiones concretas, renuncias expl\u00edcitas y resultados medibles en la cuenta de resultados y en la caja.<\/p>\n<p><strong>Sobre Javier P\u00e9rez de Leza Eguiguren<\/strong>\u00a0<br \/>\nConsejero y asesor independiente especializado en mejora de resultados, protecci\u00f3n de caja y transformaci\u00f3n de empresas en retail y gran consumo. Fundador de Future Retail desde 2012. Trayectoria de 39 a\u00f1os en 11 pa\u00edses con responsabilidades en finanzas, operaciones, direcci\u00f3n general y gobierno corporativo en compa\u00f1\u00edas como METRO, Walmart, Costco y Makro.<\/p>\n<\/div>\n","protected":false},"featured_media":28464,"template":"","meta":{"_acf_changed":false},"acf":[],"yoast_head":"<!-- This site is optimized with the Yoast SEO plugin v22.7 - https:\/\/yoast.com\/wordpress\/plugins\/seo\/ -->\n<title>Javier P\u00e9rez de Leza: la falta de foco frena m\u00e1s que la falta de capital - Blog Club del Emprendimiento<\/title>\n<meta name=\"robots\" content=\"index, follow, max-snippet:-1, max-image-preview:large, max-video-preview:-1\" \/>\n<link rel=\"canonical\" href=\"https:\/\/www.clubdelemprendimiento.com\/blog\/noticia-corporativa\/javier-perez-de-leza-la-falta-de-foco-frena-mas-que-la-falta-de-capital\/\" \/>\n<meta property=\"og:locale\" content=\"es_ES\" \/>\n<meta property=\"og:type\" content=\"article\" \/>\n<meta property=\"og:title\" content=\"Javier P\u00e9rez de Leza: la falta de foco frena m\u00e1s que la falta de capital - Blog Club del Emprendimiento\" \/>\n<meta property=\"og:description\" content=\"Javier P\u00e9rez de Leza Eguiguren, consejero independiente con 39 a\u00f1os en retail y gran&hellip;\" \/>\n<meta property=\"og:url\" content=\"https:\/\/www.clubdelemprendimiento.com\/blog\/noticia-corporativa\/javier-perez-de-leza-la-falta-de-foco-frena-mas-que-la-falta-de-capital\/\" \/>\n<meta property=\"og:site_name\" content=\"Blog Club del Emprendimiento\" \/>\n<meta property=\"og:image\" content=\"https:\/\/www.clubdelemprendimiento.com\/blog\/wp-content\/uploads\/2026\/04\/2.jpg\" \/>\n<meta name=\"twitter:card\" content=\"summary_large_image\" \/>\n<meta name=\"twitter:label1\" content=\"Tiempo de lectura\" \/>\n\t<meta name=\"twitter:data1\" content=\"3 minutos\" \/>\n<script type=\"application\/ld+json\" class=\"yoast-schema-graph\">{\"@context\":\"https:\/\/schema.org\",\"@graph\":[{\"@type\":\"WebPage\",\"@id\":\"https:\/\/www.clubdelemprendimiento.com\/blog\/noticia-corporativa\/javier-perez-de-leza-la-falta-de-foco-frena-mas-que-la-falta-de-capital\/\",\"url\":\"https:\/\/www.clubdelemprendimiento.com\/blog\/noticia-corporativa\/javier-perez-de-leza-la-falta-de-foco-frena-mas-que-la-falta-de-capital\/\",\"name\":\"Javier P\u00e9rez de Leza: la falta de foco frena m\u00e1s que la falta de capital - Blog Club del Emprendimiento\",\"isPartOf\":{\"@id\":\"https:\/\/www.clubdelemprendimiento.com\/blog\/#website\"},\"primaryImageOfPage\":{\"@id\":\"https:\/\/www.clubdelemprendimiento.com\/blog\/noticia-corporativa\/javier-perez-de-leza-la-falta-de-foco-frena-mas-que-la-falta-de-capital\/#primaryimage\"},\"image\":{\"@id\":\"https:\/\/www.clubdelemprendimiento.com\/blog\/noticia-corporativa\/javier-perez-de-leza-la-falta-de-foco-frena-mas-que-la-falta-de-capital\/#primaryimage\"},\"thumbnailUrl\":\"https:\/\/www.clubdelemprendimiento.com\/blog\/wp-content\/uploads\/2026\/04\/2.jpg\",\"datePublished\":\"2026-04-22T17:04:44+00:00\",\"dateModified\":\"2026-04-22T17:04:44+00:00\",\"breadcrumb\":{\"@id\":\"https:\/\/www.clubdelemprendimiento.com\/blog\/noticia-corporativa\/javier-perez-de-leza-la-falta-de-foco-frena-mas-que-la-falta-de-capital\/#breadcrumb\"},\"inLanguage\":\"es\",\"potentialAction\":[{\"@type\":\"ReadAction\",\"target\":[\"https:\/\/www.clubdelemprendimiento.com\/blog\/noticia-corporativa\/javier-perez-de-leza-la-falta-de-foco-frena-mas-que-la-falta-de-capital\/\"]}]},{\"@type\":\"ImageObject\",\"inLanguage\":\"es\",\"@id\":\"https:\/\/www.clubdelemprendimiento.com\/blog\/noticia-corporativa\/javier-perez-de-leza-la-falta-de-foco-frena-mas-que-la-falta-de-capital\/#primaryimage\",\"url\":\"https:\/\/www.clubdelemprendimiento.com\/blog\/wp-content\/uploads\/2026\/04\/2.jpg\",\"contentUrl\":\"https:\/\/www.clubdelemprendimiento.com\/blog\/wp-content\/uploads\/2026\/04\/2.jpg\",\"width\":1616,\"height\":1080},{\"@type\":\"BreadcrumbList\",\"@id\":\"https:\/\/www.clubdelemprendimiento.com\/blog\/noticia-corporativa\/javier-perez-de-leza-la-falta-de-foco-frena-mas-que-la-falta-de-capital\/#breadcrumb\",\"itemListElement\":[{\"@type\":\"ListItem\",\"position\":1,\"name\":\"Home\",\"item\":\"https:\/\/www.clubdelemprendimiento.com\/blog\/\"},{\"@type\":\"ListItem\",\"position\":2,\"name\":\"Noticias Corporativas\",\"item\":\"https:\/\/www.clubdelemprendimiento.com\/blog\/noticias-corporativas\/\"},{\"@type\":\"ListItem\",\"position\":3,\"name\":\"Javier P\u00e9rez de Leza: la falta de foco frena m\u00e1s que la falta de capital\"}]},{\"@type\":\"WebSite\",\"@id\":\"https:\/\/www.clubdelemprendimiento.com\/blog\/#website\",\"url\":\"https:\/\/www.clubdelemprendimiento.com\/blog\/\",\"name\":\"Blog Club del Emprendimiento\",\"description\":\"\",\"potentialAction\":[{\"@type\":\"SearchAction\",\"target\":{\"@type\":\"EntryPoint\",\"urlTemplate\":\"https:\/\/www.clubdelemprendimiento.com\/blog\/?s={search_term_string}\"},\"query-input\":\"required name=search_term_string\"}],\"inLanguage\":\"es\"}]}<\/script>\n<!-- \/ Yoast SEO plugin. -->","yoast_head_json":{"title":"Javier P\u00e9rez de Leza: la falta de foco frena m\u00e1s que la falta de capital - Blog Club del Emprendimiento","robots":{"index":"index","follow":"follow","max-snippet":"max-snippet:-1","max-image-preview":"max-image-preview:large","max-video-preview":"max-video-preview:-1"},"canonical":"https:\/\/www.clubdelemprendimiento.com\/blog\/noticia-corporativa\/javier-perez-de-leza-la-falta-de-foco-frena-mas-que-la-falta-de-capital\/","og_locale":"es_ES","og_type":"article","og_title":"Javier P\u00e9rez de Leza: la falta de foco frena m\u00e1s que la falta de capital - Blog Club del Emprendimiento","og_description":"Javier P\u00e9rez de Leza Eguiguren, consejero independiente con 39 a\u00f1os en retail y gran&hellip;","og_url":"https:\/\/www.clubdelemprendimiento.com\/blog\/noticia-corporativa\/javier-perez-de-leza-la-falta-de-foco-frena-mas-que-la-falta-de-capital\/","og_site_name":"Blog Club del Emprendimiento","og_image":[{"url":"https:\/\/www.clubdelemprendimiento.com\/blog\/wp-content\/uploads\/2026\/04\/2.jpg"}],"twitter_card":"summary_large_image","twitter_misc":{"Tiempo de lectura":"3 minutos"},"schema":{"@context":"https:\/\/schema.org","@graph":[{"@type":"WebPage","@id":"https:\/\/www.clubdelemprendimiento.com\/blog\/noticia-corporativa\/javier-perez-de-leza-la-falta-de-foco-frena-mas-que-la-falta-de-capital\/","url":"https:\/\/www.clubdelemprendimiento.com\/blog\/noticia-corporativa\/javier-perez-de-leza-la-falta-de-foco-frena-mas-que-la-falta-de-capital\/","name":"Javier P\u00e9rez de Leza: la falta de foco frena m\u00e1s que la falta de capital - Blog Club del Emprendimiento","isPartOf":{"@id":"https:\/\/www.clubdelemprendimiento.com\/blog\/#website"},"primaryImageOfPage":{"@id":"https:\/\/www.clubdelemprendimiento.com\/blog\/noticia-corporativa\/javier-perez-de-leza-la-falta-de-foco-frena-mas-que-la-falta-de-capital\/#primaryimage"},"image":{"@id":"https:\/\/www.clubdelemprendimiento.com\/blog\/noticia-corporativa\/javier-perez-de-leza-la-falta-de-foco-frena-mas-que-la-falta-de-capital\/#primaryimage"},"thumbnailUrl":"https:\/\/www.clubdelemprendimiento.com\/blog\/wp-content\/uploads\/2026\/04\/2.jpg","datePublished":"2026-04-22T17:04:44+00:00","dateModified":"2026-04-22T17:04:44+00:00","breadcrumb":{"@id":"https:\/\/www.clubdelemprendimiento.com\/blog\/noticia-corporativa\/javier-perez-de-leza-la-falta-de-foco-frena-mas-que-la-falta-de-capital\/#breadcrumb"},"inLanguage":"es","potentialAction":[{"@type":"ReadAction","target":["https:\/\/www.clubdelemprendimiento.com\/blog\/noticia-corporativa\/javier-perez-de-leza-la-falta-de-foco-frena-mas-que-la-falta-de-capital\/"]}]},{"@type":"ImageObject","inLanguage":"es","@id":"https:\/\/www.clubdelemprendimiento.com\/blog\/noticia-corporativa\/javier-perez-de-leza-la-falta-de-foco-frena-mas-que-la-falta-de-capital\/#primaryimage","url":"https:\/\/www.clubdelemprendimiento.com\/blog\/wp-content\/uploads\/2026\/04\/2.jpg","contentUrl":"https:\/\/www.clubdelemprendimiento.com\/blog\/wp-content\/uploads\/2026\/04\/2.jpg","width":1616,"height":1080},{"@type":"BreadcrumbList","@id":"https:\/\/www.clubdelemprendimiento.com\/blog\/noticia-corporativa\/javier-perez-de-leza-la-falta-de-foco-frena-mas-que-la-falta-de-capital\/#breadcrumb","itemListElement":[{"@type":"ListItem","position":1,"name":"Home","item":"https:\/\/www.clubdelemprendimiento.com\/blog\/"},{"@type":"ListItem","position":2,"name":"Noticias Corporativas","item":"https:\/\/www.clubdelemprendimiento.com\/blog\/noticias-corporativas\/"},{"@type":"ListItem","position":3,"name":"Javier P\u00e9rez de Leza: la falta de foco frena m\u00e1s que la falta de capital"}]},{"@type":"WebSite","@id":"https:\/\/www.clubdelemprendimiento.com\/blog\/#website","url":"https:\/\/www.clubdelemprendimiento.com\/blog\/","name":"Blog Club del Emprendimiento","description":"","potentialAction":[{"@type":"SearchAction","target":{"@type":"EntryPoint","urlTemplate":"https:\/\/www.clubdelemprendimiento.com\/blog\/?s={search_term_string}"},"query-input":"required name=search_term_string"}],"inLanguage":"es"}]}},"_links":{"self":[{"href":"https:\/\/www.clubdelemprendimiento.com\/blog\/wp-json\/wp\/v2\/noticia-corporativa\/28463"}],"collection":[{"href":"https:\/\/www.clubdelemprendimiento.com\/blog\/wp-json\/wp\/v2\/noticia-corporativa"}],"about":[{"href":"https:\/\/www.clubdelemprendimiento.com\/blog\/wp-json\/wp\/v2\/types\/noticia-corporativa"}],"wp:featuredmedia":[{"embeddable":true,"href":"https:\/\/www.clubdelemprendimiento.com\/blog\/wp-json\/wp\/v2\/media\/28464"}],"wp:attachment":[{"href":"https:\/\/www.clubdelemprendimiento.com\/blog\/wp-json\/wp\/v2\/media?parent=28463"}],"curies":[{"name":"wp","href":"https:\/\/api.w.org\/{rel}","templated":true}]}}