{"id":28448,"date":"2026-04-22T15:00:28","date_gmt":"2026-04-22T15:00:28","guid":{"rendered":"https:\/\/www.clubdelemprendimiento.com\/blog\/noticia-corporativa\/karbon-x-destaca-skyxero-en-el-dia-de-la-tierra-llevando-la-accion-climatica-en-tiempo-real-a-los-viajes\/"},"modified":"2026-04-22T15:00:28","modified_gmt":"2026-04-22T15:00:28","slug":"karbon-x-destaca-skyxero-en-el-dia-de-la-tierra-llevando-la-accion-climatica-en-tiempo-real-a-los-viajes","status":"publish","type":"noticia-corporativa","link":"https:\/\/www.clubdelemprendimiento.com\/blog\/noticia-corporativa\/karbon-x-destaca-skyxero-en-el-dia-de-la-tierra-llevando-la-accion-climatica-en-tiempo-real-a-los-viajes\/","title":{"rendered":"Karbon-X destaca SkyXero en el D\u00eda de la Tierra, llevando la acci\u00f3n clim\u00e1tica en tiempo real a los viajes"},"content":{"rendered":"<div>\n<p><a href=\"https:\/\/www.clubdelemprendimiento.com\/blog\/wp-content\/uploads\/2026\/04\/Imagen1-5.jpg\" target=\"_blank\" class=\"fotonota\" rel=\"noopener\"> <img decoding=\"async\" src=\"https:\/\/www.clubdelemprendimiento.com\/blog\/wp-content\/uploads\/2026\/04\/Imagen1-5.jpg\" style=\"max-width:600px;\" border=\"0\" class=\"postImage\" alt=\"\"><\/a><\/p>\n<p>La compa\u00f1\u00eda subraya su uso a nivel directivo e introduce una iniciativa de contribuciones igualadas para apoyar proyectos clim\u00e1ticos verificados<\/p>\n<p><\/p>\n<p>Karbon-X Corp. (OTCQX: KARX) (\u00abKarbon-X\u00bb o la \u00abCompa\u00f1\u00eda\u00bb), un proveedor de soluciones clim\u00e1ticas verticalmente integrado que opera en mercados de carbono tanto regulados como voluntarios, conmemor\u00f3 hoy el D\u00eda de la Tierra destacando SkyXero, su aplicaci\u00f3n m\u00f3vil dise\u00f1ada para ayudar a las personas a comprender y actuar sobre las emisiones asociadas a sus viajes a\u00e9reos.<\/p>\n<p>A medida que los viajes globales contin\u00faan aumentando, las emisiones de los vuelos siguen siendo uno de los componentes menos visibles y menos comprendidos del impacto ambiental individual. SkyXero aborda esta brecha al permitir a los usuarios calcular las emisiones asociadas a cualquier vuelo comercial y apoyar proyectos clim\u00e1ticos verificados como reforestaci\u00f3n, energ\u00edas renovables e iniciativas de reducci\u00f3n de carbono.<\/p>\n<p>Para reforzar su compromiso con una responsabilidad clim\u00e1tica pr\u00e1ctica, Karbon-X ha implementado SkyXero internamente en su equipo directivo.<\/p>\n<p>El director ejecutivo, Chad Clovis, ha utilizado SkyXero durante sus viajes este a\u00f1o para medir emisiones que suman un total de 13.187 kg de CO\u2082e y ha apoyado proyectos clim\u00e1ticos verificados a trav\u00e9s de la plataforma, con contribuciones dirigidas a proyectos certificados por est\u00e1ndares reconocidos como Verra y Gold Standard, como parte de su actividad de viajes.<\/p>\n<p>Esto refleja un cambio hacia la integraci\u00f3n de consideraciones clim\u00e1ticas en las decisiones de viaje cotidianas, en lugar de limitar la acci\u00f3n a informes peri\u00f3dicos o a objetivos a largo plazo.<\/p>\n<p>La iniciativa SkyXero tambi\u00e9n refleja el enfoque ESG m\u00e1s amplio de Karbon-X, integrando el seguimiento del impacto ambiental, la participaci\u00f3n individual en la responsabilidad clim\u00e1tica y la transparencia informativa tanto en su plataforma como en sus pr\u00e1cticas directivas. Al incorporar estos elementos en el comportamiento cotidiano de los viajes, la compa\u00f1\u00eda contin\u00faa alineando sus operaciones con las expectativas en evoluci\u00f3n de una acci\u00f3n clim\u00e1tica medible y transparente.<\/p>\n<p>Como parte de su iniciativa por el D\u00eda de la Tierra, Karbon-X igualar\u00e1 las contribuciones de los usuarios realizadas a trav\u00e9s de SkyXero, hasta un total de 250.000 d\u00f3lares (USD), reforzando su compromiso de escalar un impacto clim\u00e1tico medible y transparente. No se espera que esta iniciativa tenga un impacto material en los resultados financieros de la compa\u00f1\u00eda.<\/p>\n<p>\u00abEl D\u00eda de la Tierra se ha centrado tradicionalmente en la concienciaci\u00f3n\u00bb, afirm\u00f3 Chad Clovis, director ejecutivo de Karbon-X. \u00abLo que estamos viendo ahora es un cambio hacia la participaci\u00f3n. SkyXero est\u00e1 dise\u00f1ada para hacer que esa participaci\u00f3n sea accesible, ofreciendo a las personas una forma de comprender su impacto y responder de una manera que encaje con su forma habitual de viajar\u00bb.<\/p>\n<p>SkyXero permite a los usuarios:<\/p>\n<ul>\n<li>Calcular las emisiones de cualquier vuelo comercial a nivel global.<\/li>\n<li>Actuar a trav\u00e9s de una experiencia m\u00f3vil optimizada.<\/li>\n<li>Apoyar proyectos clim\u00e1ticos verificados.<\/li>\n<li>Realizar un seguimiento del impacto a lo largo del tiempo.<\/li>\n<\/ul>\n<p>La aplicaci\u00f3n tiene como objetivo conectar las decisiones cotidianas de viaje con soluciones clim\u00e1ticas verificadas, facilitando que las personas comprendan y aborden su impacto. SkyXero ya est\u00e1 disponible a nivel global.<\/p>\n<p><strong>Sobre Karbon-X<\/strong><br \/>\nKarbon-X Corp. (OTCQX: KARX) es una empresa de soluciones clim\u00e1ticas verticalmente integrada que ofrece servicios integrales en mercados de carbono tanto regulados como voluntarios. Desde el origen de proyectos y la cuantificaci\u00f3n de emisiones hasta el apoyo a la verificaci\u00f3n, la emisi\u00f3n de cr\u00e9ditos y la distribuci\u00f3n en el mercado, Karbon-X proporciona soluciones clim\u00e1ticas confiables y transparentes a empresas e instituciones a nivel global. M\u00e1s informaci\u00f3n en <a href=\"http:\/\/www.karbon-x.com\/\" rel=\"nofollow\">www.karbon-x.com<\/a>.<\/p>\n<\/div>\n","protected":false},"featured_media":28449,"template":"","meta":{"_acf_changed":false},"acf":[],"yoast_head":"<!-- This site is optimized with the Yoast SEO plugin v22.7 - https:\/\/yoast.com\/wordpress\/plugins\/seo\/ -->\n<title>Karbon-X destaca SkyXero en el D\u00eda de la Tierra, llevando la acci\u00f3n clim\u00e1tica en tiempo real a los viajes - Blog Club del Emprendimiento<\/title>\n<meta name=\"robots\" content=\"index, follow, max-snippet:-1, max-image-preview:large, max-video-preview:-1\" \/>\n<link rel=\"canonical\" href=\"https:\/\/www.clubdelemprendimiento.com\/blog\/noticia-corporativa\/karbon-x-destaca-skyxero-en-el-dia-de-la-tierra-llevando-la-accion-climatica-en-tiempo-real-a-los-viajes\/\" \/>\n<meta property=\"og:locale\" content=\"es_ES\" \/>\n<meta property=\"og:type\" content=\"article\" \/>\n<meta property=\"og:title\" content=\"Karbon-X destaca SkyXero en el D\u00eda de la Tierra, llevando la acci\u00f3n clim\u00e1tica en tiempo real a los viajes - Blog Club del Emprendimiento\" \/>\n<meta property=\"og:description\" content=\"La compa\u00f1\u00eda subraya su uso a nivel directivo e introduce una iniciativa de contribuciones&hellip;\" \/>\n<meta property=\"og:url\" content=\"https:\/\/www.clubdelemprendimiento.com\/blog\/noticia-corporativa\/karbon-x-destaca-skyxero-en-el-dia-de-la-tierra-llevando-la-accion-climatica-en-tiempo-real-a-los-viajes\/\" \/>\n<meta property=\"og:site_name\" content=\"Blog Club del Emprendimiento\" \/>\n<meta property=\"og:image\" content=\"https:\/\/www.clubdelemprendimiento.com\/blog\/wp-content\/uploads\/2026\/04\/Imagen1-5.jpg\" \/>\n<meta name=\"twitter:card\" content=\"summary_large_image\" \/>\n<meta name=\"twitter:label1\" content=\"Tiempo de lectura\" \/>\n\t<meta name=\"twitter:data1\" content=\"3 minutos\" \/>\n<script type=\"application\/ld+json\" class=\"yoast-schema-graph\">{\"@context\":\"https:\/\/schema.org\",\"@graph\":[{\"@type\":\"WebPage\",\"@id\":\"https:\/\/www.clubdelemprendimiento.com\/blog\/noticia-corporativa\/karbon-x-destaca-skyxero-en-el-dia-de-la-tierra-llevando-la-accion-climatica-en-tiempo-real-a-los-viajes\/\",\"url\":\"https:\/\/www.clubdelemprendimiento.com\/blog\/noticia-corporativa\/karbon-x-destaca-skyxero-en-el-dia-de-la-tierra-llevando-la-accion-climatica-en-tiempo-real-a-los-viajes\/\",\"name\":\"Karbon-X destaca SkyXero en el D\u00eda de la Tierra, llevando la acci\u00f3n clim\u00e1tica en tiempo real a los viajes - Blog Club del Emprendimiento\",\"isPartOf\":{\"@id\":\"https:\/\/www.clubdelemprendimiento.com\/blog\/#website\"},\"primaryImageOfPage\":{\"@id\":\"https:\/\/www.clubdelemprendimiento.com\/blog\/noticia-corporativa\/karbon-x-destaca-skyxero-en-el-dia-de-la-tierra-llevando-la-accion-climatica-en-tiempo-real-a-los-viajes\/#primaryimage\"},\"image\":{\"@id\":\"https:\/\/www.clubdelemprendimiento.com\/blog\/noticia-corporativa\/karbon-x-destaca-skyxero-en-el-dia-de-la-tierra-llevando-la-accion-climatica-en-tiempo-real-a-los-viajes\/#primaryimage\"},\"thumbnailUrl\":\"https:\/\/www.clubdelemprendimiento.com\/blog\/wp-content\/uploads\/2026\/04\/Imagen1-5.jpg\",\"datePublished\":\"2026-04-22T15:00:28+00:00\",\"dateModified\":\"2026-04-22T15:00:28+00:00\",\"breadcrumb\":{\"@id\":\"https:\/\/www.clubdelemprendimiento.com\/blog\/noticia-corporativa\/karbon-x-destaca-skyxero-en-el-dia-de-la-tierra-llevando-la-accion-climatica-en-tiempo-real-a-los-viajes\/#breadcrumb\"},\"inLanguage\":\"es\",\"potentialAction\":[{\"@type\":\"ReadAction\",\"target\":[\"https:\/\/www.clubdelemprendimiento.com\/blog\/noticia-corporativa\/karbon-x-destaca-skyxero-en-el-dia-de-la-tierra-llevando-la-accion-climatica-en-tiempo-real-a-los-viajes\/\"]}]},{\"@type\":\"ImageObject\",\"inLanguage\":\"es\",\"@id\":\"https:\/\/www.clubdelemprendimiento.com\/blog\/noticia-corporativa\/karbon-x-destaca-skyxero-en-el-dia-de-la-tierra-llevando-la-accion-climatica-en-tiempo-real-a-los-viajes\/#primaryimage\",\"url\":\"https:\/\/www.clubdelemprendimiento.com\/blog\/wp-content\/uploads\/2026\/04\/Imagen1-5.jpg\",\"contentUrl\":\"https:\/\/www.clubdelemprendimiento.com\/blog\/wp-content\/uploads\/2026\/04\/Imagen1-5.jpg\",\"width\":829,\"height\":465},{\"@type\":\"BreadcrumbList\",\"@id\":\"https:\/\/www.clubdelemprendimiento.com\/blog\/noticia-corporativa\/karbon-x-destaca-skyxero-en-el-dia-de-la-tierra-llevando-la-accion-climatica-en-tiempo-real-a-los-viajes\/#breadcrumb\",\"itemListElement\":[{\"@type\":\"ListItem\",\"position\":1,\"name\":\"Home\",\"item\":\"https:\/\/www.clubdelemprendimiento.com\/blog\/\"},{\"@type\":\"ListItem\",\"position\":2,\"name\":\"Noticias Corporativas\",\"item\":\"https:\/\/www.clubdelemprendimiento.com\/blog\/noticias-corporativas\/\"},{\"@type\":\"ListItem\",\"position\":3,\"name\":\"Karbon-X destaca SkyXero en el D\u00eda de la Tierra, llevando la acci\u00f3n clim\u00e1tica en tiempo real a los viajes\"}]},{\"@type\":\"WebSite\",\"@id\":\"https:\/\/www.clubdelemprendimiento.com\/blog\/#website\",\"url\":\"https:\/\/www.clubdelemprendimiento.com\/blog\/\",\"name\":\"Blog Club del Emprendimiento\",\"description\":\"\",\"potentialAction\":[{\"@type\":\"SearchAction\",\"target\":{\"@type\":\"EntryPoint\",\"urlTemplate\":\"https:\/\/www.clubdelemprendimiento.com\/blog\/?s={search_term_string}\"},\"query-input\":\"required name=search_term_string\"}],\"inLanguage\":\"es\"}]}<\/script>\n<!-- \/ Yoast SEO plugin. -->","yoast_head_json":{"title":"Karbon-X destaca SkyXero en el D\u00eda de la Tierra, llevando la acci\u00f3n clim\u00e1tica en tiempo real a los viajes - Blog Club del Emprendimiento","robots":{"index":"index","follow":"follow","max-snippet":"max-snippet:-1","max-image-preview":"max-image-preview:large","max-video-preview":"max-video-preview:-1"},"canonical":"https:\/\/www.clubdelemprendimiento.com\/blog\/noticia-corporativa\/karbon-x-destaca-skyxero-en-el-dia-de-la-tierra-llevando-la-accion-climatica-en-tiempo-real-a-los-viajes\/","og_locale":"es_ES","og_type":"article","og_title":"Karbon-X destaca SkyXero en el D\u00eda de la Tierra, llevando la acci\u00f3n clim\u00e1tica en tiempo real a los viajes - Blog Club del Emprendimiento","og_description":"La compa\u00f1\u00eda subraya su uso a nivel directivo e introduce una iniciativa de contribuciones&hellip;","og_url":"https:\/\/www.clubdelemprendimiento.com\/blog\/noticia-corporativa\/karbon-x-destaca-skyxero-en-el-dia-de-la-tierra-llevando-la-accion-climatica-en-tiempo-real-a-los-viajes\/","og_site_name":"Blog Club del Emprendimiento","og_image":[{"url":"https:\/\/www.clubdelemprendimiento.com\/blog\/wp-content\/uploads\/2026\/04\/Imagen1-5.jpg"}],"twitter_card":"summary_large_image","twitter_misc":{"Tiempo de lectura":"3 minutos"},"schema":{"@context":"https:\/\/schema.org","@graph":[{"@type":"WebPage","@id":"https:\/\/www.clubdelemprendimiento.com\/blog\/noticia-corporativa\/karbon-x-destaca-skyxero-en-el-dia-de-la-tierra-llevando-la-accion-climatica-en-tiempo-real-a-los-viajes\/","url":"https:\/\/www.clubdelemprendimiento.com\/blog\/noticia-corporativa\/karbon-x-destaca-skyxero-en-el-dia-de-la-tierra-llevando-la-accion-climatica-en-tiempo-real-a-los-viajes\/","name":"Karbon-X destaca SkyXero en el D\u00eda de la Tierra, llevando la acci\u00f3n clim\u00e1tica en tiempo real a los viajes - Blog Club del Emprendimiento","isPartOf":{"@id":"https:\/\/www.clubdelemprendimiento.com\/blog\/#website"},"primaryImageOfPage":{"@id":"https:\/\/www.clubdelemprendimiento.com\/blog\/noticia-corporativa\/karbon-x-destaca-skyxero-en-el-dia-de-la-tierra-llevando-la-accion-climatica-en-tiempo-real-a-los-viajes\/#primaryimage"},"image":{"@id":"https:\/\/www.clubdelemprendimiento.com\/blog\/noticia-corporativa\/karbon-x-destaca-skyxero-en-el-dia-de-la-tierra-llevando-la-accion-climatica-en-tiempo-real-a-los-viajes\/#primaryimage"},"thumbnailUrl":"https:\/\/www.clubdelemprendimiento.com\/blog\/wp-content\/uploads\/2026\/04\/Imagen1-5.jpg","datePublished":"2026-04-22T15:00:28+00:00","dateModified":"2026-04-22T15:00:28+00:00","breadcrumb":{"@id":"https:\/\/www.clubdelemprendimiento.com\/blog\/noticia-corporativa\/karbon-x-destaca-skyxero-en-el-dia-de-la-tierra-llevando-la-accion-climatica-en-tiempo-real-a-los-viajes\/#breadcrumb"},"inLanguage":"es","potentialAction":[{"@type":"ReadAction","target":["https:\/\/www.clubdelemprendimiento.com\/blog\/noticia-corporativa\/karbon-x-destaca-skyxero-en-el-dia-de-la-tierra-llevando-la-accion-climatica-en-tiempo-real-a-los-viajes\/"]}]},{"@type":"ImageObject","inLanguage":"es","@id":"https:\/\/www.clubdelemprendimiento.com\/blog\/noticia-corporativa\/karbon-x-destaca-skyxero-en-el-dia-de-la-tierra-llevando-la-accion-climatica-en-tiempo-real-a-los-viajes\/#primaryimage","url":"https:\/\/www.clubdelemprendimiento.com\/blog\/wp-content\/uploads\/2026\/04\/Imagen1-5.jpg","contentUrl":"https:\/\/www.clubdelemprendimiento.com\/blog\/wp-content\/uploads\/2026\/04\/Imagen1-5.jpg","width":829,"height":465},{"@type":"BreadcrumbList","@id":"https:\/\/www.clubdelemprendimiento.com\/blog\/noticia-corporativa\/karbon-x-destaca-skyxero-en-el-dia-de-la-tierra-llevando-la-accion-climatica-en-tiempo-real-a-los-viajes\/#breadcrumb","itemListElement":[{"@type":"ListItem","position":1,"name":"Home","item":"https:\/\/www.clubdelemprendimiento.com\/blog\/"},{"@type":"ListItem","position":2,"name":"Noticias Corporativas","item":"https:\/\/www.clubdelemprendimiento.com\/blog\/noticias-corporativas\/"},{"@type":"ListItem","position":3,"name":"Karbon-X destaca SkyXero en el D\u00eda de la Tierra, llevando la acci\u00f3n clim\u00e1tica en tiempo real a los viajes"}]},{"@type":"WebSite","@id":"https:\/\/www.clubdelemprendimiento.com\/blog\/#website","url":"https:\/\/www.clubdelemprendimiento.com\/blog\/","name":"Blog Club del Emprendimiento","description":"","potentialAction":[{"@type":"SearchAction","target":{"@type":"EntryPoint","urlTemplate":"https:\/\/www.clubdelemprendimiento.com\/blog\/?s={search_term_string}"},"query-input":"required name=search_term_string"}],"inLanguage":"es"}]}},"_links":{"self":[{"href":"https:\/\/www.clubdelemprendimiento.com\/blog\/wp-json\/wp\/v2\/noticia-corporativa\/28448"}],"collection":[{"href":"https:\/\/www.clubdelemprendimiento.com\/blog\/wp-json\/wp\/v2\/noticia-corporativa"}],"about":[{"href":"https:\/\/www.clubdelemprendimiento.com\/blog\/wp-json\/wp\/v2\/types\/noticia-corporativa"}],"wp:featuredmedia":[{"embeddable":true,"href":"https:\/\/www.clubdelemprendimiento.com\/blog\/wp-json\/wp\/v2\/media\/28449"}],"wp:attachment":[{"href":"https:\/\/www.clubdelemprendimiento.com\/blog\/wp-json\/wp\/v2\/media?parent=28448"}],"curies":[{"name":"wp","href":"https:\/\/api.w.org\/{rel}","templated":true}]}}